{"id":2486,"date":"2010-04-13T21:18:29","date_gmt":"2010-04-13T19:18:29","guid":{"rendered":"http:\/\/www.alpoma.net\/tecob\/?p=2486"},"modified":"2010-04-14T19:13:54","modified_gmt":"2010-04-14T17:13:54","slug":"los-ingenios-voladores-de-alexander-lippisch","status":"publish","type":"post","link":"https:\/\/alpoma.net\/tecob\/?p=2486","title":{"rendered":"Los ingenios voladores de Alexander Lippisch"},"content":{"rendered":"<p><a href=\"http:\/\/www.flickr.com\/photos\/alpoma\/4518294450\/\" title=\"50505022 by alpoma, on Flickr\"><img loading=\"lazy\" decoding=\"async\" src=\"http:\/\/farm5.static.flickr.com\/4063\/4518294450_4c365798e1_m.jpg\" width=\"191\" height=\"240\" alt=\"50505022\"  class=\"dch\"\/><\/a> Este se\u00f1or de aguda mirada y recia vestimenta, que posa con un extra\u00f1o modelo de avi\u00f3n entre sus manos, atend\u00eda al nombre de <strong><a href=\"http:\/\/en.wikipedia.org\/wiki\/Alexander_Lippisch\">Alexander Lippisch<\/a><\/strong> y, aunque no sea muy conocido, no dudo en calificarlo como uno de los m\u00e1s importantes genios de la aviaci\u00f3n del siglo XX, cuyas ideas incluso hoy d\u00eda est\u00e1n alumbrando nuevas y sorprendentes m\u00e1quinas. Espero que este peque\u00f1o repaso a su vida sirva para apoyar mi atrevida afirmaci\u00f3n. La imagen <strong><a href=\"http:\/\/www.life.com\/image\/50669447\">apareci\u00f3 en la revista Life<\/a><\/strong> en su edici\u00f3n del d\u00eda 1 de diciembre de 1955, cuando Lippisch se hallaba en lo m\u00e1s alto de su carrera como dise\u00f1ador aeron\u00e1utico.<\/p>\n<p>Este ingeniero naci\u00f3 en Alemania en 1894 y falleci\u00f3 en los Estados Unidos en 1976, o sea, ocho d\u00e9cadas en las que dedic\u00f3 grandes esfuerzos a pensar en formas diferentes de volar, <strong>muy por delante de su tiempo<\/strong> y de lo que sus colegas hac\u00edan en cada momento. Su principal obsesi\u00f3n se encontraba en la aerodin\u00e1mica y, en concreto, en el <strong>intento de suprimir o reducir alas<\/strong> o cualquier otro plano de sustentaci\u00f3n, dando origen a curiosos aparatos con forma de ala voladora o aviones en ala delta. Se cuenta que, all\u00e1 por el a\u00f1o 1909, tuvo la ocasi\u00f3n de asistir a una demostraci\u00f3n de vuelo dirigida por <strong>Orville Wright <\/strong>sobre el aer\u00f3dromo de Tempelhof, en Berl\u00edn. Sin duda, la contemplaci\u00f3n del pesado avi\u00f3n de los Wright surcando los cielos y su posterior trabajo como cart\u00f3grafo y operador de fotograf\u00eda a\u00e9rea durante la Primera Guerra Mundial, hizo que Lippisch decidiera dedicar su vida a los veh\u00edculos del aire. Tras la guerra, entr\u00f3 a trabajar en la <strong>Compa\u00f1\u00eda Zeppelin<\/strong>, donde comenz\u00f3 a crear sus propios dise\u00f1os de avi\u00f3n. Sus propuestas llamaron la atenci\u00f3n, era raro ver por entonces aviones sin cola como los que \u00e9l propon\u00eda y, precisamente por ello, impresion\u00f3 a otros fabricantes. <!--more--><\/p>\n<p>En 1910 el rumano <strong><a href=\"http:\/\/www.alpoma.net\/tecob\/?p=897\">Henri Coand\u0103 llev\u00f3 a la pr\u00e1ctica el que es considerado el primer Jet de la historia<\/a><\/strong>. Puede que sirviera de inspiraci\u00f3n a Lippisch para crear su Pato, <em>Ente<\/em> en alem\u00e1n, el primer verdadero avi\u00f3n que vol\u00f3 propulsado por cohetes. S\u00ed, antes se hab\u00edan volado maquetas y peque\u00f1os avioncitos creados siguiendo la misma idea, pero nadie se hab\u00eda atrevido a crear un <strong>avi\u00f3n-cohete tripulado<\/strong>. Hac\u00eda tiempo que <strong><a href=\"http:\/\/www.alpoma.net\/tecob\/?p=1003\">Fritz von Opel ven\u00eda colocando cohetes a todo lo que ca\u00eda en sus manos<\/a><\/strong>, sobre todo autom\u00f3viles. \u00bfPor qu\u00e9 no hacer un avi\u00f3n con cohetes? El 11 de junio de 1928, pilotado por Fritz Stamer, sali\u00f3 disparado hacia el cielo un planeador pensado por Lippisch y dotado de cohetes Opel de p\u00f3lvora negra accionados el\u00e9ctricamente. Vale, no lleg\u00f3 muy lejos, pero al menos la experiencia no termin\u00f3 en desastre. Posteriores intentos tampoco fueron memorables, salvo por el hecho de ser pioneros. El siguiente v\u00eddeo puede darnos una idea la \u00ablocura\u00bb que rondaba las mentes de Opel y su amigo Lippisch.<\/p>\n<p><object width=\"620\" height=\"485\"><param name=\"movie\" value=\"http:\/\/www.youtube.com\/v\/vsqg28y_s3s&#038;hl=es_ES&#038;fs=1&#038;rel=0\"><\/param><param name=\"allowFullScreen\" value=\"true\"><\/param><param name=\"allowscriptaccess\" value=\"always\"><\/param><\/object><\/p>\n<p>Para utilizar cohetes con seguridad todav\u00eda quedaba bastante trecho, as\u00ed que lo mejor ser\u00eda enfocarse en otro aspecto: las alas. Entre 1931 y 1939 Lippisch dise\u00f1\u00f3 y construy\u00f3 varios prototipos, los Delta I a V, que exploraban el uso de altas velocidades en conjunci\u00f3n con alas en delta cada vez m\u00e1s min\u00fasculas. He aqu\u00ed, por ejemplo, la estampa del <strong><a href=\"http:\/\/www.nurflugel.com\/Nurflugel\/Lippisch_Nurflugels\/Delta_IVc_-_DFS_39\/body_delta_ivc_-_dfs_39.html\">Delta IVc-DFS 39<\/a><\/strong> en vuelo. <\/p>\n<p><a href=\"http:\/\/www.flickr.com\/photos\/alpoma\/4517966531\/\" title=\"2 by alpoma, on Flickr\"><img loading=\"lazy\" decoding=\"async\" src=\"http:\/\/farm3.static.flickr.com\/2791\/4517966531_d813b7ab86_o.jpg\" width=\"620\" height=\"662\" alt=\"2\" \/><\/a><\/p>\n<p>Como puede verse, el avi\u00f3n est\u00e1 \u00abdecorado\u00bb con simbolog\u00eda nazi. Propio de la \u00e9poca, en cuanto Hitler orden\u00f3 reclutar a todo aquel que pudiera servir para el esfuerzo b\u00e9lico alem\u00e1n, la industria al completo pas\u00f3 pr\u00e1cticamente a depender de las \u00f3rdenes de los nazis. El equipo de Lippisch no fue una excepci\u00f3n, se le orden\u00f3 dejarse de juguetes m\u00e1s o menos ingeniosos para dedicarse a algo m\u00e1s interesante para la guerra. El ingeniero, con su equipo al completo, tuvo que ponerse <strong>bajo las \u00f3rdenes de Messerschmitt <\/strong>para desarrollar aviones de alta velocidad basados en los motores cohete dise\u00f1ados por Hellmuth Walter. Y fue, precisamente, la relaci\u00f3n con Messerschmitt lo que termin\u00f3 por alumbrar uno de los aviones m\u00e1s extra\u00f1os, y extraordinarios, de la historia. Basado en el DFS-194, pensado por Alexander como prototipo de pruebas para propulsores cohete, surgi\u00f3 en 1940 el <strong><a href=\"http:\/\/es.wikipedia.org\/wiki\/Messerschmitt_Me_163\">Messerschmitt Me 163 <em>Komet<\/em><\/a><\/strong>.<\/p>\n<p><a href=\"http:\/\/www.flickr.com\/photos\/alpoma\/4517994875\/\" title=\"3 by alpoma, on Flickr\"><img loading=\"lazy\" decoding=\"async\" src=\"http:\/\/farm5.static.flickr.com\/4009\/4517994875_de52b9d61c_o.jpg\" width=\"620\" height=\"476\" alt=\"3\" \/><\/a><\/p>\n<p>Lippisch y Messerschmitt no se llevaban muy bien, raro era el d\u00eda en que no discut\u00edan y, c\u00f3mo no, si discutes con el jefe planteando arriesgadas ideas que a \u00e9l no le entran en la cabeza, lo normal es que te manden lejos. As\u00ed fue enviado nuestro ingeniero a Viena en 1943, para que se dedicara a estudiar los problemas del vuelo a altas velocidades, precisamente el mismo a\u00f1o en el que logr\u00f3 su <strong>doctorado en ingenier\u00eda por la Universidad de Heidelberg<\/strong>. Habra quien se hubiera tomado todo aquello como una especie de destierro, pero para Lippisch era una buena oportunidad de explotar sus propios caminos. En Viena pudo dedicarse a explorar los datos que hab\u00eda acumulado con a\u00f1os de <strong>pruebas en t\u00faneles de viento<\/strong>. Se convenci\u00f3 entonces de que el futuro de la aviaci\u00f3n se encontraba en los aviones supers\u00f3nicos y, c\u00f3mo no, su ala tipo delta participar\u00eda de ese futuro. De esta \u00e9poca son <strong><a href=\"http:\/\/www.luft46.com\/lippisch\/lippisch.html\">varios dise\u00f1os arriesgados<\/a><\/strong> que no pasaron del tablero de dibujo o los prototipos m\u00e1s sencillos, aunque apuntaban en la buena direcci\u00f3n, como este <strong><a href=\"http:\/\/tanks45.tripod.com\/Jets45\/Histories\/Lippisch-DM1\/DM1.htm\">Lippisch DM-1<\/a><\/strong> sin propulsor, planeador pensado como modelo para probar la configuraci\u00f3n de alas en delta.<\/p>\n<p><a href=\"http:\/\/www.flickr.com\/photos\/alpoma\/4518675080\/\" title=\"4 by alpoma, on Flickr\"><img loading=\"lazy\" decoding=\"async\" src=\"http:\/\/farm5.static.flickr.com\/4057\/4518675080_9865bbd40e_o.jpg\" width=\"620\" height=\"303\" alt=\"4\" \/><\/a><\/p>\n<p>Termin\u00f3 la guerra y el reino de terror de los nazis. \u00bfQu\u00e9 sucedi\u00f3 entonces? Lo previsible: llegaron los agentes de los Estados Unidos para reclutar, tal y como hicieron tambi\u00e9n los sovi\u00e9ticos, a cuantos cient\u00edficos e ingenieros alemanes pudieron encontrar. Gracias a la <em><strong>Operaci\u00f3n Paperclip<\/strong><\/em>, Lippisch cruz\u00f3 el Atl\u00e1ntico y pas\u00f3 a trabajar para la Convair. A partir de ese momento todas las ideas del ingeniero alem\u00e1n sobre cohetes, alas delta y vuelos supers\u00f3nicos encontraron buena acogida. Fue la \u00e9poca en la que particip\u00f3 en el desarrollo varias aeronaves, como el sorprendente <strong><a href=\"http:\/\/en.wikipedia.org\/wiki\/Convair_XF-92\">XF-92<\/a><\/strong>.<\/p>\n<p><a href=\"http:\/\/www.flickr.com\/photos\/alpoma\/4518708896\/\" title=\"5 by alpoma, on Flickr\"><img loading=\"lazy\" decoding=\"async\" src=\"http:\/\/farm5.static.flickr.com\/4070\/4518708896_ca6269f73b_o.jpg\" width=\"620\" height=\"486\" alt=\"5\" \/><\/a><\/p>\n<p>A partir de 1950, y durante m\u00e1s de una d\u00e9cada, Lippisch trabaj\u00f3 en Iowa para la<em> Collins Radio Company<\/em>, en Cedar Rapids, lugar que termin\u00f3 por convertir en su hogar definitivo. Fue por entonces cuando se empe\u00f1\u00f3 en sacar partido de una idea extra\u00f1a, esto es, hacer volar aviones a ras de suelo aprovechando el \u00abefecto suelo\u00bb. As\u00ed, creo sus <strong><a href=\"http:\/\/www.rexresearch.com\/lippisch\/lippisch.htm\">modelos<\/a><\/strong> de <strong>Aerodyne<\/strong> que, para qu\u00e9 negarlo, no llamaron demasiado la atenci\u00f3n. Una l\u00e1stima, porque al otro lado del <em>Tel\u00f3n de Acero <\/em>s\u00ed aprovecharon la idea, dando forma a los <strong><a href=\"http:\/\/avion.microsiervos.com\/videos\/ekranoplanos.html\">Ekranoplanos<\/a><\/strong>.<\/p>\n<p><a href=\"http:\/\/www.flickr.com\/photos\/alpoma\/4518743258\/\" title=\"6 by alpoma, on Flickr\"><img loading=\"lazy\" decoding=\"async\" src=\"http:\/\/farm3.static.flickr.com\/2736\/4518743258_0153912661_o.jpg\" width=\"620\" height=\"944\" alt=\"6\" \/><\/a><\/p>\n<p>En 1966, tras recuperarse de un c\u00e1ncer que le mantuvo preocupado durante un tiempo, decidi\u00f3 pasar a crear sus propios modelos sin depender de otras compa\u00f1\u00edas. Cre\u00f3 as\u00ed la <em>Lippisch Research Corporation<\/em>, una especie de laboratorio experimental que, a pesar de no alumbrar ning\u00fan avi\u00f3n comercial, aport\u00f3 ideas que todav\u00eda hoy est\u00e1n siendo exploradas, como el concepto que se muestra en el siguiente v\u00eddeo de la NASA. <\/p>\n<p><object width=\"620\" height=\"485\"><param name=\"movie\" value=\"http:\/\/www.youtube.com\/v\/XnuL_0MBn7c&#038;hl=es_ES&#038;fs=1&#038;rel=0\"><\/param><param name=\"allowFullScreen\" value=\"true\"><\/param><param name=\"allowscriptaccess\" value=\"always\"><\/param><\/object><\/p>\n<p>Sin duda, es el concepto de <strong><a href=\"http:\/\/www.flightglobal.com\/blogs\/aircraft-pictures\/2008\/05\/lippisch-collins-aerodyne.html\">Aerodyne<\/a><\/strong> lo m\u00e1s sobresaliente de la producci\u00f3n intelectual de Lippisch que todav\u00eda no ha sido explotado como \u00e9l hubiera deseado, una m\u00e1quina r\u00e1pida sin alas con capacidades VTOL gracias a un ingenioso juego de corrientes de aire coaxiales encauzadas debidamente alrededor del fuselaje. Ciertamente, el aspecto de este aparato era de lo m\u00e1s extra\u00f1o y recuerda lejanamente en su figura al <strong><a href=\"http:\/\/www.alpoma.net\/tecob\/?p=936\">Caproni Stipa de 1932<\/a><\/strong>. <\/p>\n<p><a href=\"http:\/\/www.flickr.com\/photos\/alpoma\/4518763950\/\" title=\"9 by alpoma, on Flickr\"><img loading=\"lazy\" decoding=\"async\" src=\"http:\/\/farm3.static.flickr.com\/2764\/4518763950_c0254ba780_o.jpg\" width=\"620\" height=\"413\" alt=\"9\" \/><\/a><\/p>\n<p><strong>ACTUALIZACI\u00d3N<\/strong>: <a href=\"http:\/\/www.elsietchdeosul.blogspot.com\/\">Francisco Castracane<\/a> me ha enviado uno de sus estupendos modelos 3D inspirado en Lippisch. \u00a1Gracias!<\/p>\n<p><a href=\"http:\/\/www.flickr.com\/photos\/alpoma\/4521247820\/\" title=\"23 by alpoma, on Flickr\"><img loading=\"lazy\" decoding=\"async\" src=\"http:\/\/farm5.static.flickr.com\/4048\/4521247820_7d9ca56d73_o.jpg\" width=\"620\" height=\"490\" alt=\"23\" \/><\/a><\/p>\n","protected":false},"excerpt":{"rendered":"<div class=\"mh-excerpt\"><p>Este se\u00f1or de aguda mirada y recia vestimenta, que posa con un extra\u00f1o modelo de avi\u00f3n entre sus manos, atend\u00eda al nombre de Alexander Lippisch y, aunque no sea muy <a class=\"mh-excerpt-more\" href=\"https:\/\/alpoma.net\/tecob\/?p=2486\" title=\"Los ingenios voladores de Alexander Lippisch\">[&#8230;]<\/a><\/p>\n<\/div>","protected":false},"author":1,"featured_media":10442,"comment_status":"open","ping_status":"open","sticky":false,"template":"","format":"standard","meta":{"jetpack_post_was_ever_published":false,"_jetpack_newsletter_access":"","_jetpack_dont_email_post_to_subs":false,"_jetpack_newsletter_tier_id":0,"_jetpack_memberships_contains_paywalled_content":false,"_jetpack_memberships_contains_paid_content":false,"footnotes":""},"categories":[4,3],"tags":[],"class_list":["post-2486","post","type-post","status-publish","format-standard","has-post-thumbnail","hentry","category-innovacion","category-obsolescencia"],"jetpack_featured_media_url":"https:\/\/alpoma.net\/tecob\/wp-content\/uploads\/2010\/04\/4518294450_4c365798e1_m.jpg","jetpack_shortlink":"https:\/\/wp.me\/p93Dc1-E6","jetpack-related-posts":[{"id":4139,"url":"https:\/\/alpoma.net\/tecob\/?p=4139","url_meta":{"origin":2486,"position":0},"title":"Industria de vencejos","author":"alpoma","date":"2 febrero 2011","format":false,"excerpt":"Cuando cruz\u00f3 esta imagen ante mis ojos me llam\u00f3 la atenci\u00f3n al instante. Veamos, puede verse un edificio que podr\u00eda ser una fortaleza, un gran transformador el\u00e9ctrico o bien una f\u00e1brica. Lo \u00faltimo realmente se acerca algo a su verdadera funci\u00f3n, pero no deja de ser una aproximaci\u00f3n muy simple\u2026","rel":"","context":"En \u00abGeo\u00bb","block_context":{"text":"Geo","link":"https:\/\/alpoma.net\/tecob\/?cat=5"},"img":{"alt_text":"","src":"https:\/\/i0.wp.com\/alpoma.net\/tecob\/wp-content\/uploads\/2011\/02\/5410805961_368aebcd84_z.jpg?resize=350%2C200&ssl=1","width":350,"height":200,"srcset":"https:\/\/i0.wp.com\/alpoma.net\/tecob\/wp-content\/uploads\/2011\/02\/5410805961_368aebcd84_z.jpg?resize=350%2C200&ssl=1 1x, https:\/\/i0.wp.com\/alpoma.net\/tecob\/wp-content\/uploads\/2011\/02\/5410805961_368aebcd84_z.jpg?resize=525%2C300&ssl=1 1.5x"},"classes":[]},{"id":1085,"url":"https:\/\/alpoma.net\/tecob\/?p=1085","url_meta":{"origin":2486,"position":1},"title":"Ciudad platillo","author":"alpoma","date":"24 febrero 2009","format":false,"excerpt":"Con este peque\u00f1o art\u00edculo se inaugura hoy TecOb A\u00f1o V. S\u00ed, ya ha pasado mucho tiempo desde que el 24 de febrero de 2005 naciera este blog y, aunque cada vez hay menos rato para escribir, espero que todav\u00eda viva mucho. La expresi\u00f3n platillo volante, pr\u00e1cticamente ca\u00edda en el olvido\u2026","rel":"","context":"En \u00abObsolescencia\u00bb","block_context":{"text":"Obsolescencia","link":"https:\/\/alpoma.net\/tecob\/?cat=3"},"img":{"alt_text":"","src":"https:\/\/i0.wp.com\/alpoma.net\/tecob\/wp-content\/uploads\/2009\/02\/3306428401_222478e6da_o.jpg?resize=350%2C200&ssl=1","width":350,"height":200,"srcset":"https:\/\/i0.wp.com\/alpoma.net\/tecob\/wp-content\/uploads\/2009\/02\/3306428401_222478e6da_o.jpg?resize=350%2C200&ssl=1 1x, https:\/\/i0.wp.com\/alpoma.net\/tecob\/wp-content\/uploads\/2009\/02\/3306428401_222478e6da_o.jpg?resize=525%2C300&ssl=1 1.5x"},"classes":[]},{"id":12393,"url":"https:\/\/alpoma.net\/tecob\/?p=12393","url_meta":{"origin":2486,"position":2},"title":"Peque\u00f1a selecci\u00f3n de \u00abAviones bizarros\u00bb","author":"alpoma","date":"7 noviembre 2016","format":false,"excerpt":"Como he comentado por aqu\u00ed en los \u00faltimos d\u00edas, ya se puede reservar mi nuevo libro, escrito en esta ocasi\u00f3n junto al ingeniero y piloto Jos\u00e9 Manuel Gil. El t\u00edtulo, Aviones bizarros, ha sido elegido a conciencia y no, por mucho que me lo repitan, lo de \"bizarro\" est\u00e1 bien\u2026","rel":"","context":"En \u00abPersonal\u00bb","block_context":{"text":"Personal","link":"https:\/\/alpoma.net\/tecob\/?cat=2"},"img":{"alt_text":"","src":"https:\/\/i0.wp.com\/alpoma.net\/tecob\/wp-content\/uploads\/2016\/10\/bizarros_pq.png?resize=350%2C200&ssl=1","width":350,"height":200,"srcset":"https:\/\/i0.wp.com\/alpoma.net\/tecob\/wp-content\/uploads\/2016\/10\/bizarros_pq.png?resize=350%2C200&ssl=1 1x, https:\/\/i0.wp.com\/alpoma.net\/tecob\/wp-content\/uploads\/2016\/10\/bizarros_pq.png?resize=525%2C300&ssl=1 1.5x"},"classes":[]},{"id":3715,"url":"https:\/\/alpoma.net\/tecob\/?p=3715","url_meta":{"origin":2486,"position":3},"title":"San Mart\u00edn de Fr\u00f3mista, de \u00abpalomar\u00bb a joya universal del rom\u00e1nico","author":"alpoma","date":"16 noviembre 2010","format":false,"excerpt":"Supongo que todav\u00eda ser\u00e1 una pr\u00e1ctica com\u00fan en algunos colegios, aunque puede que con otros medios, pero recuerdo con especial cari\u00f1o cierta tarde, siendo un ni\u00f1o, en la que en clase de historia recort\u00e1bamos con cuidado por los puntos marcados en una cartulina de colores, las formas de lo que,\u2026","rel":"","context":"En \u00abMade in Spain\u00bb","block_context":{"text":"Made in Spain","link":"https:\/\/alpoma.net\/tecob\/?cat=10"},"img":{"alt_text":"","src":"https:\/\/i0.wp.com\/alpoma.net\/tecob\/wp-content\/uploads\/2010\/11\/5179338487_296446fa3a_o.jpg?resize=350%2C200&ssl=1","width":350,"height":200,"srcset":"https:\/\/i0.wp.com\/alpoma.net\/tecob\/wp-content\/uploads\/2010\/11\/5179338487_296446fa3a_o.jpg?resize=350%2C200&ssl=1 1x, https:\/\/i0.wp.com\/alpoma.net\/tecob\/wp-content\/uploads\/2010\/11\/5179338487_296446fa3a_o.jpg?resize=525%2C300&ssl=1 1.5x"},"classes":[]},{"id":1568,"url":"https:\/\/alpoma.net\/tecob\/?p=1568","url_meta":{"origin":2486,"position":4},"title":"\u00bfPor qu\u00e9 no suceder\u00e1 nada en 2012?","author":"alpoma","date":"12 noviembre 2009","format":false,"excerpt":"Por supuesto, como cualquier a\u00f1o en la historia, el 2012 estar\u00e1 repleto de sucesos y hechos de todo tipo. Cuando me refiero a que no pasar\u00e1 NADA, como bien se puede ya suponer, quiero decir que ni habr\u00e1 fin del mundo, ni Apocalipsis alguno ni zarandajas similares. Ayer public\u00f3 Information\u2026","rel":"","context":"En \u00abObsolescencia\u00bb","block_context":{"text":"Obsolescencia","link":"https:\/\/alpoma.net\/tecob\/?cat=3"},"img":{"alt_text":"","src":"https:\/\/i0.wp.com\/alpoma.net\/tecob\/wp-content\/uploads\/2009\/11\/4097988623_09b0fab1e5_o.jpg?resize=350%2C200&ssl=1","width":350,"height":200},"classes":[]},{"id":5843,"url":"https:\/\/alpoma.net\/tecob\/?p=5843","url_meta":{"origin":2486,"position":5},"title":"Craniopagus parasiticus","author":"alpoma","date":"27 diciembre 2011","format":false,"excerpt":"En mi reciente viaje a Londres ten\u00eda pensado realizar una visita muy especial. Hab\u00eda estado el d\u00eda antes en la Wellcome Collection, as\u00ed que para cerrar el c\u00edrculo de las excentricidades cient\u00edficas, decid\u00ed visitar el Hunterian Museum, que se encuentra en el imponente edificio neocl\u00e1sico del The Royal College of\u2026","rel":"","context":"En \u00abObsolescencia\u00bb","block_context":{"text":"Obsolescencia","link":"https:\/\/alpoma.net\/tecob\/?cat=3"},"img":{"alt_text":"","src":"https:\/\/i0.wp.com\/alpoma.net\/tecob\/wp-content\/uploads\/2011\/12\/6583226653_e180956d24_o.jpg?resize=350%2C200&ssl=1","width":350,"height":200},"classes":[]}],"jetpack_sharing_enabled":true,"_links":{"self":[{"href":"https:\/\/alpoma.net\/tecob\/index.php?rest_route=\/wp\/v2\/posts\/2486","targetHints":{"allow":["GET"]}}],"collection":[{"href":"https:\/\/alpoma.net\/tecob\/index.php?rest_route=\/wp\/v2\/posts"}],"about":[{"href":"https:\/\/alpoma.net\/tecob\/index.php?rest_route=\/wp\/v2\/types\/post"}],"author":[{"embeddable":true,"href":"https:\/\/alpoma.net\/tecob\/index.php?rest_route=\/wp\/v2\/users\/1"}],"replies":[{"embeddable":true,"href":"https:\/\/alpoma.net\/tecob\/index.php?rest_route=%2Fwp%2Fv2%2Fcomments&post=2486"}],"version-history":[{"count":0,"href":"https:\/\/alpoma.net\/tecob\/index.php?rest_route=\/wp\/v2\/posts\/2486\/revisions"}],"wp:featuredmedia":[{"embeddable":true,"href":"https:\/\/alpoma.net\/tecob\/index.php?rest_route=\/wp\/v2\/media\/10442"}],"wp:attachment":[{"href":"https:\/\/alpoma.net\/tecob\/index.php?rest_route=%2Fwp%2Fv2%2Fmedia&parent=2486"}],"wp:term":[{"taxonomy":"category","embeddable":true,"href":"https:\/\/alpoma.net\/tecob\/index.php?rest_route=%2Fwp%2Fv2%2Fcategories&post=2486"},{"taxonomy":"post_tag","embeddable":true,"href":"https:\/\/alpoma.net\/tecob\/index.php?rest_route=%2Fwp%2Fv2%2Ftags&post=2486"}],"curies":[{"name":"wp","href":"https:\/\/api.w.org\/{rel}","templated":true}]}}