{"id":239,"date":"2005-11-18T20:05:36","date_gmt":"2005-11-18T18:05:36","guid":{"rendered":"http:\/\/www.alpoma.net\/tecob\/?p=239"},"modified":"2019-10-05T11:19:30","modified_gmt":"2019-10-05T09:19:30","slug":"ondes-martenot","status":"publish","type":"post","link":"https:\/\/alpoma.net\/tecob\/?p=239","title":{"rendered":"Ondes Martenot"},"content":{"rendered":"<p><img decoding=\"async\" src=\"wp-content\/early.gif\" alt=\"Ondes Martenot primigenio\" class=\"izda\"\/>Acabo de escuchar, como en tantas ocasiones ya, la <a href=\"http:\/\/en.wikipedia.org\/wiki\/Turangal%C3%AEla-Symphonie\">Sinfon\u00eda Turangalila<\/a> de <a href=\"http:\/\/en.wikipedia.org\/wiki\/Olivier_Messiaen\">Olivier Messiaen<\/a>. A muchos ni les sonar\u00e1 el nombre de este compositor, uno de los m\u00e1s grandes maestros de la m\u00fasica del siglo XX, aunque eso de \u00abTuranga Leela\u00bb les sonar\u00e1 a los seguidores de <a href=\"http:\/\/es.wikipedia.org\/wiki\/Futurama_%28serie%29\">Futurama<\/a>. No en vano, los guionistas de la serie de animaci\u00f3n eligieron ese nombre para la <a href=\"http:\/\/en.wikipedia.org\/wiki\/Turanga_Leela\">hero\u00edna de un solo<\/a> ojo en honor a esta sinfon\u00eda de Messiaen.<\/p>\n<p>En fin, a lo que voy, lo m\u00e1s sobresaliente de esta magna sinfon\u00eda para aquel que la escucha por primera vez est\u00e1 en la percepci\u00f3n de un sonido \u00abextra\u00f1o\u00bb, alejado de lo convencional en cuanto a sinfonismo. No me refiero a su peculiar utilizaci\u00f3n de timbres y ritmos de influencia oriental, no, lo que a la mayor\u00eda de la gente asombra es el sonido del <a href=\"http:\/\/en.wikipedia.org\/wiki\/Ondes_martenot\">Ondes Martenot<\/a>, un curioso artilugio musical el\u00e9ctrico que genera ondas sonoras, inicialmente similares a las del <a href=\"http:\/\/en.wikipedia.org\/wiki\/Theremin\">Theremin<\/a>,  con un aire \u00abfantasmag\u00f3rico\u00bb, como el utilizado en algunas pel\u00edculas de serie B de los cincuenta. <\/p>\n<p>El Ondes Martenot es un entra\u00f1able instrumento musical, creado por Maurice Martenot en 1928, all\u00e1 por la \u00abprehistoria\u00bb de la m\u00fasica electr\u00f3nica. Poco a poco evolucion\u00f3 para diferenciarse del Theremin, con toda una amplia gama de registros que hacen de este artilugio un invento sorprendente, capaz de lograr sonidos c\u00e1lidos y atractivos, surgidos directamente de sus tripas, poblados de v\u00e1lvulas termoi\u00f3nicas. Pienso que no se le ha sacado todo el partido todav\u00eda, no es muy conocido, a pesar de haber sido utilizado en composiciones de grandes maestros, como el citado Messiaen, Boulez, Var\u00e8se, Honegger&#8230;<\/p>\n<p>Lo malo de este post acerca de sonidos y tecnolog\u00eda musical est\u00e1 en que no puedo hacer llegar el sonido al lector&#8230; \u00bfo si? Para aquel que sienta curiosidad por saber c\u00f3mo suena un Ondes Martenot, puede visitar la p\u00e1gina de Christine Ott, una virtuosa del mismo, y descargarse unas cuantas muestras en MP3:<\/p>\n<p>&#8211;> <strong><a href=\"http:\/\/ondesmartenot.free.fr\/site%20anglais\/homepage.html\">Christine Ott, Ondes Martenot<\/a><\/strong>.<\/p>\n","protected":false},"excerpt":{"rendered":"<div class=\"mh-excerpt\"><p>Acabo de escuchar, como en tantas ocasiones ya, la Sinfon\u00eda Turangalila de Olivier Messiaen. A muchos ni les sonar\u00e1 el nombre de este compositor, uno de los m\u00e1s grandes maestros <a class=\"mh-excerpt-more\" href=\"https:\/\/alpoma.net\/tecob\/?p=239\" title=\"Ondes Martenot\">[&#8230;]<\/a><\/p>\n<\/div>","protected":false},"author":1,"featured_media":14722,"comment_status":"closed","ping_status":"closed","sticky":false,"template":"","format":"standard","meta":{"jetpack_post_was_ever_published":false,"_jetpack_newsletter_access":"","_jetpack_dont_email_post_to_subs":false,"_jetpack_newsletter_tier_id":0,"_jetpack_memberships_contains_paywalled_content":false,"_jetpack_memberships_contains_paid_content":false,"footnotes":""},"categories":[42],"tags":[],"class_list":["post-239","post","type-post","status-publish","format-standard","has-post-thumbnail","hentry","category-musica"],"jetpack_featured_media_url":"https:\/\/alpoma.net\/tecob\/wp-content\/uploads\/2005\/11\/rvq34.gif","jetpack_shortlink":"https:\/\/wp.me\/p93Dc1-3R","jetpack-related-posts":[{"id":1123,"url":"https:\/\/alpoma.net\/tecob\/?p=1123","url_meta":{"origin":239,"position":0},"title":"Breve historia de la m\u00fasica cl\u00e1sica con Spotify","author":"alpoma","date":"26 abril 2009","format":false,"excerpt":"Tarde de domingo pasada delante del mont\u00f3n de discos compactos que he ido comprando a lo largo de los a\u00f1os, la mayor parte de m\u00fasica cl\u00e1sica. El dilema estaba, desde hace mucho, en transferir tal material a MP3. Totalmente descartado, es una tarea aburrida y que, adem\u00e1s, ocupa demasiado tiempo.\u2026","rel":"","context":"En \u00abM\u00fasica\u00bb","block_context":{"text":"M\u00fasica","link":"https:\/\/alpoma.net\/tecob\/?cat=42"},"img":{"alt_text":"","src":"","width":0,"height":0},"classes":[]},{"id":2343,"url":"https:\/\/alpoma.net\/tecob\/?p=2343","url_meta":{"origin":239,"position":1},"title":"La d\u00e9cima de Beethoven","author":"alpoma","date":"10 marzo 2010","format":false,"excerpt":"Ludwig van Beethoven \u00fanicamente compuso nueve sinfon\u00edas y no hay m\u00e1s que a\u00f1adir, pero perm\u00edtaseme hoy ser un tanto heterodoxo y hasta poco respetuoso con mi admirado genio de Bonn, porque me referir\u00e9 a la d\u00e9cima de sus sinfon\u00edas. La d\u00e9cima sinfon\u00eda de Beethoven no existe, sobre todo porque antes\u2026","rel":"","context":"En \u00abM\u00fasica\u00bb","block_context":{"text":"M\u00fasica","link":"https:\/\/alpoma.net\/tecob\/?cat=42"},"img":{"alt_text":"Beethoven","src":"https:\/\/i0.wp.com\/www.alpoma.net\/tecob\/wp-content\/uploads\/2010\/03\/beethoven2-273x300.jpg?resize=350%2C200","width":350,"height":200},"classes":[]},{"id":843,"url":"https:\/\/alpoma.net\/tecob\/?p=843","url_meta":{"origin":239,"position":2},"title":"Momentos musicales","author":"alpoma","date":"29 febrero 2008","format":false,"excerpt":"Revisando la diaria acumulaci\u00f3n de feeds, una referencia musical ha logrado encadenar en mi cabeza varios recuerdos aparentemente inconexos que comparten el mismo esp\u00edritu, la b\u00fasqueda de la musicalidad en \u00e1mbitos impensables o, por lo menos, extra\u00f1os. Todo comenz\u00f3 con el n\u00famero pi, en concreto con un experimento que convierte\u2026","rel":"","context":"En \u00abM\u00fasica\u00bb","block_context":{"text":"M\u00fasica","link":"https:\/\/alpoma.net\/tecob\/?cat=42"},"img":{"alt_text":"","src":"https:\/\/i0.wp.com\/alpoma.net\/tecob\/wp-content\/uploads\/2008\/02\/2299598901_b8d527967e.jpg?resize=350%2C200&ssl=1","width":350,"height":200},"classes":[]},{"id":1010,"url":"https:\/\/alpoma.net\/tecob\/?p=1010","url_meta":{"origin":239,"position":3},"title":"Dukas, el l\u00edmite de la perfecci\u00f3n","author":"alpoma","date":"8 octubre 2008","format":false,"excerpt":"No hay que ser chapucero, pero ser muy perfeccionista, al parecer, tampoco es muy bueno. Al llegar esta ma\u00f1ana a casa, a la hora de comer, me encontr\u00e9 frente a frente con un repetid\u00edsimo episodio de Los Simpson, en el que la familia amarilla viaja al parque de atracciones Rascapiquilandia.\u2026","rel":"","context":"En \u00abM\u00fasica\u00bb","block_context":{"text":"M\u00fasica","link":"https:\/\/alpoma.net\/tecob\/?cat=42"},"img":{"alt_text":"","src":"","width":0,"height":0},"classes":[]},{"id":444,"url":"https:\/\/alpoma.net\/tecob\/?p=444","url_meta":{"origin":239,"position":4},"title":"Suite Interestelar","author":"alpoma","date":"20 abril 2006","format":false,"excerpt":"Hay pel\u00edculas que, primero se filman y, m\u00e1s tarde, son acompa\u00f1adas por una banda sonora constru\u00edda sobre las im\u00e1genes. Hay pel\u00edculas que se imaginan, pero no existen y, sin embargo, dan lugar a bandas sonoras excepcionales. Algo as\u00ed le sucedi\u00f3 al compositor Amin Bhatia hace tiempo. Hoy he estado revisando\u2026","rel":"","context":"En \u00abM\u00fasica\u00bb","block_context":{"text":"M\u00fasica","link":"https:\/\/alpoma.net\/tecob\/?cat=42"},"img":{"alt_text":"","src":"https:\/\/i0.wp.com\/alpoma.net\/tecob\/wp-content\/uploads\/2006\/04\/131956404_03fbd52a7f_o.jpg?resize=350%2C200&ssl=1","width":350,"height":200},"classes":[]},{"id":247,"url":"https:\/\/alpoma.net\/tecob\/?p=247","url_meta":{"origin":239,"position":5},"title":"4\u203233\u2033","author":"alpoma","date":"4 diciembre 2005","format":false,"excerpt":"Hay una composici\u00f3n, en toda la historia de la m\u00fasica, que siempre me ha fascinado. No se trata de una gran sinfon\u00eda o una obra coral de endiablada complejidad. Es una de las \"cosas\" m\u00e1s raras que uno puede encontrarse en un concierto, porque, aunque \"suene\" raro, \u00e9sto se \"toca\".\u2026","rel":"","context":"En \u00abM\u00fasica\u00bb","block_context":{"text":"M\u00fasica","link":"https:\/\/alpoma.net\/tecob\/?cat=42"},"img":{"alt_text":"","src":"","width":0,"height":0},"classes":[]}],"jetpack_sharing_enabled":true,"_links":{"self":[{"href":"https:\/\/alpoma.net\/tecob\/index.php?rest_route=\/wp\/v2\/posts\/239","targetHints":{"allow":["GET"]}}],"collection":[{"href":"https:\/\/alpoma.net\/tecob\/index.php?rest_route=\/wp\/v2\/posts"}],"about":[{"href":"https:\/\/alpoma.net\/tecob\/index.php?rest_route=\/wp\/v2\/types\/post"}],"author":[{"embeddable":true,"href":"https:\/\/alpoma.net\/tecob\/index.php?rest_route=\/wp\/v2\/users\/1"}],"replies":[{"embeddable":true,"href":"https:\/\/alpoma.net\/tecob\/index.php?rest_route=%2Fwp%2Fv2%2Fcomments&post=239"}],"version-history":[{"count":0,"href":"https:\/\/alpoma.net\/tecob\/index.php?rest_route=\/wp\/v2\/posts\/239\/revisions"}],"wp:featuredmedia":[{"embeddable":true,"href":"https:\/\/alpoma.net\/tecob\/index.php?rest_route=\/wp\/v2\/media\/14722"}],"wp:attachment":[{"href":"https:\/\/alpoma.net\/tecob\/index.php?rest_route=%2Fwp%2Fv2%2Fmedia&parent=239"}],"wp:term":[{"taxonomy":"category","embeddable":true,"href":"https:\/\/alpoma.net\/tecob\/index.php?rest_route=%2Fwp%2Fv2%2Fcategories&post=239"},{"taxonomy":"post_tag","embeddable":true,"href":"https:\/\/alpoma.net\/tecob\/index.php?rest_route=%2Fwp%2Fv2%2Ftags&post=239"}],"curies":[{"name":"wp","href":"https:\/\/api.w.org\/{rel}","templated":true}]}}