{"id":2343,"date":"2010-03-10T18:54:19","date_gmt":"2010-03-10T16:54:19","guid":{"rendered":"http:\/\/www.alpoma.net\/tecob\/?p=2343"},"modified":"2010-03-10T18:54:19","modified_gmt":"2010-03-10T16:54:19","slug":"la-decima-de-beethoven","status":"publish","type":"post","link":"https:\/\/alpoma.net\/tecob\/?p=2343","title":{"rendered":"La d\u00e9cima de Beethoven"},"content":{"rendered":"<p><a href=\"http:\/\/www.alpoma.net\/tecob\/wp-content\/uploads\/2010\/03\/beethoven2.jpg\"><img loading=\"lazy\" decoding=\"async\" src=\"http:\/\/www.alpoma.net\/tecob\/wp-content\/uploads\/2010\/03\/beethoven2-273x300.jpg\" alt=\"Beethoven\" title=\"beethoven\" width=\"273\" height=\"300\" class=\"dch\"\/><\/a><strong>Ludwig van Beethoven<\/strong> \u00fanicamente compuso <strong>nueve sinfon\u00edas<\/strong> y no hay m\u00e1s que a\u00f1adir, pero perm\u00edtaseme hoy ser un tanto heterodoxo y hasta poco respetuoso con mi admirado genio de Bonn, porque me referir\u00e9 a la d\u00e9cima de sus sinfon\u00edas. La d\u00e9cima sinfon\u00eda de Beethoven no existe, sobre todo porque antes de su muerte nadie se la encarg\u00f3. Tras estrenar la novena dedic\u00f3 Ludwig el resto de sus d\u00edas a componer otras obras, sobre todo cuartetos, que le ofrec\u00edan un beneficio econ\u00f3mico considerable. Claro, en su cabeza rondaba la d\u00e9cima, pero no pas\u00f3 de un peque\u00f1o mont\u00f3n de bocetos, muchos de ellos apenas legibles, siendo un proyecto que nunca super\u00f3 la fase de sencillo esbozo. Hace ya muchos a\u00f1os, cuando<em> Radio Cl\u00e1sica<\/em> todav\u00eda era conocida como <em>La 2 de RNE<\/em>, grab\u00e9 partiendo de las ondas hertzianas sobre una cinta de casete, de esas que ya han sido proscritas por su obsolescencia, algo que me llam\u00f3 la atenci\u00f3n desde el primer momento: la <strong>d\u00e9cima sinfon\u00eda de Beethoven<\/strong>.<\/p>\n<p>Puede tomarse como una maniobra comercial o incluso como el ejercicio de vanidad suprema de un music\u00f3logo algo pasado de vueltas, pero aunque me arriesgo a ser llamado de todo por parte de los puristas, la d\u00e9cima me agrada. No existe, claro est\u00e1, porque se trata s\u00f3lo de la mezcolanza m\u00e1s o menos bien armada de los fragmentos supuestamente existentes que nunca llegaron a nada, pero no me importa mucho. Sabiendo su procedencia no cabe pensar en Beethoven como su compositor, como mucho su inspirador, porque fue el music\u00f3logo <strong><a href=\"http:\/\/www.lucare.com\/immortal\/cooper.html\">Barry Cooper<\/a><\/strong> quien diera a conocer esta d\u00e9cima en grabaci\u00f3n all\u00e1 por 1988. No es una sinfon\u00eda completa, es un <strong>\u00fanico movimiento<\/strong> en forma de Andante en mi bemol con un Allegro en do menor trufado en su interior que, como experimento no est\u00e1 nada mal, pero que <strong>seguramente poco tiene que ver con lo que hubiera escrito Beethoven<\/strong>. <\/p>\n<p>Un d\u00eda debi\u00f3 pensar Cooper: bien, veamos qu\u00e9 sucede si unimos este fragmento por aqu\u00ed, este otro por all\u00e1, los pegamos con un poco de teor\u00eda al estilo de Beethoven y contemplamos el conjunto. Se sabe que Ludwig ten\u00eda en mente crear una nueva sinfon\u00eda pues hay referencias escritas sobre ello pero poco m\u00e1s. El music\u00f3logo, en su reconstrucci\u00f3n de apenas un cuarto de hora del hipot\u00e9tico primer movimiento de la d\u00e9cima, trabaj\u00f3 armando el laberinto formado por <strong>cerca de 350 compases manuscritos<\/strong>. Sabiendo c\u00f3mo era la escritura sobre papel pautado de Beethoven, a veces tan ilegible que es casi imposible reconstruir su significado, seguro que sud\u00f3 tinta para llegar a alguna conclusi\u00f3n. Para complicarlo todo, nIng\u00fan fragmento superaba la treintena de compases, por lo que la tarea se convert\u00eda en algo pr\u00e1cticamente imposible. A Cooper le han llamado de todo, las cr\u00edticas le han ca\u00eddo por todas partes desde que dio a conocer su experimento, pero ah\u00ed est\u00e1. No existe la d\u00e9cima, puede que s\u00f3lo haya en estos sonidos cierta p\u00e1tina musical del sordo genial, pero a m\u00ed no me causa desagrado. Aqu\u00ed est\u00e1 la reconstrucci\u00f3n del primer movimiento de la supuesta d\u00e9cima sinfon\u00eda de Beethoven ideada por Cooper, ya sea gracias a <strong><a href=\"http:\/\/open.spotify.com\/track\/4MYBOH1JCNhPrw2xQtgeue\">Spotify<\/a><\/strong>, o a trav\u00e9s de estos dos <strong><a href=\"http:\/\/www.youtube.com\/watch?v=Vdl-xIputeM\">v\u00eddeos<\/a><\/strong>. <!--more--><\/p>\n<p><object width=\"480\" height=\"385\"><param name=\"movie\" value=\"http:\/\/www.youtube.com\/v\/Vdl-xIputeM&#038;hl=es_ES&#038;fs=1&#038;\"><\/param><param name=\"allowFullScreen\" value=\"true\"><\/param><param name=\"allowscriptaccess\" value=\"always\"><\/param><\/object><\/p>\n<p><object width=\"480\" height=\"385\"><param name=\"movie\" value=\"http:\/\/www.youtube.com\/v\/QMQeSvqcHrw&#038;hl=es_ES&#038;fs=1&#038;\"><\/param><param name=\"allowFullScreen\" value=\"true\"><\/param><param name=\"allowscriptaccess\" value=\"always\"><\/param><\/object><\/p>\n","protected":false},"excerpt":{"rendered":"<div class=\"mh-excerpt\"><p>Ludwig van Beethoven \u00fanicamente compuso nueve sinfon\u00edas y no hay m\u00e1s que a\u00f1adir, pero perm\u00edtaseme hoy ser un tanto heterodoxo y hasta poco respetuoso con mi admirado genio de Bonn, <a class=\"mh-excerpt-more\" href=\"https:\/\/alpoma.net\/tecob\/?p=2343\" title=\"La d\u00e9cima de Beethoven\">[&#8230;]<\/a><\/p>\n<\/div>","protected":false},"author":1,"featured_media":10587,"comment_status":"open","ping_status":"open","sticky":false,"template":"","format":"standard","meta":{"jetpack_post_was_ever_published":false,"_jetpack_newsletter_access":"","_jetpack_dont_email_post_to_subs":false,"_jetpack_newsletter_tier_id":0,"_jetpack_memberships_contains_paywalled_content":false,"_jetpack_memberships_contains_paid_content":false,"footnotes":""},"categories":[42],"tags":[],"class_list":["post-2343","post","type-post","status-publish","format-standard","has-post-thumbnail","hentry","category-musica"],"jetpack_featured_media_url":"https:\/\/alpoma.net\/tecob\/wp-content\/uploads\/2010\/03\/beethoven2-273x3001.jpg","jetpack_shortlink":"https:\/\/wp.me\/p93Dc1-BN","jetpack-related-posts":[{"id":1123,"url":"https:\/\/alpoma.net\/tecob\/?p=1123","url_meta":{"origin":2343,"position":0},"title":"Breve historia de la m\u00fasica cl\u00e1sica con Spotify","author":"alpoma","date":"26 abril 2009","format":false,"excerpt":"Tarde de domingo pasada delante del mont\u00f3n de discos compactos que he ido comprando a lo largo de los a\u00f1os, la mayor parte de m\u00fasica cl\u00e1sica. El dilema estaba, desde hace mucho, en transferir tal material a MP3. Totalmente descartado, es una tarea aburrida y que, adem\u00e1s, ocupa demasiado tiempo.\u2026","rel":"","context":"En \u00abM\u00fasica\u00bb","block_context":{"text":"M\u00fasica","link":"https:\/\/alpoma.net\/tecob\/?cat=42"},"img":{"alt_text":"","src":"","width":0,"height":0},"classes":[]},{"id":14951,"url":"https:\/\/alpoma.net\/tecob\/?p=14951","url_meta":{"origin":2343,"position":1},"title":"Maelzel, el inventor de cabecera de Beethoven","author":"alpoma","date":"12 marzo 2020","format":false,"excerpt":"Con obediente confianza se aplic\u00f3 Beethoven a seguir las varias prescripciones de los m\u00e9dicos que iba consultando [sin mejor\u00eda alguna] (\u2026) Desilusionado, descorazonado, tuvo que llegar a interponer entre \u00e9l y el mundo aquellas trompetillas ac\u00fasticas de diferentes formas que le constru\u00eda Maelzel, el inventor del metr\u00f3nomo. Y, al fin,\u2026","rel":"","context":"En \u00abM\u00fasica\u00bb","block_context":{"text":"M\u00fasica","link":"https:\/\/alpoma.net\/tecob\/?cat=42"},"img":{"alt_text":"","src":"https:\/\/i0.wp.com\/alpoma.net\/tecob\/wp-content\/uploads\/2020\/03\/Orquestri%C3%B3n.jpg?resize=350%2C200&ssl=1","width":350,"height":200,"srcset":"https:\/\/i0.wp.com\/alpoma.net\/tecob\/wp-content\/uploads\/2020\/03\/Orquestri%C3%B3n.jpg?resize=350%2C200&ssl=1 1x, https:\/\/i0.wp.com\/alpoma.net\/tecob\/wp-content\/uploads\/2020\/03\/Orquestri%C3%B3n.jpg?resize=525%2C300&ssl=1 1.5x, https:\/\/i0.wp.com\/alpoma.net\/tecob\/wp-content\/uploads\/2020\/03\/Orquestri%C3%B3n.jpg?resize=700%2C400&ssl=1 2x, https:\/\/i0.wp.com\/alpoma.net\/tecob\/wp-content\/uploads\/2020\/03\/Orquestri%C3%B3n.jpg?resize=1050%2C600&ssl=1 3x, https:\/\/i0.wp.com\/alpoma.net\/tecob\/wp-content\/uploads\/2020\/03\/Orquestri%C3%B3n.jpg?resize=1400%2C800&ssl=1 4x"},"classes":[]},{"id":1072,"url":"https:\/\/alpoma.net\/tecob\/?p=1072","url_meta":{"origin":2343,"position":2},"title":"Baldomera Larra, \u00abinventora\u00bb de las estafas piramidales","author":"alpoma","date":"4 febrero 2009","format":false,"excerpt":"AVISO: Versi\u00f3n web del art\u00edculo que publiqu\u00e9 en el n\u00famero de febrero de 2009 de Historia de Iberia Vieja. Do\u00f1a Baldomera Larra ha sido absuelta. Siempre me hab\u00eda parecido a m\u00ed que el tomar dinero no era materia penable. Y el Tribunal Supremo de Justicia acaba de ratificarme en mi\u2026","rel":"","context":"En \u00abMade in Spain\u00bb","block_context":{"text":"Made in Spain","link":"https:\/\/alpoma.net\/tecob\/?cat=10"},"img":{"alt_text":"","src":"https:\/\/i0.wp.com\/alpoma.net\/tecob\/wp-content\/uploads\/2009\/02\/3252482803_eec46fedc2_o.jpg?resize=350%2C200&ssl=1","width":350,"height":200},"classes":[]},{"id":1057,"url":"https:\/\/alpoma.net\/tecob\/?p=1057","url_meta":{"origin":2343,"position":3},"title":"El cigarro de Winans","author":"alpoma","date":"8 enero 2009","format":false,"excerpt":"Mientras el intr\u00e9pido riojano Cosme Garc\u00eda preparaba su patente sobre una m\u00e1quina submarina, historia que ya visit\u00f3 TecOb, al otro lado del Atl\u00e1ntico otro inquieto y no menos intr\u00e9pido ingeniero tambi\u00e9n pensaba en surcar las aguas con veh\u00edculos extra\u00f1os. No es que el esp\u00edritu del vernesco Nemo hubiera invadido sus\u2026","rel":"","context":"En \u00abObsolescencia\u00bb","block_context":{"text":"Obsolescencia","link":"https:\/\/alpoma.net\/tecob\/?cat=3"},"img":{"alt_text":"","src":"https:\/\/i0.wp.com\/alpoma.net\/tecob\/wp-content\/uploads\/2009\/01\/3179754003_2711250340_o.jpg?resize=350%2C200&ssl=1","width":350,"height":200,"srcset":"https:\/\/i0.wp.com\/alpoma.net\/tecob\/wp-content\/uploads\/2009\/01\/3179754003_2711250340_o.jpg?resize=350%2C200&ssl=1 1x, https:\/\/i0.wp.com\/alpoma.net\/tecob\/wp-content\/uploads\/2009\/01\/3179754003_2711250340_o.jpg?resize=525%2C300&ssl=1 1.5x"},"classes":[]},{"id":10184,"url":"https:\/\/alpoma.net\/tecob\/?p=10184","url_meta":{"origin":2343,"position":4},"title":"El Frankenstein de Zehnder","author":"alpoma","date":"25 octubre 2014","format":false,"excerpt":"Hoy nos visita una fotograf\u00eda muy especial, una imagen que tiene reservado un espacio singular en la historia de la ciencia y la tecnolog\u00eda. He aqu\u00ed al Frankenstein de Zehnder... Lo de Frankenstein es una licencia que me he tomado porque, a fin de cuentas, la imagen fue realizada con\u2026","rel":"","context":"En \u00abGeneral\u00bb","block_context":{"text":"General","link":"https:\/\/alpoma.net\/tecob\/?cat=1"},"img":{"alt_text":"","src":"https:\/\/i0.wp.com\/alpoma.net\/tecob\/wp-content\/uploads\/2014\/10\/Zehnder_rayos_X.jpg?resize=350%2C200&ssl=1","width":350,"height":200},"classes":[]},{"id":326,"url":"https:\/\/alpoma.net\/tecob\/?p=326","url_meta":{"origin":2343,"position":5},"title":"El monje volador y otros \u00abprevuelos\u00bb","author":"alpoma","date":"23 enero 2006","format":false,"excerpt":"Bien, hay quien me va a llamar pesado, pero no se preocupen, la lista de \"prevoladores\" termina, m\u00e1s o menos en este post. Ya aparecer\u00e1 alguno m\u00e1s, pero tardar\u00e1... Tras la historia de Abbas Ibn Firnas o la de Diego Mar\u00edn, habr\u00e1 quedado claro que no fueron los Hermanos Wright\u2026","rel":"","context":"En \u00abObsolescencia\u00bb","block_context":{"text":"Obsolescencia","link":"https:\/\/alpoma.net\/tecob\/?cat=3"},"img":{"alt_text":"","src":"","width":0,"height":0},"classes":[]}],"jetpack_sharing_enabled":true,"_links":{"self":[{"href":"https:\/\/alpoma.net\/tecob\/index.php?rest_route=\/wp\/v2\/posts\/2343","targetHints":{"allow":["GET"]}}],"collection":[{"href":"https:\/\/alpoma.net\/tecob\/index.php?rest_route=\/wp\/v2\/posts"}],"about":[{"href":"https:\/\/alpoma.net\/tecob\/index.php?rest_route=\/wp\/v2\/types\/post"}],"author":[{"embeddable":true,"href":"https:\/\/alpoma.net\/tecob\/index.php?rest_route=\/wp\/v2\/users\/1"}],"replies":[{"embeddable":true,"href":"https:\/\/alpoma.net\/tecob\/index.php?rest_route=%2Fwp%2Fv2%2Fcomments&post=2343"}],"version-history":[{"count":0,"href":"https:\/\/alpoma.net\/tecob\/index.php?rest_route=\/wp\/v2\/posts\/2343\/revisions"}],"wp:featuredmedia":[{"embeddable":true,"href":"https:\/\/alpoma.net\/tecob\/index.php?rest_route=\/wp\/v2\/media\/10587"}],"wp:attachment":[{"href":"https:\/\/alpoma.net\/tecob\/index.php?rest_route=%2Fwp%2Fv2%2Fmedia&parent=2343"}],"wp:term":[{"taxonomy":"category","embeddable":true,"href":"https:\/\/alpoma.net\/tecob\/index.php?rest_route=%2Fwp%2Fv2%2Fcategories&post=2343"},{"taxonomy":"post_tag","embeddable":true,"href":"https:\/\/alpoma.net\/tecob\/index.php?rest_route=%2Fwp%2Fv2%2Ftags&post=2343"}],"curies":[{"name":"wp","href":"https:\/\/api.w.org\/{rel}","templated":true}]}}