{"id":2273,"date":"2010-02-27T19:01:10","date_gmt":"2010-02-27T17:01:10","guid":{"rendered":"http:\/\/www.alpoma.net\/tecob\/?p=2273"},"modified":"2010-02-27T19:01:10","modified_gmt":"2010-02-27T17:01:10","slug":"un-recuerdo-de-jose-i-bonaparte","status":"publish","type":"post","link":"https:\/\/alpoma.net\/tecob\/?p=2273","title":{"rendered":"Un recuerdo de Jos\u00e9 I Bonaparte"},"content":{"rendered":"<p>Esta ma\u00f1ana, mientras dibuj\u00e1bamos unos bocetos por las <strong>calles de Valladolid<\/strong> en la <em><a href=\"http:\/\/www.alpoma.net\/tecob\/?p=2166\" class=\"enlaces\">SketchCrawl<\/a><\/em>, yo junto a <a href=\"http:\/\/lasombra.blogs.com\/la_sombra_del_asno\/\" class=\"enlaces\">Adolfo Arranz<\/a> pues \u00fanicamente dos personas hemos asistido, se acerc\u00f3 a nosotros un simp\u00e1tico lugare\u00f1o. Tras varios comentarios diversos nos inform\u00f3 de algo singular de lo que no ten\u00eda ni idea pero que me ha sorprendido. Al poco rato, calle arriba, calle abajo, llegamos al <strong>Monasterio de San Benito<\/strong>, lugar donde se encuentra la <strong>curiosidad hist\u00f3rica<\/strong> comentada por el paisano. Bien, s\u00f3lo ten\u00eda el m\u00f3vil a mano, pero creo que se ver\u00e1 bien. Atenci\u00f3n, pregunta: \u00bfnadie observa algo raro en este escudo que se halla en lo alto del p\u00f3rtico de San Benito en Valladolid?<\/p>\n<p><img decoding=\"async\" src=\"http:\/\/farm5.static.flickr.com\/4011\/4392592178_d8bae19f29_o.jpg\" alt=\"img\" class=\"otros\"\/><\/p>\n<p>En concreto, debe uno fijar su atenci\u00f3n en el <strong>motivo central del escudo<\/strong>. Ah\u00ed no aparece nada relacionado con los Borbones, como en el escudo actual, sino un \u00e1guila imperial. Se trata del \u00e1guila de los Bonaparte, pues el <strong><a href=\"http:\/\/es.wikipedia.org\/wiki\/Escudo_de_Espa%C3%B1a#Jos.C3.A9_I_Bonaparte_.281808-1813.29\" class=\"enlaces\">escudo<\/a><\/strong> data de la \u00e9poca en que rein\u00f3 en Espa\u00f1a el hermano de Napole\u00f3n, <strong><a href=\"http:\/\/es.wikipedia.org\/wiki\/Jos%C3%A9_I_Bonaparte\" class=\"enlaces\">Jos\u00e9 I Bonaparte<\/a><\/strong> (1808-1813). Nuestro amable amigo nos coment\u00f3 que debe de ser el \u00fanico escudo de Jos\u00e9 I que todav\u00eda existe. No s\u00e9 si eso ser\u00e1 cierto, pero el cruzarme con este gui\u00f1o de la historia de forma tan sorprendente me ha gustado. La ma\u00f1ana ha sido lluviosa, pero no por ello aburrida. \ud83d\ude09 <\/p>\n","protected":false},"excerpt":{"rendered":"<div class=\"mh-excerpt\"><p>Esta ma\u00f1ana, mientras dibuj\u00e1bamos unos bocetos por las calles de Valladolid en la SketchCrawl, yo junto a Adolfo Arranz pues \u00fanicamente dos personas hemos asistido, se acerc\u00f3 a nosotros un <a class=\"mh-excerpt-more\" href=\"https:\/\/alpoma.net\/tecob\/?p=2273\" title=\"Un recuerdo de Jos\u00e9 I Bonaparte\">[&#8230;]<\/a><\/p>\n<\/div>","protected":false},"author":1,"featured_media":10979,"comment_status":"open","ping_status":"open","sticky":false,"template":"","format":"standard","meta":{"jetpack_post_was_ever_published":false,"_jetpack_newsletter_access":"","_jetpack_dont_email_post_to_subs":false,"_jetpack_newsletter_tier_id":0,"_jetpack_memberships_contains_paywalled_content":false,"_jetpack_memberships_contains_paid_content":false,"footnotes":""},"categories":[3,2],"tags":[],"class_list":["post-2273","post","type-post","status-publish","format-standard","has-post-thumbnail","hentry","category-obsolescencia","category-personal"],"jetpack_featured_media_url":"https:\/\/alpoma.net\/tecob\/wp-content\/uploads\/2010\/02\/4392592178_d8bae19f29_o.jpg","jetpack_shortlink":"https:\/\/wp.me\/p93Dc1-AF","jetpack-related-posts":[{"id":6039,"url":"https:\/\/alpoma.net\/tecob\/?p=6039","url_meta":{"origin":2273,"position":0},"title":"Cencelladas","author":"alpoma","date":"11 enero 2012","format":false,"excerpt":"Despu\u00e9s de estar bastantes d\u00edas en Guardo, con sol, en jornadas que m\u00e1s parec\u00edan de primavera que de invierno, resulta que hoy en Valladolid me salud\u00f3 la ma\u00f1ana con lo que parec\u00eda nieve. Y pens\u00e9 para m\u00ed que ya era hora de ver algo de nieve este invierno. \u00a1Vaya burrada!\u2026","rel":"","context":"En \u00abGeo\u00bb","block_context":{"text":"Geo","link":"https:\/\/alpoma.net\/tecob\/?cat=5"},"img":{"alt_text":"","src":"https:\/\/i0.wp.com\/alpoma.net\/tecob\/wp-content\/uploads\/2012\/01\/6679616047_91b5cd93a5_z.jpg?resize=350%2C200&ssl=1","width":350,"height":200,"srcset":"https:\/\/i0.wp.com\/alpoma.net\/tecob\/wp-content\/uploads\/2012\/01\/6679616047_91b5cd93a5_z.jpg?resize=350%2C200&ssl=1 1x, https:\/\/i0.wp.com\/alpoma.net\/tecob\/wp-content\/uploads\/2012\/01\/6679616047_91b5cd93a5_z.jpg?resize=525%2C300&ssl=1 1.5x"},"classes":[]},{"id":7576,"url":"https:\/\/alpoma.net\/tecob\/?p=7576","url_meta":{"origin":2273,"position":1},"title":"El ingenio de Zubiaurre","author":"alpoma","date":"1 diciembre 2012","format":false,"excerpt":"Versi\u00f3n reducida para web del art\u00edculo que publiqu\u00e9 en la revista Historia de Iberia Vieja, edici\u00f3n del mes de diciembre de 2012. No hace mucho que visit\u00f3 este mismo espacio uno de los ingenieros m\u00e1s excelsos de toda nuestra historia. Se trataba de Agust\u00edn de Betancourt quien, sin m\u00e1s ayuda\u2026","rel":"","context":"En \u00abMade in Spain\u00bb","block_context":{"text":"Made in Spain","link":"https:\/\/alpoma.net\/tecob\/?cat=10"},"img":{"alt_text":"","src":"https:\/\/i0.wp.com\/alpoma.net\/tecob\/wp-content\/uploads\/2012\/12\/7eae6b1a389f11e28e5d22000a1f979a_7.jpg?resize=350%2C200&ssl=1","width":350,"height":200,"srcset":"https:\/\/i0.wp.com\/alpoma.net\/tecob\/wp-content\/uploads\/2012\/12\/7eae6b1a389f11e28e5d22000a1f979a_7.jpg?resize=350%2C200&ssl=1 1x, https:\/\/i0.wp.com\/alpoma.net\/tecob\/wp-content\/uploads\/2012\/12\/7eae6b1a389f11e28e5d22000a1f979a_7.jpg?resize=525%2C300&ssl=1 1.5x"},"classes":[]},{"id":437,"url":"https:\/\/alpoma.net\/tecob\/?p=437","url_meta":{"origin":2273,"position":2},"title":"Fotografiando el infierno","author":"alpoma","date":"11 abril 2006","format":false,"excerpt":"En tiempos se pens\u00f3 que Venus era un paraiso, un mundo acu\u00e1tico que ocultaba sus secretos tras un impenetrable escudo de nubes. Algo de raz\u00f3n se ten\u00eda, porque las nubes oscurecen la superficie y hasta \u00e9pocas recientes no se descubri\u00f3 la verdad, a saber, que Venus es lo m\u00e1s parecido\u2026","rel":"","context":"En \u00abGeo\u00bb","block_context":{"text":"Geo","link":"https:\/\/alpoma.net\/tecob\/?cat=5"},"img":{"alt_text":"","src":"https:\/\/i0.wp.com\/alpoma.net\/tecob\/wp-content\/uploads\/2006\/04\/127038618_2c4a3b033a_o.jpg?resize=350%2C200&ssl=1","width":350,"height":200,"srcset":"https:\/\/i0.wp.com\/alpoma.net\/tecob\/wp-content\/uploads\/2006\/04\/127038618_2c4a3b033a_o.jpg?resize=350%2C200&ssl=1 1x, https:\/\/i0.wp.com\/alpoma.net\/tecob\/wp-content\/uploads\/2006\/04\/127038618_2c4a3b033a_o.jpg?resize=525%2C300&ssl=1 1.5x"},"classes":[]},{"id":12119,"url":"https:\/\/alpoma.net\/tecob\/?p=12119","url_meta":{"origin":2273,"position":3},"title":"Benito Loygorri, el primer piloto de avi\u00f3n espa\u00f1ol","author":"alpoma","date":"3 junio 2016","format":false,"excerpt":"Versi\u00f3n para TecOb del art\u00edculo que publiqu\u00e9 en la revista Historia de Iberia Vieja, edici\u00f3n de mayo de 2016. All\u00e1 por el m\u00e1s que centenario mes de octubre de 1910 mencionaba la revista Vida Mar\u00edtima , con gran asombro, cierta exhibici\u00f3n o, como dec\u00edan entonces, experiencia de aviaci\u00f3n, que tuvo\u2026","rel":"","context":"En \u00abMade in Spain\u00bb","block_context":{"text":"Made in Spain","link":"https:\/\/alpoma.net\/tecob\/?cat=10"},"img":{"alt_text":"","src":"https:\/\/i0.wp.com\/alpoma.net\/tecob\/wp-content\/uploads\/2016\/06\/Aeroplano_Farman_de_Loygorri.jpg?resize=350%2C200&ssl=1","width":350,"height":200,"srcset":"https:\/\/i0.wp.com\/alpoma.net\/tecob\/wp-content\/uploads\/2016\/06\/Aeroplano_Farman_de_Loygorri.jpg?resize=350%2C200&ssl=1 1x, https:\/\/i0.wp.com\/alpoma.net\/tecob\/wp-content\/uploads\/2016\/06\/Aeroplano_Farman_de_Loygorri.jpg?resize=525%2C300&ssl=1 1.5x, https:\/\/i0.wp.com\/alpoma.net\/tecob\/wp-content\/uploads\/2016\/06\/Aeroplano_Farman_de_Loygorri.jpg?resize=700%2C400&ssl=1 2x"},"classes":[]},{"id":6876,"url":"https:\/\/alpoma.net\/tecob\/?p=6876","url_meta":{"origin":2273,"position":4},"title":"Una visita al Museo de Anatom\u00eda de Valladolid","author":"alpoma","date":"10 julio 2012","format":false,"excerpt":"La semana pasada, aprovechando una visita con el equipo de mi empresa para una investigaci\u00f3n sobre osteopatolog\u00eda en el Laboratorio de Antropolog\u00eda de la Universidad de Valladolid, me asom\u00e9 un rato a un museo de lo m\u00e1s interesante. Hac\u00eda muchos a\u00f1os que no iba por all\u00ed y me alegra ver\u2026","rel":"","context":"En \u00abMade in Spain\u00bb","block_context":{"text":"Made in Spain","link":"https:\/\/alpoma.net\/tecob\/?cat=10"},"img":{"alt_text":"IMG_3486","src":"https:\/\/i0.wp.com\/farm8.staticflickr.com\/7118\/7544008968_c51cca5a63_n.jpg?resize=350%2C200","width":350,"height":200},"classes":[]},{"id":5600,"url":"https:\/\/alpoma.net\/tecob\/?p=5600","url_meta":{"origin":2273,"position":5},"title":"Un paseo por el Science Museum de Londres","author":"alpoma","date":"7 noviembre 2011","format":false,"excerpt":"Sucedi\u00f3 hace ocho d\u00edas, sin pensar, como si algo estuviera llamando mi atenci\u00f3n con disimulo. De repente me veo cruzando una puerta oscura que pertenec\u00eda a un edificio con la fachada en obras, un lugar que desde el exterior no llamaba mucho la atenci\u00f3n, era de esos sitios que siempre\u2026","rel":"","context":"En \u00abObsolescencia\u00bb","block_context":{"text":"Obsolescencia","link":"https:\/\/alpoma.net\/tecob\/?cat=3"},"img":{"alt_text":"","src":"https:\/\/i0.wp.com\/alpoma.net\/tecob\/wp-content\/uploads\/2011\/11\/6322872661_870fcaf1fe_o.jpg?resize=350%2C200&ssl=1","width":350,"height":200,"srcset":"https:\/\/i0.wp.com\/alpoma.net\/tecob\/wp-content\/uploads\/2011\/11\/6322872661_870fcaf1fe_o.jpg?resize=350%2C200&ssl=1 1x, https:\/\/i0.wp.com\/alpoma.net\/tecob\/wp-content\/uploads\/2011\/11\/6322872661_870fcaf1fe_o.jpg?resize=525%2C300&ssl=1 1.5x"},"classes":[]}],"jetpack_sharing_enabled":true,"_links":{"self":[{"href":"https:\/\/alpoma.net\/tecob\/index.php?rest_route=\/wp\/v2\/posts\/2273","targetHints":{"allow":["GET"]}}],"collection":[{"href":"https:\/\/alpoma.net\/tecob\/index.php?rest_route=\/wp\/v2\/posts"}],"about":[{"href":"https:\/\/alpoma.net\/tecob\/index.php?rest_route=\/wp\/v2\/types\/post"}],"author":[{"embeddable":true,"href":"https:\/\/alpoma.net\/tecob\/index.php?rest_route=\/wp\/v2\/users\/1"}],"replies":[{"embeddable":true,"href":"https:\/\/alpoma.net\/tecob\/index.php?rest_route=%2Fwp%2Fv2%2Fcomments&post=2273"}],"version-history":[{"count":0,"href":"https:\/\/alpoma.net\/tecob\/index.php?rest_route=\/wp\/v2\/posts\/2273\/revisions"}],"wp:featuredmedia":[{"embeddable":true,"href":"https:\/\/alpoma.net\/tecob\/index.php?rest_route=\/wp\/v2\/media\/10979"}],"wp:attachment":[{"href":"https:\/\/alpoma.net\/tecob\/index.php?rest_route=%2Fwp%2Fv2%2Fmedia&parent=2273"}],"wp:term":[{"taxonomy":"category","embeddable":true,"href":"https:\/\/alpoma.net\/tecob\/index.php?rest_route=%2Fwp%2Fv2%2Fcategories&post=2273"},{"taxonomy":"post_tag","embeddable":true,"href":"https:\/\/alpoma.net\/tecob\/index.php?rest_route=%2Fwp%2Fv2%2Ftags&post=2273"}],"curies":[{"name":"wp","href":"https:\/\/api.w.org\/{rel}","templated":true}]}}