{"id":219,"date":"2005-11-09T21:13:14","date_gmt":"2005-11-09T19:13:14","guid":{"rendered":"http:\/\/www.alpoma.net\/tecob\/?p=219"},"modified":"2006-01-12T22:15:29","modified_gmt":"2006-01-12T20:15:29","slug":"absenta","status":"publish","type":"post","link":"https:\/\/alpoma.net\/tecob\/?p=219","title":{"rendered":"Absenta"},"content":{"rendered":"<p><img decoding=\"async\" src=\"http:\/\/static.flickr.com\/31\/61630141_c2f6bc7527_o.jpg\" title=\"Absenta\" class=\"izda\"\/>Conocida como el \u00abhada verde\u00bb, la <a href=\"http:\/\/en.wikipedia.org\/wiki\/Absinthe\">absenta<\/a>, bebida alcoh\u00f3lica que fue musa de los artistas bohemios del Par\u00eds decimon\u00f3nico cay\u00f3 en desgracia a causa se sus perniciosos efectos t\u00f3xicos, aunque renovada y, todo hay que decirlo, m\u00e1s \u00ablight\u00bb, ha retornado a la vieja Europa.<\/p>\n<p>En los a\u00f1os postreros del XIX no era dif\u00edcil ver en tabernas y otros lugares de dudosa reputaci\u00f3n a los grandes del arte y la literatura, de Rimbaud a Gaughin, pasando por el loco del pelo rojo, Van Gogh o Verlaine. Ahora bien, no se puede decir que estos personajes fueran muy \u00abcuerdos\u00bb porque, como les sucedi\u00f3 a otros \u00abcolegas\u00bb, como V\u00edctor Hugo, llevaban dentro un demonio, eran adictos al licor verde, a <em>Le Fee Verte<\/em>, la absenta. La ingesti\u00f3n de aquella bebida de muy alta graduci\u00f3n alcoh\u00f3lica provocaba extra\u00f1as alucinaciones, muy inspiradoras, pero tambi\u00e9n da\u00f1os neurol\u00f3gicos. <\/p>\n<p>As\u00ed que, si queremos ser fieles a la \u00e9poca, imagin\u00e9monos sentados en un caf\u00e9 parisino, a finales del siglo de las luces, entre humos y bailarinas, tom\u00e1ndonos nuestra copa de absenta, acompa\u00f1ados de poetas, pintores, m\u00fasicos y otras gentes de mal vivir, o mejor, caigamos en el embrujo de una escenograf\u00eda para <em>La Boheme<\/em> de Puccini. Claro que, tras ingerir semejante licor, puede que nos asaltara el hada verde y nos pusi\u00e9ramos a pintar cosas raras, a fin de cuentas se supone que muchas grandes obras de la \u00e9poca surgieron a ra\u00edz del consumo enfermizo de absenta. <\/p>\n<p>La absenta se elabora a partir de hojas y tallos de ajenjo, <em><a href=\"http:\/\/pharm1.pharmazie.uni-greifswald.de\/systematik\/7_bilder\/coolpix\/cp000251.jpg\">artemisa absinthium<\/a><\/em>, destilado de ese licor puede verse el origen del \u00abmal\u00bb, las betatuyonas, unos compuestos capacer de crear <em>absentismo<\/em>, que es como se denomina la enfermedad causada por el exceso en su ingesta, capaz de originar convulsiones, alucinaciones y da\u00f1os nerviosos graves, demencia y la muerte. Por este motivo fue prohibida la absenta en Francia, donde se llegaron a consumir m\u00e1s de 700.000 litros de verde \u00abagua\u00bb de ajenjo anuales en los a\u00f1os setenta del XIX. <\/p>\n<p>Desde mediados del siglo XX est\u00e1 prohibida pr\u00e1cticamente en todas partes y, aunque la medida se ha ido relajando, su consumo cay\u00f3 en picado. Se buscaron substitutos \u00absaludables\u00bb, a base de otras plantas como el <em><a href=\"http:\/\/www.iqb.es\/cbasicas\/farma\/farma06\/plantas\/ppics\/pa02sm.jpg\">abr\u00f3tano<\/a><\/em>, pero que carecen de la \u00abgracia\u00bb de la absenta, las betatuyonas. En los \u00faltimos a\u00f1os han renacido diversos tipos de absenta, algunos realizados con ajenjo, en dosis controladas, como la producida por <a href=\"http:\/\/www.marimayans.com\/\">Mar\u00ed Mayans<\/a> en Ibiza. Naturalmente, hoy d\u00eda en Europa se permite su producci\u00f3n siempre y cuando se controlen rigurosamente los niveles de betatuyonas, sin superar las diez partes por mill\u00f3n.<\/p>\n<p>Seg\u00fan una vieja receta francesa del a\u00f1o 1855*, para producir absenta habr\u00eda que macerar 2,5 kilos de artemisa absinthium, 5 kilos de an\u00eds y 5 de hinojo en 95 litros de etanol de 85\u00ba. Se deja reposar la mezcla unas 12 horas en un recipiente de doble caldera para, posteriormente, a\u00f1adir 45 litros de agua. Se calienta todo ello, recogi\u00e9ndose 95 litros de destilado. En 40 litros de ese destilado se a\u00f1ade un kilo de ajenjo romano, otro kilo de hisopo y medio kilo de b\u00e1lsamo de lim\u00f3n, todo ello previamente calentado y cortado finamente. Se extrae a temperatura moderada y se decanta el licor, se filtra y se a\u00f1aden los 55 litros restantes del destilado. Al final, diluci\u00f3n en agua y as\u00ed tendr\u00edamos unos 100 litros de absenta con una concentraci\u00f3n de alcohol de 74\u00ba.<\/p>\n<p>Pero no hay que pensar, volviendo al caf\u00e9 en el que, ante nosotros ten\u00edamos una copa de absenta, que esta compleja obra alcoh\u00f3lica se debe beber como cualquier vulgar licor. No, es necesario un ritual, muy com\u00fan y representado hasta la saciedad en la iconograf\u00eda de la \u00e9poca. Es necesario diluir la concentraci\u00f3n de alcohol en la absenta, que produc\u00eda la precipitaci\u00f3n de compuestos como las tuyonas. El ritual consist\u00eda en verter agua fr\u00eda sobre un terr\u00f3n de az\u00facar colocado sobre una cuchara encima de la copa, as\u00ed el az\u00facar enmascara el sabor amargo de la absenta.<\/p>\n<p>*Acerca de esta receta, ver <em>Investigaci\u00f3n y Ciencia<\/em>, agosto de 1989.<\/p>\n","protected":false},"excerpt":{"rendered":"<div class=\"mh-excerpt\"><p>Conocida como el \u00abhada verde\u00bb, la absenta, bebida alcoh\u00f3lica que fue musa de los artistas bohemios del Par\u00eds decimon\u00f3nico cay\u00f3 en desgracia a causa se sus perniciosos efectos t\u00f3xicos, aunque <a class=\"mh-excerpt-more\" href=\"https:\/\/alpoma.net\/tecob\/?p=219\" title=\"Absenta\">[&#8230;]<\/a><\/p>\n<\/div>","protected":false},"author":1,"featured_media":10559,"comment_status":"open","ping_status":"open","sticky":false,"template":"","format":"standard","meta":{"jetpack_post_was_ever_published":false,"_jetpack_newsletter_access":"","_jetpack_dont_email_post_to_subs":false,"_jetpack_newsletter_tier_id":0,"_jetpack_memberships_contains_paywalled_content":false,"_jetpack_memberships_contains_paid_content":false,"footnotes":""},"categories":[3],"tags":[],"class_list":["post-219","post","type-post","status-publish","format-standard","has-post-thumbnail","hentry","category-obsolescencia"],"jetpack_featured_media_url":"https:\/\/alpoma.net\/tecob\/wp-content\/uploads\/2005\/11\/61630141_c2f6bc7527_o.jpg","jetpack_shortlink":"https:\/\/wp.me\/s93Dc1-absenta","jetpack-related-posts":[{"id":863,"url":"https:\/\/alpoma.net\/tecob\/?p=863","url_meta":{"origin":219,"position":0},"title":"Buscando las Fuentes Tam\u00e1ricas","author":"alpoma","date":"19 marzo 2008","format":false,"excerpt":"Versi\u00f3n web \"enriquecida\" del art\u00edculo que publiqu\u00e9 en Revista de Arqueolog\u00eda del Siglo XXI, A\u00f1o XXIII - N\u00ba 266, Junio de 2003. En Occidente casi toda Hispania estaba pacificada, excepto la que ba\u00f1a al Oc\u00e9ano Citerior y toca a las monta\u00f1as del extremo del Pirineo. Aqu\u00ed se agitaban dos pueblos\u2026","rel":"","context":"En \u00abObsolescencia\u00bb","block_context":{"text":"Obsolescencia","link":"https:\/\/alpoma.net\/tecob\/?cat=3"},"img":{"alt_text":"Velilla del R\u00edo Carri\u00f3n","src":"https:\/\/i0.wp.com\/farm2.static.flickr.com\/1374\/1171008480_c67382194b.jpg?resize=350%2C200","width":350,"height":200},"classes":[]},{"id":7765,"url":"https:\/\/alpoma.net\/tecob\/?p=7765","url_meta":{"origin":219,"position":1},"title":"Pomponio Mela y la geograf\u00eda del mundo romano","author":"alpoma","date":"1 febrero 2013","format":false,"excerpt":"Versi\u00f3n reducida del art\u00edculo que publiqu\u00e9 en la revista Historia de Iberia Vieja, n\u00famero 92, edici\u00f3n de febrero de 2013. Admiti\u00f3se, en general, la forma esf\u00e9rica, pero sin comprender su geograf\u00eda. Cre\u00edase habitar la parte superior de esta esfera, quedando desconocida la parte inferior. Uno de los m\u00e1s antiguos y\u2026","rel":"","context":"En \u00abMade in Spain\u00bb","block_context":{"text":"Made in Spain","link":"https:\/\/alpoma.net\/tecob\/?cat=10"},"img":{"alt_text":"","src":"https:\/\/i0.wp.com\/alpoma.net\/tecob\/wp-content\/uploads\/2013\/02\/mapa_pomponio.jpg?resize=350%2C200&ssl=1","width":350,"height":200,"srcset":"https:\/\/i0.wp.com\/alpoma.net\/tecob\/wp-content\/uploads\/2013\/02\/mapa_pomponio.jpg?resize=350%2C200&ssl=1 1x, https:\/\/i0.wp.com\/alpoma.net\/tecob\/wp-content\/uploads\/2013\/02\/mapa_pomponio.jpg?resize=525%2C300&ssl=1 1.5x"},"classes":[]},{"id":1108,"url":"https:\/\/alpoma.net\/tecob\/?p=1108","url_meta":{"origin":219,"position":2},"title":"El ocaso del fondo de pantalla de Windows","author":"alpoma","date":"3 abril 2009","format":false,"excerpt":"Poca gente habr\u00e1 que no haya contemplado, al menos de forma casual, esta imagen en alguna ocaci\u00f3n. Se trata del fondo de pantalla o tapiz que, por defecto, mostraba Windows XP. La fotograf\u00eda tiene su peque\u00f1a historia detr\u00e1s. Si algo ha hecho que una obra de Charles O\u00b4Rear sea conocida\u2026","rel":"","context":"En \u00abGeo\u00bb","block_context":{"text":"Geo","link":"https:\/\/alpoma.net\/tecob\/?cat=5"},"img":{"alt_text":"","src":"https:\/\/i0.wp.com\/alpoma.net\/tecob\/wp-content\/uploads\/2009\/04\/3409326918_e873c9ba1f_o.jpg?resize=350%2C200&ssl=1","width":350,"height":200,"srcset":"https:\/\/i0.wp.com\/alpoma.net\/tecob\/wp-content\/uploads\/2009\/04\/3409326918_e873c9ba1f_o.jpg?resize=350%2C200&ssl=1 1x, https:\/\/i0.wp.com\/alpoma.net\/tecob\/wp-content\/uploads\/2009\/04\/3409326918_e873c9ba1f_o.jpg?resize=525%2C300&ssl=1 1.5x"},"classes":[]},{"id":316,"url":"https:\/\/alpoma.net\/tecob\/?p=316","url_meta":{"origin":219,"position":3},"title":"Wegener y la deriva continental","author":"alpoma","date":"15 enero 2006","format":false,"excerpt":"La tierra que pisamos es m\u00e1s inquieta de lo que pudi\u00e9ramos pensar. Hay terremotos, desplazamientos de tierra, grandes fen\u00f3menos meteorol\u00f3gicos... Son sucesos, generalmente catastr\u00f3ficos, que nos llenan de inquietud. Pero no reconocemos el m\u00e1s grandioso de los movimientos de las tierras en las que habitamos. Es la deriva continental, el\u2026","rel":"","context":"En \u00abGeo\u00bb","block_context":{"text":"Geo","link":"https:\/\/alpoma.net\/tecob\/?cat=5"},"img":{"alt_text":"","src":"https:\/\/i0.wp.com\/alpoma.net\/tecob\/wp-content\/uploads\/2006\/01\/wegener.jpg?resize=350%2C200&ssl=1","width":350,"height":200,"srcset":"https:\/\/i0.wp.com\/alpoma.net\/tecob\/wp-content\/uploads\/2006\/01\/wegener.jpg?resize=350%2C200&ssl=1 1x, https:\/\/i0.wp.com\/alpoma.net\/tecob\/wp-content\/uploads\/2006\/01\/wegener.jpg?resize=525%2C300&ssl=1 1.5x"},"classes":[]},{"id":2557,"url":"https:\/\/alpoma.net\/tecob\/?p=2557","url_meta":{"origin":219,"position":4},"title":"Los macareos de marea","author":"alpoma","date":"24 abril 2010","format":false,"excerpt":"A veces, cuando la Luna, el Sol y la Tierra juegan el el espacio formando ciertas combinaciones geom\u00e9tricas en su baile gravitatorio orbital, suceden fen\u00f3menos dignos de ser contemplados. En ocasiones, en algunos r\u00edos ya pr\u00f3ximos a su desembocadura en los oc\u00e9anos, una rugiente ola avanza aguas arriba, contra el\u2026","rel":"","context":"En \u00abGeo\u00bb","block_context":{"text":"Geo","link":"https:\/\/alpoma.net\/tecob\/?cat=5"},"img":{"alt_text":"","src":"https:\/\/i0.wp.com\/alpoma.net\/tecob\/wp-content\/uploads\/2010\/04\/4547709247_2e955b7122_o.jpg?resize=350%2C200&ssl=1","width":350,"height":200,"srcset":"https:\/\/i0.wp.com\/alpoma.net\/tecob\/wp-content\/uploads\/2010\/04\/4547709247_2e955b7122_o.jpg?resize=350%2C200&ssl=1 1x, https:\/\/i0.wp.com\/alpoma.net\/tecob\/wp-content\/uploads\/2010\/04\/4547709247_2e955b7122_o.jpg?resize=525%2C300&ssl=1 1.5x"},"classes":[]},{"id":15398,"url":"https:\/\/alpoma.net\/tecob\/?p=15398","url_meta":{"origin":219,"position":5},"title":"\u00bfReservas de hidr\u00f3geno natural para 170.000 a\u00f1os?","author":"alpoma","date":"20 mayo 2025","format":false,"excerpt":"El tema del hidr\u00f3geno, con sus mil caras, me interesa mucho, sobre todo desde el punto de vista profesional. He tratado el tema en muchos informes y dem\u00e1s papeles \"aburridos\", pero casi nunca lo hab\u00eda tra\u00eddo a TecOb. El caso es que los \"manantiales\" de hidr\u00f3geno natural se est\u00e1n poniendo\u2026","rel":"","context":"En \u00abInnovaci\u00f3n\u00bb","block_context":{"text":"Innovaci\u00f3n","link":"https:\/\/alpoma.net\/tecob\/?cat=4"},"img":{"alt_text":"","src":"https:\/\/i0.wp.com\/alpoma.net\/tecob\/wp-content\/uploads\/2025\/05\/Natural-Hydrogen-Energy-Header-2.jpg.webp?resize=350%2C200&ssl=1","width":350,"height":200,"srcset":"https:\/\/i0.wp.com\/alpoma.net\/tecob\/wp-content\/uploads\/2025\/05\/Natural-Hydrogen-Energy-Header-2.jpg.webp?resize=350%2C200&ssl=1 1x, https:\/\/i0.wp.com\/alpoma.net\/tecob\/wp-content\/uploads\/2025\/05\/Natural-Hydrogen-Energy-Header-2.jpg.webp?resize=525%2C300&ssl=1 1.5x, https:\/\/i0.wp.com\/alpoma.net\/tecob\/wp-content\/uploads\/2025\/05\/Natural-Hydrogen-Energy-Header-2.jpg.webp?resize=700%2C400&ssl=1 2x, https:\/\/i0.wp.com\/alpoma.net\/tecob\/wp-content\/uploads\/2025\/05\/Natural-Hydrogen-Energy-Header-2.jpg.webp?resize=1050%2C600&ssl=1 3x"},"classes":[]}],"jetpack_sharing_enabled":true,"_links":{"self":[{"href":"https:\/\/alpoma.net\/tecob\/index.php?rest_route=\/wp\/v2\/posts\/219","targetHints":{"allow":["GET"]}}],"collection":[{"href":"https:\/\/alpoma.net\/tecob\/index.php?rest_route=\/wp\/v2\/posts"}],"about":[{"href":"https:\/\/alpoma.net\/tecob\/index.php?rest_route=\/wp\/v2\/types\/post"}],"author":[{"embeddable":true,"href":"https:\/\/alpoma.net\/tecob\/index.php?rest_route=\/wp\/v2\/users\/1"}],"replies":[{"embeddable":true,"href":"https:\/\/alpoma.net\/tecob\/index.php?rest_route=%2Fwp%2Fv2%2Fcomments&post=219"}],"version-history":[{"count":0,"href":"https:\/\/alpoma.net\/tecob\/index.php?rest_route=\/wp\/v2\/posts\/219\/revisions"}],"wp:featuredmedia":[{"embeddable":true,"href":"https:\/\/alpoma.net\/tecob\/index.php?rest_route=\/wp\/v2\/media\/10559"}],"wp:attachment":[{"href":"https:\/\/alpoma.net\/tecob\/index.php?rest_route=%2Fwp%2Fv2%2Fmedia&parent=219"}],"wp:term":[{"taxonomy":"category","embeddable":true,"href":"https:\/\/alpoma.net\/tecob\/index.php?rest_route=%2Fwp%2Fv2%2Fcategories&post=219"},{"taxonomy":"post_tag","embeddable":true,"href":"https:\/\/alpoma.net\/tecob\/index.php?rest_route=%2Fwp%2Fv2%2Ftags&post=219"}],"curies":[{"name":"wp","href":"https:\/\/api.w.org\/{rel}","templated":true}]}}