{"id":206,"date":"2005-08-26T20:10:28","date_gmt":"2005-08-26T18:10:28","guid":{"rendered":"http:\/\/www.alpoma.net\/tecob\/?p=206"},"modified":"2019-10-05T10:32:03","modified_gmt":"2019-10-05T08:32:03","slug":"la-sibila-del-rin","status":"publish","type":"post","link":"https:\/\/alpoma.net\/tecob\/?p=206","title":{"rendered":"La sibila del Rin"},"content":{"rendered":"<p><em>Hildegard Von Bingen es una de las mujeres m\u00e1s enigm\u00e1ticas de la historia. A pesar de haber vivido hace casi mil a\u00f1os, su figura sigue estando vigente en la cultura europea.<\/em><\/p>\n<p>En 1998 se celebraron en todo el mundo actos conmemorativos del nacimiento, nueve siglos atr\u00e1s, de Santa Hildegard von Bingen, figura medieval que contin\u00faa asombr\u00e1ndonos hoy d\u00eda. La abadesa benedictina del siglo XII, de tierras del sacro imperio romano germ\u00e1nico, nos ha legado una obra gigantesca donde trata sobre lo humano y lo divino. Uno de sus aspectos m\u00e1s enigm\u00e1ticos fue la capacidad para predecir, tener revelaciones y su don para las visiones m\u00edsticas. Es un caso \u00fanico en la Historia pues nunca ha existido otra mujer que tuviese visiones y revelaciones en estado de vigilia. Hildegard era capaz de entrar en \u00e9xtasis sin perder el conocimiento, viendo, oyendo y conociendo simult\u00e1neamente mientras continuaba consciente en el mundo terrenal. En vida fue admirada y respetada por monarcas, papas, nobles caballeros y doctos frailes, algo inaudito para una mujer en la Edad Media. En la actualidad muchos la reclaman como precursora e inspiradora, desde m\u00fasicos New age hasta ecologistas o feministas.<\/p>\n<p><img loading=\"lazy\" decoding=\"async\" data-attachment-id=\"14136\" data-permalink=\"https:\/\/alpoma.net\/tecob\/?attachment_id=14136\" data-orig-file=\"https:\/\/alpoma.net\/tecob\/wp-content\/uploads\/2005\/08\/Hildegard-von-Bingen.jpg\" data-orig-size=\"525,768\" data-comments-opened=\"0\" data-image-meta=\"{&quot;aperture&quot;:&quot;0&quot;,&quot;credit&quot;:&quot;&quot;,&quot;camera&quot;:&quot;&quot;,&quot;caption&quot;:&quot;&quot;,&quot;created_timestamp&quot;:&quot;0&quot;,&quot;copyright&quot;:&quot;&quot;,&quot;focal_length&quot;:&quot;0&quot;,&quot;iso&quot;:&quot;0&quot;,&quot;shutter_speed&quot;:&quot;0&quot;,&quot;title&quot;:&quot;&quot;,&quot;orientation&quot;:&quot;0&quot;}\" data-image-title=\"Hildegard-von-Bingen\" data-image-description=\"\" data-image-caption=\"\" data-large-file=\"https:\/\/alpoma.net\/tecob\/wp-content\/uploads\/2005\/08\/Hildegard-von-Bingen.jpg\" src=\"https:\/\/alpoma.net\/tecob\/wp-content\/uploads\/2005\/08\/Hildegard-von-Bingen.jpg\" alt=\"\" width=\"525\" height=\"768\" class=\"aligncenter size-full wp-image-14136\" srcset=\"https:\/\/alpoma.net\/tecob\/wp-content\/uploads\/2005\/08\/Hildegard-von-Bingen.jpg 525w, https:\/\/alpoma.net\/tecob\/wp-content\/uploads\/2005\/08\/Hildegard-von-Bingen-205x300.jpg 205w\" sizes=\"auto, (max-width: 525px) 100vw, 525px\" \/><\/p>\n<p><strong>Tiempo de monjes y caballeros<\/strong><br \/>\nEl siglo XII en Europa fue una \u00e9poca apasionante. Los se\u00f1ores feudales extend\u00edan su poder sobre sus vasallos pero ya aparec\u00edan en el horizonte nuevos y radicales cambios sociales. Fueron tiempos de crisis pol\u00edtica en la Iglesia, de Cruzadas para liberar tierra santa y de luchas contra \u00abherej\u00edas\u00bb como los c\u00e1taros. A pesar de ello, la paz reinaba en casi todo el viejo continente y esto trajo prosperidad para el campesinado y los comerciantes, emergiendo la burgues\u00eda como nueva clase social en alza. El oscuro Rom\u00e1nico dio paso al arte G\u00f3tico en un impulso constructor sin precedentes y comenzaron a retornar los conocimientos perdidos de los antiguos griegos y romanos en traducciones \u00e1rabes para iluminar de nuevo el paisaje siniestro del medievo. \u00c9ste es el ambiente en el que naci\u00f3 Hildegard, en una familia noble. Siempre d\u00e9bil y con propensi\u00f3n a las enfermedades tuvo, desde los tres a\u00f1os de edad, la maravillosa capacidad para la visi\u00f3n divina que ya nunca abandon\u00f3. A los ocho a\u00f1os fue confiada a un monasterio para educarse, y pasado el tiempo profes\u00f3 votos perpetuos, llegando en 1136 a ser elegida abadesa. En 1141, durante una visi\u00f3n, se le orden\u00f3 escribir todo lo que hab\u00eda visto y o\u00eddo. A parar de ese momento pas\u00f3 a convertirse en una figura fundamental de la sociedad europea.<br \/>\n<strong><br \/>\nScivias<\/strong><br \/>\nEl primer escrito donde encontramos sus visiones es el Scivias o Sci v\u00edas Dei (Conoce los caminos de Dios). Si alguien quer\u00eda estar seguro de seguir el \u00abbuen camino\u00bb y de la salvaci\u00f3n de su alma pod\u00eda leer este libro, repleto de met\u00e1foras e imaginaci\u00f3n visual para tener una amplia muestra del mundo terreno y celestial. En esta joya bibliogr\u00e1fica medieval se relatan las primeras visiones de Sibila apoyadas con ilustraciones de intenso cromatismo, muy luminosas, \u00fanicas para la \u00e9poca y realizadas por monjes bajo la direcci\u00f3n de la propia Hildegard. Fue escrito con la colaboraci\u00f3n del monje Volmar, uno de los tres secretarios-consejeros que tuvo la monja a lo largo de su vida. Escribi\u00f3 a San Bernardo de Claraval buscando comprensi\u00f3n y conformidad. \u00c9ste recomend\u00f3 su trabajo al Papa Eugenio III. El pont\u00edfice envi\u00f3 una comisi\u00f3n para examinarla, siendo tan favorables las conalusiones que la conminaron a seguir escribiendo. A partir de este momento, y ya con m\u00e1s de cincuenta a\u00f1os, comenz\u00f3 para ella una vida repleta de agitada actividad. Se carteaba y recib\u00eda visitas de autoridades que deseaban el consejo de la m\u00edstica. En 1150 fund\u00f3 su propio monasterio en Rupersberg, Alemania, lo que le trajo grandes problemas ya que su anterior convento no deseaba perder este punto de atracci\u00f3n, visitas y, claro est\u00e1, dinero.<\/p>\n<p><strong>Arte y Ciencia<\/strong><br \/>\nEn la correspondencia de la santa podemos encontrar los m\u00e1s variados temas, desde Teolog\u00eda a consejos de orden pol\u00edtico. Es sorprendente la libertad con que se dirig\u00eda a estos hombres poderosos que buscaban sus palabras. En lugar de complacerles dadivosamente, nunca se andaba con rodeos y respond\u00eda de forma directa a todos, ya fuera rey o siervo, y siempre seg\u00fan su propio razonamiento. Es curioso observar c\u00f3mo grandes soberanos, poco acostumbrados a que fuesen contrariados, respetaban enormemente a la abadesa. Este respeto no era hacia ella como mujer, imposible en esa \u00e9poca, sino como mensajera directa de Dios. Ella misma sab\u00eda que s\u00f3lo de esa forma pod\u00eda encontrar eco, como vidente y no como mujer, por lo que muchas veces se presentaba a s\u00ed misma como \u00abuna pobre mujer ignorante\u00bb.<\/p>\n<p>Entre las ocupaciones propias de una abadesa de la \u00e9poca se encontraba el cuidar de la comunidad a su cargo, tanto espiritual como f\u00edsicamente. Pero el inter\u00e9s que demostr\u00f3 Hildegard por la Medicina y la Ciencia fue mucho m\u00e1s all\u00e1. Entre sus obras encontramos escritos m\u00e9dicos cono el Liber simplicis medicinas o Physica y el Liber compositae medicinas o Cusae et curae, donde describe al ser humano en relaci\u00f3n con los elementos naturales, s\u00edntomas y tratamientos de enfermedades. Expone que la alteraci\u00f3n del medio natural puede hacer enfermar (concepto que antecedi\u00f3 a la Ecolog\u00eda), la importancia de la alimentaci\u00f3n en la salud y el uso de plantas como remedios adelant\u00e1ndose a la homeopat\u00eda y las flores de Bach. Adem\u00e1s, comentaba la influencia de los estados an\u00edmicos en los males corporales, como hacen hoy d\u00eda las modernas teor\u00edas de la Psicolog\u00eda.<\/p>\n<p><strong>La armon\u00eda celeste<\/strong><br \/>\nLa m\u00fasica es uno de los puntales en la obra de la abadesa de Ruperstsberg. La considera un medio para comunicarse con Dios y una forma de alegrar el esp\u00edritu ante las penas de este mundo, recobrando la armon\u00eda perdida. La mayor\u00eda de sus composiciones son audaces y se apartan de los estilos de la \u00e9poca. Son obras que abarcan amplios registros, con melod\u00edas muy trabajadas, donde la m\u00fasica es tan importante como la poes\u00eda. Puede decirse que constituyen construcciones como las tracer\u00edas g\u00f3ticas hechas m\u00fasica. Entre sus creaciones m\u00e1s conocidas se encuentra el bell\u00edsimo ciclo de canciones de la \u00abSinfon\u00eda de la armon\u00eda de las revelaciones celestiales\u00bb. Hoy los music\u00f3logos valoran mucho su obra, existen grabaciones de su obra completa y curiosas mezclas de sus melod\u00edas con ritmos Techno y New age que pueden gustar, o no, pero demuestran lo universal de su genio.<\/p>\n<p><strong>Incesante actividad<\/strong><br \/>\nDurante sus \u00faltimos a\u00f1os su fama continu\u00f3 extendi\u00e9ndose por todo el continente. Ocupada en mil tareas, desplegando una actividad imparable, aconsejando sobre temas espirituales, transcribiendo sus visiones, componiendo m\u00fasica y poes\u00eda, viajando y curando enfermos, fundando un nuevo monasterio&#8230;<\/p>\n<p>Fue la primera y \u00fanica mujer en siglos autorizada por la Iglesia a predicar, cosa que hizo en numerosas giras por pueblos y templos de Alemania. A la edad de ochenta a\u00f1os lleg\u00f3 la que fue tal vez su peor experiencia: un conflicto con las autoridades eclesiales. La abadesa hab\u00eda permitido la sepultura de un noble excomulgado en el cementerio de Rupertsberg. El hombre, poco antes de morir, se hab\u00eda reconciliado con la Iglesia, acci\u00f3n que escap\u00f3 al conocimiento del alto clero. Hildegard se neg\u00f3 a cumplir la orden episcopal de exhumar el cad\u00e1ver y alejarlo de tierra consagrada, alegando la final reconciliaci\u00f3n del fallecido con Dios. Pasaron meses de amenazas y prohibiciones contra su comunidad intentando hacerla ceder. Finalmente, casi un a\u00f1o despu\u00e9s, el arzobispo, al conocer los detalles, levant\u00f3 los castigos. Fue la postrera victoria de una mujer excepcional en una \u00e9poca dif\u00edcil. Fallecer\u00eda pocos meses despu\u00e9s, el 17 de septiembre de 1179.<\/p>\n","protected":false},"excerpt":{"rendered":"<div class=\"mh-excerpt\"><p>Hildegard Von Bingen es una de las mujeres m\u00e1s enigm\u00e1ticas de la historia. A pesar de haber vivido hace casi mil a\u00f1os, su figura sigue estando vigente en la cultura <a class=\"mh-excerpt-more\" href=\"https:\/\/alpoma.net\/tecob\/?p=206\" title=\"La sibila del Rin\">[&#8230;]<\/a><\/p>\n<\/div>","protected":false},"author":1,"featured_media":14688,"comment_status":"closed","ping_status":"closed","sticky":false,"template":"","format":"standard","meta":{"jetpack_post_was_ever_published":false,"_jetpack_newsletter_access":"","_jetpack_dont_email_post_to_subs":false,"_jetpack_newsletter_tier_id":0,"_jetpack_memberships_contains_paywalled_content":false,"_jetpack_memberships_contains_paid_content":false,"footnotes":""},"categories":[1,5,3],"tags":[],"class_list":["post-206","post","type-post","status-publish","format-standard","has-post-thumbnail","hentry","category-general","category-geo","category-obsolescencia"],"jetpack_featured_media_url":"https:\/\/alpoma.net\/tecob\/wp-content\/uploads\/2005\/08\/Hildegard-von-Bingen-1.jpg","jetpack_shortlink":"https:\/\/wp.me\/p93Dc1-3k","jetpack-related-posts":[{"id":1092,"url":"https:\/\/alpoma.net\/tecob\/?p=1092","url_meta":{"origin":206,"position":0},"title":"Lengua ignota","author":"alpoma","date":"20 marzo 2009","format":false,"excerpt":"Vale, voy a despejarme un poco la cabeza, entre pastillas de paracetamol y cierto libro que me est\u00e1 dejando seca la despensa de ideas y del que espero comentar algo aqu\u00ed dentro de poco, escribiendo un poco en TecOb, espero retomar su ritmo normal en breve. Buscando datos sobre lenguajes\u2026","rel":"","context":"En \u00abObsolescencia\u00bb","block_context":{"text":"Obsolescencia","link":"https:\/\/alpoma.net\/tecob\/?cat=3"},"img":{"alt_text":"","src":"","width":0,"height":0},"classes":[]},{"id":5422,"url":"https:\/\/alpoma.net\/tecob\/?p=5422","url_meta":{"origin":206,"position":1},"title":"Sotos Ochando y la lengua universal","author":"alpoma","date":"3 octubre 2011","format":false,"excerpt":"Si te gusta TecOb, puedes votar por este blog en los Premios Bit\u00e1coras 2011. :-) El presente art\u00edculo corresponde a una versi\u00f3n abreviada del que publiqu\u00e9 en la revista Historia de Iberia Vieja en su edici\u00f3n del mes de octubre de 2011. La cuesti\u00f3n del idioma es muy interesante en\u2026","rel":"","context":"En \u00abMade in Spain\u00bb","block_context":{"text":"Made in Spain","link":"https:\/\/alpoma.net\/tecob\/?cat=10"},"img":{"alt_text":"","src":"https:\/\/i0.wp.com\/alpoma.net\/tecob\/wp-content\/uploads\/2011\/10\/6208267260_d7547293d1_b.jpg?resize=350%2C200&ssl=1","width":350,"height":200,"srcset":"https:\/\/i0.wp.com\/alpoma.net\/tecob\/wp-content\/uploads\/2011\/10\/6208267260_d7547293d1_b.jpg?resize=350%2C200&ssl=1 1x, https:\/\/i0.wp.com\/alpoma.net\/tecob\/wp-content\/uploads\/2011\/10\/6208267260_d7547293d1_b.jpg?resize=525%2C300&ssl=1 1.5x"},"classes":[]},{"id":7490,"url":"https:\/\/alpoma.net\/tecob\/?p=7490","url_meta":{"origin":206,"position":2},"title":"De Joseph Priestley a John B. Spark, dos visiones del tiempo y el espacio","author":"alpoma","date":"11 noviembre 2012","format":false,"excerpt":"La forma de entender el mundo en diversas culturas tiene mucho que ver con c\u00f3mo se representa el tiempo y el espacio de forma visual. Naturalmente, esas formas de crear representaciones de la realidad son muy diversas y han cambiado a lo largo del tiempo, por lo que a alguien\u2026","rel":"","context":"En \u00abObsolescencia\u00bb","block_context":{"text":"Obsolescencia","link":"https:\/\/alpoma.net\/tecob\/?cat=3"},"img":{"alt_text":"","src":"https:\/\/i0.wp.com\/alpoma.net\/tecob\/wp-content\/uploads\/2012\/11\/priestley_pq.jpg?resize=350%2C200&ssl=1","width":350,"height":200,"srcset":"https:\/\/i0.wp.com\/alpoma.net\/tecob\/wp-content\/uploads\/2012\/11\/priestley_pq.jpg?resize=350%2C200&ssl=1 1x, https:\/\/i0.wp.com\/alpoma.net\/tecob\/wp-content\/uploads\/2012\/11\/priestley_pq.jpg?resize=525%2C300&ssl=1 1.5x"},"classes":[]},{"id":9073,"url":"https:\/\/alpoma.net\/tecob\/?p=9073","url_meta":{"origin":206,"position":3},"title":"La aurora boreal que visit\u00f3 Valencia en 1764","author":"alpoma","date":"4 junio 2014","format":false,"excerpt":"Cr\u00f3nicas sobre fen\u00f3menos atmosf\u00e9ricos curiosos se recogen muchas a lo largo de los siglos y son documentos de gran inter\u00e9s a la hora de realizar estudios paleoclim\u00e1ticos o astron\u00f3micos. He aqu\u00ed un ejemplo muy interesante, se trata de un documento que lleva un t\u00edtulo muy descriptivo: Aurora boreal observada en\u2026","rel":"","context":"En \u00abMade in Spain\u00bb","block_context":{"text":"Made in Spain","link":"https:\/\/alpoma.net\/tecob\/?cat=10"},"img":{"alt_text":"","src":"https:\/\/i0.wp.com\/alpoma.net\/tecob\/wp-content\/uploads\/2014\/06\/aurora_sobre_valencia.jpg?resize=350%2C200&ssl=1","width":350,"height":200,"srcset":"https:\/\/i0.wp.com\/alpoma.net\/tecob\/wp-content\/uploads\/2014\/06\/aurora_sobre_valencia.jpg?resize=350%2C200&ssl=1 1x, https:\/\/i0.wp.com\/alpoma.net\/tecob\/wp-content\/uploads\/2014\/06\/aurora_sobre_valencia.jpg?resize=525%2C300&ssl=1 1.5x"},"classes":[]},{"id":8804,"url":"https:\/\/alpoma.net\/tecob\/?p=8804","url_meta":{"origin":206,"position":4},"title":"Tesla de tableta","author":"alpoma","date":"6 febrero 2014","format":false,"excerpt":"AVISO: Actualmente la app no est\u00e1 disponible para nuevas descargas en la App Store de Apple debido a problemas de compatibilidad con las nuevas versiones de iOS. En cuanto sea posible realizar\u00e9 una nueva versi\u00f3n. Vale, pues ya est\u00e1. Ha sido un proyecto que me ha comido muchas neuronas, m\u00e1s\u2026","rel":"","context":"En \u00abPersonal\u00bb","block_context":{"text":"Personal","link":"https:\/\/alpoma.net\/tecob\/?cat=2"},"img":{"alt_text":"","src":"https:\/\/i0.wp.com\/alpoma.net\/tecob\/wp-content\/uploads\/2014\/02\/present.jpg?resize=350%2C200&ssl=1","width":350,"height":200,"srcset":"https:\/\/i0.wp.com\/alpoma.net\/tecob\/wp-content\/uploads\/2014\/02\/present.jpg?resize=350%2C200&ssl=1 1x, https:\/\/i0.wp.com\/alpoma.net\/tecob\/wp-content\/uploads\/2014\/02\/present.jpg?resize=525%2C300&ssl=1 1.5x, https:\/\/i0.wp.com\/alpoma.net\/tecob\/wp-content\/uploads\/2014\/02\/present.jpg?resize=700%2C400&ssl=1 2x"},"classes":[]},{"id":7522,"url":"https:\/\/alpoma.net\/tecob\/?p=7522","url_meta":{"origin":206,"position":5},"title":"[Libro] Firmado: Nikola Tesla. Escritos y cartas, 1890-1943","author":"alpoma","date":"16 noviembre 2012","format":false,"excerpt":"En TecOb ya me he referido en otras ocasiones al esfuerzo del periodista, escritor y cr\u00edtico cinematogr\u00e1fico asturiano Miguel A. Delgado por dar a conocer la verdadera figura de Nikola Tesla en espa\u00f1ol. Tras Nikola Tesla. El genio al que le robaron la luz, y Yo y la energ\u00eda, llega\u2026","rel":"","context":"En \u00abObsolescencia\u00bb","block_context":{"text":"Obsolescencia","link":"https:\/\/alpoma.net\/tecob\/?cat=3"},"img":{"alt_text":"","src":"https:\/\/i0.wp.com\/alpoma.net\/tecob\/wp-content\/uploads\/2012\/11\/tesla_lib.gif?resize=350%2C200&ssl=1","width":350,"height":200},"classes":[]}],"jetpack_sharing_enabled":true,"_links":{"self":[{"href":"https:\/\/alpoma.net\/tecob\/index.php?rest_route=\/wp\/v2\/posts\/206","targetHints":{"allow":["GET"]}}],"collection":[{"href":"https:\/\/alpoma.net\/tecob\/index.php?rest_route=\/wp\/v2\/posts"}],"about":[{"href":"https:\/\/alpoma.net\/tecob\/index.php?rest_route=\/wp\/v2\/types\/post"}],"author":[{"embeddable":true,"href":"https:\/\/alpoma.net\/tecob\/index.php?rest_route=\/wp\/v2\/users\/1"}],"replies":[{"embeddable":true,"href":"https:\/\/alpoma.net\/tecob\/index.php?rest_route=%2Fwp%2Fv2%2Fcomments&post=206"}],"version-history":[{"count":0,"href":"https:\/\/alpoma.net\/tecob\/index.php?rest_route=\/wp\/v2\/posts\/206\/revisions"}],"wp:featuredmedia":[{"embeddable":true,"href":"https:\/\/alpoma.net\/tecob\/index.php?rest_route=\/wp\/v2\/media\/14688"}],"wp:attachment":[{"href":"https:\/\/alpoma.net\/tecob\/index.php?rest_route=%2Fwp%2Fv2%2Fmedia&parent=206"}],"wp:term":[{"taxonomy":"category","embeddable":true,"href":"https:\/\/alpoma.net\/tecob\/index.php?rest_route=%2Fwp%2Fv2%2Fcategories&post=206"},{"taxonomy":"post_tag","embeddable":true,"href":"https:\/\/alpoma.net\/tecob\/index.php?rest_route=%2Fwp%2Fv2%2Ftags&post=206"}],"curies":[{"name":"wp","href":"https:\/\/api.w.org\/{rel}","templated":true}]}}