{"id":2031,"date":"2010-01-15T20:28:36","date_gmt":"2010-01-15T18:28:36","guid":{"rendered":"http:\/\/www.alpoma.net\/tecob\/?p=2031"},"modified":"2010-01-15T20:28:36","modified_gmt":"2010-01-15T18:28:36","slug":"la-alegria-de-los-pioneros","status":"publish","type":"post","link":"https:\/\/alpoma.net\/tecob\/?p=2031","title":{"rendered":"La alegr\u00eda de los pioneros"},"content":{"rendered":"<p>De vez en cuando me detengo ante im\u00e1genes como la presente y no puedo evitar imaginar la situaci\u00f3n en que fue tomada. Fijemos durante unos segundos la mirada sobre estos dos sonrientes personajes.<\/p>\n<p><img decoding=\"async\" src=\"http:\/\/farm5.static.flickr.com\/4042\/4276390385_ac8050e674_o.jpg\" alt=\"img\" class=\"otros\"\/><\/p>\n<p>La imagen no es m\u00e1s que una porci\u00f3n de una fotograf\u00eda completa, que a continuaci\u00f3n muestro.<\/p>\n<p><img decoding=\"async\" src=\"http:\/\/farm5.static.flickr.com\/4042\/4277135892_b4b8d9e514_o.jpg\" alt=\"img\" class=\"otros\"\/><\/p>\n<p>Lo mejor es ver el <strong><a href=\"http:\/\/memory.loc.gov\/cgi-bin\/query\/I?hec:1:.\/temp\/~pp_Ipfp::displayType=1:m856sd=hec:m856sf=01485:@@@he\" class=\"enlaces\">conjunto ampliado<\/a><\/strong>, pero para captar lo que deseo expresar basta el extracto anterior. La escena fue capturada <strong>hace casi cien a\u00f1os<\/strong>, concretamente en 1912, y <strong>nos ense\u00f1a algo que me emociona<\/strong>. Puede que sea una pose forzada, o incluso la t\u00edpica sonrisa ante el fot\u00f3grafo, pero yo adivino a ver aqu\u00ed algo m\u00e1s. El avi\u00f3n es un veh\u00edculo militar de entrenamiento, un vetusto miembro de lo que hoy es el brazo a\u00e9reo de la <em>US Navy<\/em>. Pero entonces casi no volaba nadie, tomar una m\u00e1quina para surcar los cielos era una peligrosa aventura y lo que percibo en los rostros del Comodoro Gillmore y su aprendiz a bordo de este aeroplano Curtiss es pura emoci\u00f3n. Sin duda, algo intu\u00eda el viejo militar, sab\u00eda que en pocos a\u00f1os el cielo se llenar\u00eda de aviones pero que, como precursor, <strong>s\u00f3lo unos pocos privilegiados de su tiempo eran los llamados a sentir la verdadera emoci\u00f3n <\/strong>y entusiasmo de los pioneros.<\/p>\n<p><strong>Imagen original<\/strong>: <a href=\"http:\/\/lcweb2.loc.gov\/cgi-bin\/query\/h?pp\/PPALL:@field%28NUMBER+@band%28hec+01485%29%29\" class=\"enlaces\">Library of Congress<\/a> | <strong>V\u00eda<\/strong>: <a href=\"http:\/\/www.shorpy.com\/node\/4595\" class=\"enlaces\">Shorpy<\/a><\/p>\n","protected":false},"excerpt":{"rendered":"<div class=\"mh-excerpt\"><p>De vez en cuando me detengo ante im\u00e1genes como la presente y no puedo evitar imaginar la situaci\u00f3n en que fue tomada. Fijemos durante unos segundos la mirada sobre estos <a class=\"mh-excerpt-more\" href=\"https:\/\/alpoma.net\/tecob\/?p=2031\" title=\"La alegr\u00eda de los pioneros\">[&#8230;]<\/a><\/p>\n<\/div>","protected":false},"author":1,"featured_media":10471,"comment_status":"open","ping_status":"open","sticky":false,"template":"","format":"standard","meta":{"jetpack_post_was_ever_published":false,"_jetpack_newsletter_access":"","_jetpack_dont_email_post_to_subs":false,"_jetpack_newsletter_tier_id":0,"_jetpack_memberships_contains_paywalled_content":false,"_jetpack_memberships_contains_paid_content":false,"footnotes":""},"categories":[3],"tags":[],"class_list":["post-2031","post","type-post","status-publish","format-standard","has-post-thumbnail","hentry","category-obsolescencia"],"jetpack_featured_media_url":"https:\/\/alpoma.net\/tecob\/wp-content\/uploads\/2010\/01\/4276390385_ac8050e674_o.jpg","jetpack_shortlink":"https:\/\/wp.me\/p93Dc1-wL","jetpack-related-posts":[{"id":8807,"url":"https:\/\/alpoma.net\/tecob\/?p=8807","url_meta":{"origin":2031,"position":0},"title":"Una visita al Museo de la Imprenta de Madrid","author":"alpoma","date":"10 febrero 2014","format":false,"excerpt":"Lo ten\u00eda pendiente desde hace mucho, as\u00ed que ahora que tengo a mano las fotos que realic\u00e9 en una visita, ya no tengo excusa. He aqu\u00ed un peque\u00f1o recordatorio acerca de uno de los museos m\u00e1s desconocidos de Madrid pero que, para m\u00ed, tiene un gran encanto. Para todo el\u2026","rel":"","context":"En \u00abMade in Spain\u00bb","block_context":{"text":"Made in Spain","link":"https:\/\/alpoma.net\/tecob\/?cat=10"},"img":{"alt_text":"","src":"https:\/\/i0.wp.com\/alpoma.net\/tecob\/wp-content\/uploads\/2014\/02\/impr_0.jpg?resize=350%2C200&ssl=1","width":350,"height":200,"srcset":"https:\/\/i0.wp.com\/alpoma.net\/tecob\/wp-content\/uploads\/2014\/02\/impr_0.jpg?resize=350%2C200&ssl=1 1x, https:\/\/i0.wp.com\/alpoma.net\/tecob\/wp-content\/uploads\/2014\/02\/impr_0.jpg?resize=525%2C300&ssl=1 1.5x"},"classes":[]},{"id":12376,"url":"https:\/\/alpoma.net\/tecob\/?p=12376","url_meta":{"origin":2031,"position":1},"title":"The Expanse, una space opera \u00abplausible\u00bb","author":"alpoma","date":"4 noviembre 2016","format":false,"excerpt":"Acabo de terminar de ver la primera temporada de la serie de ciencia ficci\u00f3n The Expanse en Netflix (originalmente es una serie de SyFy). No suelo emplear el blog para comentar este tipo de cuestiones, salvo que algo me haya llamado mucho la atenci\u00f3n, y as\u00ed ha sido en este\u2026","rel":"","context":"En \u00abPersonal\u00bb","block_context":{"text":"Personal","link":"https:\/\/alpoma.net\/tecob\/?cat=2"},"img":{"alt_text":"","src":"https:\/\/i0.wp.com\/alpoma.net\/tecob\/wp-content\/uploads\/2016\/11\/the_expanse_1.jpg?resize=350%2C200&ssl=1","width":350,"height":200,"srcset":"https:\/\/i0.wp.com\/alpoma.net\/tecob\/wp-content\/uploads\/2016\/11\/the_expanse_1.jpg?resize=350%2C200&ssl=1 1x, https:\/\/i0.wp.com\/alpoma.net\/tecob\/wp-content\/uploads\/2016\/11\/the_expanse_1.jpg?resize=525%2C300&ssl=1 1.5x, https:\/\/i0.wp.com\/alpoma.net\/tecob\/wp-content\/uploads\/2016\/11\/the_expanse_1.jpg?resize=700%2C400&ssl=1 2x, https:\/\/i0.wp.com\/alpoma.net\/tecob\/wp-content\/uploads\/2016\/11\/the_expanse_1.jpg?resize=1050%2C600&ssl=1 3x, https:\/\/i0.wp.com\/alpoma.net\/tecob\/wp-content\/uploads\/2016\/11\/the_expanse_1.jpg?resize=1400%2C800&ssl=1 4x"},"classes":[]},{"id":8161,"url":"https:\/\/alpoma.net\/tecob\/?p=8161","url_meta":{"origin":2031,"position":2},"title":"Las (posiblemente) in\u00fatiles ondas electromagn\u00e9ticas","author":"alpoma","date":"24 abril 2013","format":false,"excerpt":"Siempre se ha dicho que Heinrich Rudolf Hertz no ve\u00eda qu\u00e9 posible utilidad podr\u00edan tener las ondas electromagn\u00e9ticas que \u00e9l mismo hab\u00eda demostrado que exist\u00edan experimentalmente, pero me resisto a pensar que, en el fondo, aquella fuera su opini\u00f3n real. Veamos, no era el primero que se encontraba con ellas,\u2026","rel":"","context":"En \u00abObsolescencia\u00bb","block_context":{"text":"Obsolescencia","link":"https:\/\/alpoma.net\/tecob\/?cat=3"},"img":{"alt_text":"","src":"https:\/\/i0.wp.com\/alpoma.net\/tecob\/wp-content\/uploads\/2013\/04\/montaje_hertz.jpg?resize=350%2C200&ssl=1","width":350,"height":200,"srcset":"https:\/\/i0.wp.com\/alpoma.net\/tecob\/wp-content\/uploads\/2013\/04\/montaje_hertz.jpg?resize=350%2C200&ssl=1 1x, https:\/\/i0.wp.com\/alpoma.net\/tecob\/wp-content\/uploads\/2013\/04\/montaje_hertz.jpg?resize=525%2C300&ssl=1 1.5x"},"classes":[]},{"id":12343,"url":"https:\/\/alpoma.net\/tecob\/?p=12343","url_meta":{"origin":2031,"position":3},"title":"Arma electromagn\u00e9tica autom\u00e1tica (espa\u00f1ola) de 1957","author":"alpoma","date":"26 septiembre 2016","format":false,"excerpt":"Hay patentes de invenci\u00f3n que te saltan a los ojos en cuanto te cruzas con ellas, literalmente. El ejemplo que hoy me ocupa estaba en un mont\u00f3n para revisi\u00f3n, a lo largo de una investigaci\u00f3n que nada ten\u00eda que ver con armas ni nada parecido. Uno de los inventores, un\u2026","rel":"","context":"En \u00abMade in Spain\u00bb","block_context":{"text":"Made in Spain","link":"https:\/\/alpoma.net\/tecob\/?cat=10"},"img":{"alt_text":"","src":"https:\/\/i0.wp.com\/alpoma.net\/tecob\/wp-content\/uploads\/2016\/09\/arma_electromagnetica2.png?resize=350%2C200&ssl=1","width":350,"height":200},"classes":[]},{"id":963,"url":"https:\/\/alpoma.net\/tecob\/?p=963","url_meta":{"origin":2031,"position":4},"title":"El ingenuo","author":"alpoma","date":"19 agosto 2008","format":false,"excerpt":"Hoy cumplo 33 a\u00f1os, con lo que, adem\u00e1s de no gustarme nada este tipo de celebraciones, uno mira al pasado para ver si camina hacia delante o marcha como el cangrejo. En mi caso, me parece que no he evolucionado nada en m\u00e1s de una d\u00e9cada, vamos que sigo haciendo\u2026","rel":"","context":"En \u00abInnovaci\u00f3n\u00bb","block_context":{"text":"Innovaci\u00f3n","link":"https:\/\/alpoma.net\/tecob\/?cat=4"},"img":{"alt_text":"","src":"https:\/\/i0.wp.com\/alpoma.net\/tecob\/wp-content\/uploads\/2008\/08\/2777574787_b28ec35c54_o.png?resize=350%2C200&ssl=1","width":350,"height":200},"classes":[]},{"id":3013,"url":"https:\/\/alpoma.net\/tecob\/?p=3013","url_meta":{"origin":2031,"position":5},"title":"(1899) Un torpedo el\u00e9ctrico supera los 100 km\/h","author":"alpoma","date":"28 junio 2010","format":false,"excerpt":"Este veh\u00edculo llevaba un nombre tan curioso como evocador: Jamais Contente1 lo que, traducido del franc\u00e9s, vendr\u00eda a ser algo as\u00ed como \"el insatisfecho\". Tanto su denominaci\u00f3n como su dise\u00f1o quer\u00edan transmitir algo, y no cabe duda que lo consegu\u00eda. Ayer, cuando me enter\u00e9 de su existencia (\u00a1gracias @JoseM_SGP!), qued\u00e9\u2026","rel":"","context":"En \u00abObsolescencia\u00bb","block_context":{"text":"Obsolescencia","link":"https:\/\/alpoma.net\/tecob\/?cat=3"},"img":{"alt_text":"","src":"https:\/\/i0.wp.com\/alpoma.net\/tecob\/wp-content\/uploads\/2010\/06\/4743164849_7fef6837bb_z.jpg?resize=350%2C200&ssl=1","width":350,"height":200,"srcset":"https:\/\/i0.wp.com\/alpoma.net\/tecob\/wp-content\/uploads\/2010\/06\/4743164849_7fef6837bb_z.jpg?resize=350%2C200&ssl=1 1x, https:\/\/i0.wp.com\/alpoma.net\/tecob\/wp-content\/uploads\/2010\/06\/4743164849_7fef6837bb_z.jpg?resize=525%2C300&ssl=1 1.5x"},"classes":[]}],"jetpack_sharing_enabled":true,"_links":{"self":[{"href":"https:\/\/alpoma.net\/tecob\/index.php?rest_route=\/wp\/v2\/posts\/2031","targetHints":{"allow":["GET"]}}],"collection":[{"href":"https:\/\/alpoma.net\/tecob\/index.php?rest_route=\/wp\/v2\/posts"}],"about":[{"href":"https:\/\/alpoma.net\/tecob\/index.php?rest_route=\/wp\/v2\/types\/post"}],"author":[{"embeddable":true,"href":"https:\/\/alpoma.net\/tecob\/index.php?rest_route=\/wp\/v2\/users\/1"}],"replies":[{"embeddable":true,"href":"https:\/\/alpoma.net\/tecob\/index.php?rest_route=%2Fwp%2Fv2%2Fcomments&post=2031"}],"version-history":[{"count":0,"href":"https:\/\/alpoma.net\/tecob\/index.php?rest_route=\/wp\/v2\/posts\/2031\/revisions"}],"wp:featuredmedia":[{"embeddable":true,"href":"https:\/\/alpoma.net\/tecob\/index.php?rest_route=\/wp\/v2\/media\/10471"}],"wp:attachment":[{"href":"https:\/\/alpoma.net\/tecob\/index.php?rest_route=%2Fwp%2Fv2%2Fmedia&parent=2031"}],"wp:term":[{"taxonomy":"category","embeddable":true,"href":"https:\/\/alpoma.net\/tecob\/index.php?rest_route=%2Fwp%2Fv2%2Fcategories&post=2031"},{"taxonomy":"post_tag","embeddable":true,"href":"https:\/\/alpoma.net\/tecob\/index.php?rest_route=%2Fwp%2Fv2%2Ftags&post=2031"}],"curies":[{"name":"wp","href":"https:\/\/api.w.org\/{rel}","templated":true}]}}