{"id":2009,"date":"2010-01-13T17:15:08","date_gmt":"2010-01-13T15:15:08","guid":{"rendered":"http:\/\/www.alpoma.net\/tecob\/?p=2009"},"modified":"2010-01-13T17:15:08","modified_gmt":"2010-01-13T15:15:08","slug":"el-fin-de-la-biblioteca-flotante","status":"publish","type":"post","link":"https:\/\/alpoma.net\/tecob\/?p=2009","title":{"rendered":"El fin de la biblioteca flotante"},"content":{"rendered":"<p>Un sue\u00f1o m\u00e1s que llega a su fin. Hace m\u00e1s de un a\u00f1o record\u00e9 en <em>TecOb<\/em> la<strong> <a href=\"http:\/\/www.alpoma.net\/tecob\/?p=1049\" class=\"enlaces\">historia del Doulos<\/a><\/strong>, el <strong><a href=\"http:\/\/www.doulos.org\/\" class=\"enlaces\">barco biblioteca<\/a><\/strong>. Rescatemos algunos fragmentos de lo que escrib\u00ed por entonces:<\/p>\n<blockquote><p><img decoding=\"async\" src=\"http:\/\/farm5.static.flickr.com\/4061\/4271864800_45d4191082_m.jpg\" alt=\"img\" class=\"dch\"\/>Sobrevive hoy en activo un barco que naci\u00f3 poco despu\u00e9s de la desaparici\u00f3n del famoso transatl\u00e1ntico [Titanic]. (&#8230;) En 1914 se hizo a la mar un barco como otro cualquiera, un simple transporte que, a simple vista, parec\u00eda como todos sus hermanos cargueros. Dentro de poco tambi\u00e9n cumplir\u00e1 un siglo, pero a diferencia del Titanic y de todos los dem\u00e1s barcos que nacieron en su \u00e9poca, al borde de la Primera Guerra Mundial, \u00e9ste sobrevive en activo actualmente. Ha recorrido todos los mares imaginables, ha cambiado de bandera y nacionalidad, fue empleado como vulgar carguero, transporte militar o crucero y ha sido bautizado con muchos nombres. Hoy, renombrado como MV Doulos, el que una vez fuera conocido como SS Medina o SS Roma sigue surcando los mares como si la centuria que carga a la espalda no fuera nada. El Doulos ha visto mucho a lo largo de los a\u00f1os. Su sala de m\u00e1quinas ha sido testigo de varios cambios en sus entra\u00f1as y el puente ya no se parece mucho al original, porque ahora cuenta con ordenadores y sistemas de control avanzados. Pero, en esencia, el mismo casco que sabore\u00f3 por primera vez la salada agua marina en 1914 sigue ah\u00ed, navegando y plenamente activo. La nave, que durante la Segunda Guerra Mundial particip\u00f3 como carguero en la Batalla del Atl\u00e1ntico, sorteando con \u00e9xito a las manadas de lobos submarinos nazis, sobreviviendo a los torpedos en medio de los amenazados convoys aliados, se dedica ahora a algo muy alejado de las guerras. Desde hace tres d\u00e9cadas ya no transporta armas ni suministros, tampoco viajeros en cruceros, ahora pertenece a una especie de ONG cristiana alemana muy curiosa, <em>Gute B\u00fccher f\u00fcr Alle<\/em>, o<em> Buenos Libros para Todos<\/em>, convertido en una gran biblioteca flotante que recorre cientos de puertos de todo el planeta, en manos de voluntarios, promoviendo la lectura y llevando material educativo de todo tipo. El que es considerado como el m\u00e1s antiguo barco oce\u00e1nico en activo, viaja sin parar portando miles de libros para promover la colaboraci\u00f3n intercultural de las naciones. No es un mal destino para un viejo marinero de metal que ha sufrido en sus remaches las desgracias de varias guerras el verse convertido en biblioteca.<\/p><\/blockquote>\n<p>Bien, pues tras este recuerdo, la mala noticia: <strong><a href=\"http:\/\/www.bookpatrol.net\/2010\/01\/end-of-floating-bookshop.html\" class=\"enlaces\">acabo de enterarme<\/a><\/strong> de que el barco dejar\u00e1 de surcar los mares, y todo porque las nuevas leyes internacionales sobre buques proh\u00edben que se haga a la mar un nav\u00edo como \u00e9ste, realizado con materiales combustibles, pues en gran parte est\u00e1 armado con madera. <\/p>\n","protected":false},"excerpt":{"rendered":"<div class=\"mh-excerpt\"><p>Un sue\u00f1o m\u00e1s que llega a su fin. Hace m\u00e1s de un a\u00f1o record\u00e9 en TecOb la historia del Doulos, el barco biblioteca. Rescatemos algunos fragmentos de lo que escrib\u00ed <a class=\"mh-excerpt-more\" href=\"https:\/\/alpoma.net\/tecob\/?p=2009\" title=\"El fin de la biblioteca flotante\">[&#8230;]<\/a><\/p>\n<\/div>","protected":false},"author":1,"featured_media":11044,"comment_status":"open","ping_status":"open","sticky":false,"template":"","format":"standard","meta":{"jetpack_post_was_ever_published":false,"_jetpack_newsletter_access":"","_jetpack_dont_email_post_to_subs":false,"_jetpack_newsletter_tier_id":0,"_jetpack_memberships_contains_paywalled_content":false,"_jetpack_memberships_contains_paid_content":false,"footnotes":""},"categories":[3],"tags":[],"class_list":["post-2009","post","type-post","status-publish","format-standard","has-post-thumbnail","hentry","category-obsolescencia"],"jetpack_featured_media_url":"https:\/\/alpoma.net\/tecob\/wp-content\/uploads\/2010\/01\/4271864800_45d4191082_m.jpg","jetpack_shortlink":"https:\/\/wp.me\/p93Dc1-wp","jetpack-related-posts":[{"id":1049,"url":"https:\/\/alpoma.net\/tecob\/?p=1049","url_meta":{"origin":2009,"position":0},"title":"Doulos, el abuelo de los mares","author":"alpoma","date":"17 diciembre 2008","format":false,"excerpt":"En 2012 se cumplir\u00e1 un siglo desde que las fr\u00edas aguas del Atl\u00e1ntico Norte engullieran la pesada quilla del RMS Titanic. Me imagino que, para entonces, nos aburrir\u00e1n con documentales, libros y m\u00e1s pel\u00edculas sobre la tragedia porque ya se sabe que este tipo de celebraciones tienen un potencial comercial\u2026","rel":"","context":"En \u00abObsolescencia\u00bb","block_context":{"text":"Obsolescencia","link":"https:\/\/alpoma.net\/tecob\/?cat=3"},"img":{"alt_text":"","src":"https:\/\/i0.wp.com\/alpoma.net\/tecob\/wp-content\/uploads\/2008\/12\/3114550712_7079602b43_o.jpg?resize=350%2C200&ssl=1","width":350,"height":200,"srcset":"https:\/\/i0.wp.com\/alpoma.net\/tecob\/wp-content\/uploads\/2008\/12\/3114550712_7079602b43_o.jpg?resize=350%2C200&ssl=1 1x, https:\/\/i0.wp.com\/alpoma.net\/tecob\/wp-content\/uploads\/2008\/12\/3114550712_7079602b43_o.jpg?resize=525%2C300&ssl=1 1.5x"},"classes":[]},{"id":830,"url":"https:\/\/alpoma.net\/tecob\/?p=830","url_meta":{"origin":2009,"position":1},"title":"Ideal-X, el primer portacontainers","author":"alpoma","date":"4 febrero 2008","format":false,"excerpt":"A veces, una idea sencilla cambia el mundo de manera radical. Hoy ser\u00eda impensable el comercio internacional sin la existencia de los monstruos del mar portadores de esas \"cajas\" met\u00e1licas estandarizadas que se apilan en nuestro puertos y que reciben el poco rom\u00e1ntico nombre de containers. Los podemos encontrar en\u2026","rel":"","context":"En \u00abGeo\u00bb","block_context":{"text":"Geo","link":"https:\/\/alpoma.net\/tecob\/?cat=5"},"img":{"alt_text":"","src":"https:\/\/i0.wp.com\/alpoma.net\/tecob\/wp-content\/uploads\/2008\/02\/2242927456_1947ca88b6_o.jpg?resize=350%2C200&ssl=1","width":350,"height":200},"classes":[]},{"id":12523,"url":"https:\/\/alpoma.net\/tecob\/?p=12523","url_meta":{"origin":2009,"position":2},"title":"Barcos mercantes nucleares","author":"alpoma","date":"15 enero 2017","format":false,"excerpt":"Recuerdo haber le\u00eddo hace a\u00f1os en el Bulletin of the Atomic Scientists un art\u00edculo en el que se afirmaba que se encontraban en los mares m\u00e1s reactores nucleares en activo que los presentes en plantas el\u00e9ctricas en todo el mundo. Desconozco si esa apreciaci\u00f3n sigue siendo correcta, pero de lo\u2026","rel":"","context":"En \u00abObsolescencia\u00bb","block_context":{"text":"Obsolescencia","link":"https:\/\/alpoma.net\/tecob\/?cat=3"},"img":{"alt_text":"","src":"https:\/\/i0.wp.com\/alpoma.net\/tecob\/wp-content\/uploads\/2017\/01\/Savannah1.jpg?resize=350%2C200&ssl=1","width":350,"height":200,"srcset":"https:\/\/i0.wp.com\/alpoma.net\/tecob\/wp-content\/uploads\/2017\/01\/Savannah1.jpg?resize=350%2C200&ssl=1 1x, https:\/\/i0.wp.com\/alpoma.net\/tecob\/wp-content\/uploads\/2017\/01\/Savannah1.jpg?resize=525%2C300&ssl=1 1.5x"},"classes":[]},{"id":2448,"url":"https:\/\/alpoma.net\/tecob\/?p=2448","url_meta":{"origin":2009,"position":3},"title":"Blasco de Garay, el ingeniero que no invent\u00f3 la propulsi\u00f3n a vapor","author":"alpoma","date":"8 abril 2010","format":false,"excerpt":"Versi\u00f3n reducida del art\u00edculo que publiqu\u00e9 en la edici\u00f3n correspondiente al mes de abril de 2010 de la revista Historia de Iberia Vieja. All\u00e1 por el a\u00f1o 1543, el capit\u00e1n de mar don Blasco de Garay present\u00f3 un proyecto al Emperador Carlos V, por el cual pretend\u00eda mover los buques\u2026","rel":"","context":"En \u00abMade in Spain\u00bb","block_context":{"text":"Made in Spain","link":"https:\/\/alpoma.net\/tecob\/?cat=10"},"img":{"alt_text":"","src":"https:\/\/i0.wp.com\/alpoma.net\/tecob\/wp-content\/uploads\/2010\/04\/4503196788_dcf20a8595_o.jpg?resize=350%2C200&ssl=1","width":350,"height":200,"srcset":"https:\/\/i0.wp.com\/alpoma.net\/tecob\/wp-content\/uploads\/2010\/04\/4503196788_dcf20a8595_o.jpg?resize=350%2C200&ssl=1 1x, https:\/\/i0.wp.com\/alpoma.net\/tecob\/wp-content\/uploads\/2010\/04\/4503196788_dcf20a8595_o.jpg?resize=525%2C300&ssl=1 1.5x"},"classes":[]},{"id":1552,"url":"https:\/\/alpoma.net\/tecob\/?p=1552","url_meta":{"origin":2009,"position":4},"title":"El Great Eastern, gigante de vapor","author":"alpoma","date":"10 noviembre 2009","format":false,"excerpt":"Leyendo en El Economista sobre un gigante marino, me ha venido a la memoria otro miembro de su especie, igualmente imponente pero mucho m\u00e1s antiguo. Ser\u00e1 por costumbre, pero el que la Royal Caribbean International ya tenga a su disposici\u00f3n su nuevo crucero, nacido en tierras finlandesas, no es algo\u2026","rel":"","context":"En \u00abObsolescencia\u00bb","block_context":{"text":"Obsolescencia","link":"https:\/\/alpoma.net\/tecob\/?cat=3"},"img":{"alt_text":"","src":"https:\/\/i0.wp.com\/alpoma.net\/tecob\/wp-content\/uploads\/2009\/11\/4092793649_69ef7278ba_o.jpg?resize=350%2C200&ssl=1","width":350,"height":200,"srcset":"https:\/\/i0.wp.com\/alpoma.net\/tecob\/wp-content\/uploads\/2009\/11\/4092793649_69ef7278ba_o.jpg?resize=350%2C200&ssl=1 1x, https:\/\/i0.wp.com\/alpoma.net\/tecob\/wp-content\/uploads\/2009\/11\/4092793649_69ef7278ba_o.jpg?resize=525%2C300&ssl=1 1.5x"},"classes":[]},{"id":12764,"url":"https:\/\/alpoma.net\/tecob\/?p=12764","url_meta":{"origin":2009,"position":5},"title":"Fernando Villaamil, el padre de los destructores","author":"alpoma","date":"2 agosto 2017","format":false,"excerpt":"Versi\u00f3n para TecOb del art\u00edculo que publiqu\u00e9 en la revista Historia de Iberia Vieja, edici\u00f3n de julio de 2017. El mar fue el elemento que dio sentido a la vida de Fernando Villaamil. Marino, militar e inventor, es c\u00e9lebre por haber dise\u00f1ado y capitaneado el primer destructor de la historia,\u2026","rel":"","context":"En \u00abMade in Spain\u00bb","block_context":{"text":"Made in Spain","link":"https:\/\/alpoma.net\/tecob\/?cat=10"},"img":{"alt_text":"","src":"https:\/\/i0.wp.com\/www.alpoma.net\/tecob\/wp-content\/uploads\/2017\/08\/destructor-villaamil.jpg?resize=350%2C200","width":350,"height":200,"srcset":"https:\/\/i0.wp.com\/www.alpoma.net\/tecob\/wp-content\/uploads\/2017\/08\/destructor-villaamil.jpg?resize=350%2C200 1x, https:\/\/i0.wp.com\/www.alpoma.net\/tecob\/wp-content\/uploads\/2017\/08\/destructor-villaamil.jpg?resize=525%2C300 1.5x"},"classes":[]}],"jetpack_sharing_enabled":true,"_links":{"self":[{"href":"https:\/\/alpoma.net\/tecob\/index.php?rest_route=\/wp\/v2\/posts\/2009","targetHints":{"allow":["GET"]}}],"collection":[{"href":"https:\/\/alpoma.net\/tecob\/index.php?rest_route=\/wp\/v2\/posts"}],"about":[{"href":"https:\/\/alpoma.net\/tecob\/index.php?rest_route=\/wp\/v2\/types\/post"}],"author":[{"embeddable":true,"href":"https:\/\/alpoma.net\/tecob\/index.php?rest_route=\/wp\/v2\/users\/1"}],"replies":[{"embeddable":true,"href":"https:\/\/alpoma.net\/tecob\/index.php?rest_route=%2Fwp%2Fv2%2Fcomments&post=2009"}],"version-history":[{"count":0,"href":"https:\/\/alpoma.net\/tecob\/index.php?rest_route=\/wp\/v2\/posts\/2009\/revisions"}],"wp:featuredmedia":[{"embeddable":true,"href":"https:\/\/alpoma.net\/tecob\/index.php?rest_route=\/wp\/v2\/media\/11044"}],"wp:attachment":[{"href":"https:\/\/alpoma.net\/tecob\/index.php?rest_route=%2Fwp%2Fv2%2Fmedia&parent=2009"}],"wp:term":[{"taxonomy":"category","embeddable":true,"href":"https:\/\/alpoma.net\/tecob\/index.php?rest_route=%2Fwp%2Fv2%2Fcategories&post=2009"},{"taxonomy":"post_tag","embeddable":true,"href":"https:\/\/alpoma.net\/tecob\/index.php?rest_route=%2Fwp%2Fv2%2Ftags&post=2009"}],"curies":[{"name":"wp","href":"https:\/\/api.w.org\/{rel}","templated":true}]}}