{"id":1992,"date":"2010-01-11T22:28:49","date_gmt":"2010-01-11T20:28:49","guid":{"rendered":"http:\/\/www.alpoma.net\/tecob\/?p=1992"},"modified":"2010-01-11T22:28:49","modified_gmt":"2010-01-11T20:28:49","slug":"proyecto-decadencia","status":"publish","type":"post","link":"https:\/\/alpoma.net\/tecob\/?p=1992","title":{"rendered":"Proyecto Decadencia"},"content":{"rendered":"<p><img decoding=\"async\" src=\"http:\/\/farm2.static.flickr.com\/1176\/1350281971_864c5711a0_m.jpg\" alt=\"img\" class=\"dch\"\/>Hace tiempo que lo he comentado en <em>Twitter<\/em> y, mucho antes, ocupa un lugar en mi galer\u00eda de <em>Flickr<\/em>, pero hoy ha sido cuando he completado la puesta de largo de un peque\u00f1o proyecto que comenc\u00e9 en 2005. Con la <strong><a href=\"http:\/\/www.behance.net\/Gallery\/Decadence-Project\/384709\" class=\"enlaces\">selecci\u00f3n que he incluido entre los proyectos que estoy subiendo a Behance<\/a><\/strong>, doy por concluido el <strong>Proyecto Decadencia<\/strong>, que invito a visitar a los lectores de este blog. En total, 36 im\u00e1genes elegidas entre un total de 221 (en <em>Flickr<\/em> he seleccionado 66 y puede que m\u00e1s adelante a\u00f1ada m\u00e1s, en cambio en la colecci\u00f3n de <em>Behance<\/em> no habr\u00e1 m\u00e1s cambios). \u00bfY \u00e9sto de qu\u00e9 va? Seg\u00fan el diccionario de la RAE, la palabra <strong>decadencia<\/strong> vendr\u00eda a significar lo que sigue:<\/p>\n<blockquote><p><strong>decadencia<\/strong>.<br \/>\n(De <em>decadente<\/em>).<br \/>\n1. f. Declinaci\u00f3n, menoscabo, principio de debilidad o de ruina.<br \/>\n2. f. En historia o en arte, per\u00edodo en el que esto sucede.<\/p><\/blockquote>\n<p>En la galer\u00eda, al ser quienes la visitan mayoritariamente de habla inglesa, lo he traducido como <em>Decadence Project<\/em>. En ingl\u00e9s esta palabra tiene todav\u00eda m\u00e1s relaci\u00f3n con el ser humano, la \u00e9tica y la moral. As\u00ed pues, \u00bfpor que aplicarlo a una colecci\u00f3n de im\u00e1genes que deseaba mostrar la ruina (<em>decay<\/em>) de viejos edificios? Muy sencillo: la decadencia, lo decadente, parte de lo humano, no s\u00f3lo por abandono sino tambi\u00e9n por desidia de muy diverso tipo.<strong> La huella de los comportamientos decadentes humanos se plasma a la perfecci\u00f3n en sus obras, en este caso edificios<\/strong>. Desde 2005 hasta ahora he fotografiado centenares de estas muestras en el norte de las provincias de Palencia y Le\u00f3n. <strong>El resultado es un conjunto que, espero, comunique alg\u00fan mensaje a quien lo contemple<\/strong>.<\/p>\n","protected":false},"excerpt":{"rendered":"<div class=\"mh-excerpt\"><p>Hace tiempo que lo he comentado en Twitter y, mucho antes, ocupa un lugar en mi galer\u00eda de Flickr, pero hoy ha sido cuando he completado la puesta de largo <a class=\"mh-excerpt-more\" href=\"https:\/\/alpoma.net\/tecob\/?p=1992\" title=\"Proyecto Decadencia\">[&#8230;]<\/a><\/p>\n<\/div>","protected":false},"author":1,"featured_media":10970,"comment_status":"open","ping_status":"open","sticky":false,"template":"","format":"standard","meta":{"jetpack_post_was_ever_published":false,"_jetpack_newsletter_access":"","_jetpack_dont_email_post_to_subs":false,"_jetpack_newsletter_tier_id":0,"_jetpack_memberships_contains_paywalled_content":false,"_jetpack_memberships_contains_paid_content":false,"footnotes":""},"categories":[3,2],"tags":[],"class_list":["post-1992","post","type-post","status-publish","format-standard","has-post-thumbnail","hentry","category-obsolescencia","category-personal"],"jetpack_featured_media_url":"https:\/\/alpoma.net\/tecob\/wp-content\/uploads\/2010\/01\/1350281971_864c5711a0_m.jpg","jetpack_shortlink":"https:\/\/wp.me\/p93Dc1-w8","jetpack-related-posts":[{"id":13187,"url":"https:\/\/alpoma.net\/tecob\/?p=13187","url_meta":{"origin":1992,"position":0},"title":"Descubre mi proyecto \u00abMinimal Geography\u00bb","author":"alpoma","date":"23 marzo 2018","format":false,"excerpt":"Lo coment\u00e9 hace d\u00edas en mi blog sobre mapas, pero hasta ahora no lo hab\u00eda mencionado por aqu\u00ed. All\u00e1 por 2010 dise\u00f1\u00e9 una serie de carteles con tema cartogr\u00e1fico que, por mil asuntos y falta de tiempo, terminaron olvidados en un caj\u00f3n (algo de esa \u00e9poca puede verse en mi\u2026","rel":"","context":"En \u00abPersonal\u00bb","block_context":{"text":"Personal","link":"https:\/\/alpoma.net\/tecob\/?cat=2"},"img":{"alt_text":"","src":"https:\/\/i0.wp.com\/alpoma.net\/tecob\/wp-content\/uploads\/2018\/03\/Captura-de-pantalla-2018-03-17-a-las-17.29.57.png?resize=350%2C200&ssl=1","width":350,"height":200,"srcset":"https:\/\/i0.wp.com\/alpoma.net\/tecob\/wp-content\/uploads\/2018\/03\/Captura-de-pantalla-2018-03-17-a-las-17.29.57.png?resize=350%2C200&ssl=1 1x, https:\/\/i0.wp.com\/alpoma.net\/tecob\/wp-content\/uploads\/2018\/03\/Captura-de-pantalla-2018-03-17-a-las-17.29.57.png?resize=525%2C300&ssl=1 1.5x, https:\/\/i0.wp.com\/alpoma.net\/tecob\/wp-content\/uploads\/2018\/03\/Captura-de-pantalla-2018-03-17-a-las-17.29.57.png?resize=700%2C400&ssl=1 2x, https:\/\/i0.wp.com\/alpoma.net\/tecob\/wp-content\/uploads\/2018\/03\/Captura-de-pantalla-2018-03-17-a-las-17.29.57.png?resize=1050%2C600&ssl=1 3x, https:\/\/i0.wp.com\/alpoma.net\/tecob\/wp-content\/uploads\/2018\/03\/Captura-de-pantalla-2018-03-17-a-las-17.29.57.png?resize=1400%2C800&ssl=1 4x"},"classes":[]},{"id":558,"url":"https:\/\/alpoma.net\/tecob\/?p=558","url_meta":{"origin":1992,"position":1},"title":"Papel \u00e1cido","author":"alpoma","date":"5 agosto 2006","format":false,"excerpt":"A pesar de todo lo que se cont\u00f3 hace a\u00f1os acerca de la oficina sin papeles y de la pr\u00f3xima decadencia del uso del papel, resulta que no, tenemos papel para dar y tomar, papel de todos los tipos y colores, empaquetados de cart\u00f3n, etiquetas por todas partes y, por\u2026","rel":"","context":"En \u00abObsolescencia\u00bb","block_context":{"text":"Obsolescencia","link":"https:\/\/alpoma.net\/tecob\/?cat=3"},"img":{"alt_text":"Viejo libro","src":"https:\/\/i0.wp.com\/static.flickr.com\/96\/207359328_fb23ffdce1_m.jpg?resize=350%2C200","width":350,"height":200},"classes":[]},{"id":431,"url":"https:\/\/alpoma.net\/tecob\/?p=431","url_meta":{"origin":1992,"position":2},"title":"Arquitecto de pesadilla","author":"alpoma","date":"7 abril 2006","format":false,"excerpt":"\u00bfQu\u00e9 podr\u00eda hacer un arquitecto visionario adicto a los paisajes futuros \"decadentes\" si contara con medios adecuados? Imaginemos un lugar extra\u00f1o, mezcolanza de Los \u00c1ngeles en 2019, esto es, puro Blade Runner y voluptuosa est\u00e9tica de la nave-criadero de Alien y habremos alcanzado a comprender, aunque sea m\u00ednimamente, qu\u00e9 extra\u00f1as\u2026","rel":"","context":"En \u00abInnovaci\u00f3n\u00bb","block_context":{"text":"Innovaci\u00f3n","link":"https:\/\/alpoma.net\/tecob\/?cat=4"},"img":{"alt_text":"","src":"https:\/\/i0.wp.com\/alpoma.net\/tecob\/wp-content\/uploads\/2006\/04\/124796056_04504fd1a0_o.jpg?resize=350%2C200&ssl=1","width":350,"height":200},"classes":[]},{"id":691,"url":"https:\/\/alpoma.net\/tecob\/?p=691","url_meta":{"origin":1992,"position":3},"title":"La Tierra de Ruperto","author":"alpoma","date":"22 marzo 2007","format":false,"excerpt":"Hay empresas que sobreviven durante d\u00e9cadas, otras no aguantan m\u00e1s que unos meses, muchas van de fusi\u00f3n en fusi\u00f3n y, las menos, tienen m\u00e1s de un siglo a sus espaldas pero el caso de la Compa\u00f1\u00eda de la Bah\u00eda del Hudson es uno de los pocos en los que una\u2026","rel":"","context":"En \u00abGeo\u00bb","block_context":{"text":"Geo","link":"https:\/\/alpoma.net\/tecob\/?cat=5"},"img":{"alt_text":"","src":"","width":0,"height":0},"classes":[]},{"id":563,"url":"https:\/\/alpoma.net\/tecob\/?p=563","url_meta":{"origin":1992,"position":4},"title":"El ROM de Aguilar de Campoo","author":"alpoma","date":"10 agosto 2006","format":false,"excerpt":"No se trata del famoso tipo de memoria para ordenadores, ni siquiera tiene que ver con ellos. Esta ma\u00f1ana he pasado un rato muy agradable en el ROM, Museo del Rom\u00e1nico y el Territorio, de Aguilar de Campoo al norte de la provincia de Palencia. El d\u00eda no empezaba muy\u2026","rel":"","context":"En \u00abGeo\u00bb","block_context":{"text":"Geo","link":"https:\/\/alpoma.net\/tecob\/?cat=5"},"img":{"alt_text":"ROM2","src":"https:\/\/i0.wp.com\/static.flickr.com\/62\/211858516_7dacb46762_m.jpg?resize=350%2C200","width":350,"height":200},"classes":[]},{"id":824,"url":"https:\/\/alpoma.net\/tecob\/?p=824","url_meta":{"origin":1992,"position":5},"title":"Flickr: The Commons","author":"alpoma","date":"19 enero 2008","format":false,"excerpt":"Para toda persona interesada seriamente en el pasado, la posibilidad de acceder a fotograf\u00edas hist\u00f3ricas con calidad es siempre algo bienvenido. Este es el caso del proyecto Flickr: The Commons, una aventura que une la potencia del mejor gestor de fotograf\u00edas de la red, a mi modo de ver, como\u2026","rel":"","context":"En \u00abGeo\u00bb","block_context":{"text":"Geo","link":"https:\/\/alpoma.net\/tecob\/?cat=5"},"img":{"alt_text":"","src":"https:\/\/i0.wp.com\/alpoma.net\/tecob\/wp-content\/uploads\/2008\/01\/2203226865_a6cae3524f_o.jpg?resize=350%2C200&ssl=1","width":350,"height":200,"srcset":"https:\/\/i0.wp.com\/alpoma.net\/tecob\/wp-content\/uploads\/2008\/01\/2203226865_a6cae3524f_o.jpg?resize=350%2C200&ssl=1 1x, https:\/\/i0.wp.com\/alpoma.net\/tecob\/wp-content\/uploads\/2008\/01\/2203226865_a6cae3524f_o.jpg?resize=525%2C300&ssl=1 1.5x"},"classes":[]}],"jetpack_sharing_enabled":true,"_links":{"self":[{"href":"https:\/\/alpoma.net\/tecob\/index.php?rest_route=\/wp\/v2\/posts\/1992","targetHints":{"allow":["GET"]}}],"collection":[{"href":"https:\/\/alpoma.net\/tecob\/index.php?rest_route=\/wp\/v2\/posts"}],"about":[{"href":"https:\/\/alpoma.net\/tecob\/index.php?rest_route=\/wp\/v2\/types\/post"}],"author":[{"embeddable":true,"href":"https:\/\/alpoma.net\/tecob\/index.php?rest_route=\/wp\/v2\/users\/1"}],"replies":[{"embeddable":true,"href":"https:\/\/alpoma.net\/tecob\/index.php?rest_route=%2Fwp%2Fv2%2Fcomments&post=1992"}],"version-history":[{"count":0,"href":"https:\/\/alpoma.net\/tecob\/index.php?rest_route=\/wp\/v2\/posts\/1992\/revisions"}],"wp:featuredmedia":[{"embeddable":true,"href":"https:\/\/alpoma.net\/tecob\/index.php?rest_route=\/wp\/v2\/media\/10970"}],"wp:attachment":[{"href":"https:\/\/alpoma.net\/tecob\/index.php?rest_route=%2Fwp%2Fv2%2Fmedia&parent=1992"}],"wp:term":[{"taxonomy":"category","embeddable":true,"href":"https:\/\/alpoma.net\/tecob\/index.php?rest_route=%2Fwp%2Fv2%2Fcategories&post=1992"},{"taxonomy":"post_tag","embeddable":true,"href":"https:\/\/alpoma.net\/tecob\/index.php?rest_route=%2Fwp%2Fv2%2Ftags&post=1992"}],"curies":[{"name":"wp","href":"https:\/\/api.w.org\/{rel}","templated":true}]}}