{"id":1772,"date":"2009-12-10T19:04:01","date_gmt":"2009-12-10T17:04:01","guid":{"rendered":"http:\/\/www.alpoma.net\/tecob\/?p=1772"},"modified":"2009-12-10T19:04:01","modified_gmt":"2009-12-10T17:04:01","slug":"breves-reflexiones-sobre-el-calentamiento-global-apendice","status":"publish","type":"post","link":"https:\/\/alpoma.net\/tecob\/?p=1772","title":{"rendered":"Breves reflexiones sobre el calentamiento global (Ap\u00e9ndice)"},"content":{"rendered":"<p><img decoding=\"async\" src=\"http:\/\/farm3.static.flickr.com\/2641\/4174564518_b325315382_m.jpg\" alt=\"img\" class=\"dch\"\/>Van a cumplirse dos a\u00f1os desde que publiqu\u00e9 en <em>TecOb<\/em> el art\u00edculo m\u00e1s largo de los vistos hasta ahora por aqu\u00ed. Como algunos lectores recordar\u00e1n, se trat\u00f3 del<em> megapost <\/em>titulado <em>Breves reflexiones sobre el calentamiento global<\/em>, que impreso ocupar\u00eda varias decenas de folios manchados por una cara, lo que no hace sino mostrar lo exagerado de su tama\u00f1o, sobre todo para un blog. El caso es que se han unido diversos factores para que hoy me haya decidido a escribir esta especie de <em>ap\u00e9ndice<\/em> min\u00fasculo para el monstruo. Por una parte est\u00e1n los correos electr\u00f3nicos que he recibido en las \u00faltimas semanas, escritos por varias personas que me preguntaban sobre el <em>climategate<\/em>. Por otra parte, adem\u00e1s del aniversario del megapost, ah\u00ed est\u00e1 la gran tormenta medi\u00e1tica que por todas partes aparece sobre la cumbre en Copenhague. Bien, siento desilusionar a quienes esperaban un an\u00e1lisis pormenorizado del <em><strong><a href=\"http:\/\/en.wikipedia.org\/wiki\/Climatic_Research_Unit_e-mail_hacking_incident\" class=\"enlaces\">climategate<\/a><\/strong><\/em>, porque ni me he planteado hacer nada siquiera parecido. El que alguien robe archivos privados de un centro de investigaci\u00f3n, por mucho que parezca que sea \u00abdesde dentro\u00bb, para intentar destapar una supuesta conspiraci\u00f3n sobre el asunto del calentamiento global, no me merece mucho inter\u00e9s, la verdad. Hablo desde el punto de vista personal, claro est\u00e1, porque a nivel general si alguien lograra demostrar con pruebas incontestables la existencia de datos manipulados y similares, el esc\u00e1ndalo ser\u00eda may\u00fasculo. Tiempo al tiempo, ya se ver\u00e1 qu\u00e9 puede dar de s\u00ed este dichoso caso, pero he de repetir que no me llama la atenci\u00f3n. Y no lo hace porque, tal y como dej\u00e9 claro en el megapost, lo que de verdad me interesa, profesional y personalmente, es la lectura de las publicaciones cient\u00edficas relacionadas con las variaciones clim\u00e1ticas a lo largo de la historia, no los l\u00edos pol\u00edticos, las cumbres, los esc\u00e1ndalos y, sobre todo, el penoso juego de compra-venta de derechos de emisi\u00f3n y dem\u00e1s cantidades de dinero que los pol\u00edticos mueven por ah\u00ed tan alegremente sin pensar siquiera en arreglar los problemas de los que tanto se les llena la boca. <\/p>\n<p>Al igual que hice hace dos a\u00f1os, seguir\u00e9 el mismo planteamiento hoy. Voy a a\u00f1adir a lo escrito en el megapost una serie de gr\u00e1ficos, a los que acompa\u00f1ar\u00e9 de brev\u00edsimas acotaciones. Lo dem\u00e1s depende del lector y de su inter\u00e9s, no hace falta m\u00e1s. Para empezar animo, a quien lo desee, a leer o releer el megapost:<\/p>\n<p><a href=\"http:\/\/www.alpoma.net\/tecob\/?p=797\" class=\"enlaces\"><strong>TecOb &#8211; Breves reflexiones sobre el calentamiento global<\/strong><\/a><\/p>\n<p>Ahora, sin m\u00e1s tonter\u00edas, paso a incluir los gr\u00e1ficos que, como he escrito, vendr\u00edan a ser el <strong>ap\u00e9ndice ideal para el megapost<\/strong>. Parten de varias fuentes que me son afines, ya sea por conocer la trayectoria de quienes han elaborado algunos de esos gr\u00e1ficos, como por la proximidad cient\u00edfica de quien me los ha recomendado, dentro del \u00e1rea de la geograf\u00eda f\u00edsica y las ciencias ambientales. De todas formas, recomiendo al lector revisar cuidadosamente cada gr\u00e1fico y visitar las fuentes originales. Sin querer influir lo m\u00e1s m\u00ednimo en la opini\u00f3n que cada lector pueda extraer del an\u00e1lisis de los gr\u00e1ficos, s\u00f3lo he de decir que lo realmente apasionante de la investigaci\u00f3n climatol\u00f3gica actual es lo poco que se conoce sobre la din\u00e1mica global, apenas si se ha empezado a comprender c\u00f3mo se relacionan y qu\u00e9 interacciones y mecanismos reales se encuentran detr\u00e1s de lo que se observa en el planeta, por lo que, a buen seguro, los pr\u00f3ximos a\u00f1os nos ofrecer\u00e1n un mont\u00f3n de sorpresas. <!--more--><\/p>\n<h2>Cambios recientes en la temperatura superficial<sup>1<\/sup><\/h2>\n<p><img decoding=\"async\" src=\"http:\/\/farm3.static.flickr.com\/2491\/4173843089_7de85647b5_o.jpg\" alt=\"img\" \/><\/p>\n<p>1.- Gr\u00e1fico actualizado a 5 de diciembre de 2009. Muestra la media mensual de anomal\u00edas en la temperatura de la troposfera desde 1979 (1979=0), sobre datos de la Universidad de Alabama en Huntsville y el NOAA tomados por lecturas de sat\u00e9lite. Puede observarse la influencia de la erupci\u00f3n del Pinatubo en 1991, con el consiguiente enfriamiento, y de El Ni\u00f1o de 1998, con calentamiento. La marca IPCC se refiere a la fecha de fundaci\u00f3n del <em>Panel Intergubernamental para el Cambio Clim\u00e1tico<\/em>.<\/p>\n<p><img decoding=\"async\" src=\"http:\/\/farm3.static.flickr.com\/2675\/4173862867_73aa751a87_o.jpg\" alt=\"img\" \/><\/p>\n<p>2.- Este gr\u00e1fico muestra las anomal\u00edas de temperatura media superficial (1979=0) sobre datos de cinco grandes estudios de temperatura del per\u00edodo instrumental, esto es, los treinta a\u00f1os que han transcurrido desde que contamos con lecturas fiables de temperatura por sat\u00e9lite. Actualizado a 23 de noviembre de 2009.<\/p>\n<p><img decoding=\"async\" src=\"http:\/\/farm3.static.flickr.com\/2589\/4173874869_64caec44c0_o.jpg\" alt=\"img\" \/><\/p>\n<p>3.- Gr\u00e1fico actualizado a 8 de marzo de 2009 que muestra las temperaturas medias anuales, de verano y de invierno desde 1650 en la regi\u00f3n central de Inglaterra, basado en series de datos hist\u00f3ricas que, en conjunto, conforman el registro instrumental de datos meteorol\u00f3gicos m\u00e1s extenso cronol\u00f3gicamente que se conoce. <\/p>\n<p><img decoding=\"async\" src=\"http:\/\/farm3.static.flickr.com\/2783\/4174646058_1d485dc102_o.jpg\" alt=\"img\" \/><\/p>\n<p>4.- Temperatura media global en superficie desde 1850 seg\u00fan la <a href=\"http:\/\/www.uea.ac.uk\/mac\/comm\/media\/press\/CRUstatements\" class=\"enlaces\">Climatic Research Unit (CRU) de la Universidad de East Anglia<\/a>. En la parte inferior del gr\u00e1fico se muestra el cambio de tendencia en las temperaturas medias, hacia un calentamiento global, desde el final de la <em>Peque\u00f1a Edad del Hielo<\/em>. Actualizado en agosto de 2008.<\/p>\n<p><img decoding=\"async\" src=\"http:\/\/farm3.static.flickr.com\/2608\/4174666506_2a4c8ca187_o.jpg\" alt=\"img\" \/><\/p>\n<p>5.- Gr\u00e1fico actualizado a 6 de noviembre de 2009 que incluye curvas de temperatura media global (tomada del ejemplo anterior) y de concentraci\u00f3n atmosf\u00e9rica de CO<sub>2<\/sub>, con sus caracter\u00edsticas variaciones estacionales, seg\u00fan datos del Observatorio de Mauna Loa, \u00fanico lugar donde se realizan este tipo de mediciones de manera sistem\u00e1tica desde 1958. En la porci\u00f3n inferior del gr\u00e1fico se incorporan segmentos para indicar cu\u00e1ndo la asociaci\u00f3n entre tendencia al calentamiento y aumento de concentraci\u00f3n de di\u00f3xido de carbono ha sido positiva o negativa. <\/p>\n<h2>Contexto hist\u00f3rico<\/h2>\n<p>Serie de gr\u00e1ficos de contexto hist\u00f3rico sobre variaciones de temperaturas en los \u00faltimos 50.000 a\u00f1os basadas en <a href=\"http:\/\/www.ncdc.noaa.gov\/paleo\/metadata\/noaa-icecore-2475.html\" class=\"enlaces\">datos isot\u00f3picos de testigos de hielo de Groenlandia<\/a> hasta principios del siglo XX<sup>2<\/sup>. Estas gr\u00e1ficas complementan a las anteriores que se extienden hasta la actualidad.<\/p>\n<p><img decoding=\"async\" src=\"http:\/\/farm5.static.flickr.com\/4046\/4174706756_4e4687fe22_o.jpg\" alt=\"img\" \/><\/p>\n<p><img decoding=\"async\" src=\"http:\/\/farm3.static.flickr.com\/2723\/4174706806_bdea19c389_o.jpg\" alt=\"img\" \/><\/p>\n<p><img decoding=\"async\" src=\"http:\/\/farm3.static.flickr.com\/2521\/4174706868_34cb923786_o.jpg\" alt=\"img\" \/><\/p>\n<p><img decoding=\"async\" src=\"http:\/\/farm3.static.flickr.com\/2686\/4173949619_b0e277c00f_o.jpg\" alt=\"img\" \/><\/p>\n<p><img decoding=\"async\" src=\"http:\/\/farm3.static.flickr.com\/2793\/4173949691_dab963c5ba_o.jpg\" alt=\"img\" \/><\/p>\n<p><img decoding=\"async\" src=\"http:\/\/farm3.static.flickr.com\/2803\/4173949767_9200266917_o.jpg\" alt=\"img\" \/><\/p>\n<p>Si nos vamos un poco m\u00e1s all\u00e1, seg\u00fan los an\u00e1lisis isot\u00f3picos de <a href=\"http:\/\/www.ncdc.noaa.gov\/paleo\/metadata\/noaa-icecore-2453.html\" class=\"enlaces\">testigos Vostok<\/a> de la Ant\u00e1rtida, veremos lo registrado para los el \u00faltimo medio mill\u00f3n de a\u00f1os.<\/p>\n<p><img decoding=\"async\" src=\"http:\/\/farm3.static.flickr.com\/2552\/4174707200_8e6c671a81_o.jpg\" alt=\"img\" \/><\/p>\n<p><strong>M\u00e1s informaci\u00f3n<\/strong>:<br \/>\n<sup>1<\/sup><a href=\"http:\/\/www.climate4you.com\/\" class=\"enlaces\">Climate4you &#8211; Ole Humlum<\/a><br \/>\n<sup>2<\/sup><a href=\"http:\/\/www.foresight.org\/nanodot\/?p=3553\" class=\"enlaces\">The Foresight Institute &#8211; Some Historical Perspective<\/a><\/p>\n","protected":false},"excerpt":{"rendered":"<div class=\"mh-excerpt\"><p>Van a cumplirse dos a\u00f1os desde que publiqu\u00e9 en TecOb el art\u00edculo m\u00e1s largo de los vistos hasta ahora por aqu\u00ed. Como algunos lectores recordar\u00e1n, se trat\u00f3 del megapost titulado <a class=\"mh-excerpt-more\" href=\"https:\/\/alpoma.net\/tecob\/?p=1772\" title=\"Breves reflexiones sobre el calentamiento global (Ap\u00e9ndice)\">[&#8230;]<\/a><\/p>\n<\/div>","protected":false},"author":1,"featured_media":10847,"comment_status":"open","ping_status":"open","sticky":false,"template":"","format":"standard","meta":{"jetpack_post_was_ever_published":false,"_jetpack_newsletter_access":"","_jetpack_dont_email_post_to_subs":false,"_jetpack_newsletter_tier_id":0,"_jetpack_memberships_contains_paywalled_content":false,"_jetpack_memberships_contains_paid_content":false,"footnotes":""},"categories":[8],"tags":[],"class_list":["post-1772","post","type-post","status-publish","format-standard","has-post-thumbnail","hentry","category-clima"],"jetpack_featured_media_url":"https:\/\/alpoma.net\/tecob\/wp-content\/uploads\/2009\/12\/4174564518_b325315382_m.jpg","jetpack_shortlink":"https:\/\/wp.me\/p93Dc1-sA","jetpack-related-posts":[{"id":797,"url":"https:\/\/alpoma.net\/tecob\/?p=797","url_meta":{"origin":1772,"position":0},"title":"Breves reflexiones sobre el calentamiento global","author":"alpoma","date":"12 diciembre 2007","format":false,"excerpt":"AVISO: Este art\u00edculo fue publicado en 2007, por lo que ha quedado desfasado, por motivos obvios. Eso s\u00ed, las referencias bibliogr\u00e1ficas siguen teniendo inter\u00e9s. Un toque de frustraci\u00f3n a modo de introducci\u00f3n El 12 de diciembre de 2007 era la fecha que me marqu\u00e9 para publicar esa pesadilla que hace\u2026","rel":"","context":"En \u00abClima\u00bb","block_context":{"text":"Clima","link":"https:\/\/alpoma.net\/tecob\/?cat=8"},"img":{"alt_text":"","src":"https:\/\/i0.wp.com\/alpoma.net\/tecob\/wp-content\/uploads\/2007\/12\/2102997055_fddd3a32d9_o.jpg?resize=350%2C200&ssl=1","width":350,"height":200,"srcset":"https:\/\/i0.wp.com\/alpoma.net\/tecob\/wp-content\/uploads\/2007\/12\/2102997055_fddd3a32d9_o.jpg?resize=350%2C200&ssl=1 1x, https:\/\/i0.wp.com\/alpoma.net\/tecob\/wp-content\/uploads\/2007\/12\/2102997055_fddd3a32d9_o.jpg?resize=525%2C300&ssl=1 1.5x"},"classes":[]},{"id":560,"url":"https:\/\/alpoma.net\/tecob\/?p=560","url_meta":{"origin":1772,"position":1},"title":"Breves reflexiones sobre Fundaci\u00f3n","author":"alpoma","date":"7 agosto 2006","format":false,"excerpt":"Anoche rele\u00ed el primero de los libros de la trilog\u00eda original de la Fundaci\u00f3n de Asimov. En la primera p\u00e1gina, esquina inferior derecha, con lapicera pero ya casi borrado, hab\u00eda escrito la fecha de compra del libro y, por tanto, la que fue mi primera lectura del mismo. No he\u2026","rel":"","context":"En \u00abPersonal\u00bb","block_context":{"text":"Personal","link":"https:\/\/alpoma.net\/tecob\/?cat=2"},"img":{"alt_text":"Seldon","src":"https:\/\/i0.wp.com\/static.flickr.com\/97\/209262385_2868914b50_o.jpg?resize=350%2C200","width":350,"height":200},"classes":[]},{"id":626,"url":"https:\/\/alpoma.net\/tecob\/?p=626","url_meta":{"origin":1772,"position":2},"title":"Hiram Maxim","author":"alpoma","date":"28 octubre 2006","format":false,"excerpt":"Asunto nunca resuelto, \u00bfqui\u00e9n vol\u00f3 primero en una m\u00e1quina propulsada m\u00e1s pesada que el aire? Oficialmente, sin duda, los hermanos Wright logragon tal aza\u00f1a en Kitti Hawk all\u00e1 por 1903. Ellos tuvieron \u00e9xito, adem\u00e1s de mucha suerte publicitariamente hablando, pero siempre han quedado algunas dudas. \u00bfAlguien logr\u00f3 elevarse en una\u2026","rel":"","context":"En \u00abObsolescencia\u00bb","block_context":{"text":"Obsolescencia","link":"https:\/\/alpoma.net\/tecob\/?cat=3"},"img":{"alt_text":"","src":"https:\/\/i0.wp.com\/alpoma.net\/tecob\/wp-content\/uploads\/2006\/10\/281645976_35e3631ce1_o.gif?resize=350%2C200&ssl=1","width":350,"height":200,"srcset":"https:\/\/i0.wp.com\/alpoma.net\/tecob\/wp-content\/uploads\/2006\/10\/281645976_35e3631ce1_o.gif?resize=350%2C200&ssl=1 1x, https:\/\/i0.wp.com\/alpoma.net\/tecob\/wp-content\/uploads\/2006\/10\/281645976_35e3631ce1_o.gif?resize=525%2C300&ssl=1 1.5x"},"classes":[]},{"id":11350,"url":"https:\/\/alpoma.net\/tecob\/?p=11350","url_meta":{"origin":1772,"position":3},"title":"Morillas Cobo y su motor rotativo","author":"alpoma","date":"8 mayo 2015","format":false,"excerpt":"En mi nuevo libro, Made in Spain. Cuando invent\u00e1bamos nosotros, adem\u00e1s de los cap\u00edtulos que se centran en un personaje concreto, he incluido referencias breves, a modo de fichas, sobre los casos de otros inventores que merecen un recuerdo pero que, por diversos motivos, no encontraron m\u00e1s espacio en el\u2026","rel":"","context":"En \u00abMade in Spain\u00bb","block_context":{"text":"Made in Spain","link":"https:\/\/alpoma.net\/tecob\/?cat=10"},"img":{"alt_text":"","src":"https:\/\/i0.wp.com\/alpoma.net\/tecob\/wp-content\/uploads\/2015\/05\/morillas_cobo.jpg?resize=350%2C200&ssl=1","width":350,"height":200,"srcset":"https:\/\/i0.wp.com\/alpoma.net\/tecob\/wp-content\/uploads\/2015\/05\/morillas_cobo.jpg?resize=350%2C200&ssl=1 1x, https:\/\/i0.wp.com\/alpoma.net\/tecob\/wp-content\/uploads\/2015\/05\/morillas_cobo.jpg?resize=525%2C300&ssl=1 1.5x, https:\/\/i0.wp.com\/alpoma.net\/tecob\/wp-content\/uploads\/2015\/05\/morillas_cobo.jpg?resize=700%2C400&ssl=1 2x, https:\/\/i0.wp.com\/alpoma.net\/tecob\/wp-content\/uploads\/2015\/05\/morillas_cobo.jpg?resize=1050%2C600&ssl=1 3x, https:\/\/i0.wp.com\/alpoma.net\/tecob\/wp-content\/uploads\/2015\/05\/morillas_cobo.jpg?resize=1400%2C800&ssl=1 4x"},"classes":[]},{"id":2880,"url":"https:\/\/alpoma.net\/tecob\/?p=2880","url_meta":{"origin":1772,"position":4},"title":"Dos libros para el verano","author":"alpoma","date":"6 junio 2010","format":false,"excerpt":"Lo que sigue no es m\u00e1s que una sencilla nota personal en forma de recomendaci\u00f3n o, m\u00e1s bien, sugerencia. Cuando se acerca el verano, suelo escribir sobre libros en TecOb. Por lo general se trata de realizar un leve repaso a los libros interesantes con que me haya cruzado a\u2026","rel":"","context":"En \u00abPersonal\u00bb","block_context":{"text":"Personal","link":"https:\/\/alpoma.net\/tecob\/?cat=2"},"img":{"alt_text":"","src":"https:\/\/i0.wp.com\/alpoma.net\/tecob\/wp-content\/uploads\/2010\/06\/4675221572_d5a755a06f_o.jpg?resize=350%2C200&ssl=1","width":350,"height":200,"srcset":"https:\/\/i0.wp.com\/alpoma.net\/tecob\/wp-content\/uploads\/2010\/06\/4675221572_d5a755a06f_o.jpg?resize=350%2C200&ssl=1 1x, https:\/\/i0.wp.com\/alpoma.net\/tecob\/wp-content\/uploads\/2010\/06\/4675221572_d5a755a06f_o.jpg?resize=525%2C300&ssl=1 1.5x"},"classes":[]},{"id":1118,"url":"https:\/\/alpoma.net\/tecob\/?p=1118","url_meta":{"origin":1772,"position":5},"title":"Tesla, d\u00b4Arsonval y un dolor de muelas","author":"alpoma","date":"20 abril 2009","format":false,"excerpt":"Este ser\u00e1 un art\u00edculo un poco ca\u00f3tico, pero espero que no incongruente. Veamos, se trata de unir varias ideas que se han ido enlazando en mi cabeza en los \u00faltimos d\u00edas despu\u00e9s de buscar en viejos papeles algunos datos sobre las primeras investigaciones relacionadas con la electrofisiolog\u00eda. Todo surge por\u2026","rel":"","context":"En \u00abObsolescencia\u00bb","block_context":{"text":"Obsolescencia","link":"https:\/\/alpoma.net\/tecob\/?cat=3"},"img":{"alt_text":"","src":"","width":0,"height":0},"classes":[]}],"jetpack_sharing_enabled":true,"_links":{"self":[{"href":"https:\/\/alpoma.net\/tecob\/index.php?rest_route=\/wp\/v2\/posts\/1772","targetHints":{"allow":["GET"]}}],"collection":[{"href":"https:\/\/alpoma.net\/tecob\/index.php?rest_route=\/wp\/v2\/posts"}],"about":[{"href":"https:\/\/alpoma.net\/tecob\/index.php?rest_route=\/wp\/v2\/types\/post"}],"author":[{"embeddable":true,"href":"https:\/\/alpoma.net\/tecob\/index.php?rest_route=\/wp\/v2\/users\/1"}],"replies":[{"embeddable":true,"href":"https:\/\/alpoma.net\/tecob\/index.php?rest_route=%2Fwp%2Fv2%2Fcomments&post=1772"}],"version-history":[{"count":0,"href":"https:\/\/alpoma.net\/tecob\/index.php?rest_route=\/wp\/v2\/posts\/1772\/revisions"}],"wp:featuredmedia":[{"embeddable":true,"href":"https:\/\/alpoma.net\/tecob\/index.php?rest_route=\/wp\/v2\/media\/10847"}],"wp:attachment":[{"href":"https:\/\/alpoma.net\/tecob\/index.php?rest_route=%2Fwp%2Fv2%2Fmedia&parent=1772"}],"wp:term":[{"taxonomy":"category","embeddable":true,"href":"https:\/\/alpoma.net\/tecob\/index.php?rest_route=%2Fwp%2Fv2%2Fcategories&post=1772"},{"taxonomy":"post_tag","embeddable":true,"href":"https:\/\/alpoma.net\/tecob\/index.php?rest_route=%2Fwp%2Fv2%2Ftags&post=1772"}],"curies":[{"name":"wp","href":"https:\/\/api.w.org\/{rel}","templated":true}]}}