{"id":1637,"date":"2009-11-24T19:17:41","date_gmt":"2009-11-24T17:17:41","guid":{"rendered":"http:\/\/www.alpoma.net\/tecob\/?p=1637"},"modified":"2009-11-24T19:17:41","modified_gmt":"2009-11-24T17:17:41","slug":"el-rascacielos-de-musolini","status":"publish","type":"post","link":"https:\/\/alpoma.net\/tecob\/?p=1637","title":{"rendered":"El rascacielos de Musolini"},"content":{"rendered":"<p>No importa el color pol\u00edtico, la tendencia ideol\u00f3gica, el nombre o cualquier otro detalle, porque la historia siempre es la misma. Cuando un indiv\u00edduo con tendencias megal\u00f3manas llega al poder, siempre desea dejar huella en el mundo a trav\u00e9s de edificios gigantescos. Poco importa que nos refiramos a Hitler, Stalin, Hussein o Franco, todo es lo igual. Cada uno seg\u00fan sus \u00abposibilidades\u00bb, junto con todos los dem\u00e1s tiranos de la historia, que por desgracia son tan numerosos como las setas oto\u00f1ales, idearon grandes cascarones de piedra en honor a su presunta magnificencia. La ilustraci\u00f3n que hoy nos acompa\u00f1a es un ejemplo, que no lleg\u00f3 a realizarse, de esos los <strong>delirios de grandeza<\/strong> de los dictadores. Cierto es que hoy d\u00eda se han levantado cientos de rascacielos mucho m\u00e1s grandes y vistosos, pero en su \u00e9poca <strong><a href=\"http:\/\/es.wikipedia.org\/wiki\/Benito_Mussolini\" class=\"enlaces\">Benito Musolini<\/a><\/strong> pens\u00f3 en crear algo como esto, una gran torre, la m\u00e1s alta del mundo, en en centro de Roma. Con 1.100 pies de altura, este monstruo fue dibujado partiendo de bocetos de la prensa italiana por el que, pasado el tiempo, se iba a convertir en el padre de la ilustraci\u00f3n espacial, el inefable <strong><a href=\"http:\/\/www.bonestell.org\/\" class=\"enlaces\">Chesley Bonestell<\/a><\/strong>. Tal y como comenta <strong><a href=\"http:\/\/longstreet.typepad.com\/thesciencebookstore\/2009\/11\/bad-ideas-department-really-big-really-badmussolinis-monster.html\" class=\"enlaces\">John Ptak<\/a><\/strong>, la imagen fue publicada en <em>The Illustrated London News<\/em> el 24 de enero de 1925. Para mostrar la gran magnitud del edificio, el <em>skyline<\/em> de Roma aparece idealizado, gracias a una imaginaria disposici\u00f3n de los m\u00e1s prominentes edificios de la capital italiana. As\u00ed, a primera vista, reconozco el Coliseo, el Pante\u00f3n de Agripa, la Columna de Trajano, el Vaticano, el Arco de Constantino y el Castillo de Sant&#8217;Angelo, aunque seguro que me olvido de alguna de las figuras presentes. Sin duda, de haberse llevado a cabo, la estampa romana hubiera cambiado de forma radical.<\/p>\n<p><img decoding=\"async\" src=\"http:\/\/farm3.static.flickr.com\/2544\/4130650013_323eb5aa56_o.jpg\" alt=\"img\" class=\"otros\"\/><\/p>\n<p><strong>Relacionado en <em>TecOb<\/em><\/strong>: <a href=\"http:\/\/www.alpoma.net\/tecob\/?p=732\" class=\"enlaces\">La arquitectura del poder<\/a>.<\/p>\n","protected":false},"excerpt":{"rendered":"<div class=\"mh-excerpt\"><p>No importa el color pol\u00edtico, la tendencia ideol\u00f3gica, el nombre o cualquier otro detalle, porque la historia siempre es la misma. Cuando un indiv\u00edduo con tendencias megal\u00f3manas llega al poder, <a class=\"mh-excerpt-more\" href=\"https:\/\/alpoma.net\/tecob\/?p=1637\" title=\"El rascacielos de Musolini\">[&#8230;]<\/a><\/p>\n<\/div>","protected":false},"author":1,"featured_media":11018,"comment_status":"open","ping_status":"open","sticky":false,"template":"","format":"standard","meta":{"jetpack_post_was_ever_published":false,"_jetpack_newsletter_access":"","_jetpack_dont_email_post_to_subs":false,"_jetpack_newsletter_tier_id":0,"_jetpack_memberships_contains_paywalled_content":false,"_jetpack_memberships_contains_paid_content":false,"footnotes":""},"categories":[3],"tags":[],"class_list":["post-1637","post","type-post","status-publish","format-standard","has-post-thumbnail","hentry","category-obsolescencia"],"jetpack_featured_media_url":"https:\/\/alpoma.net\/tecob\/wp-content\/uploads\/2009\/11\/4130650013_323eb5aa56_o.jpg","jetpack_shortlink":"https:\/\/wp.me\/p93Dc1-qp","jetpack-related-posts":[{"id":385,"url":"https:\/\/alpoma.net\/tecob\/?p=385","url_meta":{"origin":1637,"position":0},"title":"Ciudades en los cielos","author":"alpoma","date":"8 marzo 2006","format":false,"excerpt":"Durante gran parte del siglo XX muchos visionarios so\u00f1aron con ciudades en las nubes, o mejor, grandes urbes en lejanos planetas, lunas, en \u00f3rbita terrestra o en el interior de asteroides. Era la \u00e9poca en que, por supuesto, se so\u00f1aba con un siglo XXI plagado de maravillas t\u00e9cnicas. En plena\u2026","rel":"","context":"En \u00abGeo\u00bb","block_context":{"text":"Geo","link":"https:\/\/alpoma.net\/tecob\/?cat=5"},"img":{"alt_text":"","src":"https:\/\/i0.wp.com\/alpoma.net\/tecob\/wp-content\/uploads\/2006\/03\/109739499_ef5c54cba6_o.jpg?resize=350%2C200&ssl=1","width":350,"height":200},"classes":[]},{"id":13075,"url":"https:\/\/alpoma.net\/tecob\/?p=13075","url_meta":{"origin":1637,"position":1},"title":"Cuando Barcelona pudo tener uno de los primeros rascacielos de Europa","author":"alpoma","date":"2 febrero 2018","format":false,"excerpt":"En el n\u00famero de este mes de enero de 2018 de la revista Historia de Iberia Vieja he publicado un art\u00edculo en el que repaso algunos grandes proyectos urbanos, o de grandes edificios, de siglos pasados, que nunca vieron la luz. De forma r\u00e1pida menciono un proyecto de rascacielos para\u2026","rel":"","context":"En \u00abMade in Spain\u00bb","block_context":{"text":"Made in Spain","link":"https:\/\/alpoma.net\/tecob\/?cat=10"},"img":{"alt_text":"","src":"https:\/\/i0.wp.com\/alpoma.net\/tecob\/wp-content\/uploads\/2018\/02\/rascacielbcn1918.png?resize=350%2C200&ssl=1","width":350,"height":200},"classes":[]},{"id":4109,"url":"https:\/\/alpoma.net\/tecob\/?p=4109","url_meta":{"origin":1637,"position":2},"title":"La ola gigante de Lituya Bay","author":"alpoma","date":"27 enero 2011","format":false,"excerpt":"Viajemos hoy a un lugar donde reina la tranquilidad y, en estas fechas, hace un fr\u00edo considerable. Es m\u00e1s, no nos vamos a conformar con visitar el lugar, tambi\u00e9n cambiaremos de fecha el calendario. Sobre un peque\u00f1o barco, mirando hacia los bosques cercanos, imaginemos que disfrutamos pescando en Alaska. El\u2026","rel":"","context":"En \u00abGeo\u00bb","block_context":{"text":"Geo","link":"https:\/\/alpoma.net\/tecob\/?cat=5"},"img":{"alt_text":"","src":"https:\/\/i0.wp.com\/alpoma.net\/tecob\/wp-content\/uploads\/2011\/01\/5393015211_128ccba042_o.jpg?resize=350%2C200&ssl=1","width":350,"height":200,"srcset":"https:\/\/i0.wp.com\/alpoma.net\/tecob\/wp-content\/uploads\/2011\/01\/5393015211_128ccba042_o.jpg?resize=350%2C200&ssl=1 1x, https:\/\/i0.wp.com\/alpoma.net\/tecob\/wp-content\/uploads\/2011\/01\/5393015211_128ccba042_o.jpg?resize=525%2C300&ssl=1 1.5x"},"classes":[]},{"id":1010,"url":"https:\/\/alpoma.net\/tecob\/?p=1010","url_meta":{"origin":1637,"position":3},"title":"Dukas, el l\u00edmite de la perfecci\u00f3n","author":"alpoma","date":"8 octubre 2008","format":false,"excerpt":"No hay que ser chapucero, pero ser muy perfeccionista, al parecer, tampoco es muy bueno. Al llegar esta ma\u00f1ana a casa, a la hora de comer, me encontr\u00e9 frente a frente con un repetid\u00edsimo episodio de Los Simpson, en el que la familia amarilla viaja al parque de atracciones Rascapiquilandia.\u2026","rel":"","context":"En \u00abM\u00fasica\u00bb","block_context":{"text":"M\u00fasica","link":"https:\/\/alpoma.net\/tecob\/?cat=42"},"img":{"alt_text":"","src":"","width":0,"height":0},"classes":[]},{"id":687,"url":"https:\/\/alpoma.net\/tecob\/?p=687","url_meta":{"origin":1637,"position":4},"title":"Rascacielos en La Meca","author":"alpoma","date":"10 marzo 2007","format":false,"excerpt":"Todo el mundo ha o\u00eddo hablar de La Meca, no hace falta ser musulm\u00e1n para ello porque, al tratarse de uno de los lugares de peregrinaje m\u00e1s concurridos del mundo, tarde o temprano se oye algo acerca de esa ciudad. Personalmente nunca me ha llamado la atenci\u00f3n, salvo por la\u2026","rel":"","context":"En \u00abGeo\u00bb","block_context":{"text":"Geo","link":"https:\/\/alpoma.net\/tecob\/?cat=5"},"img":{"alt_text":"","src":"https:\/\/i0.wp.com\/alpoma.net\/tecob\/wp-content\/uploads\/2007\/03\/416692693_76c7831257.jpg?resize=350%2C200&ssl=1","width":350,"height":200},"classes":[]},{"id":6647,"url":"https:\/\/alpoma.net\/tecob\/?p=6647","url_meta":{"origin":1637,"position":5},"title":"The Shard, el techo de Europa","author":"alpoma","date":"15 mayo 2012","format":false,"excerpt":"Cuenta con 72 pisos y tiene una altura de 310 metros, con lo que puede considerarse como el mayor rascacielos de Europa. Se trata de un edificio situado en el distrito de Southwark en Londres. El Shard, dise\u00f1ado por el equipo de Renzo Piano, es una maravilla. Cuando hace pocos\u2026","rel":"","context":"En \u00abGeo\u00bb","block_context":{"text":"Geo","link":"https:\/\/alpoma.net\/tecob\/?cat=5"},"img":{"alt_text":"","src":"https:\/\/i0.wp.com\/alpoma.net\/tecob\/wp-content\/uploads\/2012\/05\/6322313710_238a552c68_z.jpg?resize=350%2C200&ssl=1","width":350,"height":200,"srcset":"https:\/\/i0.wp.com\/alpoma.net\/tecob\/wp-content\/uploads\/2012\/05\/6322313710_238a552c68_z.jpg?resize=350%2C200&ssl=1 1x, https:\/\/i0.wp.com\/alpoma.net\/tecob\/wp-content\/uploads\/2012\/05\/6322313710_238a552c68_z.jpg?resize=525%2C300&ssl=1 1.5x"},"classes":[]}],"jetpack_sharing_enabled":true,"_links":{"self":[{"href":"https:\/\/alpoma.net\/tecob\/index.php?rest_route=\/wp\/v2\/posts\/1637","targetHints":{"allow":["GET"]}}],"collection":[{"href":"https:\/\/alpoma.net\/tecob\/index.php?rest_route=\/wp\/v2\/posts"}],"about":[{"href":"https:\/\/alpoma.net\/tecob\/index.php?rest_route=\/wp\/v2\/types\/post"}],"author":[{"embeddable":true,"href":"https:\/\/alpoma.net\/tecob\/index.php?rest_route=\/wp\/v2\/users\/1"}],"replies":[{"embeddable":true,"href":"https:\/\/alpoma.net\/tecob\/index.php?rest_route=%2Fwp%2Fv2%2Fcomments&post=1637"}],"version-history":[{"count":0,"href":"https:\/\/alpoma.net\/tecob\/index.php?rest_route=\/wp\/v2\/posts\/1637\/revisions"}],"wp:featuredmedia":[{"embeddable":true,"href":"https:\/\/alpoma.net\/tecob\/index.php?rest_route=\/wp\/v2\/media\/11018"}],"wp:attachment":[{"href":"https:\/\/alpoma.net\/tecob\/index.php?rest_route=%2Fwp%2Fv2%2Fmedia&parent=1637"}],"wp:term":[{"taxonomy":"category","embeddable":true,"href":"https:\/\/alpoma.net\/tecob\/index.php?rest_route=%2Fwp%2Fv2%2Fcategories&post=1637"},{"taxonomy":"post_tag","embeddable":true,"href":"https:\/\/alpoma.net\/tecob\/index.php?rest_route=%2Fwp%2Fv2%2Ftags&post=1637"}],"curies":[{"name":"wp","href":"https:\/\/api.w.org\/{rel}","templated":true}]}}