{"id":1596,"date":"2009-11-18T19:12:33","date_gmt":"2009-11-18T17:12:33","guid":{"rendered":"http:\/\/www.alpoma.net\/tecob\/?p=1596"},"modified":"2009-11-18T19:12:33","modified_gmt":"2009-11-18T17:12:33","slug":"campos-de-concentracion-en-los-estados-unidos-segunda-guerra-mundial","status":"publish","type":"post","link":"https:\/\/alpoma.net\/tecob\/?p=1596","title":{"rendered":"Campos de concentraci\u00f3n en los Estados Unidos (Segunda Guerra Mundial)"},"content":{"rendered":"<p>Las guerras son as\u00ed, una calamidad, es igual de d\u00f3nde seas y lo que pienses, la desgracia puede caer sobre ti en el momento que menos se espera. Tal cosa pensaron, a buen seguro, muchos japoneses que viv\u00edan en los Estados Unidos (<em>Nisei<\/em>) en los a\u00f1os cuarenta. Tras el ataque japon\u00e9s a <strong>Pearl Harbor<\/strong>, con la entrada en la Segunda Guerra Mundial de los Estados Unidos, las autoridades americanas se tomaron muy en serio el papel que podr\u00edan jugar los ciudadanos de origen extranjero, sobre todo si proced\u00edan de pa\u00edses enemigos. <strong>\u00bfQu\u00e9 hacer con los estadounidenses de origen alem\u00e1n, italiano o japon\u00e9s?<\/strong> Malos tiempos se acercaban para muchos de ellos. Con la ley en la mano y gracias a la Orden Ejecutiva 9066 y la 9102, firmadas por Roosevelt, naci\u00f3 en marzo de 1942 la <strong>War Relocation Authority<\/strong>, algo as\u00ed como una agencia civil p\u00fablica encargada de \u00abreubicar\u00bb en <strong><a href=\"http:\/\/www.densho.org\/\" class=\"enlaces\">campos de concentraci\u00f3n a americanos con ra\u00edces japonesas<\/a><\/strong> para mantenerlos lejos de posibles \u00e1reas sensibles y, tambi\u00e9n, para ser protegidos de ataques por parte de la poblaci\u00f3n. Esto \u00faltimo era posible, claro est\u00e1, pero no dejaba de ser una excusa para librarse de los \u00abjapos\u00bb, considerados como posibles <em>topos<\/em> o agentes peligrosos, esp\u00edas y dem\u00e1s mala cala\u00f1a para la buena marcha de la guerra. <\/p>\n<p><img decoding=\"async\" src=\"http:\/\/farm3.static.flickr.com\/2788\/4114557463_c0edc8ff00_o.jpg\" alt=\"img\" class=\"otros\"\/><br \/>\n<em>Fotograf\u00eda de Dorothea Lange tomada en julio de 1942 en el campo de internamiento californiano de Manzanar<\/em>.<\/p>\n<p>Las medidas para evitar el espionaje y los posibles sabotajes sobre infraestructuras civiles y militares inclu\u00edan igualmente el internamiento de personas de origen alem\u00e1n o italiano, pero el grupo japon\u00e9s fue el m\u00e1s perjudicado. Se levantaron <strong><a href=\"http:\/\/es.wikipedia.org\/wiki\/Campos_de_concentraci%C3%B3n_en_los_Estados_Unidos\" class=\"enlaces\">grandes campos de internamiento en la costa oeste<\/a><\/strong>, donde los americano-japoneses fueron concentrados y controlados. Si bien es cierto que hubo grupos de japoneses que colaboraron con los militares estadounidenses en el esfuerzo de guerra, muchos otros, incluso deseando participar para defender Am\u00e9rica, fueron apartados en estos campos de concentraci\u00f3n. En dichos lugares los internados eran mantenidos ocupados con diversos trabajos manuales o en labores agr\u00edcolas. Cada uno de los campos, capaz de albergar a miles de personas de forma ordenada, fueron dise\u00f1ados para controlar cuidadosamente a quienes se encontraran en su interior por medio de un sistema de barracones e instalaciones comunes f\u00e1cilmente vigilables. <strong>Nadie pod\u00eda salir de all\u00ed sin un permiso adecuado y pocas v\u00edas de escape pod\u00edan tener los internados<\/strong>. Quien pudiera entrar en el ej\u00e9rcito, pod\u00eda tener la suerte de, tras un estudio severo de sus antecedentes personales y familiares, ser enviado al frente del Pac\u00edfico. El resto deb\u00eda esperar, prisionero en su propio pa\u00eds, a que finalizara el conflicto. El que intentara escapar se enfrentaba a graves castigos y, c\u00f3mo no, al desierto, pues muchos de los asentamientos se construyeron en \u00e1reas poco acogedoras, por decirlo de una forma suave. <!--more--><\/p>\n<p>A pesar de poder contar con ciertas comodidades, aunque muy limitadas, y de llevar una vida en comunidad con bastante libertad en el interior de los campos, los internados eran sometidos a un r\u00e9gimen de trabajo muy duro. Por muy \u00abdulces\u00bb que se quisieran pintar las condiciones de vida en el interior, no dejaba de ser una prisi\u00f3n, un lugar en el que los conflictos surg\u00edan a diario. La pesadilla dur\u00f3 bastante tiempo, hasta que la Orden Ejecutiva 9742, firmada esta vez por Truman, signific\u00f3 la ejecuci\u00f3n del <strong>cierre del \u00faltimo de los campos, el de Tule Lake, en marzo de 1946<\/strong>. <\/p>\n<p><strong><a href=\"http:\/\/www.sfmuseum.org\/hist\/lange.html\" class=\"enlaces\">Dorothea Lange<\/a><\/strong>, c\u00e9lebre por <strong><a href=\"http:\/\/www.archives.gov\/exhibits\/picturing_the_century\/portfolios\/port_lange.html\" class=\"enlaces\">sus fotograf\u00edas<\/a><\/strong> de la poblaci\u00f3n estadounidense durante la Gran Depresi\u00f3n, realiz\u00f3 igualmente un gran trabajo a la hora de registrar im\u00e1genes de los campos. Muchas de sus fotograf\u00edas de ese proyecto fueron consideradas como material reservado por parte de las autoridades de los Estados Unidos durante bastante tiempo. He aqu\u00ed algunas de ellas, que nos cuentan m\u00e1s que cualquier texto.<\/p>\n<p><img decoding=\"async\" src=\"http:\/\/farm3.static.flickr.com\/2515\/4115376726_60f8c018d7_o.jpg\" alt=\"img\" class=\"otros\"\/><br \/>\n<em>Ciudadanos de origen japon\u00e9s esperando un autob\u00fas que les conducir\u00e1 a un campo de concentracion. California, abril de 1942.<\/em><\/p>\n<p><img decoding=\"async\" src=\"http:\/\/farm3.static.flickr.com\/2613\/4114607743_d7eea48d3a_o.jpg\" alt=\"img\" class=\"otros\"\/><br \/>\n<em>Saludo a la bandera. Abril de 1942.<\/em><\/p>\n<p><img decoding=\"async\" src=\"http:\/\/farm3.static.flickr.com\/2731\/4114607927_9cd5370107_o.jpg\" alt=\"img\" class=\"otros\"\/><br \/>\n<em>En nombre de la ley. Abril de 1942.<\/em><\/p>\n<p><img decoding=\"async\" src=\"http:\/\/farm3.static.flickr.com\/2439\/4115377424_fed3045d78_o.jpg\" alt=\"img\" class=\"otros\"\/><br \/>\n<em>Uno de los campos de concentraci\u00f3n.<\/em><\/p>\n<p><img decoding=\"async\" src=\"http:\/\/farm3.static.flickr.com\/2518\/4114608401_261b6acc34_o.jpg\" alt=\"img\" class=\"otros\"\/><br \/>\n<em>La familia Mochida esperando ser llevada a uno de los campos. Mayo de 1942.<\/em><\/p>\n<p>Por otra parte, para finalizar este art\u00edculo, he aqu\u00ed una pel\u00edcula de propaganda de la \u00e9poca sobre los campos de concentraci\u00f3n para ciudadanos de origen japon\u00e9s en los Estados Unidos.<\/p>\n","protected":false},"excerpt":{"rendered":"<div class=\"mh-excerpt\"><p>Las guerras son as\u00ed, una calamidad, es igual de d\u00f3nde seas y lo que pienses, la desgracia puede caer sobre ti en el momento que menos se espera. Tal cosa <a class=\"mh-excerpt-more\" href=\"https:\/\/alpoma.net\/tecob\/?p=1596\" title=\"Campos de concentraci\u00f3n en los Estados Unidos (Segunda Guerra Mundial)\">[&#8230;]<\/a><\/p>\n<\/div>","protected":false},"author":1,"featured_media":10832,"comment_status":"open","ping_status":"open","sticky":false,"template":"","format":"standard","meta":{"jetpack_post_was_ever_published":false,"_jetpack_newsletter_access":"","_jetpack_dont_email_post_to_subs":false,"_jetpack_newsletter_tier_id":0,"_jetpack_memberships_contains_paywalled_content":false,"_jetpack_memberships_contains_paid_content":false,"footnotes":""},"categories":[3],"tags":[],"class_list":["post-1596","post","type-post","status-publish","format-standard","has-post-thumbnail","hentry","category-obsolescencia"],"jetpack_featured_media_url":"https:\/\/alpoma.net\/tecob\/wp-content\/uploads\/2009\/11\/4114557463_c0edc8ff00_o.jpg","jetpack_shortlink":"https:\/\/wp.me\/p93Dc1-pK","jetpack-related-posts":[{"id":13111,"url":"https:\/\/alpoma.net\/tecob\/?p=13111","url_meta":{"origin":1596,"position":0},"title":"Cuando Jap\u00f3n bombarde\u00f3 los Estados Unidos con miles de globos","author":"alpoma","date":"12 febrero 2018","format":false,"excerpt":"Las \u00faltimas fases del conflicto del Pac\u00edfico, durante la Segunda Guerra Mundial, vieron c\u00f3mo los japoneses agudizaban su ingenio a la hora de intentar bombardear los Estados Unidos de cualquier forma que se les ocurriera. Eran conscientes de que no hab\u00eda mucho que hacer, pues no pod\u00edan volar a trav\u00e9s\u2026","rel":"","context":"En \u00abObsolescencia\u00bb","block_context":{"text":"Obsolescencia","link":"https:\/\/alpoma.net\/tecob\/?cat=3"},"img":{"alt_text":"","src":"https:\/\/i0.wp.com\/alpoma.net\/tecob\/wp-content\/uploads\/2018\/02\/globo-de-fuego.jpg?resize=350%2C200","width":350,"height":200},"classes":[]},{"id":13372,"url":"https:\/\/alpoma.net\/tecob\/?p=13372","url_meta":{"origin":1596,"position":1},"title":"El d\u00eda que se simul\u00f3 un bombardeo at\u00f3mico sobre Badajoz","author":"alpoma","date":"26 mayo 2018","format":false,"excerpt":"El pasado 12 de febrero de 2018 publiqu\u00e9 en este mismo blog un art\u00edculo sobre el proyecto japon\u00e9s de la Segunda Guerra Mundial que pretend\u00eda bombardear los Estados Unidos con cientos de globos cargados con explosivos incendiarios. Aquellos globos, que cruzaban el Oc\u00e9ano Pac\u00edfico aprovechando las reci\u00e9n descubiertas \"corrientes en\u2026","rel":"","context":"En \u00abObsolescencia\u00bb","block_context":{"text":"Obsolescencia","link":"https:\/\/alpoma.net\/tecob\/?cat=3"},"img":{"alt_text":"","src":"https:\/\/i0.wp.com\/alpoma.net\/tecob\/wp-content\/uploads\/2018\/05\/globo-moby-dick-proyecto.png?resize=350%2C200&ssl=1","width":350,"height":200,"srcset":"https:\/\/i0.wp.com\/alpoma.net\/tecob\/wp-content\/uploads\/2018\/05\/globo-moby-dick-proyecto.png?resize=350%2C200&ssl=1 1x, https:\/\/i0.wp.com\/alpoma.net\/tecob\/wp-content\/uploads\/2018\/05\/globo-moby-dick-proyecto.png?resize=525%2C300&ssl=1 1.5x, https:\/\/i0.wp.com\/alpoma.net\/tecob\/wp-content\/uploads\/2018\/05\/globo-moby-dick-proyecto.png?resize=700%2C400&ssl=1 2x"},"classes":[]},{"id":8846,"url":"https:\/\/alpoma.net\/tecob\/?p=8846","url_meta":{"origin":1596,"position":2},"title":"(1916) Un submarino mercante para burlar el bloqueo brit\u00e1nico","author":"alpoma","date":"20 febrero 2014","format":false,"excerpt":"La ya pr\u00e1cticamente centenaria Gran Guerra (siempre me ha gustado m\u00e1s ese t\u00e9rmino que Primera Guerra Mundial), est\u00e1 repleta de terribles historias pero, tambi\u00e9n, de curiosidades. He aqu\u00ed un ejemplo a medio camino entre lo triste y lo sorprendente. Triste por el marco hist\u00f3rico que llev\u00f3 a la creaci\u00f3n de\u2026","rel":"","context":"En \u00abObsolescencia\u00bb","block_context":{"text":"Obsolescencia","link":"https:\/\/alpoma.net\/tecob\/?cat=3"},"img":{"alt_text":"","src":"https:\/\/i0.wp.com\/alpoma.net\/tecob\/wp-content\/uploads\/2014\/02\/carguero_alemania.jpg?resize=350%2C200&ssl=1","width":350,"height":200,"srcset":"https:\/\/i0.wp.com\/alpoma.net\/tecob\/wp-content\/uploads\/2014\/02\/carguero_alemania.jpg?resize=350%2C200&ssl=1 1x, https:\/\/i0.wp.com\/alpoma.net\/tecob\/wp-content\/uploads\/2014\/02\/carguero_alemania.jpg?resize=525%2C300&ssl=1 1.5x"},"classes":[]},{"id":6813,"url":"https:\/\/alpoma.net\/tecob\/?p=6813","url_meta":{"origin":1596,"position":3},"title":"Las chicas de Hiroshima","author":"alpoma","date":"29 junio 2012","format":false,"excerpt":"A las ocho y cuarto de la ma\u00f1ana del 6 de agosto de 1945 hubo, sin duda, un lugar en el que la Tierra se convirti\u00f3 en lo m\u00e1s parecido al infierno. No era buena idea encontrarse en Hiroshima o en sus cercan\u00edas aquel d\u00eda, como tampoco lo fue poco\u2026","rel":"","context":"En \u00abObsolescencia\u00bb","block_context":{"text":"Obsolescencia","link":"https:\/\/alpoma.net\/tecob\/?cat=3"},"img":{"alt_text":"","src":"https:\/\/i0.wp.com\/alpoma.net\/tecob\/wp-content\/uploads\/2012\/06\/7468092812_0efd10bce3_o.jpg?resize=350%2C200&ssl=1","width":350,"height":200,"srcset":"https:\/\/i0.wp.com\/alpoma.net\/tecob\/wp-content\/uploads\/2012\/06\/7468092812_0efd10bce3_o.jpg?resize=350%2C200&ssl=1 1x, https:\/\/i0.wp.com\/alpoma.net\/tecob\/wp-content\/uploads\/2012\/06\/7468092812_0efd10bce3_o.jpg?resize=525%2C300&ssl=1 1.5x"},"classes":[]},{"id":832,"url":"https:\/\/alpoma.net\/tecob\/?p=832","url_meta":{"origin":1596,"position":4},"title":"Misiles guiados por palomas","author":"alpoma","date":"6 febrero 2008","format":false,"excerpt":"En la guerra todo vale, cualquier idea que pueda ofrecer una ventaja frente al enemigo ser\u00e1 del agrado de quienes a tal \"arte\" se dedican. El empleo de animales en el campo de batalla, o en el espionaje, no es algo nuevo. Ah\u00ed est\u00e1n, por ejemplo, los intentos de lograr\u2026","rel":"","context":"En \u00abObsolescencia\u00bb","block_context":{"text":"Obsolescencia","link":"https:\/\/alpoma.net\/tecob\/?cat=3"},"img":{"alt_text":"","src":"https:\/\/i0.wp.com\/alpoma.net\/tecob\/wp-content\/uploads\/2008\/02\/2247262408_955e29ebbd_o.jpg?resize=350%2C200&ssl=1","width":350,"height":200,"srcset":"https:\/\/i0.wp.com\/alpoma.net\/tecob\/wp-content\/uploads\/2008\/02\/2247262408_955e29ebbd_o.jpg?resize=350%2C200&ssl=1 1x, https:\/\/i0.wp.com\/alpoma.net\/tecob\/wp-content\/uploads\/2008\/02\/2247262408_955e29ebbd_o.jpg?resize=525%2C300&ssl=1 1.5x"},"classes":[]},{"id":7049,"url":"https:\/\/alpoma.net\/tecob\/?p=7049","url_meta":{"origin":1596,"position":5},"title":"La isla sin colores","author":"alpoma","date":"15 agosto 2012","format":false,"excerpt":"El tema surgi\u00f3 de repente a principios del verano, en una sobremesa vallisoletana de boca de Carlos Canales, frente a una t\u00f3nica azulada y con el sol amenazando con comerse la sombra en la que nos encontr\u00e1bamos. Se trata de algo bastante conocido entre los genetistas y muy utilizado en\u2026","rel":"","context":"En \u00abGeo\u00bb","block_context":{"text":"Geo","link":"https:\/\/alpoma.net\/tecob\/?cat=5"},"img":{"alt_text":"","src":"","width":0,"height":0},"classes":[]}],"jetpack_sharing_enabled":true,"_links":{"self":[{"href":"https:\/\/alpoma.net\/tecob\/index.php?rest_route=\/wp\/v2\/posts\/1596","targetHints":{"allow":["GET"]}}],"collection":[{"href":"https:\/\/alpoma.net\/tecob\/index.php?rest_route=\/wp\/v2\/posts"}],"about":[{"href":"https:\/\/alpoma.net\/tecob\/index.php?rest_route=\/wp\/v2\/types\/post"}],"author":[{"embeddable":true,"href":"https:\/\/alpoma.net\/tecob\/index.php?rest_route=\/wp\/v2\/users\/1"}],"replies":[{"embeddable":true,"href":"https:\/\/alpoma.net\/tecob\/index.php?rest_route=%2Fwp%2Fv2%2Fcomments&post=1596"}],"version-history":[{"count":0,"href":"https:\/\/alpoma.net\/tecob\/index.php?rest_route=\/wp\/v2\/posts\/1596\/revisions"}],"wp:featuredmedia":[{"embeddable":true,"href":"https:\/\/alpoma.net\/tecob\/index.php?rest_route=\/wp\/v2\/media\/10832"}],"wp:attachment":[{"href":"https:\/\/alpoma.net\/tecob\/index.php?rest_route=%2Fwp%2Fv2%2Fmedia&parent=1596"}],"wp:term":[{"taxonomy":"category","embeddable":true,"href":"https:\/\/alpoma.net\/tecob\/index.php?rest_route=%2Fwp%2Fv2%2Fcategories&post=1596"},{"taxonomy":"post_tag","embeddable":true,"href":"https:\/\/alpoma.net\/tecob\/index.php?rest_route=%2Fwp%2Fv2%2Ftags&post=1596"}],"curies":[{"name":"wp","href":"https:\/\/api.w.org\/{rel}","templated":true}]}}