{"id":1568,"date":"2009-11-12T19:53:06","date_gmt":"2009-11-12T17:53:06","guid":{"rendered":"http:\/\/www.alpoma.net\/tecob\/?p=1568"},"modified":"2009-11-12T19:53:06","modified_gmt":"2009-11-12T17:53:06","slug":"%c2%bfpor-que-no-sucedera-nada-en-2012","status":"publish","type":"post","link":"https:\/\/alpoma.net\/tecob\/?p=1568","title":{"rendered":"\u00bfPor qu\u00e9 no suceder\u00e1 nada en 2012?"},"content":{"rendered":"<p><img decoding=\"async\" src=\"http:\/\/farm3.static.flickr.com\/2661\/4097988623_09b0fab1e5_o.jpg\" alt=\"img\" class=\"izda\"\/>Por supuesto, como cualquier a\u00f1o en la historia, el 2012 estar\u00e1 repleto de sucesos y hechos de todo tipo. Cuando me refiero a que no pasar\u00e1 NADA, como bien se puede ya suponer, quiero decir que ni habr\u00e1 fin del mundo, ni Apocalipsis alguno ni zarandajas similares. Ayer public\u00f3 <em>Information is Beautiful<\/em> <strong><a href=\"http:\/\/www.informationisbeautiful.net\/visualizations\/2012-the-end-of-the-world\/\" class=\"enlaces\">una bella infograf\u00eda<\/a><\/strong> que recopila muchas malas interpretaciones y creencias sobre el dichoso 2012. Recomiendo vivamente disfrutar de ese trabajo, como tambi\u00e9n he de recomendar visitar el <strong><a href=\"http:\/\/spreadsheets.google.com\/ccc?key=0AmCeWwNKr6FmdDJnMmtSY3JGZF9GNlUzRTN6SEMyNWc&#038;hl=en\" class=\"enlaces\">documento que recoge las referencias empleadas<\/a><\/strong> para su realizaci\u00f3n. Precisamente, de todas las referencias que suelen citarse, voy a resumir aqu\u00ed algunas de ellas. Los creyentes, por supuesto, seguir\u00e1n en sus trece, confiando en que el 2012 traiga alg\u00fan final, tr\u00e1gico o venturoso para algo. Mientras tanto, basados en datos err\u00f3neos e interpretaciones interesadas, los vendedores de humo seguir\u00e1n haciendo su agosto a costa de ellos. Veamos algunos de los malos entendidos sobre el 2012, tanto desde el punto de vista de los \u00abcreyentes\u00bb, como desde el de los esc\u00e9pticos, o sea, de quienes piensan y analizan lo que dicen de forma racional, buscando el origen de las cosas sin confiar en lo que cuatro gur\u00fas de medio pelo digan. Por cierto, aviso ya desde aqu\u00ed severamente, empleo el t\u00e9rmino \u00abesc\u00e9ptico\u00bb como lo que es, y como lo que me considero, alguien que analiza racionalmente las evidencias disponibles sin dejarse llevar por fantas\u00edas sin base alguna. Lo digo para que nadie se llame a enga\u00f1o, ya que para cierta gente el t\u00e9rmino esc\u00e9ptico es sin\u00f3nimo de descre\u00eddo que ataca cualquier creencia por sistema. Nada de eso, lo que se hace es mostrar las evidencias disponibles, luego que cada cual saque sus conclusiones. Vamos all\u00e1. <!--more--><\/p>\n<p><strong>>> 2012: \u00bfEL FIN DEL MUNDO?<\/strong><\/p>\n<p><strong>SEG\u00daN LOS CREYENTES<\/strong>: Creemos que una gran cataclismo o una gran transformaci\u00f3n suceder\u00e1 en el a\u00f1o 2012. Seg\u00fan la arqueolog\u00eda, la mitolog\u00eda y la numerolog\u00eda mayas, todo indica que el 21 de diciembre de 2012 suceder\u00e1 algo clave en la historia de la humanidad. El planeta y sus habitantes sufrir\u00e1n una gran transformaci\u00f3n f\u00edsica o espiritual. Posiblemente, esta fecha marque el inicio del Apocalipsis.<\/p>\n<p><strong>SEG\u00daN LOS ESC\u00c9PTICOS<\/strong>: No pensamos que en esa fecha suceda nada significativo, ni que el Apocalipsis comience. La idea de que suceda algo excepcional durante 2012 basada en interpretaciones del calendario de los mayas no tiene ninguna base y es pura pseudociencia. Cualquiera que conozca con un m\u00ednimo de detalle la historia y cultura mayas, as\u00ed como sus calendarios, convendr\u00e1 en que todo ello se basa en suposiciones sin fundamento alguno.<\/p>\n<p><strong>>> \u00bfUNA PROFEC\u00cdA MAYA?<\/strong><\/p>\n<p><strong>CREYENTES<\/strong>: El mayor calendario maya, o de <em>Cuenta Larga<\/em>, se completa cada 5.125 a\u00f1os, y su pr\u00f3ximo final se dar\u00e1 el 21 de diciembre de 2012. El final de este calendario significa el fin de un gran ciclo y el t\u00e9rmino o final del mundo tal y como lo conocemos.<\/p>\n<p><strong>ESC\u00c9PTICOS<\/strong>: Se sabe que los mayas empleaban diversos tipos de calendarios, incluso varios de <em>Cuenta Larga<\/em> o grandes ciclos. Varias ciudades-estado mayas ten\u00edan calendarios de ciclo largo diferentes, algunos con ciclos de hasta 7.886 a\u00f1os. Los historiadores expertos en cultura maya se\u00f1alan que para los antiguos mayas el final de un ciclo no significaba el final de la creaci\u00f3n ni nada parecido. Incluso hac\u00edan predicciones para fechas posteriores a los finales de ciclo y, adem\u00e1s, esos puntos finales en su cuenta eran dignos de celebraci\u00f3n, no motivo de temor.<\/p>\n<p><strong>CREYENTES<\/strong>: Los textos mayas se encuentran repletos de referencias al 2012, o en fecha maya: 13.0.0.0.0.<\/p>\n<p><strong>ESC\u00c9PTICOS<\/strong>: \u00danicamente se conoce una referencia a la cifra 2012 procedente de alg\u00fan yacimiento arqueol\u00f3gico. Se trata del monumento de Tortuguero, en M\u00e9xico. Adem\u00e1s, el calendario que empleaban quienes levantaron ese monumento empleaba ciclos de 7.886 a\u00f1os, con lo que 2012 no significar\u00eda para ellos el final de nada. Por otra parte, la mayor parte de la estela aparece hoy d\u00eda ilegible, por lo que su interpretaci\u00f3n es casi imposible de efectuar.<\/p>\n<p><strong>CREYENTES<\/strong>: Los mayas actuales creen que el 2012 significar\u00e1 un \u00absalto\u00bb para la humanidad.<\/p>\n<p><strong>ESC\u00c9PTICOS<\/strong>: Casi ning\u00fan descendiente actual de los mayas emplea calendarios basados en los de sus antepasados. Por otra parte, el conocimiento actual sobre esos calendarios se basa en estudios arqueol\u00f3gicos muy recientes. Es m\u00e1s, ancianos mayas como Apolinario Chile Pixt\u00fan ha hecho notar insistentemente que el concepto de Apocalipsis es \u00fanicamente occidental y nada tiene que ver con su cultura.<\/p>\n<p><strong>CREYENTES<\/strong>: El experto de Harvard Michael D. Coe ha afirmado que el \u00abArmaged\u00f3n caer\u00e1 sobre los pueblos degenerados de toda la creaci\u00f3n.\u00bb<\/p>\n<p><strong>ESC\u00c9PTICOS<\/strong>: Se trata de una frase completamente sacada de contexto. El Profesor Coe cree que la fecha fue importante para algunos grupos mayas, pero nunca pensaron en que tuviera relevancia planetaria. Es m\u00e1s, seg\u00fan sus estudios, los mayas hubieran celebrado la llegada del 2012 como una fiesta, no como algo a temer.<\/p>\n<p><strong>CREYENTES<\/strong>: Los aztecas y los toltecas tambi\u00e9n nos han legado conocimientos sobre el 2012.<\/p>\n<p><strong>ESC\u00c9PTICOS<\/strong>: No existe ninguna evidencia arqueol\u00f3gica que nos permita pensar que el 2012 fuera importante para ning\u00fan otro pueblo o civilizaci\u00f3n mesoamericana.<\/p>\n<p><strong>CREYENTES<\/strong>: El s\u00edmbolo maya del Hunab Ku nos muestra el alto grado de conocimiento que llegaron a poseer sobre las fuerzas c\u00f3smicas que influyen sobre la humanidad. Este s\u00edmbolo, con el nombre de una deidad maya, se ha convertido tambi\u00e9n en s\u00edmbolo del movimiento de los creyentes en el 2012. Es sorprendente, y no creemos que sea una coincidencia, que se trate de la uni\u00f3n del s\u00edmbolo del ying-yang y la forma de una galaxia espiral.<\/p>\n<p><strong>ESC\u00c9PTICOS<\/strong>: Por supuesto, no es una coincidencia&#8230; \u00a1porque se trata de un s\u00edmbolo inventado en el siglo XX! Originalmente este s\u00edmbolo era rectangular y proced\u00eda de los aztecas, no de los mayas. Era utilizado en un tipo de manto ritual, que posteriormente fue copiado y modificado para darle su actual forma circular por el escritor de libros de \u00abnueva era\u00bb Jos\u00e9 Arg\u00fcelles en 1987.<\/p>\n<p><strong>>> \u00bfIMPORTANCIA ASTRON\u00d3MICA?<\/strong><\/p>\n<p><strong>CREYENTES<\/strong>: El 21 de diciembre de 2012 es una fecha importante desde el punto de vista astron\u00f3mico. Este d\u00eda marca el final de un ciclo de 26.000 a\u00f1os conocido como precesi\u00f3n de los equinoccios.<\/p>\n<p><strong>ESC\u00c9PTICOS<\/strong>: Astron\u00f3micamente ese d\u00eda no tiene importancia alguna. Dentro del ciclo no se pueden marcar fechas de \u00abinicio\u00bb o final, se trata de una creencia sin base cient\u00edfica o matem\u00e1tica alguna.<\/p>\n<p><strong>CREYENTES<\/strong>: En el solsticio de invierno, el 21 de diciembre de 2012, suceder\u00e1 algo \u00fanico, cuando el ecuador de la Tierra, el Sol y el plano de la V\u00eda L\u00e1ctea est\u00e9n alineados.<\/p>\n<p><strong>ESC\u00c9PTICOS<\/strong>: Sea cual fuere el c\u00e1lculo que se realice, ese d\u00eda no habr\u00e1 tal alineaci\u00f3n, es m\u00e1s, lo m\u00e1s parecido a una alineaci\u00f3n de ese tipo ya se dio en 1998 y no sucedi\u00f3 absolutamente nada.<\/p>\n<p><strong>CREYENTES<\/strong>: La Tierra atravesar\u00e1 entonces el plano gal\u00e1ctico. En 2012 atravesaremos f\u00edsicamente al otro lado del disco de la galaxia, entrando en una nueva era.<\/p>\n<p><strong>ESC\u00c9PTICOS<\/strong>: Actualmente nuestro Sistema Solar no se encuentra precisamente muy cerca de poder cruzar el plano gal\u00e1ctico. Es m\u00e1s, tal cosa no suceder\u00e1 hasta dentro de muchos millones de a\u00f1os, al encontrarnos a muchos a\u00f1os luz de dicho plano, que adem\u00e1s no supone m\u00e1s que un artefacto imaginario, no existe una barrera f\u00edsica, de energ\u00eda ni de ning\u00fan otro tipo dividiendo la galaxia en dos hemisferios.<\/p>\n<p><strong>>> \u00bfUNA CAT\u00c1STROFE GLOBAL?<\/strong><\/p>\n<p><strong>CREYENTES<\/strong>: El planeta Nibiru, tambi\u00e9n conocido como Eris o Planeta X, se aproximar\u00e1 a nuestro mundo y lo destruir\u00e1 en 2012. Nibiru guarda una \u00f3rbita alrededor del Sol de unos 3.600 a\u00f1os y actualmente se encuentra a punto de penetrar en el interior del Sistema Solar. <\/p>\n<p><strong>ESC\u00c9PTICOS<\/strong>: Hasta ahora, no se ha detectado la presencia de ning\u00fan planeta con caracter\u00edsticas similares a las del supuesto Nibiru. En realidad, Eris es un planeta enano m\u00e1s peque\u00f1o que nuestra luna que actualmente se encuentra muy lejano, m\u00e1s all\u00e1 de la \u00f3rbita de Plut\u00f3n. De hecho, su \u00f3rbita nunca se interna en el Sistema Solar.<\/p>\n<p><strong>CREYENTES<\/strong>: El planeta Nibiru fue descubierto por los antiguos habitantes de Mesopotamia. Los mayas conoc\u00edan su existencia.<\/p>\n<p><strong>ESC\u00c9PTICOS<\/strong>: Nibiru es un nombre sumerio. La astrolog\u00eda babil\u00f3nica lo asocia al dios Marduk y se sabe que se refer\u00eda al planeta J\u00fapiter, no a un astro extra\u00f1o.<\/p>\n<p><strong>CREYENTES<\/strong>: Hace a\u00f1os que los astr\u00f3nomos conocen la existencia de este planeta amenazador, pero su existencia se ha ocultado en una conspiraci\u00f3n a nivel mundial.<\/p>\n<p><strong>ESC\u00c9PTICOS<\/strong>: Creo que, en este punto, lo mejor ser\u00eda no decir nada, porque quienes tal cosa afirman ya se est\u00e1n definiendo a s\u00ed mismos, y no precisamente de buena manera. Cualquier persona que tenga un m\u00ednimo de conocimiento astron\u00f3mico sabr\u00e1 que, mantener algo como eso, es una locura, adem\u00e1s de ser algo completamente imposible de ocultar por mucho que se intentara.<\/p>\n<p><strong>CREYENTES<\/strong>: El mundo sufrir\u00e1 en 2012 un cambio brutal en su eje de rotaci\u00f3n. Todo el manto terrestre girar\u00e1 catastr\u00f3ficamente, haciendo que el eje del planeta bascule, se destruir\u00e1 la corteza continental y grandes tsunamis inundar\u00e1n las tierras emergidas. Ser\u00e1 la cat\u00e1strofe que termine con la humanidad. <\/p>\n<p><strong>ESC\u00c9PTICOS<\/strong>: Vale, para una pel\u00edcula puede ser un argumento atractivo, pero la realidad no funciona de esa manera. No se pueden dar cambios tan dr\u00e1sticos en el eje de rotaci\u00f3n terrestre, es m\u00e1s, incluso m\u00ednimos cambios en el mismo requieren de per\u00edodos de miles o millones de a\u00f1os. <\/p>\n<p><strong>CREYENTES<\/strong>: Al igual que el eje de rotaci\u00f3n, el campo geomagn\u00e9tico terrestre cambiar\u00e1 de polaridad s\u00fabitamente, esto destruir\u00e1 a la humanidad.<\/p>\n<p><strong>ESC\u00c9PTICOS<\/strong>: S\u00ed, un cambio en la polaridad del campo es posible, de hecho, ya ha sucedido antes, siendo el \u00faltimo de los cambios el acaecido hace 780.000 a\u00f1os. Pero, hasta ah\u00ed llega la coincidencia con la creencia citada. Un cambio de polaridad no ser\u00eda destructivo en ning\u00fan modo y, adem\u00e1s, no puede suceder de un d\u00eda para otro, se requieren varios miles de a\u00f1os para que se complete.<\/p>\n<p><strong>CREYENTES<\/strong>: Gigantescas tormentas solares arrasar\u00e1n la superficie de la Tierra. Las redes de transporte el\u00e9ctrico caer\u00e1n y la humanidad retroceder\u00e1 hasta la \u00e9poca preindustrial.<\/p>\n<p><strong>ESC\u00c9PTICOS<\/strong>: No existe ning\u00fan indicio que permita afirmar que tormentan solares tan gigantescas vayan a suceder, o incluso que hayan sucedido alguna vez. Naturalmente, pueden darse grandes tormentas solares, pero en ning\u00fan caso las redes el\u00e9ctricas caer\u00edan, aunque s\u00ed podr\u00edan da\u00f1ar sat\u00e9lites en \u00f3rbita.<\/p>\n<p><strong>>> \u00bfUN SALTO EN LA CONCIENCIA HUMANA?<\/strong><\/p>\n<p><strong>CREYENTES<\/strong>: En 2012, seg\u00fan Daniel Pinchbeck, en su obra <em>2012: el Retorno de Quetzalcoatl<\/em>, la humanidad dejar\u00e1 de preocuparse por lo material para entrar en el reino de lo espiritual, cambiando por completo su percepci\u00f3n del espacio y el tiempo.<\/p>\n<p><strong>ESC\u00c9PTICOS<\/strong>: Bonita idea, pero basada en la nada. No existe ni una sola prueba o indicio de que algo as\u00ed pueda suceder, ni en 2012 ni en cualquier otra fecha. Todas las afirmaciones en ese sentido se basan en simples creencias sin base alguna y jam\u00e1s se ha podido mostrar ni una sola pista que permita afirmar de forma racional algo similar. Por otra parte, cabe recordar que Quetzalcoatl formaba parte de la mitolog\u00eda azteca, no maya, y para ellos el 2012 no significaba absolutamente nada.<\/p>\n<p><strong>CREYENTES<\/strong>: El gran Terence McKenna predijo el salto de conciencia en 1975 basado en su teor\u00eda de ondas temporales. Para \u00e9l, el fin de la historia humana llegar\u00eda el 21 de diciembre de 2012.<\/p>\n<p><strong>ESC\u00c9PTICOS<\/strong>: Las ideas del ya fallecido McKenna se basan en sus propias creencias y ninguno de sus c\u00e1lculos ha sido apoyado jam\u00e1s de forma racional. Adem\u00e1s, en las primeras ediciones de sus obras apenas se mencionaba al 2012. Curiosamente, en las posteriores reediciones, y seg\u00fan iba avanzando la \u00abfama\u00bb del 2012, las referencias a este a\u00f1o han ido aumentando, hasta convertirse en algo capital en su obra, para gozo de sus editores.<\/p>\n<p><strong>Si se busca con cuidado, pueden encontrarse otros mil argumentos que demuestran que la creencia en el fin de los d\u00edas del 2012 es una completa estupidez<\/strong>, pero creo que con los mostrados aqu\u00ed es m\u00e1s que suficiente. Por desgracia, libros plagados de pseudoconocimientos sin m\u00e1s base que la calenturienta mente de sus autores, seguir\u00e1n vendi\u00e9ndose como churros hasta&#8230; \u00bf2012? Lo dudo, porque seguro que despu\u00e9s alguno vender\u00e1 algo as\u00ed como \u00abLa gu\u00eda de los supervivientes del fin del mundo\u00bb, en el que contar\u00e1 c\u00f3mo el esfuerzo mental de las gentes que cre\u00edan en el fin del a\u00f1o 2012 salvaron, temporalmente, a la humanidad. Por imaginar que no quede, es cuesti\u00f3n de negocio, no de verdad ni de realidad. Lamentablemente, los \u00abcreyentes\u00bb siguen siendo muy numerosos, para alegr\u00eda de los vendedores de humo. \ud83d\ude41<\/p>\n","protected":false},"excerpt":{"rendered":"<div class=\"mh-excerpt\"><p>Por supuesto, como cualquier a\u00f1o en la historia, el 2012 estar\u00e1 repleto de sucesos y hechos de todo tipo. Cuando me refiero a que no pasar\u00e1 NADA, como bien se <a class=\"mh-excerpt-more\" href=\"https:\/\/alpoma.net\/tecob\/?p=1568\" title=\"\u00bfPor qu\u00e9 no suceder\u00e1 nada en 2012?\">[&#8230;]<\/a><\/p>\n<\/div>","protected":false},"author":1,"featured_media":10756,"comment_status":"open","ping_status":"open","sticky":false,"template":"","format":"standard","meta":{"jetpack_post_was_ever_published":false,"_jetpack_newsletter_access":"","_jetpack_dont_email_post_to_subs":false,"_jetpack_newsletter_tier_id":0,"_jetpack_memberships_contains_paywalled_content":false,"_jetpack_memberships_contains_paid_content":false,"footnotes":""},"categories":[3],"tags":[],"class_list":["post-1568","post","type-post","status-publish","format-standard","has-post-thumbnail","hentry","category-obsolescencia"],"jetpack_featured_media_url":"https:\/\/alpoma.net\/tecob\/wp-content\/uploads\/2009\/11\/4097988623_09b0fab1e5_o.jpg","jetpack_shortlink":"https:\/\/wp.me\/p93Dc1-pi","jetpack-related-posts":[{"id":3329,"url":"https:\/\/alpoma.net\/tecob\/?p=3329","url_meta":{"origin":1568,"position":0},"title":"Almac\u00e9n 13","author":"alpoma","date":"15 agosto 2010","format":false,"excerpt":"En los instantes finales de Indiana Jones, en busca del arca perdida, aparece un lugar que ha sembrado la imaginaci\u00f3n de muchos durante a\u00f1os. All\u00ed, en un ignoto almac\u00e9n de gigantesco tama\u00f1o, fue a parar el arca, junto con miles de misteriosas cajas que, a buen seguro, contendr\u00edan maravillas similares\u2026","rel":"","context":"En \u00abPersonal\u00bb","block_context":{"text":"Personal","link":"https:\/\/alpoma.net\/tecob\/?cat=2"},"img":{"alt_text":"","src":"https:\/\/i0.wp.com\/alpoma.net\/tecob\/wp-content\/uploads\/2010\/08\/13-2.jpg?resize=350%2C200&ssl=1","width":350,"height":200,"srcset":"https:\/\/i0.wp.com\/alpoma.net\/tecob\/wp-content\/uploads\/2010\/08\/13-2.jpg?resize=350%2C200&ssl=1 1x, https:\/\/i0.wp.com\/alpoma.net\/tecob\/wp-content\/uploads\/2010\/08\/13-2.jpg?resize=525%2C300&ssl=1 1.5x"},"classes":[]},{"id":1925,"url":"https:\/\/alpoma.net\/tecob\/?p=1925","url_meta":{"origin":1568,"position":1},"title":"Nieve, lluvia e inundaciones (1910)","author":"alpoma","date":"9 enero 2010","format":false,"excerpt":"Ahora que, al otear por la ventana, veo a lo lejos Pe\u00f1a Mayor cubierta por completo de nieve. Cuando, al mismo tiempo, mire donde mire, las calles, los \u00e1rboles y los tejados est\u00e1n te\u00f1idos de blanco y en el exterior la temperatura sigue bajo cero, me ha picado la curiosidad\u2026","rel":"","context":"En \u00abClima\u00bb","block_context":{"text":"Clima","link":"https:\/\/alpoma.net\/tecob\/?cat=8"},"img":{"alt_text":"","src":"","width":0,"height":0},"classes":[]},{"id":2236,"url":"https:\/\/alpoma.net\/tecob\/?p=2236","url_meta":{"origin":1568,"position":2},"title":"Air Scooter \u00bfMotocicleta volante?","author":"alpoma","date":"25 febrero 2010","format":false,"excerpt":"Apresuradamente, y casi se me olvida, he estado buscando en mi archivo de cacharros extra\u00f1os una m\u00e1quina capaz de estar a la altura de esta fecha. \u00bfQu\u00e9 se celebra hoy? Nada, simplemente hace cinco a\u00f1os que comenc\u00e9 la aventura de TecOb y, por lo tanto, se inicia a partir de\u2026","rel":"","context":"En \u00abObsolescencia\u00bb","block_context":{"text":"Obsolescencia","link":"https:\/\/alpoma.net\/tecob\/?cat=3"},"img":{"alt_text":"","src":"https:\/\/i0.wp.com\/alpoma.net\/tecob\/wp-content\/uploads\/2010\/02\/4387806582_46dac21844_o.jpg?resize=350%2C200&ssl=1","width":350,"height":200,"srcset":"https:\/\/i0.wp.com\/alpoma.net\/tecob\/wp-content\/uploads\/2010\/02\/4387806582_46dac21844_o.jpg?resize=350%2C200&ssl=1 1x, https:\/\/i0.wp.com\/alpoma.net\/tecob\/wp-content\/uploads\/2010\/02\/4387806582_46dac21844_o.jpg?resize=525%2C300&ssl=1 1.5x"},"classes":[]},{"id":5023,"url":"https:\/\/alpoma.net\/tecob\/?p=5023","url_meta":{"origin":1568,"position":3},"title":"Nikola Tesla: Yo y la energ\u00eda","author":"alpoma","date":"1 julio 2011","format":false,"excerpt":"La figura de Nikola Tesla, uno de los padres de la tecnolog\u00eda el\u00e9ctrica actual, ha visto c\u00f3mo en los \u00faltimos tiempos ha renacido de las formas m\u00e1s extra\u00f1as imaginables el inter\u00e9s por su obra y vida. El problema de ver a Tesla mencionado en pel\u00edculas, c\u00f3mics, libros de todo tipo,\u2026","rel":"","context":"En \u00abPersonal\u00bb","block_context":{"text":"Personal","link":"https:\/\/alpoma.net\/tecob\/?cat=2"},"img":{"alt_text":"Yo y la energ\u00eda","src":"https:\/\/i0.wp.com\/farm6.static.flickr.com\/5309\/5891072563_1c11a97300_m.jpg?resize=350%2C200","width":350,"height":200},"classes":[]},{"id":385,"url":"https:\/\/alpoma.net\/tecob\/?p=385","url_meta":{"origin":1568,"position":4},"title":"Ciudades en los cielos","author":"alpoma","date":"8 marzo 2006","format":false,"excerpt":"Durante gran parte del siglo XX muchos visionarios so\u00f1aron con ciudades en las nubes, o mejor, grandes urbes en lejanos planetas, lunas, en \u00f3rbita terrestra o en el interior de asteroides. Era la \u00e9poca en que, por supuesto, se so\u00f1aba con un siglo XXI plagado de maravillas t\u00e9cnicas. En plena\u2026","rel":"","context":"En \u00abGeo\u00bb","block_context":{"text":"Geo","link":"https:\/\/alpoma.net\/tecob\/?cat=5"},"img":{"alt_text":"","src":"https:\/\/i0.wp.com\/alpoma.net\/tecob\/wp-content\/uploads\/2006\/03\/109739499_ef5c54cba6_o.jpg?resize=350%2C200&ssl=1","width":350,"height":200},"classes":[]},{"id":966,"url":"https:\/\/alpoma.net\/tecob\/?p=966","url_meta":{"origin":1568,"position":5},"title":"Un logo para Gaussianos","author":"alpoma","date":"21 agosto 2008","format":false,"excerpt":"Gaussianos es uno de mis blogs favoritos as\u00ed que, cuando propusieron un concurso para elegir un logo para el nuevo theme que presentar\u00e1n en breve, pens\u00e9 en contribuir con algo. Hoy, han presentado el nuevo logo y, para alegr\u00eda personal, ha sido elegida mi propuesta. Voy a recorrer brevemente el\u2026","rel":"","context":"En \u00abPersonal\u00bb","block_context":{"text":"Personal","link":"https:\/\/alpoma.net\/tecob\/?cat=2"},"img":{"alt_text":"","src":"https:\/\/i0.wp.com\/alpoma.net\/tecob\/wp-content\/uploads\/2008\/08\/2784255784_56dab7dd3b_o.jpg?resize=350%2C200&ssl=1","width":350,"height":200,"srcset":"https:\/\/i0.wp.com\/alpoma.net\/tecob\/wp-content\/uploads\/2008\/08\/2784255784_56dab7dd3b_o.jpg?resize=350%2C200&ssl=1 1x, https:\/\/i0.wp.com\/alpoma.net\/tecob\/wp-content\/uploads\/2008\/08\/2784255784_56dab7dd3b_o.jpg?resize=525%2C300&ssl=1 1.5x"},"classes":[]}],"jetpack_sharing_enabled":true,"_links":{"self":[{"href":"https:\/\/alpoma.net\/tecob\/index.php?rest_route=\/wp\/v2\/posts\/1568","targetHints":{"allow":["GET"]}}],"collection":[{"href":"https:\/\/alpoma.net\/tecob\/index.php?rest_route=\/wp\/v2\/posts"}],"about":[{"href":"https:\/\/alpoma.net\/tecob\/index.php?rest_route=\/wp\/v2\/types\/post"}],"author":[{"embeddable":true,"href":"https:\/\/alpoma.net\/tecob\/index.php?rest_route=\/wp\/v2\/users\/1"}],"replies":[{"embeddable":true,"href":"https:\/\/alpoma.net\/tecob\/index.php?rest_route=%2Fwp%2Fv2%2Fcomments&post=1568"}],"version-history":[{"count":0,"href":"https:\/\/alpoma.net\/tecob\/index.php?rest_route=\/wp\/v2\/posts\/1568\/revisions"}],"wp:featuredmedia":[{"embeddable":true,"href":"https:\/\/alpoma.net\/tecob\/index.php?rest_route=\/wp\/v2\/media\/10756"}],"wp:attachment":[{"href":"https:\/\/alpoma.net\/tecob\/index.php?rest_route=%2Fwp%2Fv2%2Fmedia&parent=1568"}],"wp:term":[{"taxonomy":"category","embeddable":true,"href":"https:\/\/alpoma.net\/tecob\/index.php?rest_route=%2Fwp%2Fv2%2Fcategories&post=1568"},{"taxonomy":"post_tag","embeddable":true,"href":"https:\/\/alpoma.net\/tecob\/index.php?rest_route=%2Fwp%2Fv2%2Ftags&post=1568"}],"curies":[{"name":"wp","href":"https:\/\/api.w.org\/{rel}","templated":true}]}}