{"id":15656,"date":"2026-09-02T00:20:00","date_gmt":"2026-09-01T22:20:00","guid":{"rendered":"https:\/\/alpoma.net\/tecob\/?p=15656"},"modified":"2026-09-02T00:20:00","modified_gmt":"2026-09-01T22:20:00","slug":"la-olvidada-ferreria-de-barbadillo-de-herreros","status":"publish","type":"post","link":"https:\/\/alpoma.net\/tecob\/?p=15656","title":{"rendered":"La olvidada Ferrer\u00eda de Barbadillo de Herreros"},"content":{"rendered":"<p><em>El pasado domingo, 30 de agosto de 2026, aprovech\u00e9 para visitar r\u00e1pidamente este lugar ya que me encontraba en las cercan\u00edas de paso. Hace bastante que lo ten\u00eda en la lista de visitas pendientes. Dentro de lo que es la historia de la industria espa\u00f1ola, las ferrer\u00edas merecen tener un lugar especial, lugares en los que surgi\u00f3 la siderurgia y que, en gran medida, hoy han ca\u00eddo en el olvido.<\/em> <\/p>\n<p>El referido lugar se encuentra en el pueblo burgal\u00e9s de <strong><a href=\"https:\/\/es.wikipedia.org\/wiki\/Barbadillo_de_Herreros\">Barbadillo de Herreros<\/a><\/strong>, en la <strong>Sierra de la Demanda<\/strong>. En este lugar, el hierro de minas cercanas, el agua del R\u00edo Pedroso y la madera de los montes locales, fueron los ingredientes con los que se levant\u00f3 la ferrer\u00eda. <strong>Se sabe que la extracci\u00f3n de mineral de hierro, y menas de otros metales, tiene tradici\u00f3n dir\u00eda que milenaria en el lugar<\/strong>. Hay rastros de escoriales, o acumulaciones de residuos propios del tratamiento de esos minerales, por doquier y de diversas \u00e9poca, pero fue en la segunda mitad del siglo XIX cuando la ferrer\u00eda de Barbadillo lleg\u00f3 a su m\u00e1s alta cota. <\/p>\n<p><img loading=\"lazy\" decoding=\"async\" data-attachment-id=\"15659\" data-permalink=\"https:\/\/alpoma.net\/tecob\/?attachment_id=15659\" data-orig-file=\"https:\/\/alpoma.net\/tecob\/wp-content\/uploads\/2026\/09\/IMG_2019-rotated.jpeg\" data-orig-size=\"1512,2016\" data-comments-opened=\"0\" data-image-title=\"IMG_2019\" data-image-description=\"\" data-image-caption=\"\" data-large-file=\"https:\/\/alpoma.net\/tecob\/wp-content\/uploads\/2026\/09\/IMG_2019-rotated.jpeg\" src=\"https:\/\/alpoma.net\/tecob\/wp-content\/uploads\/2026\/09\/IMG_2019-rotated.jpeg\" alt=\"\" width=\"1512\" height=\"2016\" class=\"alignright size-full wp-image-15659\" srcset=\"https:\/\/alpoma.net\/tecob\/wp-content\/uploads\/2026\/09\/IMG_2019-rotated.jpeg 1512w, https:\/\/alpoma.net\/tecob\/wp-content\/uploads\/2026\/09\/IMG_2019-225x300.jpeg 225w, https:\/\/alpoma.net\/tecob\/wp-content\/uploads\/2026\/09\/IMG_2019-768x1024.jpeg 768w, https:\/\/alpoma.net\/tecob\/wp-content\/uploads\/2026\/09\/IMG_2019-1152x1536.jpeg 1152w\" sizes=\"auto, (max-width: 1512px) 100vw, 1512px\" \/><\/p>\n<p>No es que fuera algo como un alto horno moderno, pero <strong>en su primitiva estampa conserva el atractivo de lo artesanal<\/strong>. Se fund\u00eda aqu\u00ed el mineral por medio de <strong>un alto horno p\u00e9treo<\/strong>, luego se afinaban los lingotes para fabricar <strong>hierro dulce<\/strong>. Se levantaban cerca <strong>grandes ruedas hidr\u00e1ulicas<\/strong> para aprovechar la corriente del agua que corre por el valle, accionando <strong>grandes soplantes y martinetes<\/strong>. <\/p>\n<p>El<strong> r\u00edo Pedroso<\/strong> ced\u00eda su fuerza, el <strong>carb\u00f3n vegetal<\/strong> de los bosques daba el combustible y los diques facilitaban el trabajo de toda la maquinaria. Todo era <strong>un trabajo coordinado de oficios diversos<\/strong>, desde los mineros de mena de hierro a los carboneros, encargados de caballerizas y herreros. <strong>La actividad sider\u00fargica lleg\u00f3 hasta entrado el siglo XX<\/strong>, pero ese mundo artesanal del hierro termin\u00f3 por desaparecer por completo ante la pujanza de la siderurgia vasca. <strong>Hoy la memoria de todo aquella apenas llega a ser una leve sombra de lo que lleg\u00f3 a ser, pero al menos quedan algunas estructuras bien conservadas en pie. En la apresurada visita, pude tomar estas fotograf\u00edas, como fantasmas desafiantes del paso del tiempo<\/strong>.<\/p>\n<p><img loading=\"lazy\" decoding=\"async\" data-attachment-id=\"15663\" data-permalink=\"https:\/\/alpoma.net\/tecob\/?attachment_id=15663\" data-orig-file=\"https:\/\/alpoma.net\/tecob\/wp-content\/uploads\/2026\/09\/IMG_2024-rotated.jpeg\" data-orig-size=\"1512,2016\" data-comments-opened=\"0\" data-image-title=\"IMG_2024\" data-image-description=\"\" data-image-caption=\"\" data-large-file=\"https:\/\/alpoma.net\/tecob\/wp-content\/uploads\/2026\/09\/IMG_2024-rotated.jpeg\" src=\"https:\/\/alpoma.net\/tecob\/wp-content\/uploads\/2026\/09\/IMG_2024-rotated.jpeg\" alt=\"\" width=\"1512\" height=\"2016\" class=\"alignright size-full wp-image-15663\" srcset=\"https:\/\/alpoma.net\/tecob\/wp-content\/uploads\/2026\/09\/IMG_2024-rotated.jpeg 1512w, https:\/\/alpoma.net\/tecob\/wp-content\/uploads\/2026\/09\/IMG_2024-225x300.jpeg 225w, https:\/\/alpoma.net\/tecob\/wp-content\/uploads\/2026\/09\/IMG_2024-768x1024.jpeg 768w, https:\/\/alpoma.net\/tecob\/wp-content\/uploads\/2026\/09\/IMG_2024-1152x1536.jpeg 1152w\" sizes=\"auto, (max-width: 1512px) 100vw, 1512px\" \/><\/p>\n<p><img loading=\"lazy\" decoding=\"async\" data-attachment-id=\"15662\" data-permalink=\"https:\/\/alpoma.net\/tecob\/?attachment_id=15662\" data-orig-file=\"https:\/\/alpoma.net\/tecob\/wp-content\/uploads\/2026\/09\/IMG_2023-rotated.jpeg\" data-orig-size=\"1512,2016\" data-comments-opened=\"0\" data-image-title=\"IMG_2023\" data-image-description=\"\" data-image-caption=\"\" data-large-file=\"https:\/\/alpoma.net\/tecob\/wp-content\/uploads\/2026\/09\/IMG_2023-rotated.jpeg\" src=\"https:\/\/alpoma.net\/tecob\/wp-content\/uploads\/2026\/09\/IMG_2023-rotated.jpeg\" alt=\"\" width=\"1512\" height=\"2016\" class=\"alignright size-full wp-image-15662\" srcset=\"https:\/\/alpoma.net\/tecob\/wp-content\/uploads\/2026\/09\/IMG_2023-rotated.jpeg 1512w, https:\/\/alpoma.net\/tecob\/wp-content\/uploads\/2026\/09\/IMG_2023-225x300.jpeg 225w, https:\/\/alpoma.net\/tecob\/wp-content\/uploads\/2026\/09\/IMG_2023-768x1024.jpeg 768w, https:\/\/alpoma.net\/tecob\/wp-content\/uploads\/2026\/09\/IMG_2023-1152x1536.jpeg 1152w\" sizes=\"auto, (max-width: 1512px) 100vw, 1512px\" \/><\/p>\n<p><img loading=\"lazy\" decoding=\"async\" data-attachment-id=\"15661\" data-permalink=\"https:\/\/alpoma.net\/tecob\/?attachment_id=15661\" data-orig-file=\"https:\/\/alpoma.net\/tecob\/wp-content\/uploads\/2026\/09\/IMG_2022-rotated.jpeg\" data-orig-size=\"1512,2016\" data-comments-opened=\"0\" data-image-title=\"IMG_2022\" data-image-description=\"\" data-image-caption=\"\" data-large-file=\"https:\/\/alpoma.net\/tecob\/wp-content\/uploads\/2026\/09\/IMG_2022-rotated.jpeg\" src=\"https:\/\/alpoma.net\/tecob\/wp-content\/uploads\/2026\/09\/IMG_2022-rotated.jpeg\" alt=\"\" width=\"1512\" height=\"2016\" class=\"alignright size-full wp-image-15661\" srcset=\"https:\/\/alpoma.net\/tecob\/wp-content\/uploads\/2026\/09\/IMG_2022-rotated.jpeg 1512w, https:\/\/alpoma.net\/tecob\/wp-content\/uploads\/2026\/09\/IMG_2022-225x300.jpeg 225w, https:\/\/alpoma.net\/tecob\/wp-content\/uploads\/2026\/09\/IMG_2022-768x1024.jpeg 768w, https:\/\/alpoma.net\/tecob\/wp-content\/uploads\/2026\/09\/IMG_2022-1152x1536.jpeg 1152w\" sizes=\"auto, (max-width: 1512px) 100vw, 1512px\" \/><\/p>\n<p><img loading=\"lazy\" decoding=\"async\" data-attachment-id=\"15660\" data-permalink=\"https:\/\/alpoma.net\/tecob\/?attachment_id=15660\" data-orig-file=\"https:\/\/alpoma.net\/tecob\/wp-content\/uploads\/2026\/09\/IMG_2021-rotated.jpeg\" data-orig-size=\"1512,2016\" data-comments-opened=\"0\" data-image-title=\"IMG_2021\" data-image-description=\"\" data-image-caption=\"\" data-large-file=\"https:\/\/alpoma.net\/tecob\/wp-content\/uploads\/2026\/09\/IMG_2021-rotated.jpeg\" src=\"https:\/\/alpoma.net\/tecob\/wp-content\/uploads\/2026\/09\/IMG_2021-rotated.jpeg\" alt=\"\" width=\"1512\" height=\"2016\" class=\"alignright size-full wp-image-15660\" srcset=\"https:\/\/alpoma.net\/tecob\/wp-content\/uploads\/2026\/09\/IMG_2021-rotated.jpeg 1512w, https:\/\/alpoma.net\/tecob\/wp-content\/uploads\/2026\/09\/IMG_2021-225x300.jpeg 225w, https:\/\/alpoma.net\/tecob\/wp-content\/uploads\/2026\/09\/IMG_2021-768x1024.jpeg 768w, https:\/\/alpoma.net\/tecob\/wp-content\/uploads\/2026\/09\/IMG_2021-1152x1536.jpeg 1152w\" sizes=\"auto, (max-width: 1512px) 100vw, 1512px\" \/><\/p>\n<p><img loading=\"lazy\" decoding=\"async\" data-attachment-id=\"15664\" data-permalink=\"https:\/\/alpoma.net\/tecob\/?attachment_id=15664\" data-orig-file=\"https:\/\/alpoma.net\/tecob\/wp-content\/uploads\/2026\/09\/IMG_2025-rotated.jpeg\" data-orig-size=\"1512,2016\" data-comments-opened=\"0\" data-image-title=\"IMG_2025\" data-image-description=\"\" data-image-caption=\"\" data-large-file=\"https:\/\/alpoma.net\/tecob\/wp-content\/uploads\/2026\/09\/IMG_2025-rotated.jpeg\" src=\"https:\/\/alpoma.net\/tecob\/wp-content\/uploads\/2026\/09\/IMG_2025-rotated.jpeg\" alt=\"\" width=\"1512\" height=\"2016\" class=\"alignright size-full wp-image-15664\" srcset=\"https:\/\/alpoma.net\/tecob\/wp-content\/uploads\/2026\/09\/IMG_2025-rotated.jpeg 1512w, https:\/\/alpoma.net\/tecob\/wp-content\/uploads\/2026\/09\/IMG_2025-225x300.jpeg 225w, https:\/\/alpoma.net\/tecob\/wp-content\/uploads\/2026\/09\/IMG_2025-768x1024.jpeg 768w, https:\/\/alpoma.net\/tecob\/wp-content\/uploads\/2026\/09\/IMG_2025-1152x1536.jpeg 1152w\" sizes=\"auto, (max-width: 1512px) 100vw, 1512px\" \/><\/p>\n","protected":false},"excerpt":{"rendered":"<div class=\"mh-excerpt\"><p>El pasado domingo, 30 de agosto de 2026, aprovech\u00e9 para visitar r\u00e1pidamente este lugar ya que me encontraba en las cercan\u00edas de paso. Hace bastante que lo ten\u00eda en la <a class=\"mh-excerpt-more\" href=\"https:\/\/alpoma.net\/tecob\/?p=15656\" title=\"La olvidada Ferrer\u00eda de Barbadillo de Herreros\">[&#8230;]<\/a><\/p>\n<\/div>","protected":false},"author":1,"featured_media":15660,"comment_status":"closed","ping_status":"closed","sticky":false,"template":"","format":"standard","meta":{"_jetpack_newsletter_access":"","_jetpack_dont_email_post_to_subs":false,"_jetpack_newsletter_tier_id":0,"_jetpack_memberships_contains_paywalled_content":false,"_jetpack_feature_clip_id":0,"_jetpack_memberships_contains_paid_content":false,"footnotes":"","jetpack_post_was_ever_published":false},"categories":[10],"tags":[],"class_list":["post-15656","post","type-post","status-publish","format-standard","has-post-thumbnail","hentry","category-made_in_spain"],"jetpack_shortlink":"https:\/\/wp.me\/p93Dc1-44w","jetpack-related-posts":[{"id":1016,"url":"https:\/\/alpoma.net\/tecob\/?p=1016","url_meta":{"origin":15656,"position":0},"title":"Sabero, cuna de la siderurgia espa\u00f1ola","author":"alpoma","date":"18 octubre 2008","format":false,"excerpt":"Tal y como avis\u00e9 el pasado d\u00eda 3 de agosto, aqu\u00ed est\u00e1 el art\u00edculo dedicado a la Ferrer\u00eda de San Blas que publiqu\u00e9 en el n\u00famero de Octubre de Historia de Iberia Vieja, enriquecido con enlaces a fuentes de inter\u00e9s. Si Roma inici\u00f3 el camino, mucho hubo que esperar para\u2026","rel":"","context":"En \u00abGeo\u00bb","block_context":{"text":"Geo","link":"https:\/\/alpoma.net\/tecob\/?cat=5"},"img":{"alt_text":"","src":"","width":0,"height":0},"classes":[]},{"id":764,"url":"https:\/\/alpoma.net\/tecob\/?p=764","url_meta":{"origin":15656,"position":1},"title":"\u00bfDoncellas de hierro?","author":"alpoma","date":"24 agosto 2007","format":false,"excerpt":"Llevo unos d\u00edas maquetando un grueso libro que, al parecer, trata de asuntos esot\u00e9rico-medievales. Normalmente, cuando se maqueta, no te lees el libro, faltar\u00eda m\u00e1s. Eso tiene sus ventajas porque, por lo general, lo que sale al mercado editorial hoy d\u00eda es como para caerse de espaldas, sobre todo por\u2026","rel":"","context":"En \u00abGeneral\u00bb","block_context":{"text":"General","link":"https:\/\/alpoma.net\/tecob\/?cat=1"},"img":{"alt_text":"","src":"https:\/\/i0.wp.com\/alpoma.net\/tecob\/wp-content\/uploads\/2007\/08\/1225697506_3218586f18_o.jpg?resize=350%2C200&ssl=1","width":350,"height":200},"classes":[]},{"id":12370,"url":"https:\/\/alpoma.net\/tecob\/?p=12370","url_meta":{"origin":15656,"position":2},"title":"Cuando los ca\u00f1ones de La Cavada conquistaron el mundo","author":"alpoma","date":"1 noviembre 2016","format":false,"excerpt":"Versi\u00f3n para TecOb del art\u00edculo que publiqu\u00e9 en la revista Historia de Iberia Vieja, edici\u00f3n de octubre de 2016. Huellas en todos los rincones del mundo En el pueblo c\u00e1ntabro de La Cavada, cabecera del municipio de Riotuerto a orillas del r\u00edo Miera, podemos disfrutar de un aut\u00e9ntico pedazo de\u2026","rel":"","context":"En \u00abMade in Spain\u00bb","block_context":{"text":"Made in Spain","link":"https:\/\/alpoma.net\/tecob\/?cat=10"},"img":{"alt_text":"","src":"https:\/\/i0.wp.com\/alpoma.net\/tecob\/wp-content\/uploads\/2016\/11\/la_cavada.png?resize=350%2C200&ssl=1","width":350,"height":200,"srcset":"https:\/\/i0.wp.com\/alpoma.net\/tecob\/wp-content\/uploads\/2016\/11\/la_cavada.png?resize=350%2C200&ssl=1 1x, https:\/\/i0.wp.com\/alpoma.net\/tecob\/wp-content\/uploads\/2016\/11\/la_cavada.png?resize=525%2C300&ssl=1 1.5x"},"classes":[]},{"id":3124,"url":"https:\/\/alpoma.net\/tecob\/?p=3124","url_meta":{"origin":15656,"position":3},"title":"El viaje de los gigantes de hierro","author":"alpoma","date":"12 julio 2010","format":false,"excerpt":"Quienes hace mucho que leen TecOb saben que uno de los lugares que m\u00e1s me atraen son las industrias, sobre todo si son antiguas. De entre todas las que conozco, existe una muy especial para m\u00ed, pues en ella trabajaron mi padre y mi abuelo. Del conocimiento de sus entra\u00f1as\u2026","rel":"","context":"En \u00abObsolescencia\u00bb","block_context":{"text":"Obsolescencia","link":"https:\/\/alpoma.net\/tecob\/?cat=3"},"img":{"alt_text":"","src":"https:\/\/i0.wp.com\/alpoma.net\/tecob\/wp-content\/uploads\/2010\/07\/61972886_ec3032648b_m.jpg?resize=350%2C200&ssl=1","width":350,"height":200},"classes":[]},{"id":13042,"url":"https:\/\/alpoma.net\/tecob\/?p=13042","url_meta":{"origin":15656,"position":4},"title":"Ecos de los primeros ferrocarriles espa\u00f1oles","author":"alpoma","date":"2 enero 2018","format":false,"excerpt":"Versi\u00f3n para TecOb del art\u00edculo que publiqu\u00e9 en la revista Historia de Iberia Vieja, diciembre de 2017. Las im\u00e1genes que ilustran este post corresponden a grabados de locomotoras de las d\u00e9cadas de 1830 y 1840. Mover mercanc\u00edas o pasajeros de un lugar a otro ha supuesto todo un desaf\u00edo para\u2026","rel":"","context":"En \u00abMade in Spain\u00bb","block_context":{"text":"Made in Spain","link":"https:\/\/alpoma.net\/tecob\/?cat=10"},"img":{"alt_text":"","src":"https:\/\/i0.wp.com\/alpoma.net\/tecob\/wp-content\/uploads\/2018\/01\/locomotora_novelty_1830.jpg?resize=350%2C200&ssl=1","width":350,"height":200,"srcset":"https:\/\/i0.wp.com\/alpoma.net\/tecob\/wp-content\/uploads\/2018\/01\/locomotora_novelty_1830.jpg?resize=350%2C200&ssl=1 1x, https:\/\/i0.wp.com\/alpoma.net\/tecob\/wp-content\/uploads\/2018\/01\/locomotora_novelty_1830.jpg?resize=525%2C300&ssl=1 1.5x"},"classes":[]},{"id":7020,"url":"https:\/\/alpoma.net\/tecob\/?p=7020","url_meta":{"origin":15656,"position":5},"title":"El Meridiano de El Hierro","author":"alpoma","date":"11 agosto 2012","format":false,"excerpt":"Cuando mencion\u00e9 el meridiano de Finisterre, en el art\u00edculo Mart\u00edn Sarmiento y un misterio geogr\u00e1fico en el Palacio Real de Madrid, coment\u00e9 la batalla que mantuvieron franceses y brit\u00e1nicos durante mucho tiempo para imponer sus respectivos meridianos de referencia en la cartograf\u00eda mundial. El triunfador fue el Meridiano de Greenwich,\u2026","rel":"","context":"En \u00abGeo\u00bb","block_context":{"text":"Geo","link":"https:\/\/alpoma.net\/tecob\/?cat=5"},"img":{"alt_text":"","src":"","width":0,"height":0},"classes":[]}],"jetpack_sharing_enabled":true,"jetpack_featured_media_url":"https:\/\/alpoma.net\/tecob\/wp-content\/uploads\/2026\/09\/IMG_2021-rotated.jpeg","_links":{"self":[{"href":"https:\/\/alpoma.net\/tecob\/index.php?rest_route=\/wp\/v2\/posts\/15656","targetHints":{"allow":["GET"]}}],"collection":[{"href":"https:\/\/alpoma.net\/tecob\/index.php?rest_route=\/wp\/v2\/posts"}],"about":[{"href":"https:\/\/alpoma.net\/tecob\/index.php?rest_route=\/wp\/v2\/types\/post"}],"author":[{"embeddable":true,"href":"https:\/\/alpoma.net\/tecob\/index.php?rest_route=\/wp\/v2\/users\/1"}],"replies":[{"embeddable":true,"href":"https:\/\/alpoma.net\/tecob\/index.php?rest_route=%2Fwp%2Fv2%2Fcomments&post=15656"}],"version-history":[{"count":6,"href":"https:\/\/alpoma.net\/tecob\/index.php?rest_route=\/wp\/v2\/posts\/15656\/revisions"}],"predecessor-version":[{"id":15668,"href":"https:\/\/alpoma.net\/tecob\/index.php?rest_route=\/wp\/v2\/posts\/15656\/revisions\/15668"}],"wp:featuredmedia":[{"embeddable":true,"href":"https:\/\/alpoma.net\/tecob\/index.php?rest_route=\/wp\/v2\/media\/15660"}],"wp:attachment":[{"href":"https:\/\/alpoma.net\/tecob\/index.php?rest_route=%2Fwp%2Fv2%2Fmedia&parent=15656"}],"wp:term":[{"taxonomy":"category","embeddable":true,"href":"https:\/\/alpoma.net\/tecob\/index.php?rest_route=%2Fwp%2Fv2%2Fcategories&post=15656"},{"taxonomy":"post_tag","embeddable":true,"href":"https:\/\/alpoma.net\/tecob\/index.php?rest_route=%2Fwp%2Fv2%2Ftags&post=15656"}],"curies":[{"name":"wp","href":"https:\/\/api.w.org\/{rel}","templated":true}]}}