{"id":15458,"date":"2025-12-10T01:13:22","date_gmt":"2025-12-09T23:13:22","guid":{"rendered":"https:\/\/alpoma.net\/tecob\/?p=15458"},"modified":"2025-12-10T01:13:22","modified_gmt":"2025-12-09T23:13:22","slug":"algunas-reflexiones-con-cierto-cabreo-sobre-el-cierre-de-la-onda-media-en-espana-este-31-de-diciembre-de-2025","status":"publish","type":"post","link":"https:\/\/alpoma.net\/tecob\/?p=15458","title":{"rendered":"Algunas reflexiones, con cierto cabreo, sobre el cierre de la Onda Media en Espa\u00f1a este 31 de diciembre de 2025"},"content":{"rendered":"<p>Durante el <strong>apag\u00f3n<\/strong> que vivi\u00f3 la pen\u00ednsula ib\u00e9rica el pasado <strong>28 de abril de 2025<\/strong>, pude estar al tanto de lo que suced\u00eda gracias a RNE, que segu\u00eda emitiendo por <strong>Onda Media<\/strong> gracias a dos grupos electr\u00f3genos en su emisor principal de Madrid (uno de esos grupos fall\u00f3, por fortuna el segundo aguant\u00f3). <strong>Una vetusta y sencilla radio AM a pilas fue m\u00e1s que suficiente para mantener ese hilo de informaci\u00f3n abierto<\/strong>. Las redes telef\u00f3nicas y las emisoras de FM cayeron, en su mayor\u00eda, bastante pronto, bien porque no ten\u00edan grupos electr\u00f3genos propios o por consumir el combustible muy r\u00e1pido. El caso es que, <strong>sin FM ni internet, la AM se convirti\u00f3 en una v\u00eda de comunicaci\u00f3n vital en un momento de crisis \u201caguda\u201d<\/strong>. Y, ahora, <strong>a finales de 2025, se van a cargar la AM en Espa\u00f1a<\/strong>, motivo por el que voy a reflexionar un poco sobre el asunto que, por cierto, me cabrea bastante.<\/p>\n<p><img loading=\"lazy\" decoding=\"async\" data-attachment-id=\"15463\" data-permalink=\"https:\/\/alpoma.net\/tecob\/?attachment_id=15463\" data-orig-file=\"https:\/\/alpoma.net\/tecob\/wp-content\/uploads\/2025\/12\/radio_antigua.jpg\" data-orig-size=\"1600,1067\" data-comments-opened=\"0\" data-image-meta=\"{&quot;aperture&quot;:&quot;3.2&quot;,&quot;credit&quot;:&quot;&quot;,&quot;camera&quot;:&quot;Canon EOS R6&quot;,&quot;caption&quot;:&quot;&quot;,&quot;created_timestamp&quot;:&quot;1614598552&quot;,&quot;copyright&quot;:&quot;&quot;,&quot;focal_length&quot;:&quot;50&quot;,&quot;iso&quot;:&quot;800&quot;,&quot;shutter_speed&quot;:&quot;0.0125&quot;,&quot;title&quot;:&quot;&quot;,&quot;orientation&quot;:&quot;1&quot;}\" data-image-title=\"radio_antigua\" data-image-description=\"\" data-image-caption=\"\" data-large-file=\"https:\/\/alpoma.net\/tecob\/wp-content\/uploads\/2025\/12\/radio_antigua.jpg\" src=\"https:\/\/alpoma.net\/tecob\/wp-content\/uploads\/2025\/12\/radio_antigua.jpg\" alt=\"\" width=\"1600\" height=\"1067\" class=\"aligncenter size-full wp-image-15463\" srcset=\"https:\/\/alpoma.net\/tecob\/wp-content\/uploads\/2025\/12\/radio_antigua.jpg 1600w, https:\/\/alpoma.net\/tecob\/wp-content\/uploads\/2025\/12\/radio_antigua-300x200.jpg 300w, https:\/\/alpoma.net\/tecob\/wp-content\/uploads\/2025\/12\/radio_antigua-768x512.jpg 768w, https:\/\/alpoma.net\/tecob\/wp-content\/uploads\/2025\/12\/radio_antigua-1536x1024.jpg 1536w\" sizes=\"auto, (max-width: 1600px) 100vw, 1600px\" \/><\/p>\n<p>Si uno se fija, casi siempre hay una escena parecida detr\u00e1s de ciertas noticias tecnol\u00f3gicas con aire de fin de \u00e9poca. Un viejo aparato en una estanter\u00eda, un dial amarillento, la antena telesc\u00f3pica algo floja y alguien que descubre por casualidad que \u201cya no se oye nada de nada\u201d. Con el anuncio de RTVE de que <strong>Radio Nacional y Radio 5 dejar\u00e1n de emitir en Onda Media antes del 31 de diciembre de 2025<\/strong>, esa escena va a repetirse muchas veces en Espa\u00f1a. Y, as\u00ed, despu\u00e9s de <strong>88 a\u00f1os de servicio<\/strong>, la red de AM de la radiodifusi\u00f3n p\u00fablica se apagar\u00e1 para enfocar sus esfuerzos, o eso dicen, en la <strong>radio digital tipo DAB+<\/strong> y en el resto de las v\u00edas ya cl\u00e1sicas: FM, TDT e internet.<\/p>\n<p>El comunicado oficial habla de modernizaci\u00f3n, de eficiencia y de un nuevo sistema de alertas a la poblaci\u00f3n que se apoyar\u00e1 en el sistema DAB+, con receptores capaces de encenderse solos o interrumpir la emisi\u00f3n para difundir mensajes de emergencia en caso de cat\u00e1strofe. Este no es un detalle menor, porque la decisi\u00f3n se ha acelerado despu\u00e9s del gran apag\u00f3n el\u00e9ctrico de abril, cuando qued\u00f3 claro que la infraestructura de comunicaciones del pa\u00eds es menos robusta de lo que parec\u00eda. Eso est\u00e1 claro pero, <strong>\u00bfcerrar precipitadamente la AM es una \u201csoluci\u00f3n\u201d?<\/strong><\/p>\n<p>Sobre el papel, el movimiento encaja en una narrativa que es ciertamente muy c\u00f3moda. La vieja <strong>tecnolog\u00eda anal\u00f3gica \u201cobsoleta\u201d<\/strong> cede el paso a una radio m\u00e1s limpia, m\u00e1s vers\u00e1til y barata en lo que es la producci\u00f3n de contenidos, aunque no por el precio de los terminales, ni de lejos. El problema es que, como casi siempre, <strong>la historia es bastante m\u00e1s compleja<\/strong>.<\/p>\n<p><strong>La Onda Media ha sido durante d\u00e9cadas la banda de las grandes distancias, del mar y de la noche. Los grandes transmisores de AM se eligieron precisamente porque permiten cubrir enormes territorios con pocas instalaciones<\/strong>. Las ondas de media frecuencia rebotan en la ionosfera y pueden recorrer centenares de kil\u00f3metros, sobre todo despu\u00e9s del atardecer. Esa caracter\u00edstica convirti\u00f3 a la AM en una herramienta perfecta para llegar a \u00e1reas rurales, barcos y zonas donde levantar una red densa de emisores de FM era caro o directamente imposible. Quien haya girado el dial de madrugada, sabe que la AM crea tambi\u00e9n una geograf\u00eda sentimental, por as\u00ed decirlo. Hay estaciones de radio lejanas, que aparecen y desaparecen con la propagaci\u00f3n, idiomas extra\u00f1os, partidos de f\u00fatbol escuchados desde el otro lado del mundo y mil paisajes sonoros muy llamativos. No es un tema menor, por mucho que no figure en los pliegos de licitaci\u00f3n y de supuesto recorte de costes.<\/p>\n<p>El argumento oficial para justificar el apagado, en Espa\u00f1a y <strong>en otros pa\u00edses europeos que ya lo han hecho<\/strong>, suele ser doble. Dicen que casi nadie escucha ya la Onda Media y mantenerla encendida es muy caro. RTVE insiste en que la audiencia de sus frecuencias AM se ha reducido a una fracci\u00f3n m\u00ednima del total, mientras que el coste de operaci\u00f3n de esos grandes transmisores, algunos en servicio desde mediados del siglo XX, es elevado.<\/p>\n<p>Realmente, no es una excusa vac\u00eda, porque <strong>la mayor\u00eda de los receptores que se venden hoy en d\u00eda son de FM<\/strong>, y en los coches nuevos la AM empieza a desaparecer o a esconderse tanto que para muchos oyentes, simplemente, deja de existir. Sin embargo, la cuesti\u00f3n del coste no es tan obvia como a veces se presenta. Un estudio interno de la BBC sobre la huella energ\u00e9tica de sus distintas v\u00edas de distribuci\u00f3n concluy\u00f3, con un cierto aire de iron\u00eda, que cuando se tiene en cuenta no s\u00f3lo el lado del transmisor, sino tambi\u00e9n el consumo de los receptores, la radio en AM (incluida la onda larga) resultaba ser el sistema con menor consumo total por oyente, por delante de FM, DAB e incluso del audio a trav\u00e9s de internet. La raz\u00f3n es sencilla muy sencilla, porque un \u00fanico emisor que alimenta millones de peque\u00f1os receptores pasivos, de muy bajo consumo, puede ser sorprendentemente eficiente si hay suficiente gente escuchando. El problema es que, <strong>cuando la audiencia cae, el modelo deja de sostenerse<\/strong>. La energ\u00eda por oyente se dispara y los n\u00fameros dejan de cuadrar. Eso es lo que ha ocurrido en buena parte de Europa.<\/p>\n<p>El apag\u00f3n de la AM espa\u00f1ol no es una rareza aislada, sino un cap\u00edtulo m\u00e1s en el lento ocaso europeo de la Onda Media. <strong>Desde hace a\u00f1os, pa\u00edses como Austria, Suiza, Irlanda, Alemania o B\u00e9lgica han ido desconectando sus grandes transmisores AM<\/strong>. Un informe reciente se\u00f1alaba que m\u00e1s de veinte pa\u00edses europeos han cesado completamente sus emisiones en esta banda y que, en todo el continente, sobreviven ya menos de un centenar de servicios en onda media. El Reino Unido se ha convertido casi en la \u201c\u00faltima fortaleza\u201d de la AM p\u00fablica, con la BBC aplazando una y otra vez el cierre definitivo de Radio 4 en onda larga y sus \u00faltimas frecuencias en AM, pero fijando ya horizontes claros: 2026 para LW, 2027 para el resto de la red AM.<\/p>\n<p>Mientras Europa apaga sus diales AM, <strong>al otro lado del Atl\u00e1ntico la pel\u00edcula es algo diferente<\/strong>. En Estados Unidos siguen existiendo numerosas estaciones de AM, y esta banda contin\u00faa siendo importante para cadenas habladas, emisoras religiosas y radios locales. Sin embargo, las cifras van bajando a\u00f1o tras a\u00f1o. La sensaci\u00f3n general es que el peso relativo de la AM no deja de menguar, arrollada por la FM, las radios en l\u00ednea y los podcasts.<\/p>\n<p>Todo esto dibuja un panorama bastante claro. <strong>Desde el punto de vista de los grandes operadores, mantener en marcha redes de AM para un porcentaje muy peque\u00f1o de la audiencia es cada vez m\u00e1s dif\u00edcil de justificar. Pero la historia cambia si miramos desde abajo, desde los m\u00e1rgenes del mapa, esto es, en lugares que por su topograf\u00eda no pueden recibir bien se\u00f1ales digitales<\/strong>. La se\u00f1al de Onda Media serv\u00eda para difundir regulaciones pesqueras, avisos de tormentas y alertas de tsunamis \u00fatiles en muchas islas del mundo. Sin la AM, habr\u00e1 que conformarse con los repetidores locales de FM y con el streaming por internet, una opci\u00f3n nada trivial en \u00e1reas geogr\u00e1ficas donde la conectividad sigue siendo fr\u00e1gil.<\/p>\n<p>Es en este punto donde aparece la otra cara del asunto. La AM no es s\u00f3lo \u201cuna tecnolog\u00eda obsoleta\u201d, sino una infraestructura extremadamente robusta, pensada para hacer precisamente lo que peor se le da a las redes digitales, esto es, funcionar de forma sencilla, predecible y unidireccional en condiciones adversas. <strong>Un receptor de onda media puede ser un aparato barat\u00edsimo<\/strong> (los hay por menos de quince euros), alimentado por pilas, con una antena de ferrita y un dial mec\u00e1nico. No necesita routers, ni sat\u00e9lites, ni acuerdos comerciales con una plataforma de streaming, s\u00f3lo requiere que, en alg\u00fan lugar, siga encendido un transmisor. Cuando los integradores de redes hablan de \u201cresiliencia\u201d acaban, sin quererlo, describiendo algo que la radio de toda la vida hac\u00eda bastante bien desde hace un siglo.<\/p>\n<p>Frente a este paisaje, se apuesta por el <strong>sistema DAB+<\/strong> en pa\u00edses como Espa\u00f1a, donde se presenta como el siguiente escal\u00f3n evolutivo. En vez de una se\u00f1al anal\u00f3gica que var\u00eda de forma continua, el audio se convierte en datos comprimidos y se env\u00eda en bloques digitales, empaquetando en una sola frecuencia un m\u00faltiplex de emisoras. Dentro de ese m\u00faltiplex caben no s\u00f3lo varios canales de audio, sino tambi\u00e9n texto, im\u00e1genes y servicios adicionales. Sobre el papel, es una soluci\u00f3n elegante, con m\u00e1s programas en menos espectro, mejor calidad subjetiva de sonido, nuevas posibilidades para radios tem\u00e1ticas y, adem\u00e1s, un canal estandarizado para esas alertas autom\u00e1ticas a la poblaci\u00f3n que RTVE quiere explotar con el sistema ASA.<\/p>\n<p>Pero, como siempre, el demonio se encuentra en los detalles. <strong>La radio digital terrestre tiene un \u201cdefecto\u201d que los ingenieros conocen como el \u201cefecto acantilado\u201d.<\/strong> Mientras una se\u00f1al anal\u00f3gica puede degradarse poco a poco, a\u00f1adiendo ruido, siseos y crepitaciones, la se\u00f1al digital tiende a funcionar de forma binaria absoluta. Mientras la cobertura es buena, el sonido es limpio, pero cuando el margen de se\u00f1al cae por debajo de cierto umbral, la recepci\u00f3n se desmorona de golpe en cortes, silencios y artefactos.<\/p>\n<p>Para un oyente en un apartamento urbano quiz\u00e1s no sea relevante, pero para quien escucha en un valle entre monta\u00f1as, en la costa o en un veh\u00edculo que cruza zonas de sombra, la diferencia pr\u00e1ctica frente a la vieja AM puede ser considerable.<\/p>\n<p>El otro elemento delicado es la transici\u00f3n misma. <strong>El despliegue de DAB+ en Espa\u00f1a va a remolque de otros pa\u00edses, con una cobertura a\u00fan muy incompleta si se compara con las grandes redes de FM<\/strong>. La obligaci\u00f3n de extender la radio digital a la mayor parte de la poblaci\u00f3n es muy reciente y llevar\u00e1 tiempo cerrar los agujeros de la malla. Mientras tanto, el apagado de la AM puede dejar en el aire a quienes depend\u00edan de esas ondas para recibir un servicio p\u00fablico que, sobre el papel, sigue siendo universal. <strong>La propia naturaleza de DAB+ a\u00f1ade una barrera m\u00e1s, pues no basta con tener \u201cuna radio cualquiera\u201d. Hace falta un receptor compatible, relativamente moderno, bastante caro, a menudo integrado en coches de \u00faltima generaci\u00f3n o en aparatos espec\u00edficos que mucha gente ni conoce ni se ha planteado comprar. Quien se ha quedado anclado en el transistor antiguo o en la radio de cocina con AM\/FM, queda fuera del juego digital por pura obsolescencia de hardware<\/strong>.<\/p>\n<p>Hay, adem\u00e1s, un tercer actor que aparece de fondo sin hacer demasiado ruido. Se trata de la <strong>radio por internet<\/strong>. Si se leen determinados titulares, se podr\u00eda pensar que el futuro de la radio ya no pasa por antenas en colinas, sino por servidores en la nube, apps en el m\u00f3vil y altavoces inteligentes en el sal\u00f3n. RTVE, como otros radiodifusores, insiste en que todo su contenido estar\u00e1 disponible tambi\u00e9n en streaming. Desde el punto de vista del oyente urbano con tarifa de datos generosa, es una soluci\u00f3n c\u00f3moda. Sin embargo, desde el punto de vista de la resiliencia, la dependencia de redes IP comerciales introduce una fragilidad muy evidente, porque basta un corte el\u00e9ctrico amplio, una ca\u00edda de la red m\u00f3vil o un fallo en la infraestructura de un proveedor para que se evaporen de golpe todas esas \u201cemisoras sin antena\u201d. En un escenario de emergencia, el camino de menos dependencia tecnol\u00f3gica sigue siendo el de la buena vieja radiodifusi\u00f3n por ondas hertzianas, as\u00ed de sencillo.<\/p>\n<p>Obviamente, no todas las redes de AM son imprescindibles. Muchas son, sencillamente, un lujo prescindible en pa\u00edses densamente cubiertos por FM, DAB y redes m\u00f3viles. Apagar un pu\u00f1ado de grandes transmisores que apenas escuchan ya unos pocos miles de personas y dedicar esos recursos a reforzar la cobertura de radio digital puede ser una decisi\u00f3n perfectamente razonable. El problema aparece cuando ese gesto se interpreta como un signo de que la radio, en general, es algo del pasado. As\u00ed que, <strong>la cuesti\u00f3n clave consiste en pensar qu\u00e9 tipo de ecosistema de radio se quiere conservar<\/strong>, pensando que las situaciones de crisis suceden cada cierto tiempo, se quiera o no.<\/p>\n<p>La historia de la Onda Media en Espa\u00f1a, desde los primeros servicios en los a\u00f1os treinta hasta su apagado en 2025, cuenta muchas cosas sobre un pa\u00eds que pas\u00f3 de la propaganda de guerra a las radionovelas, del parte oficial (el \u201cparte\u201d de guerra se convirti\u00f3 en sin\u00f3nimo de noticiario) al informativo moderno, de las grandes emisoras a un paisaje m\u00e1s plural. <strong>El riesgo, al cerrar este ciclo, no es s\u00f3lo perder una banda del espectro, sino olvidar la l\u00f3gica que la hizo necesaria, el poder contar con una tecnolog\u00eda sencilla, accesible y pensada para llegar muy lejos con muy poco<\/strong>. Tal vez, dentro de unas d\u00e9cadas, alguien encuentre un viejo receptor de Onda Media en el trastero, lo conecte a una antena improvisada y escuche\u2026 bueno, posiblemente no escuche nada. Y, en ese caso, en medio de un apag\u00f3n el\u00e9ctrico a gran escala, o una crisis similar, la cosa puede ponerse muy fea.<\/p>\n<p><strong>M\u00e1s informaci\u00f3n<\/strong>:<\/p>\n<ul>\n<li>\n<p><a class=\"decorated-link\" href=\"https:\/\/www.rtve.es\/rtve\/20251118\/rtve-anuncia-fin-emisiones-onda-media-refuerza-su-apuesta-por-radio-digital-dab\/16820579.shtml\" target=\"_new\" rel=\"noopener\">RTVE anuncia el fin de las emisiones en Onda Media y refuerza su apuesta por la radio digital en DAB+<\/a><\/p>\n<\/li>\n<li>\n<p><a class=\"decorated-link\" href=\"https:\/\/www.worlddab.org\/countries\/spain\" target=\"_new\" rel=\"noopener\">Spain Country Profile (WorldDAB)<\/a><\/p>\n<\/li>\n<li>\n<p><a class=\"decorated-link\" href=\"https:\/\/www.radioworld.com\/global\/spain-drives-ahead-with-dab-deployment\" target=\"_new\" rel=\"noopener\">Spain Drives Ahead With DAB+ Deployment &#8211; Radio World<\/a><\/p>\n<\/li>\n<li>\n<p><a class=\"decorated-link\" href=\"https:\/\/bdxc.org.uk\/europeMW.pdf\" target=\"_new\" rel=\"noopener\">Europe on Mediumwave (British DX Club, PDF)<\/a><\/p>\n<\/li>\n<li>\n<p><a href=\"https:\/\/www.redtech.pro\/medium-waves-sunset-in-europe\/\">Medium wave\u2019s sunset in Europe &#8211; RDTech<\/a><\/p>\n<\/li>\n<li>\n<p><a class=\"decorated-link\" href=\"https:\/\/www.radioworld.com\/tech-and-gear\/bbc-quantifies-how-much-energy-needed-to-deliver-and-listen-to-radio\" target=\"_new\" rel=\"noopener\">BBC Quantifies How Much Energy Needed to Deliver and Listen to Radio &#8211; Radio World<\/a><\/p>\n<\/li>\n<\/ul>\n","protected":false},"excerpt":{"rendered":"<div class=\"mh-excerpt\"><p>Durante el apag\u00f3n que vivi\u00f3 la pen\u00ednsula ib\u00e9rica el pasado 28 de abril de 2025, pude estar al tanto de lo que suced\u00eda gracias a RNE, que segu\u00eda emitiendo por <a class=\"mh-excerpt-more\" href=\"https:\/\/alpoma.net\/tecob\/?p=15458\" title=\"Algunas reflexiones, con cierto cabreo, sobre el cierre de la Onda Media en Espa\u00f1a este 31 de diciembre de 2025\">[&#8230;]<\/a><\/p>\n<\/div>","protected":false},"author":1,"featured_media":15463,"comment_status":"closed","ping_status":"closed","sticky":false,"template":"","format":"standard","meta":{"jetpack_post_was_ever_published":false,"_jetpack_newsletter_access":"","_jetpack_dont_email_post_to_subs":false,"_jetpack_newsletter_tier_id":0,"_jetpack_memberships_contains_paywalled_content":false,"_jetpack_memberships_contains_paid_content":false,"footnotes":""},"categories":[3],"tags":[],"class_list":["post-15458","post","type-post","status-publish","format-standard","has-post-thumbnail","hentry","category-obsolescencia"],"jetpack_featured_media_url":"https:\/\/alpoma.net\/tecob\/wp-content\/uploads\/2025\/12\/radio_antigua.jpg","jetpack_shortlink":"https:\/\/wp.me\/p93Dc1-41k","jetpack-related-posts":[{"id":1300,"url":"https:\/\/alpoma.net\/tecob\/?p=1300","url_meta":{"origin":15458,"position":0},"title":"De c\u00f3mo los albatros se aprovechan de las orcas","author":"alpoma","date":"8 octubre 2009","format":false,"excerpt":"Me ha sorprendido un art\u00edculo publicado recientemente en PLoS ONE, donde un grupo de cient\u00edficos japoneses y brit\u00e1nicos describen una investigaci\u00f3n singular. La pregunta que se hac\u00edan era: \u00bfc\u00f3mo logran los albatros recorrer miles de kil\u00f3metros volando sobre los mares del sur, lejos de cualquier pedazo de tierra emergida? Los\u2026","rel":"","context":"En \u00abGeo\u00bb","block_context":{"text":"Geo","link":"https:\/\/alpoma.net\/tecob\/?cat=5"},"img":{"alt_text":"","src":"https:\/\/i0.wp.com\/alpoma.net\/tecob\/wp-content\/uploads\/2009\/10\/3993390896_3d78605d88_o.jpg?resize=350%2C200&ssl=1","width":350,"height":200,"srcset":"https:\/\/i0.wp.com\/alpoma.net\/tecob\/wp-content\/uploads\/2009\/10\/3993390896_3d78605d88_o.jpg?resize=350%2C200&ssl=1 1x, https:\/\/i0.wp.com\/alpoma.net\/tecob\/wp-content\/uploads\/2009\/10\/3993390896_3d78605d88_o.jpg?resize=525%2C300&ssl=1 1.5x"},"classes":[]},{"id":350,"url":"https:\/\/alpoma.net\/tecob\/?p=350","url_meta":{"origin":15458,"position":1},"title":"El misterio de las estaciones num\u00e9ricas","author":"alpoma","date":"10 febrero 2006","format":false,"excerpt":"Cualquiera que haya trasteado a menudo con radios multibanda en las frecuencias ocupadas por la Onda Corta, se ha topado alguna vez con una \"number station\" o, traducido caseramente, una \"emisora num\u00e9rica\". \u00bfNunca has escuchado una? Vale, para quien no haya tenido la experiencia, se trata de emisoras de Onda\u2026","rel":"","context":"En \u00abGeo\u00bb","block_context":{"text":"Geo","link":"https:\/\/alpoma.net\/tecob\/?cat=5"},"img":{"alt_text":"","src":"","width":0,"height":0},"classes":[]},{"id":299,"url":"https:\/\/alpoma.net\/tecob\/?p=299","url_meta":{"origin":15458,"position":2},"title":"El meteorito de Villalbeto","author":"alpoma","date":"4 enero 2006","format":false,"excerpt":"(El texto de este post corresponde a un art\u00edculo que publiqu\u00e9 a principios de 2004). [Art\u00edculo pendiente de revisi\u00f3n de estilo] El destino guarda sorpresas ciertamente asombrosas. Porque, al menos personalmente, lo sucedido el d\u00eda cuatro de Enero de 2004 fue uno de los sucesos m\u00e1s asombrosos de los que\u2026","rel":"","context":"En \u00abPersonal\u00bb","block_context":{"text":"Personal","link":"https:\/\/alpoma.net\/tecob\/?cat=2"},"img":{"alt_text":"","src":"","width":0,"height":0},"classes":[]},{"id":5034,"url":"https:\/\/alpoma.net\/tecob\/?p=5034","url_meta":{"origin":15458,"position":3},"title":"Jorge Juan, Antonio de Ulloa y la medici\u00f3n del mundo (I)","author":"alpoma","date":"3 julio 2011","format":false,"excerpt":"Este art\u00edculo corresponde a una versi\u00f3n abreviada del que publiqu\u00e9 en la revista Historia de Iberia Vieja, en su edici\u00f3n n\u00famero 73 del mes de julio de 2011. AVISO: La segunda parte del art\u00edculo aparecer\u00e1 publicada en la misma revista en el mes de agosto. Estos dos apasionantes personajes hist\u00f3ricos\u2026","rel":"","context":"En \u00abMade in Spain\u00bb","block_context":{"text":"Made in Spain","link":"https:\/\/alpoma.net\/tecob\/?cat=10"},"img":{"alt_text":"jorge_juan","src":"https:\/\/i0.wp.com\/farm7.static.flickr.com\/6027\/5896917926_9445f24d52.jpg?resize=350%2C200","width":350,"height":200},"classes":[]},{"id":7147,"url":"https:\/\/alpoma.net\/tecob\/?p=7147","url_meta":{"origin":15458,"position":4},"title":"Agust\u00edn de Betancourt y la m\u00e1quina secreta","author":"alpoma","date":"1 septiembre 2012","format":false,"excerpt":"Versi\u00f3n reducida del art\u00edculo que publiqu\u00e9 en la revista Historia de Iberia Vieja en su edici\u00f3n correspondiente al mes de septiembre de 2012. Don Agust\u00edn de Betancourt, deseando hacer un modelo de la m\u00e1quina de vapor, se determin\u00f3 a pasar a Inglaterra, a fin de indagar todos los descubrimientos \u00fatiles\u2026","rel":"","context":"En \u00abMade in Spain\u00bb","block_context":{"text":"Made in Spain","link":"https:\/\/alpoma.net\/tecob\/?cat=10"},"img":{"alt_text":"watt_boulton","src":"https:\/\/i0.wp.com\/farm9.staticflickr.com\/8302\/7904645158_2720b5fb51_n.jpg?resize=350%2C200","width":350,"height":200},"classes":[]},{"id":8952,"url":"https:\/\/alpoma.net\/tecob\/?p=8952","url_meta":{"origin":15458,"position":5},"title":"Cuando Espa\u00f1a volaba en dirigible","author":"alpoma","date":"4 abril 2014","format":false,"excerpt":"Fragmentos del art\u00edculo sobre Torres Quevedo que publiqu\u00e9 en la revista Historia de Iberia Vieja en su edici\u00f3n del mes de abril de 2014. La edad de oro de los dirigibles A principios del siglo XX no eran los aviones, apenas reci\u00e9n nacidos, los aparatos voladores que parec\u00edan tener un\u2026","rel":"","context":"En \u00abMade in Spain\u00bb","block_context":{"text":"Made in Spain","link":"https:\/\/alpoma.net\/tecob\/?cat=10"},"img":{"alt_text":"","src":"https:\/\/i0.wp.com\/alpoma.net\/tecob\/wp-content\/uploads\/2014\/04\/dtr_1.jpg?resize=350%2C200&ssl=1","width":350,"height":200,"srcset":"https:\/\/i0.wp.com\/alpoma.net\/tecob\/wp-content\/uploads\/2014\/04\/dtr_1.jpg?resize=350%2C200&ssl=1 1x, https:\/\/i0.wp.com\/alpoma.net\/tecob\/wp-content\/uploads\/2014\/04\/dtr_1.jpg?resize=525%2C300&ssl=1 1.5x, https:\/\/i0.wp.com\/alpoma.net\/tecob\/wp-content\/uploads\/2014\/04\/dtr_1.jpg?resize=700%2C400&ssl=1 2x"},"classes":[]}],"jetpack_sharing_enabled":true,"_links":{"self":[{"href":"https:\/\/alpoma.net\/tecob\/index.php?rest_route=\/wp\/v2\/posts\/15458","targetHints":{"allow":["GET"]}}],"collection":[{"href":"https:\/\/alpoma.net\/tecob\/index.php?rest_route=\/wp\/v2\/posts"}],"about":[{"href":"https:\/\/alpoma.net\/tecob\/index.php?rest_route=\/wp\/v2\/types\/post"}],"author":[{"embeddable":true,"href":"https:\/\/alpoma.net\/tecob\/index.php?rest_route=\/wp\/v2\/users\/1"}],"replies":[{"embeddable":true,"href":"https:\/\/alpoma.net\/tecob\/index.php?rest_route=%2Fwp%2Fv2%2Fcomments&post=15458"}],"version-history":[{"count":5,"href":"https:\/\/alpoma.net\/tecob\/index.php?rest_route=\/wp\/v2\/posts\/15458\/revisions"}],"predecessor-version":[{"id":15464,"href":"https:\/\/alpoma.net\/tecob\/index.php?rest_route=\/wp\/v2\/posts\/15458\/revisions\/15464"}],"wp:featuredmedia":[{"embeddable":true,"href":"https:\/\/alpoma.net\/tecob\/index.php?rest_route=\/wp\/v2\/media\/15463"}],"wp:attachment":[{"href":"https:\/\/alpoma.net\/tecob\/index.php?rest_route=%2Fwp%2Fv2%2Fmedia&parent=15458"}],"wp:term":[{"taxonomy":"category","embeddable":true,"href":"https:\/\/alpoma.net\/tecob\/index.php?rest_route=%2Fwp%2Fv2%2Fcategories&post=15458"},{"taxonomy":"post_tag","embeddable":true,"href":"https:\/\/alpoma.net\/tecob\/index.php?rest_route=%2Fwp%2Fv2%2Ftags&post=15458"}],"curies":[{"name":"wp","href":"https:\/\/api.w.org\/{rel}","templated":true}]}}