{"id":15446,"date":"2025-10-27T17:07:55","date_gmt":"2025-10-27T15:07:55","guid":{"rendered":"https:\/\/alpoma.net\/tecob\/?p=15446"},"modified":"2025-10-27T17:07:55","modified_gmt":"2025-10-27T15:07:55","slug":"los-aliens-de-la-catedral-de-palencia","status":"publish","type":"post","link":"https:\/\/alpoma.net\/tecob\/?p=15446","title":{"rendered":"Los aliens de la catedral de Palencia"},"content":{"rendered":"<p>Hay dos \u00abaliens\u00bb en la <strong>catedral de Palencia<\/strong>, la \u00abBella desconocida\u00bb. Ya lo mencion\u00e9 hace tiempo, pero como pas\u00e9 hace unos d\u00edas por all\u00ed, aproveche para fotografiarlo de nuevo. S\u00ed, en la catedral de San Antol\u00edn, durante la restauraci\u00f3n de la Puerta de los Reyes en 1995, el arquitecto Fernando D\u00edaz-Pin\u00e9s, profesor de Arquitectura en la Universidad de Valladolid y apasionado de la ciencia ficci\u00f3n, pens\u00f3 en incluir dos esculturas inspiradas en los <strong>xenomorfos<\/strong> de la saga Alien. <\/p>\n<figure id=\"attachment_15447\" aria-describedby=\"caption-attachment-15447\" style=\"width: 2048px\" class=\"wp-caption aligncenter\"><img loading=\"lazy\" decoding=\"async\" data-attachment-id=\"15447\" data-permalink=\"https:\/\/alpoma.net\/tecob\/?attachment_id=15447\" data-orig-file=\"https:\/\/alpoma.net\/tecob\/wp-content\/uploads\/2025\/10\/aliens_catedral_palencia_alpoma.jpg\" data-orig-size=\"2048,2048\" data-comments-opened=\"0\" data-image-meta=\"{&quot;aperture&quot;:&quot;0&quot;,&quot;credit&quot;:&quot;&quot;,&quot;camera&quot;:&quot;&quot;,&quot;caption&quot;:&quot;&quot;,&quot;created_timestamp&quot;:&quot;0&quot;,&quot;copyright&quot;:&quot;&quot;,&quot;focal_length&quot;:&quot;0&quot;,&quot;iso&quot;:&quot;0&quot;,&quot;shutter_speed&quot;:&quot;0&quot;,&quot;title&quot;:&quot;&quot;,&quot;orientation&quot;:&quot;1&quot;}\" data-image-title=\"aliens_catedral_palencia_alpoma\" data-image-description=\"\" data-image-caption=\"&lt;p&gt;Fotograf\u00eda @alpoma, octubre 2025.&lt;\/p&gt;\n\" data-large-file=\"https:\/\/alpoma.net\/tecob\/wp-content\/uploads\/2025\/10\/aliens_catedral_palencia_alpoma.jpg\" src=\"https:\/\/alpoma.net\/tecob\/wp-content\/uploads\/2025\/10\/aliens_catedral_palencia_alpoma.jpg\" alt=\"\" width=\"2048\" height=\"2048\" class=\"size-full wp-image-15447\" srcset=\"https:\/\/alpoma.net\/tecob\/wp-content\/uploads\/2025\/10\/aliens_catedral_palencia_alpoma.jpg 2048w, https:\/\/alpoma.net\/tecob\/wp-content\/uploads\/2025\/10\/aliens_catedral_palencia_alpoma-300x300.jpg 300w, https:\/\/alpoma.net\/tecob\/wp-content\/uploads\/2025\/10\/aliens_catedral_palencia_alpoma-768x768.jpg 768w, https:\/\/alpoma.net\/tecob\/wp-content\/uploads\/2025\/10\/aliens_catedral_palencia_alpoma-1536x1536.jpg 1536w\" sizes=\"auto, (max-width: 2048px) 100vw, 2048px\" \/><figcaption id=\"caption-attachment-15447\" class=\"wp-caption-text\">Fotograf\u00eda @alpoma, octubre 2025.<\/figcaption><\/figure>\n<p>Se ven en lo alto de la puerta, aunque hay que fijarse bastante. Son dos figuras <strong>talladas en piedra artificial<\/strong> para datar claramente la intervenci\u00f3n de restauraci\u00f3n y as\u00ed evitar confusiones con el arte original. Se encuentran en la arquivolta exterior superior de la puerta, enfrentadas cara a cara y separadas por una flor. La idea del arquitecto est\u00e1 inspirada en <em>Alien 3<\/em> (estrenada en 1992). Realiz\u00f3 un boceto que los canteros siguieron fielmente, como una especie de \u00ablicencia\u00bb para marcar la \u00e9poca de la obra. Y, ah\u00ed est\u00e1n, los dos aliencitos mir\u00e1ndose enfrentados. <\/p>\n<p>Este tipo de <strong>anacronismos en restauraciones <\/strong>es una tradici\u00f3n en el patrimonio espa\u00f1ol. Por ejemplo, en la misma catedral de Palencia aparece una g\u00e1rgola que representa a un fot\u00f3grafo con c\u00e1mara de fuelle, creada por el c\u00e9lebre arquitecto Jer\u00f3nimo Arroyo a principios del siglo XX. En Salamanca o en Calahorra igualmente aparecen astronautas o tel\u00e9fonos m\u00f3viles m\u00f3viles como referencias culturales modernas. <\/p>\n","protected":false},"excerpt":{"rendered":"<div class=\"mh-excerpt\"><p>Hay dos \u00abaliens\u00bb en la catedral de Palencia, la \u00abBella desconocida\u00bb. Ya lo mencion\u00e9 hace tiempo, pero como pas\u00e9 hace unos d\u00edas por all\u00ed, aproveche para fotografiarlo de nuevo. S\u00ed, <a class=\"mh-excerpt-more\" href=\"https:\/\/alpoma.net\/tecob\/?p=15446\" title=\"Los aliens de la catedral de Palencia\">[&#8230;]<\/a><\/p>\n<\/div>","protected":false},"author":1,"featured_media":15447,"comment_status":"closed","ping_status":"closed","sticky":false,"template":"","format":"standard","meta":{"jetpack_post_was_ever_published":false,"_jetpack_newsletter_access":"","_jetpack_dont_email_post_to_subs":false,"_jetpack_newsletter_tier_id":0,"_jetpack_memberships_contains_paywalled_content":false,"_jetpack_memberships_contains_paid_content":false,"footnotes":""},"categories":[2],"tags":[],"class_list":["post-15446","post","type-post","status-publish","format-standard","has-post-thumbnail","hentry","category-personal"],"jetpack_featured_media_url":"https:\/\/alpoma.net\/tecob\/wp-content\/uploads\/2025\/10\/aliens_catedral_palencia_alpoma.jpg","jetpack_shortlink":"https:\/\/wp.me\/p93Dc1-418","jetpack-related-posts":[{"id":3715,"url":"https:\/\/alpoma.net\/tecob\/?p=3715","url_meta":{"origin":15446,"position":0},"title":"San Mart\u00edn de Fr\u00f3mista, de \u00abpalomar\u00bb a joya universal del rom\u00e1nico","author":"alpoma","date":"16 noviembre 2010","format":false,"excerpt":"Supongo que todav\u00eda ser\u00e1 una pr\u00e1ctica com\u00fan en algunos colegios, aunque puede que con otros medios, pero recuerdo con especial cari\u00f1o cierta tarde, siendo un ni\u00f1o, en la que en clase de historia recort\u00e1bamos con cuidado por los puntos marcados en una cartulina de colores, las formas de lo que,\u2026","rel":"","context":"En \u00abMade in Spain\u00bb","block_context":{"text":"Made in Spain","link":"https:\/\/alpoma.net\/tecob\/?cat=10"},"img":{"alt_text":"","src":"https:\/\/i0.wp.com\/alpoma.net\/tecob\/wp-content\/uploads\/2010\/11\/5179338487_296446fa3a_o.jpg?resize=350%2C200&ssl=1","width":350,"height":200,"srcset":"https:\/\/i0.wp.com\/alpoma.net\/tecob\/wp-content\/uploads\/2010\/11\/5179338487_296446fa3a_o.jpg?resize=350%2C200&ssl=1 1x, https:\/\/i0.wp.com\/alpoma.net\/tecob\/wp-content\/uploads\/2010\/11\/5179338487_296446fa3a_o.jpg?resize=525%2C300&ssl=1 1.5x"},"classes":[]},{"id":6826,"url":"https:\/\/alpoma.net\/tecob\/?p=6826","url_meta":{"origin":15446,"position":1},"title":"Turismo y lectura para este verano con \u00abEl viaje de Argos\u00bb","author":"alpoma","date":"1 julio 2012","format":false,"excerpt":"Aunque en el website de mi novela El viaje de Argos ya hay material adicional, fotos y mapas, creo que faltaba algo para completar el c\u00edrculo. Por ello, adem\u00e1s de recomendar de nuevo la lectura del libro, como no pod\u00eda ser de otro modo, he creado un mapa que re\u00fane\u2026","rel":"","context":"En \u00abPersonal\u00bb","block_context":{"text":"Personal","link":"https:\/\/alpoma.net\/tecob\/?cat=2"},"img":{"alt_text":"La Reana (Fuentes Tam\u00e1ricas) Velilla del R\u00edo Carri\u00f3n - Palencia","src":"https:\/\/i0.wp.com\/farm3.staticflickr.com\/2672\/4178339781_d76a6a4b8c_m.jpg?resize=350%2C200","width":350,"height":200},"classes":[]},{"id":1202,"url":"https:\/\/alpoma.net\/tecob\/?p=1202","url_meta":{"origin":15446,"position":2},"title":"Ata\u00fades colgantes","author":"alpoma","date":"30 agosto 2009","format":false,"excerpt":"Hay puentes colgantes, casas colgantes y hasta existieron ciertos famosos jardines colgantes en la antiqu\u00edsima Babilonia. Ahora bien, toparse de pronto con un valle en el que las monta\u00f1as y las cuevas se encuentren vestidas con ata\u00fades colgantes debe impresionar hasta al m\u00e1s rudo explorador. Nunca he visto un ata\u00fad\u2026","rel":"","context":"En \u00abGeo\u00bb","block_context":{"text":"Geo","link":"https:\/\/alpoma.net\/tecob\/?cat=5"},"img":{"alt_text":"","src":"","width":0,"height":0},"classes":[]},{"id":7380,"url":"https:\/\/alpoma.net\/tecob\/?p=7380","url_meta":{"origin":15446,"position":3},"title":"La catedral del conocimiento","author":"alpoma","date":"10 octubre 2012","format":false,"excerpt":"Pittsburgh no me parecer\u00eda una ciudad apetecible a no ser por dos cualidades que, para m\u00ed, hacen de ella una ciudad muy atractiva. Por una parte, se trata de una mina de oro para la arqueolog\u00eda industrial. Por otra, alberga cierto edificio singular que es uno de mis favoritos de\u2026","rel":"","context":"En \u00abGeo\u00bb","block_context":{"text":"Geo","link":"https:\/\/alpoma.net\/tecob\/?cat=5"},"img":{"alt_text":"","src":"https:\/\/i0.wp.com\/alpoma.net\/tecob\/wp-content\/uploads\/2012\/10\/cathedral_of_learning_1.jpg?resize=350%2C200&ssl=1","width":350,"height":200,"srcset":"https:\/\/i0.wp.com\/alpoma.net\/tecob\/wp-content\/uploads\/2012\/10\/cathedral_of_learning_1.jpg?resize=350%2C200&ssl=1 1x, https:\/\/i0.wp.com\/alpoma.net\/tecob\/wp-content\/uploads\/2012\/10\/cathedral_of_learning_1.jpg?resize=525%2C300&ssl=1 1.5x"},"classes":[]},{"id":15515,"url":"https:\/\/alpoma.net\/tecob\/?p=15515","url_meta":{"origin":15446,"position":4},"title":"Tiznados por el eclipse (1900)","author":"alpoma","date":"21 febrero 2026","format":false,"excerpt":"Este 2026 es el a\u00f1o del eclipse, al menos en gran parte de Espa\u00f1a. En agosto viviremos un espectacular eclipse total de sol, si las nubes lo permiten, y todo el mundo est\u00e1 bastante revuelto con el tema. Como en los pr\u00f3ximos meses va a explotar la eclipseman\u00eda, he decidido\u2026","rel":"","context":"En \u00abObsolescencia\u00bb","block_context":{"text":"Obsolescencia","link":"https:\/\/alpoma.net\/tecob\/?cat=3"},"img":{"alt_text":"","src":"https:\/\/i0.wp.com\/alpoma.net\/tecob\/wp-content\/uploads\/2026\/02\/1-tiznados-alpoma.png?resize=350%2C200&ssl=1","width":350,"height":200,"srcset":"https:\/\/i0.wp.com\/alpoma.net\/tecob\/wp-content\/uploads\/2026\/02\/1-tiznados-alpoma.png?resize=350%2C200&ssl=1 1x, https:\/\/i0.wp.com\/alpoma.net\/tecob\/wp-content\/uploads\/2026\/02\/1-tiznados-alpoma.png?resize=525%2C300&ssl=1 1.5x, https:\/\/i0.wp.com\/alpoma.net\/tecob\/wp-content\/uploads\/2026\/02\/1-tiznados-alpoma.png?resize=700%2C400&ssl=1 2x, https:\/\/i0.wp.com\/alpoma.net\/tecob\/wp-content\/uploads\/2026\/02\/1-tiznados-alpoma.png?resize=1050%2C600&ssl=1 3x, https:\/\/i0.wp.com\/alpoma.net\/tecob\/wp-content\/uploads\/2026\/02\/1-tiznados-alpoma.png?resize=1400%2C800&ssl=1 4x"},"classes":[]},{"id":15536,"url":"https:\/\/alpoma.net\/tecob\/?p=15536","url_meta":{"origin":15446,"position":5},"title":"A vueltas con el carb\u00f3n de \u00abSchlamm\u00bb","author":"alpoma","date":"17 marzo 2026","format":false,"excerpt":"Desde comienzos del siglo XX se extendi\u00f3 por las cuencas mineras del noroeste espa\u00f1ol un t\u00e9rmino curioso para referirse a cierto tipo de carb\u00f3n pulverulento o, m\u00e1s precisamente, residuo del lavado del carb\u00f3n, sobre todo de la antracita. Hace poco me consultaron en Guardo (norte de Palencia) sobre cierto t\u00e9rmino\u2026","rel":"","context":"En \u00abObsolescencia\u00bb","block_context":{"text":"Obsolescencia","link":"https:\/\/alpoma.net\/tecob\/?cat=3"},"img":{"alt_text":"","src":"https:\/\/i0.wp.com\/alpoma.net\/tecob\/wp-content\/uploads\/2026\/03\/Ant-232.png?resize=350%2C200&ssl=1","width":350,"height":200,"srcset":"https:\/\/i0.wp.com\/alpoma.net\/tecob\/wp-content\/uploads\/2026\/03\/Ant-232.png?resize=350%2C200&ssl=1 1x, https:\/\/i0.wp.com\/alpoma.net\/tecob\/wp-content\/uploads\/2026\/03\/Ant-232.png?resize=525%2C300&ssl=1 1.5x, https:\/\/i0.wp.com\/alpoma.net\/tecob\/wp-content\/uploads\/2026\/03\/Ant-232.png?resize=700%2C400&ssl=1 2x, https:\/\/i0.wp.com\/alpoma.net\/tecob\/wp-content\/uploads\/2026\/03\/Ant-232.png?resize=1050%2C600&ssl=1 3x, https:\/\/i0.wp.com\/alpoma.net\/tecob\/wp-content\/uploads\/2026\/03\/Ant-232.png?resize=1400%2C800&ssl=1 4x"},"classes":[]}],"jetpack_sharing_enabled":true,"_links":{"self":[{"href":"https:\/\/alpoma.net\/tecob\/index.php?rest_route=\/wp\/v2\/posts\/15446","targetHints":{"allow":["GET"]}}],"collection":[{"href":"https:\/\/alpoma.net\/tecob\/index.php?rest_route=\/wp\/v2\/posts"}],"about":[{"href":"https:\/\/alpoma.net\/tecob\/index.php?rest_route=\/wp\/v2\/types\/post"}],"author":[{"embeddable":true,"href":"https:\/\/alpoma.net\/tecob\/index.php?rest_route=\/wp\/v2\/users\/1"}],"replies":[{"embeddable":true,"href":"https:\/\/alpoma.net\/tecob\/index.php?rest_route=%2Fwp%2Fv2%2Fcomments&post=15446"}],"version-history":[{"count":1,"href":"https:\/\/alpoma.net\/tecob\/index.php?rest_route=\/wp\/v2\/posts\/15446\/revisions"}],"predecessor-version":[{"id":15448,"href":"https:\/\/alpoma.net\/tecob\/index.php?rest_route=\/wp\/v2\/posts\/15446\/revisions\/15448"}],"wp:featuredmedia":[{"embeddable":true,"href":"https:\/\/alpoma.net\/tecob\/index.php?rest_route=\/wp\/v2\/media\/15447"}],"wp:attachment":[{"href":"https:\/\/alpoma.net\/tecob\/index.php?rest_route=%2Fwp%2Fv2%2Fmedia&parent=15446"}],"wp:term":[{"taxonomy":"category","embeddable":true,"href":"https:\/\/alpoma.net\/tecob\/index.php?rest_route=%2Fwp%2Fv2%2Fcategories&post=15446"},{"taxonomy":"post_tag","embeddable":true,"href":"https:\/\/alpoma.net\/tecob\/index.php?rest_route=%2Fwp%2Fv2%2Ftags&post=15446"}],"curies":[{"name":"wp","href":"https:\/\/api.w.org\/{rel}","templated":true}]}}