{"id":15392,"date":"2025-05-13T21:34:31","date_gmt":"2025-05-13T19:34:31","guid":{"rendered":"https:\/\/alpoma.net\/tecob\/?p=15392"},"modified":"2025-05-13T21:34:31","modified_gmt":"2025-05-13T19:34:31","slug":"red-de-radio-de-emergencias-remer","status":"publish","type":"post","link":"https:\/\/alpoma.net\/tecob\/?p=15392","title":{"rendered":"Red de Radio de Emergencias REMER"},"content":{"rendered":"<p>Conoc\u00eda esta red pero, la verdad, no es algo que tuviera en mente a menudo. Cuando llega una crisis te acuerdas de Santa Barbara, que solemos decir en tierras mineras, y <strong>el gran apag\u00f3n vivido en Espa\u00f1a el pasado 28 de abril de 2025<\/strong> fue una de esas ocasiones. Fue el tiempo de utilizar REMER, tal como ha recordado un art\u00edculo publicado hace dos d\u00edas en el <em>Diario Palentino<\/em>:<\/p>\n<blockquote><p><em><strong><a href=\"https:\/\/www.diariopalentino.es\/noticia\/zc14c6955-f411-47ad-901799a89600ba52\/202505\/el-mundo-analogico-al-rescate\">El mundo anal\u00f3gico al rescate<\/a><\/strong><\/em><br \/>\nEl jefe de Protecci\u00f3n Civil de la Subdelegaci\u00f3n destaca el papel que llevaron a cabo los colaboradores de la Red de Radio de Emergencias Remer para mantener las conexiones sin tendido el\u00e9ctrico.<\/p><\/blockquote>\n<p><img loading=\"lazy\" decoding=\"async\" data-attachment-id=\"15394\" data-permalink=\"https:\/\/alpoma.net\/tecob\/?attachment_id=15394\" data-orig-file=\"https:\/\/alpoma.net\/tecob\/wp-content\/uploads\/2025\/05\/antenna-1503297_1280.jpg\" data-orig-size=\"1280,853\" data-comments-opened=\"0\" data-image-meta=\"{&quot;aperture&quot;:&quot;0&quot;,&quot;credit&quot;:&quot;&quot;,&quot;camera&quot;:&quot;&quot;,&quot;caption&quot;:&quot;&quot;,&quot;created_timestamp&quot;:&quot;0&quot;,&quot;copyright&quot;:&quot;&quot;,&quot;focal_length&quot;:&quot;0&quot;,&quot;iso&quot;:&quot;0&quot;,&quot;shutter_speed&quot;:&quot;0&quot;,&quot;title&quot;:&quot;&quot;,&quot;orientation&quot;:&quot;0&quot;}\" data-image-title=\"antena_radio\" data-image-description=\"\" data-image-caption=\"\" data-large-file=\"https:\/\/alpoma.net\/tecob\/wp-content\/uploads\/2025\/05\/antenna-1503297_1280.jpg\" src=\"https:\/\/alpoma.net\/tecob\/wp-content\/uploads\/2025\/05\/antenna-1503297_1280-300x200.jpg\" alt=\"\" width=\"300\" height=\"200\" class=\"alignright size-medium wp-image-15394\" srcset=\"https:\/\/alpoma.net\/tecob\/wp-content\/uploads\/2025\/05\/antenna-1503297_1280-300x200.jpg 300w, https:\/\/alpoma.net\/tecob\/wp-content\/uploads\/2025\/05\/antenna-1503297_1280-768x512.jpg 768w, https:\/\/alpoma.net\/tecob\/wp-content\/uploads\/2025\/05\/antenna-1503297_1280.jpg 1280w\" sizes=\"auto, (max-width: 300px) 100vw, 300px\" \/>Vale, \u00bfpero qu\u00e9 narices es REMER? Es un buen momento para mencionarlo. La <strong><a href=\"https:\/\/www.proteccioncivil.es\/coordinacion\/redes\/remer\">Red de Radio de Emergencias REMER<\/a><\/strong> es una red de radioaficionados voluntarios, y acreditados, que apoya a Protecci\u00f3n Civil en emergencias, usando equipos de radio cuando fallan otros sistemas de comunicaci\u00f3n, como sucedi\u00f3 durante el apag\u00f3n. Es un sistema curioso y poco conocido. <strong>Los radioaficionados de REMER colaboran con la Direcci\u00f3n General de Protecci\u00f3n Civil y Emergencias del Ministerio del Interior<\/strong>. REMER fue <strong>creada en 1986 <\/strong>(aunque ya antes hab\u00eda una red embrionaria del mismo estilo) y act\u00faa como un sistema alternativo y complementario cuando otras redes fallan, usando equipos personales para comunicaciones de emergencia (equipos que, adem\u00e1s, suelen tener sistemas de alimentaci\u00f3n el\u00e9ctrica independientes de red para casos de emergencia).  <\/p>\n<p>Es un componente esencial del <strong>Sistema Nacional de Protecci\u00f3n Civil<\/strong> espa\u00f1ol, pero su existencia y funcionamiento son muy poco conocidos en general. REMER mantiene una estructura permanente y jerarquizada, con cobertura en todo el territorio nacional, lo que le permite actuar con rapidez y eficacia. Adem\u00e1s, realiza comprobaciones mensuales desde Madrid para asegurar su operatividad y los colaboradores acreditados pueden ser llamados a la acci\u00f3n en cualquier momento para apoyar operativos de emergencia. La red utiliza frecuencias espec\u00edficas, algunas fuera del segmento asignado a radioaficionados, lo que asegura su exclusividad para comunicaciones cr\u00edticas. Adem\u00e1s, cuenta con redes de apoyo de repetidores VHF. Pero, a pesar de su eficacia, REMER tiene sus problemas, como el aumento del ruido electromagn\u00e9tico generado por dispositivos como tel\u00e9fonos m\u00f3viles, bombillas LED y transformadores de computadoras, que pueden interferir con las comunicaciones. Pero <strong>sigue ah\u00ed, resistiendo cuando otras tecnolog\u00edas m\u00e1s modernas fallan<\/strong>. REMER participa en simulacros y planes estatales como NURIEX o INUNCAM y protocolos para alertas por nevadas, entre otros. Y, sobre todo, <strong>REMER es una joya que depende de la pasi\u00f3n de sus radioaficionados voluntarios, tarea olvidada que casi nunca se menciona<\/strong>.<\/p>\n<p><strong>Imagen<\/strong>: <a href=\"https:\/\/pixabay.com\/es\/photos\/antena-yagi-haz-aire-1503297\/\">JohnDiLiberto<\/a>.<\/p>\n","protected":false},"excerpt":{"rendered":"<div class=\"mh-excerpt\"><p>Conoc\u00eda esta red pero, la verdad, no es algo que tuviera en mente a menudo. Cuando llega una crisis te acuerdas de Santa Barbara, que solemos decir en tierras mineras, <a class=\"mh-excerpt-more\" href=\"https:\/\/alpoma.net\/tecob\/?p=15392\" title=\"Red de Radio de Emergencias REMER\">[&#8230;]<\/a><\/p>\n<\/div>","protected":false},"author":1,"featured_media":15394,"comment_status":"closed","ping_status":"closed","sticky":false,"template":"","format":"standard","meta":{"jetpack_post_was_ever_published":false,"_jetpack_newsletter_access":"","_jetpack_dont_email_post_to_subs":false,"_jetpack_newsletter_tier_id":0,"_jetpack_memberships_contains_paywalled_content":false,"_jetpack_memberships_contains_paid_content":false,"footnotes":""},"categories":[10],"tags":[],"class_list":["post-15392","post","type-post","status-publish","format-standard","has-post-thumbnail","hentry","category-made_in_spain"],"jetpack_featured_media_url":"https:\/\/alpoma.net\/tecob\/wp-content\/uploads\/2025\/05\/antenna-1503297_1280.jpg","jetpack_shortlink":"https:\/\/wp.me\/p93Dc1-40g","jetpack-related-posts":[{"id":14444,"url":"https:\/\/alpoma.net\/tecob\/?p=14444","url_meta":{"origin":15392,"position":0},"title":"Telefon H\u00edrmond\u00f3, el \u00ababuelo\u00bb de Internet","author":"alpoma","date":"4 mayo 2019","format":false,"excerpt":"He tratado este tema en otras ocasiones aqu\u00ed en TecOb, pero nunca est\u00e1 de m\u00e1s recordarlo, m\u00e1s que nada porque me encanta. He aqu\u00ed la versi\u00f3n para este blog del art\u00edculo que publiqu\u00e9 en la revista Historia de Espa\u00f1a y el Mundo, edici\u00f3n de abril de 2019. El siglo XIX\u2026","rel":"","context":"En \u00abObsolescencia\u00bb","block_context":{"text":"Obsolescencia","link":"https:\/\/alpoma.net\/tecob\/?cat=3"},"img":{"alt_text":"","src":"https:\/\/i0.wp.com\/alpoma.net\/tecob\/wp-content\/uploads\/2019\/05\/Emisiones-del-Telefon-Hirmondo.jpg?resize=350%2C200&ssl=1","width":350,"height":200,"srcset":"https:\/\/i0.wp.com\/alpoma.net\/tecob\/wp-content\/uploads\/2019\/05\/Emisiones-del-Telefon-Hirmondo.jpg?resize=350%2C200&ssl=1 1x, https:\/\/i0.wp.com\/alpoma.net\/tecob\/wp-content\/uploads\/2019\/05\/Emisiones-del-Telefon-Hirmondo.jpg?resize=525%2C300&ssl=1 1.5x, https:\/\/i0.wp.com\/alpoma.net\/tecob\/wp-content\/uploads\/2019\/05\/Emisiones-del-Telefon-Hirmondo.jpg?resize=700%2C400&ssl=1 2x, https:\/\/i0.wp.com\/alpoma.net\/tecob\/wp-content\/uploads\/2019\/05\/Emisiones-del-Telefon-Hirmondo.jpg?resize=1050%2C600&ssl=1 3x"},"classes":[]},{"id":979,"url":"https:\/\/alpoma.net\/tecob\/?p=979","url_meta":{"origin":15392,"position":1},"title":"Witricidad, la resurrecci\u00f3n de Nikola Tesla","author":"alpoma","date":"28 agosto 2008","format":false,"excerpt":"Hace tiempo se hablaba de la oficina sin papeles. Coment\u00e1base por entonces que, en pocos a\u00f1os, gracias a la inform\u00e1tica y a Internet, la presencia de papel tanto en \u00e1mbitos profesionales como dom\u00e9sticos caer\u00eda por los suelos. Para alivio de los fabricantes de hojas blancas la realidad ha llevado un\u2026","rel":"","context":"En \u00abInnovaci\u00f3n\u00bb","block_context":{"text":"Innovaci\u00f3n","link":"https:\/\/alpoma.net\/tecob\/?cat=4"},"img":{"alt_text":"","src":"","width":0,"height":0},"classes":[]},{"id":8161,"url":"https:\/\/alpoma.net\/tecob\/?p=8161","url_meta":{"origin":15392,"position":2},"title":"Las (posiblemente) in\u00fatiles ondas electromagn\u00e9ticas","author":"alpoma","date":"24 abril 2013","format":false,"excerpt":"Siempre se ha dicho que Heinrich Rudolf Hertz no ve\u00eda qu\u00e9 posible utilidad podr\u00edan tener las ondas electromagn\u00e9ticas que \u00e9l mismo hab\u00eda demostrado que exist\u00edan experimentalmente, pero me resisto a pensar que, en el fondo, aquella fuera su opini\u00f3n real. Veamos, no era el primero que se encontraba con ellas,\u2026","rel":"","context":"En \u00abObsolescencia\u00bb","block_context":{"text":"Obsolescencia","link":"https:\/\/alpoma.net\/tecob\/?cat=3"},"img":{"alt_text":"","src":"https:\/\/i0.wp.com\/alpoma.net\/tecob\/wp-content\/uploads\/2013\/04\/montaje_hertz.jpg?resize=350%2C200&ssl=1","width":350,"height":200,"srcset":"https:\/\/i0.wp.com\/alpoma.net\/tecob\/wp-content\/uploads\/2013\/04\/montaje_hertz.jpg?resize=350%2C200&ssl=1 1x, https:\/\/i0.wp.com\/alpoma.net\/tecob\/wp-content\/uploads\/2013\/04\/montaje_hertz.jpg?resize=525%2C300&ssl=1 1.5x"},"classes":[]},{"id":2068,"url":"https:\/\/alpoma.net\/tecob\/?p=2068","url_meta":{"origin":15392,"position":3},"title":"Cuestion de ingenio","author":"alpoma","date":"21 enero 2010","format":false,"excerpt":"Como en tantas otras ocasiones, hace d\u00edas me lleg\u00f3 un enlace v\u00eda correo electr\u00f3nico en el que se mencionaba una galer\u00eda fotogr\u00e1fica muy especial. Al principio no hice mucho caso, porque si me detuviera a revisar todas las galer\u00edas a\u00f1ejas con las que me encuentro, no har\u00eda otra cosa, pero\u2026","rel":"","context":"En \u00abObsolescencia\u00bb","block_context":{"text":"Obsolescencia","link":"https:\/\/alpoma.net\/tecob\/?cat=3"},"img":{"alt_text":"","src":"https:\/\/i0.wp.com\/alpoma.net\/tecob\/wp-content\/uploads\/2010\/01\/4292844209_54df31f5d1_o.jpg?resize=350%2C200&ssl=1","width":350,"height":200,"srcset":"https:\/\/i0.wp.com\/alpoma.net\/tecob\/wp-content\/uploads\/2010\/01\/4292844209_54df31f5d1_o.jpg?resize=350%2C200&ssl=1 1x, https:\/\/i0.wp.com\/alpoma.net\/tecob\/wp-content\/uploads\/2010\/01\/4292844209_54df31f5d1_o.jpg?resize=525%2C300&ssl=1 1.5x"},"classes":[]},{"id":9979,"url":"https:\/\/alpoma.net\/tecob\/?p=9979","url_meta":{"origin":15392,"position":4},"title":"Alejandro Basanta y su salvavidas ferroviario","author":"alpoma","date":"23 julio 2014","format":false,"excerpt":"La preocupaci\u00f3n por la seguridad en los ferrocarriles no es cosa de ahora. Al leer estos d\u00edas sobre nov\u00edsimos sistemas para el control de la seguridad en trenes y similares, he recordado el curioso artilugio creado por al asturiano Alejandro Basanta y Baqu\u00e9 a finales del siglo XIX (v\u00e9ase la\u2026","rel":"","context":"En \u00abMade in Spain\u00bb","block_context":{"text":"Made in Spain","link":"https:\/\/alpoma.net\/tecob\/?cat=10"},"img":{"alt_text":"","src":"https:\/\/i0.wp.com\/alpoma.net\/tecob\/wp-content\/uploads\/2014\/07\/bsanta.jpg?resize=350%2C200&ssl=1","width":350,"height":200,"srcset":"https:\/\/i0.wp.com\/alpoma.net\/tecob\/wp-content\/uploads\/2014\/07\/bsanta.jpg?resize=350%2C200&ssl=1 1x, https:\/\/i0.wp.com\/alpoma.net\/tecob\/wp-content\/uploads\/2014\/07\/bsanta.jpg?resize=525%2C300&ssl=1 1.5x"},"classes":[]},{"id":15458,"url":"https:\/\/alpoma.net\/tecob\/?p=15458","url_meta":{"origin":15392,"position":5},"title":"Algunas reflexiones, con cierto cabreo, sobre el cierre de la Onda Media en Espa\u00f1a este 31 de diciembre de 2025","author":"alpoma","date":"10 diciembre 2025","format":false,"excerpt":"Durante el apag\u00f3n que vivi\u00f3 la pen\u00ednsula ib\u00e9rica el pasado 28 de abril de 2025, pude estar al tanto de lo que suced\u00eda gracias a RNE, que segu\u00eda emitiendo por Onda Media gracias a dos grupos electr\u00f3genos en su emisor principal de Madrid (uno de esos grupos fall\u00f3, por fortuna\u2026","rel":"","context":"En \u00abObsolescencia\u00bb","block_context":{"text":"Obsolescencia","link":"https:\/\/alpoma.net\/tecob\/?cat=3"},"img":{"alt_text":"","src":"https:\/\/i0.wp.com\/alpoma.net\/tecob\/wp-content\/uploads\/2025\/12\/radio_antigua.jpg?resize=350%2C200&ssl=1","width":350,"height":200,"srcset":"https:\/\/i0.wp.com\/alpoma.net\/tecob\/wp-content\/uploads\/2025\/12\/radio_antigua.jpg?resize=350%2C200&ssl=1 1x, https:\/\/i0.wp.com\/alpoma.net\/tecob\/wp-content\/uploads\/2025\/12\/radio_antigua.jpg?resize=525%2C300&ssl=1 1.5x, https:\/\/i0.wp.com\/alpoma.net\/tecob\/wp-content\/uploads\/2025\/12\/radio_antigua.jpg?resize=700%2C400&ssl=1 2x, https:\/\/i0.wp.com\/alpoma.net\/tecob\/wp-content\/uploads\/2025\/12\/radio_antigua.jpg?resize=1050%2C600&ssl=1 3x, https:\/\/i0.wp.com\/alpoma.net\/tecob\/wp-content\/uploads\/2025\/12\/radio_antigua.jpg?resize=1400%2C800&ssl=1 4x"},"classes":[]}],"jetpack_sharing_enabled":true,"_links":{"self":[{"href":"https:\/\/alpoma.net\/tecob\/index.php?rest_route=\/wp\/v2\/posts\/15392","targetHints":{"allow":["GET"]}}],"collection":[{"href":"https:\/\/alpoma.net\/tecob\/index.php?rest_route=\/wp\/v2\/posts"}],"about":[{"href":"https:\/\/alpoma.net\/tecob\/index.php?rest_route=\/wp\/v2\/types\/post"}],"author":[{"embeddable":true,"href":"https:\/\/alpoma.net\/tecob\/index.php?rest_route=\/wp\/v2\/users\/1"}],"replies":[{"embeddable":true,"href":"https:\/\/alpoma.net\/tecob\/index.php?rest_route=%2Fwp%2Fv2%2Fcomments&post=15392"}],"version-history":[{"count":3,"href":"https:\/\/alpoma.net\/tecob\/index.php?rest_route=\/wp\/v2\/posts\/15392\/revisions"}],"predecessor-version":[{"id":15396,"href":"https:\/\/alpoma.net\/tecob\/index.php?rest_route=\/wp\/v2\/posts\/15392\/revisions\/15396"}],"wp:featuredmedia":[{"embeddable":true,"href":"https:\/\/alpoma.net\/tecob\/index.php?rest_route=\/wp\/v2\/media\/15394"}],"wp:attachment":[{"href":"https:\/\/alpoma.net\/tecob\/index.php?rest_route=%2Fwp%2Fv2%2Fmedia&parent=15392"}],"wp:term":[{"taxonomy":"category","embeddable":true,"href":"https:\/\/alpoma.net\/tecob\/index.php?rest_route=%2Fwp%2Fv2%2Fcategories&post=15392"},{"taxonomy":"post_tag","embeddable":true,"href":"https:\/\/alpoma.net\/tecob\/index.php?rest_route=%2Fwp%2Fv2%2Ftags&post=15392"}],"curies":[{"name":"wp","href":"https:\/\/api.w.org\/{rel}","templated":true}]}}