{"id":15333,"date":"2024-03-21T21:09:08","date_gmt":"2024-03-21T19:09:08","guid":{"rendered":"https:\/\/alpoma.net\/tecob\/?p=15333"},"modified":"2024-03-21T21:09:08","modified_gmt":"2024-03-21T19:09:08","slug":"naukasguardo-ciencia-desde-la-montana-palentina","status":"publish","type":"post","link":"https:\/\/alpoma.net\/tecob\/?p=15333","title":{"rendered":"#NaukasGuardo &#8211; Ciencia desde la Monta\u00f1a Palentina"},"content":{"rendered":"<p>Hoy va una nota breve, porque en los pr\u00f3ximos d\u00edas ya ampliar\u00e9 el tema con m\u00e1s informaci\u00f3n. S\u00f3lo comentar que llevo varios meses organizando el primer evento de divulgaci\u00f3n cient\u00edfica de Naukas que se celebra en un \u00e1rea rural (hasta ahora siempre se han realizado en ciudades grandes). El lugar, mi pueblo: <a href=\"https:\/\/guardo.org\" rel=\"noopener\" target=\"_blank\">Guardo<\/a>, en la Monta\u00f1a Palentina. Y, de momento, no voy a contar nada m\u00e1s. Pr\u00f3ximamente tendremos el programa provisional, comentar\u00e9 m\u00e1s detalles entonces. \ud83d\ude09<\/p>\n<p><img loading=\"lazy\" decoding=\"async\" data-attachment-id=\"15335\" data-permalink=\"https:\/\/alpoma.net\/tecob\/?attachment_id=15335\" data-orig-file=\"https:\/\/alpoma.net\/tecob\/wp-content\/uploads\/2024\/03\/Naukas-Guardo-2024-1.jpg\" data-orig-size=\"1200,1697\" data-comments-opened=\"0\" data-image-meta=\"{&quot;aperture&quot;:&quot;0&quot;,&quot;credit&quot;:&quot;&quot;,&quot;camera&quot;:&quot;&quot;,&quot;caption&quot;:&quot;&quot;,&quot;created_timestamp&quot;:&quot;0&quot;,&quot;copyright&quot;:&quot;&quot;,&quot;focal_length&quot;:&quot;0&quot;,&quot;iso&quot;:&quot;0&quot;,&quot;shutter_speed&quot;:&quot;0&quot;,&quot;title&quot;:&quot;&quot;,&quot;orientation&quot;:&quot;0&quot;}\" data-image-title=\"Naukas-Guardo-2024-1\" data-image-description=\"\" data-image-caption=\"\" data-large-file=\"https:\/\/alpoma.net\/tecob\/wp-content\/uploads\/2024\/03\/Naukas-Guardo-2024-1.jpg\" src=\"https:\/\/alpoma.net\/tecob\/wp-content\/uploads\/2024\/03\/Naukas-Guardo-2024-1.jpg\" alt=\"\" width=\"1200\" height=\"1697\" class=\"aligncenter size-full wp-image-15335\" srcset=\"https:\/\/alpoma.net\/tecob\/wp-content\/uploads\/2024\/03\/Naukas-Guardo-2024-1.jpg 1200w, https:\/\/alpoma.net\/tecob\/wp-content\/uploads\/2024\/03\/Naukas-Guardo-2024-1-212x300.jpg 212w, https:\/\/alpoma.net\/tecob\/wp-content\/uploads\/2024\/03\/Naukas-Guardo-2024-1-768x1086.jpg 768w, https:\/\/alpoma.net\/tecob\/wp-content\/uploads\/2024\/03\/Naukas-Guardo-2024-1-1086x1536.jpg 1086w\" sizes=\"auto, (max-width: 1200px) 100vw, 1200px\" \/><\/p>\n","protected":false},"excerpt":{"rendered":"<div class=\"mh-excerpt\"><p>Hoy va una nota breve, porque en los pr\u00f3ximos d\u00edas ya ampliar\u00e9 el tema con m\u00e1s informaci\u00f3n. S\u00f3lo comentar que llevo varios meses organizando el primer evento de divulgaci\u00f3n cient\u00edfica <a class=\"mh-excerpt-more\" href=\"https:\/\/alpoma.net\/tecob\/?p=15333\" title=\"#NaukasGuardo &#8211; Ciencia desde la Monta\u00f1a Palentina\">[&#8230;]<\/a><\/p>\n<\/div>","protected":false},"author":1,"featured_media":15334,"comment_status":"closed","ping_status":"closed","sticky":false,"template":"","format":"standard","meta":{"jetpack_post_was_ever_published":false,"_jetpack_newsletter_access":"","_jetpack_dont_email_post_to_subs":false,"_jetpack_newsletter_tier_id":0,"_jetpack_memberships_contains_paywalled_content":false,"_jetpack_memberships_contains_paid_content":false,"footnotes":""},"categories":[2],"tags":[],"class_list":["post-15333","post","type-post","status-publish","format-standard","has-post-thumbnail","hentry","category-personal"],"jetpack_featured_media_url":"https:\/\/alpoma.net\/tecob\/wp-content\/uploads\/2024\/03\/naukas-guardo-2024-b.png","jetpack_shortlink":"https:\/\/wp.me\/p93Dc1-3Zj","jetpack-related-posts":[{"id":15296,"url":"https:\/\/alpoma.net\/tecob\/?p=15296","url_meta":{"origin":15333,"position":0},"title":"Hoy, hace 20 a\u00f1os, el cielo se abri\u00f3 con estruendo sobre la Monta\u00f1a Palentina (meteorito de Villalbeto)","author":"alpoma","date":"4 enero 2024","format":false,"excerpt":"Hoy es jueves, 4 de enero de 2024. Hace exactamente dos d\u00e9cadas yo ten\u00eda 28 a\u00f1os, era domingo, 4 de enero de 2004 cuando, a las 16:46 horas UTC de la tarde sucedi\u00f3 lo m\u00e1s asombroso que he contemplado en toda mi vida. Y eso que he visto cosas raras\u2026","rel":"","context":"En \u00abGeo\u00bb","block_context":{"text":"Geo","link":"https:\/\/alpoma.net\/tecob\/?cat=5"},"img":{"alt_text":"","src":"https:\/\/i0.wp.com\/alpoma.net\/tecob\/wp-content\/uploads\/2024\/01\/3082060963_674dd97b05_o.jpg?resize=350%2C200&ssl=1","width":350,"height":200,"srcset":"https:\/\/i0.wp.com\/alpoma.net\/tecob\/wp-content\/uploads\/2024\/01\/3082060963_674dd97b05_o.jpg?resize=350%2C200&ssl=1 1x, https:\/\/i0.wp.com\/alpoma.net\/tecob\/wp-content\/uploads\/2024\/01\/3082060963_674dd97b05_o.jpg?resize=525%2C300&ssl=1 1.5x"},"classes":[]},{"id":6826,"url":"https:\/\/alpoma.net\/tecob\/?p=6826","url_meta":{"origin":15333,"position":1},"title":"Turismo y lectura para este verano con \u00abEl viaje de Argos\u00bb","author":"alpoma","date":"1 julio 2012","format":false,"excerpt":"Aunque en el website de mi novela El viaje de Argos ya hay material adicional, fotos y mapas, creo que faltaba algo para completar el c\u00edrculo. Por ello, adem\u00e1s de recomendar de nuevo la lectura del libro, como no pod\u00eda ser de otro modo, he creado un mapa que re\u00fane\u2026","rel":"","context":"En \u00abPersonal\u00bb","block_context":{"text":"Personal","link":"https:\/\/alpoma.net\/tecob\/?cat=2"},"img":{"alt_text":"La Reana (Fuentes Tam\u00e1ricas) Velilla del R\u00edo Carri\u00f3n - Palencia","src":"https:\/\/i0.wp.com\/farm3.staticflickr.com\/2672\/4178339781_d76a6a4b8c_m.jpg?resize=350%2C200","width":350,"height":200},"classes":[]},{"id":15370,"url":"https:\/\/alpoma.net\/tecob\/?p=15370","url_meta":{"origin":15333,"position":2},"title":"Naukas Guardo 2025 &#8211; La ciencia vuelve a la Monta\u00f1a Palentina","author":"alpoma","date":"24 abril 2025","format":false,"excerpt":"La falta de tiempo, ya cr\u00f3nica, me tiene fosilizado y apenas puedo escribir. Pero, antes de que llegue la fecha, no quiero olvidar mencionar que este s\u00e1bado d\u00eda 26 de abril se celebra en Guardo (Palencia) una nueva edici\u00f3n de Naukas con un programa muy especial. Aqu\u00ed lo dejo... ;-)\u2026","rel":"","context":"En \u00abPersonal\u00bb","block_context":{"text":"Personal","link":"https:\/\/alpoma.net\/tecob\/?cat=2"},"img":{"alt_text":"","src":"https:\/\/i0.wp.com\/alpoma.net\/tecob\/wp-content\/uploads\/2025\/04\/alpoma_httpss.mj_.runD0Zaeis4ASI_Ilustracin_cientfica_de_una_n_0d86bf41-0569-4999-8eca-9b833a0adf19_0.png?resize=350%2C200&ssl=1","width":350,"height":200,"srcset":"https:\/\/i0.wp.com\/alpoma.net\/tecob\/wp-content\/uploads\/2025\/04\/alpoma_httpss.mj_.runD0Zaeis4ASI_Ilustracin_cientfica_de_una_n_0d86bf41-0569-4999-8eca-9b833a0adf19_0.png?resize=350%2C200&ssl=1 1x, https:\/\/i0.wp.com\/alpoma.net\/tecob\/wp-content\/uploads\/2025\/04\/alpoma_httpss.mj_.runD0Zaeis4ASI_Ilustracin_cientfica_de_una_n_0d86bf41-0569-4999-8eca-9b833a0adf19_0.png?resize=525%2C300&ssl=1 1.5x, https:\/\/i0.wp.com\/alpoma.net\/tecob\/wp-content\/uploads\/2025\/04\/alpoma_httpss.mj_.runD0Zaeis4ASI_Ilustracin_cientfica_de_una_n_0d86bf41-0569-4999-8eca-9b833a0adf19_0.png?resize=700%2C400&ssl=1 2x"},"classes":[]},{"id":4171,"url":"https:\/\/alpoma.net\/tecob\/?p=4171","url_meta":{"origin":15333,"position":3},"title":"Factor\u00eda de carburo c\u00e1lcico (infograf\u00eda)","author":"alpoma","date":"12 febrero 2011","format":false,"excerpt":"He tratado en otras ocasiones sobre los procesos qu\u00edmicos relacionados con la vieja industria del carburo c\u00e1lcico, por eso no repetir\u00e9 aqu\u00ed ese contenido. Sin embargo, por si a alg\u00fan lector de TecOb pudiera interesarle, he aqu\u00ed una infograf\u00eda que dise\u00f1\u00e9 para ilustrar mi art\u00edculo sobre el carburo que aparece\u2026","rel":"","context":"En \u00abMade in Spain\u00bb","block_context":{"text":"Made in Spain","link":"https:\/\/alpoma.net\/tecob\/?cat=10"},"img":{"alt_text":"","src":"https:\/\/i0.wp.com\/alpoma.net\/tecob\/wp-content\/uploads\/2011\/02\/5439610282_7237bf1e01.jpg?resize=350%2C200&ssl=1","width":350,"height":200},"classes":[]},{"id":299,"url":"https:\/\/alpoma.net\/tecob\/?p=299","url_meta":{"origin":15333,"position":4},"title":"El meteorito de Villalbeto","author":"alpoma","date":"4 enero 2006","format":false,"excerpt":"(El texto de este post corresponde a un art\u00edculo que publiqu\u00e9 a principios de 2004). [Art\u00edculo pendiente de revisi\u00f3n de estilo] El destino guarda sorpresas ciertamente asombrosas. Porque, al menos personalmente, lo sucedido el d\u00eda cuatro de Enero de 2004 fue uno de los sucesos m\u00e1s asombrosos de los que\u2026","rel":"","context":"En \u00abPersonal\u00bb","block_context":{"text":"Personal","link":"https:\/\/alpoma.net\/tecob\/?cat=2"},"img":{"alt_text":"","src":"","width":0,"height":0},"classes":[]},{"id":98,"url":"https:\/\/alpoma.net\/tecob\/?p=98","url_meta":{"origin":15333,"position":5},"title":"La era del carburo","author":"alpoma","date":"25 febrero 2005","format":false,"excerpt":"Tambi\u00e9n sobre este tema: Factor\u00eda de carburo c\u00e1lcico (infograf\u00eda). L\u00e1mparas de carburo. Las minas de petr\u00f3leo y el sue\u00f1o de la gasolina sint\u00e9tica. La F\u00e1brica. Antes de nuestro tiempo de petr\u00f3leo y gas natural se vivi\u00f3 una aut\u00e9ntica era del carburo. hay olvidada. Todav\u00eda recuerdo el olor a polvo de\u2026","rel":"","context":"En \u00abObsolescencia\u00bb","block_context":{"text":"Obsolescencia","link":"https:\/\/alpoma.net\/tecob\/?cat=3"},"img":{"alt_text":"","src":"https:\/\/i0.wp.com\/alpoma.net\/tecob\/wp-content\/uploads\/2005\/02\/carburo_de_calcio.png?resize=350%2C200&ssl=1","width":350,"height":200,"srcset":"https:\/\/i0.wp.com\/alpoma.net\/tecob\/wp-content\/uploads\/2005\/02\/carburo_de_calcio.png?resize=350%2C200&ssl=1 1x, https:\/\/i0.wp.com\/alpoma.net\/tecob\/wp-content\/uploads\/2005\/02\/carburo_de_calcio.png?resize=525%2C300&ssl=1 1.5x, https:\/\/i0.wp.com\/alpoma.net\/tecob\/wp-content\/uploads\/2005\/02\/carburo_de_calcio.png?resize=700%2C400&ssl=1 2x"},"classes":[]}],"jetpack_sharing_enabled":true,"_links":{"self":[{"href":"https:\/\/alpoma.net\/tecob\/index.php?rest_route=\/wp\/v2\/posts\/15333","targetHints":{"allow":["GET"]}}],"collection":[{"href":"https:\/\/alpoma.net\/tecob\/index.php?rest_route=\/wp\/v2\/posts"}],"about":[{"href":"https:\/\/alpoma.net\/tecob\/index.php?rest_route=\/wp\/v2\/types\/post"}],"author":[{"embeddable":true,"href":"https:\/\/alpoma.net\/tecob\/index.php?rest_route=\/wp\/v2\/users\/1"}],"replies":[{"embeddable":true,"href":"https:\/\/alpoma.net\/tecob\/index.php?rest_route=%2Fwp%2Fv2%2Fcomments&post=15333"}],"version-history":[{"count":2,"href":"https:\/\/alpoma.net\/tecob\/index.php?rest_route=\/wp\/v2\/posts\/15333\/revisions"}],"predecessor-version":[{"id":15337,"href":"https:\/\/alpoma.net\/tecob\/index.php?rest_route=\/wp\/v2\/posts\/15333\/revisions\/15337"}],"wp:featuredmedia":[{"embeddable":true,"href":"https:\/\/alpoma.net\/tecob\/index.php?rest_route=\/wp\/v2\/media\/15334"}],"wp:attachment":[{"href":"https:\/\/alpoma.net\/tecob\/index.php?rest_route=%2Fwp%2Fv2%2Fmedia&parent=15333"}],"wp:term":[{"taxonomy":"category","embeddable":true,"href":"https:\/\/alpoma.net\/tecob\/index.php?rest_route=%2Fwp%2Fv2%2Fcategories&post=15333"},{"taxonomy":"post_tag","embeddable":true,"href":"https:\/\/alpoma.net\/tecob\/index.php?rest_route=%2Fwp%2Fv2%2Ftags&post=15333"}],"curies":[{"name":"wp","href":"https:\/\/api.w.org\/{rel}","templated":true}]}}