{"id":1500,"date":"2009-10-30T19:07:54","date_gmt":"2009-10-30T17:07:54","guid":{"rendered":"http:\/\/www.alpoma.net\/tecob\/?p=1500"},"modified":"2009-10-30T19:07:54","modified_gmt":"2009-10-30T17:07:54","slug":"el-lanzamiento-del-ares-i-x-desde-otro-punto-de-vista","status":"publish","type":"post","link":"https:\/\/alpoma.net\/tecob\/?p=1500","title":{"rendered":"El lanzamiento del Ares I-X desde otro punto de vista"},"content":{"rendered":"<p>El env\u00edo de un artilugio al espacio siempre es emocionante y, aunque la mayor parte del <strong><a href=\"http:\/\/es.wikipedia.org\/wiki\/Ares_I-X\" class=\"enlaces\">Ares I-X<\/a><\/strong> no fuera m\u00e1s que una maqueta de pruebas, un cohete es un cohete, por lo que verlo surcar los cielos despierta estimulantes sensaciones. Bien, creo que ya no quedar\u00e1 mucha gente que no haya contemplado el vuelo del Ares, lanzado desde el Centro Espacial Kennedy de la NASA, en Florida, el pasado mi\u00e9rcoles as\u00ed que <strong>me gustar\u00eda hoy compartir otro punto de vista<\/strong>. Los <strong><a href=\"http:\/\/www.youtube.com\/watch?v=XWO_N0fEZQs\" class=\"enlaces\">v\u00eddeos oficiales<\/a><\/strong> de los lanzamiento tienen su emoci\u00f3n, c\u00f3mo no, con su cuenta atr\u00e1s, el <em>liftoff <\/em>y la frase hist\u00f3rica de rigor pero, \u00bfqu\u00e9 sucede al otro lado de la barrera? Veamos hoy c\u00f3mo viven los apasionados de la astron\u00e1utica un lanzamiento desde <strong>Banana Creek<\/strong>, en la tribuna de observaci\u00f3n, donde lo m\u00e1s impresionante no es el cohete en s\u00ed, lo que emociona es la reacci\u00f3n de los presentes, el temblor de la c\u00e1mara, la pasi\u00f3n espacial de curiosos y trabajadores de la NASA&#8230; \ud83d\ude09<\/p>\n<p><object width=\"620\" height=\"485\"><param name=\"movie\" value=\"http:\/\/www.youtube.com\/v\/SaeD_yehsH0&#038;hl=es&#038;fs=1&#038;\"><\/param><param name=\"allowFullScreen\" value=\"true\"><\/param><param name=\"allowscriptaccess\" value=\"always\"><\/param><\/object><\/p>\n","protected":false},"excerpt":{"rendered":"<div class=\"mh-excerpt\"><p>El env\u00edo de un artilugio al espacio siempre es emocionante y, aunque la mayor parte del Ares I-X no fuera m\u00e1s que una maqueta de pruebas, un cohete es un <a class=\"mh-excerpt-more\" href=\"https:\/\/alpoma.net\/tecob\/?p=1500\" title=\"El lanzamiento del Ares I-X desde otro punto de vista\">[&#8230;]<\/a><\/p>\n<\/div>","protected":false},"author":1,"featured_media":0,"comment_status":"open","ping_status":"open","sticky":false,"template":"","format":"standard","meta":{"jetpack_post_was_ever_published":false,"_jetpack_newsletter_access":"","_jetpack_dont_email_post_to_subs":false,"_jetpack_newsletter_tier_id":0,"_jetpack_memberships_contains_paywalled_content":false,"_jetpack_memberships_contains_paid_content":false,"footnotes":""},"categories":[2],"tags":[],"class_list":["post-1500","post","type-post","status-publish","format-standard","hentry","category-personal"],"jetpack_featured_media_url":"","jetpack_shortlink":"https:\/\/wp.me\/p93Dc1-oc","jetpack-related-posts":[{"id":5449,"url":"https:\/\/alpoma.net\/tecob\/?p=5449","url_meta":{"origin":1500,"position":0},"title":"Qu8k, rey de los cohetes de \u00abaficionado\u00bb","author":"alpoma","date":"10 octubre 2011","format":false,"excerpt":"Si te gusta TecOb, puedes votar por este blog en la categor\u00eda de ciencia en los Premios Bit\u00e1coras 2011. :-) Siento debilidad por los cohetes construidos por aficionados, aunque en este caso esa palabra, aficionado o amateur, se queda muy corta. He aqu\u00ed a uno de los reyes de su\u2026","rel":"","context":"En \u00abExperimentos\u00bb","block_context":{"text":"Experimentos","link":"https:\/\/alpoma.net\/tecob\/?cat=9"},"img":{"alt_text":"","src":"","width":0,"height":0},"classes":[]},{"id":4767,"url":"https:\/\/alpoma.net\/tecob\/?p=4767","url_meta":{"origin":1500,"position":1},"title":"Los pretendientes del primer estampido s\u00f3nico","author":"alpoma","date":"16 mayo 2011","format":false,"excerpt":"En la historia de la tecnolog\u00eda se repiten muy a menudo esos emocionantes momentos en los que, precisamente por el avance de una t\u00e9cnica determinada, aparecen muchos afortunados capaces de lograr algo excepcional, aunque s\u00f3lo uno de ellos puede llevarse la gloria. Con el primer avi\u00f3n que super\u00f3 la barrera\u2026","rel":"","context":"En \u00abObsolescencia\u00bb","block_context":{"text":"Obsolescencia","link":"https:\/\/alpoma.net\/tecob\/?cat=3"},"img":{"alt_text":"","src":"https:\/\/i0.wp.com\/alpoma.net\/tecob\/wp-content\/uploads\/2011\/05\/5726606905_b85c20bc33_o.jpg?resize=350%2C200&ssl=1","width":350,"height":200,"srcset":"https:\/\/i0.wp.com\/alpoma.net\/tecob\/wp-content\/uploads\/2011\/05\/5726606905_b85c20bc33_o.jpg?resize=350%2C200&ssl=1 1x, https:\/\/i0.wp.com\/alpoma.net\/tecob\/wp-content\/uploads\/2011\/05\/5726606905_b85c20bc33_o.jpg?resize=525%2C300&ssl=1 1.5x"},"classes":[]},{"id":14051,"url":"https:\/\/alpoma.net\/tecob\/?p=14051","url_meta":{"origin":1500,"position":2},"title":"Cohete \u00abfotogr\u00e1fico\u00bb de 1911","author":"alpoma","date":"5 diciembre 2018","format":false,"excerpt":"Me apetec\u00eda hoy a\u00f1adir una peque\u00f1a nota jocosa a TecOb. Ten\u00eda por ah\u00ed la historia de cierto autom\u00f3vil a h\u00e9lice que arm\u00f3 revuelo hace ya m\u00e1s de un siglo pero, por sorpresa, result\u00f3 que la historia ten\u00eda mucha m\u00e1s miga de lo que parec\u00eda. Y es que, en muchas ocasiones,\u2026","rel":"","context":"En \u00abObsolescencia\u00bb","block_context":{"text":"Obsolescencia","link":"https:\/\/alpoma.net\/tecob\/?cat=3"},"img":{"alt_text":"","src":"https:\/\/i0.wp.com\/alpoma.net\/tecob\/wp-content\/uploads\/2018\/12\/ft1.png?resize=350%2C200&ssl=1","width":350,"height":200,"srcset":"https:\/\/i0.wp.com\/alpoma.net\/tecob\/wp-content\/uploads\/2018\/12\/ft1.png?resize=350%2C200&ssl=1 1x, https:\/\/i0.wp.com\/alpoma.net\/tecob\/wp-content\/uploads\/2018\/12\/ft1.png?resize=525%2C300&ssl=1 1.5x, https:\/\/i0.wp.com\/alpoma.net\/tecob\/wp-content\/uploads\/2018\/12\/ft1.png?resize=700%2C400&ssl=1 2x"},"classes":[]},{"id":1003,"url":"https:\/\/alpoma.net\/tecob\/?p=1003","url_meta":{"origin":1500,"position":3},"title":"El intr\u00e9pido Fritz von Opel","author":"alpoma","date":"28 septiembre 2008","format":false,"excerpt":"En el suplemento dedicado al mundo del motor que aparece con el peri\u00f3dico elEconomista los s\u00e1bados, y que lleva por nombre EcoMotor, encontr\u00e9 ayer la historia de un aventurero del que apenas hab\u00eda o\u00eddo hablar. Hace tiempo que le\u00ed algo sobre Fritz von Opel, nieto de Adam Opel, que a\u2026","rel":"","context":"En \u00abObsolescencia\u00bb","block_context":{"text":"Obsolescencia","link":"https:\/\/alpoma.net\/tecob\/?cat=3"},"img":{"alt_text":"","src":"https:\/\/i0.wp.com\/alpoma.net\/tecob\/wp-content\/uploads\/2008\/09\/2896561998_7ed8a9fd93_o.jpg?resize=350%2C200&ssl=1","width":350,"height":200,"srcset":"https:\/\/i0.wp.com\/alpoma.net\/tecob\/wp-content\/uploads\/2008\/09\/2896561998_7ed8a9fd93_o.jpg?resize=350%2C200&ssl=1 1x, https:\/\/i0.wp.com\/alpoma.net\/tecob\/wp-content\/uploads\/2008\/09\/2896561998_7ed8a9fd93_o.jpg?resize=525%2C300&ssl=1 1.5x"},"classes":[]},{"id":8570,"url":"https:\/\/alpoma.net\/tecob\/?p=8570","url_meta":{"origin":1500,"position":4},"title":"El vuelo al planeta Venus de Robert Condit (1928)","author":"alpoma","date":"16 octubre 2013","format":false,"excerpt":"Cuando los viajes al espacio no eran sino algo que s\u00f3lo se pod\u00eda contemplar en coloridas revistas de ciencia ficci\u00f3n y en los c\u00e1lculos de algunos apasionados visionarios, surgieron algunos aventureros, con m\u00e1s ilusi\u00f3n que cerebro, que quisieron saltar por encima de las dificultades y salir pitando hacia nuestros planetas\u2026","rel":"","context":"En \u00abObsolescencia\u00bb","block_context":{"text":"Obsolescencia","link":"https:\/\/alpoma.net\/tecob\/?cat=3"},"img":{"alt_text":"","src":"https:\/\/i0.wp.com\/alpoma.net\/tecob\/wp-content\/uploads\/2013\/10\/condit.jpg?resize=350%2C200&ssl=1","width":350,"height":200,"srcset":"https:\/\/i0.wp.com\/alpoma.net\/tecob\/wp-content\/uploads\/2013\/10\/condit.jpg?resize=350%2C200&ssl=1 1x, https:\/\/i0.wp.com\/alpoma.net\/tecob\/wp-content\/uploads\/2013\/10\/condit.jpg?resize=525%2C300&ssl=1 1.5x"},"classes":[]},{"id":7097,"url":"https:\/\/alpoma.net\/tecob\/?p=7097","url_meta":{"origin":1500,"position":5},"title":"Neil Armstrong y el vuelo del Gemini 8","author":"alpoma","date":"26 agosto 2012","format":false,"excerpt":"A estas horas ya ha sido comentado por todas partes, ha fallecido Neil Armstrong, el primer ser humano en poner el pie no s\u00f3lo en nuestra Luna, sino el primero en hacerlo en un cuerpo celeste que no fuera nuestro mundo. No repetir\u00e9 nada de lo dicho por doquier, si\u2026","rel":"","context":"En \u00abObsolescencia\u00bb","block_context":{"text":"Obsolescencia","link":"https:\/\/alpoma.net\/tecob\/?cat=3"},"img":{"alt_text":"camino","src":"https:\/\/i0.wp.com\/farm9.staticflickr.com\/8438\/7867403172_32e1b06c98_n.jpg?resize=350%2C200","width":350,"height":200},"classes":[]}],"jetpack_sharing_enabled":true,"_links":{"self":[{"href":"https:\/\/alpoma.net\/tecob\/index.php?rest_route=\/wp\/v2\/posts\/1500","targetHints":{"allow":["GET"]}}],"collection":[{"href":"https:\/\/alpoma.net\/tecob\/index.php?rest_route=\/wp\/v2\/posts"}],"about":[{"href":"https:\/\/alpoma.net\/tecob\/index.php?rest_route=\/wp\/v2\/types\/post"}],"author":[{"embeddable":true,"href":"https:\/\/alpoma.net\/tecob\/index.php?rest_route=\/wp\/v2\/users\/1"}],"replies":[{"embeddable":true,"href":"https:\/\/alpoma.net\/tecob\/index.php?rest_route=%2Fwp%2Fv2%2Fcomments&post=1500"}],"version-history":[{"count":0,"href":"https:\/\/alpoma.net\/tecob\/index.php?rest_route=\/wp\/v2\/posts\/1500\/revisions"}],"wp:attachment":[{"href":"https:\/\/alpoma.net\/tecob\/index.php?rest_route=%2Fwp%2Fv2%2Fmedia&parent=1500"}],"wp:term":[{"taxonomy":"category","embeddable":true,"href":"https:\/\/alpoma.net\/tecob\/index.php?rest_route=%2Fwp%2Fv2%2Fcategories&post=1500"},{"taxonomy":"post_tag","embeddable":true,"href":"https:\/\/alpoma.net\/tecob\/index.php?rest_route=%2Fwp%2Fv2%2Ftags&post=1500"}],"curies":[{"name":"wp","href":"https:\/\/api.w.org\/{rel}","templated":true}]}}