{"id":14821,"date":"2019-11-04T11:45:27","date_gmt":"2019-11-04T09:45:27","guid":{"rendered":"https:\/\/alpoma.net\/tecob\/?p=14821"},"modified":"2019-11-04T11:49:55","modified_gmt":"2019-11-04T09:49:55","slug":"margaret-watts-hughes-y-la-forma-de-la-voz-humana","status":"publish","type":"post","link":"https:\/\/alpoma.net\/tecob\/?p=14821","title":{"rendered":"Margaret Watts Hughes y la forma de la voz humana"},"content":{"rendered":"<p class=\"otros3\">Versi\u00f3n para <em>TecOb<\/em> del art\u00edculo que publiqu\u00e9 en la edici\u00f3n de octubre de 2019 de la revista <em>Historia de Espa\u00f1a y el Mundo<\/em>.<\/p>\n<p><figure id=\"attachment_14826\" aria-describedby=\"caption-attachment-14826\" style=\"width: 149px\" class=\"wp-caption alignright\"><img loading=\"lazy\" decoding=\"async\" data-attachment-id=\"14826\" data-permalink=\"https:\/\/alpoma.net\/tecob\/?attachment_id=14826\" data-orig-file=\"https:\/\/alpoma.net\/tecob\/wp-content\/uploads\/2019\/11\/Eid\u00f3fono-esquema.jpg\" data-orig-size=\"450,907\" data-comments-opened=\"0\" data-image-meta=\"{&quot;aperture&quot;:&quot;0&quot;,&quot;credit&quot;:&quot;&quot;,&quot;camera&quot;:&quot;&quot;,&quot;caption&quot;:&quot;&quot;,&quot;created_timestamp&quot;:&quot;0&quot;,&quot;copyright&quot;:&quot;&quot;,&quot;focal_length&quot;:&quot;0&quot;,&quot;iso&quot;:&quot;0&quot;,&quot;shutter_speed&quot;:&quot;0&quot;,&quot;title&quot;:&quot;&quot;,&quot;orientation&quot;:&quot;1&quot;}\" data-image-title=\"Eid\u00f3fono esquema\" data-image-description=\"\" data-image-caption=\"&lt;p&gt;Esquela del \u00abeid\u00f3fono\u00bb.&lt;\/p&gt;\n\" data-large-file=\"https:\/\/alpoma.net\/tecob\/wp-content\/uploads\/2019\/11\/Eid\u00f3fono-esquema.jpg\" class=\"size-medium wp-image-14826\" src=\"https:\/\/alpoma.net\/tecob\/wp-content\/uploads\/2019\/11\/Eid\u00f3fono-esquema-149x300.jpg\" alt=\"\" width=\"149\" height=\"300\" srcset=\"https:\/\/alpoma.net\/tecob\/wp-content\/uploads\/2019\/11\/Eid\u00f3fono-esquema-149x300.jpg 149w, https:\/\/alpoma.net\/tecob\/wp-content\/uploads\/2019\/11\/Eid\u00f3fono-esquema.jpg 450w\" sizes=\"auto, (max-width: 149px) 100vw, 149px\" \/><figcaption id=\"caption-attachment-14826\" class=\"wp-caption-text\">Esquema del \u00abeid\u00f3fono\u00bb.<\/figcaption><\/figure><a href=\"https:\/\/en.wikipedia.org\/wiki\/Megan_Watts_Hughes\"><strong>Megan Watts Hughes<\/strong><\/a> (1842-1907), llamada generalmente <strong>Margaret<\/strong> (Hughes era su apellido de casada), fue una apasionada galesa, <strong>cantante de \u00e9xito e inventora<\/strong>, que se convirti\u00f3 en <strong>una de las primeras mujeres en presentar una invenci\u00f3n en la Royal Society de Londres<\/strong>, en 1887, cuando dio a conocer su <strong>eid\u00f3fono<\/strong>. Se trataba de <strong>un aparato que permit\u00eda visualizar la voz humana<\/strong>. Antes de la llegada de las <a href=\"https:\/\/alpoma.net\/tecob\/?p=11706\">grabadoras de sonido<\/a> (las primeras grabaciones en cilindros de cera y discos de pizarra estaban dando sus primeros pasos), el estudio de la voz humana y el canto se ve\u00eda limitado a la pericia de los entrenados o\u00eddos de los profesores. Conocido era desde finales del siglo XVIII que el sonido creaba patrones geom\u00e9tricos en la arena, pero se consideraba necesario afinar la t\u00e9cnica para dar con el m\u00e9todo adecuado por medio del que poder registrar visualmente una nota vocalizada, ese fue el empe\u00f1o de Margaret hasta poder presentar su invenci\u00f3n del eid\u00f3fono. En la madrile\u00f1a <em>Revista blanca<\/em> refer\u00edan de esta manera este invento en la edici\u00f3n del 1 de julio de 1903:<\/p>\n<blockquote><p><em>La conferenciante canta ante<\/em> [el instrumento], <em>compuesto sencillamente de un tubo, de un receptor y de una membrana flexible cubierta de polvo de licopodio y las vibraciones del aire causadas por el sonido, dibujan sobre el polvo figuras geom\u00e9tricas extraordinariamente bien definidas y frecuentemente muy bellas. Una serie de proyecciones luminosas de fotograf\u00edas de varias de ellas, produjo admiraci\u00f3n y entusiasmo en la concurrencia: los copos de nieve, el polen de las flores, estrellas, espirales, ruedas de formas variadas y extra\u00f1as, y combinaciones original\u00edsimas se suced\u00edan alternativamente a la vista del asombrado espectador. Refiere la se\u00f1ora Hughes que un d\u00eda cant\u00f3 cierta nota que produjo la figura exacta de una margarita. Trat\u00f3 muchas veces despu\u00e9s de reproducirla, sin poderlo conseguir, y actualmente conoce la inflexi\u00f3n exacta, y la reproduce modific\u00e1ndola a su gusto, mediante variaciones de inflexi\u00f3n, que aumentan las filas de p\u00e9talos, o introduce en ellos preciosos dibujos&#8230;<\/em><\/p><\/blockquote>\n<figure id=\"attachment_14827\" aria-describedby=\"caption-attachment-14827\" style=\"width: 1256px\" class=\"wp-caption aligncenter\"><img loading=\"lazy\" decoding=\"async\" data-attachment-id=\"14827\" data-permalink=\"https:\/\/alpoma.net\/tecob\/?attachment_id=14827\" data-orig-file=\"https:\/\/alpoma.net\/tecob\/wp-content\/uploads\/2019\/11\/Impresiones-del-eid\u00f3fono.jpg\" data-orig-size=\"1256,721\" data-comments-opened=\"0\" data-image-meta=\"{&quot;aperture&quot;:&quot;0&quot;,&quot;credit&quot;:&quot;&quot;,&quot;camera&quot;:&quot;&quot;,&quot;caption&quot;:&quot;&quot;,&quot;created_timestamp&quot;:&quot;0&quot;,&quot;copyright&quot;:&quot;&quot;,&quot;focal_length&quot;:&quot;0&quot;,&quot;iso&quot;:&quot;0&quot;,&quot;shutter_speed&quot;:&quot;0&quot;,&quot;title&quot;:&quot;&quot;,&quot;orientation&quot;:&quot;1&quot;}\" data-image-title=\"Impresiones del eid\u00f3fono\" data-image-description=\"\" data-image-caption=\"\" data-large-file=\"https:\/\/alpoma.net\/tecob\/wp-content\/uploads\/2019\/11\/Impresiones-del-eid\u00f3fono.jpg\" class=\"size-full wp-image-14827\" src=\"https:\/\/alpoma.net\/tecob\/wp-content\/uploads\/2019\/11\/Impresiones-del-eid\u00f3fono.jpg\" alt=\"\" width=\"1256\" height=\"721\" srcset=\"https:\/\/alpoma.net\/tecob\/wp-content\/uploads\/2019\/11\/Impresiones-del-eid\u00f3fono.jpg 1256w, https:\/\/alpoma.net\/tecob\/wp-content\/uploads\/2019\/11\/Impresiones-del-eid\u00f3fono-300x172.jpg 300w, https:\/\/alpoma.net\/tecob\/wp-content\/uploads\/2019\/11\/Impresiones-del-eid\u00f3fono-768x441.jpg 768w\" sizes=\"auto, (max-width: 1256px) 100vw, 1256px\" \/><figcaption id=\"caption-attachment-14827\" class=\"wp-caption-text\">Formas de la voz humana registradas con el eid\u00f3fono. (P.D.)<\/figcaption><\/figure>\n<h3><strong>El eid\u00f3fono y las \u201cflores de voz\u201d<\/strong><\/h3>\n<p>Entre 1891 y 1904 Margaret llev\u00f3 a cabo diversas demostraciones p\u00fablicas, as\u00ed como tambi\u00e9n public\u00f3 art\u00edculos y un libro sobre su invenci\u00f3n o, como ella tambi\u00e9n lo defin\u00eda: <strong>\u201cfiguras de voz\u201d<\/strong> o \u201csonidos visibles\u201d, aunque tambi\u00e9n era conocido como fen\u00f3meno de las \u201cflores vocales\u201d, dado que muchas de las formas creadas recordaban las formas de diversas clases de flores. <strong>El eid\u00f3fono caus\u00f3 sensaci\u00f3n en su tiempo<\/strong> y fue presentado, adem\u00e1s de en la Royal Society, en muchas otras instituciones cient\u00edficas y asociaciones musicales. Margaret hab\u00eda descubierto accidentalmente el principio sobre el que funcionaba su invenci\u00f3n en 1885.<\/p>\n<figure id=\"attachment_14834\" aria-describedby=\"caption-attachment-14834\" style=\"width: 1615px\" class=\"wp-caption aligncenter\"><img loading=\"lazy\" decoding=\"async\" data-attachment-id=\"14834\" data-permalink=\"https:\/\/alpoma.net\/tecob\/?attachment_id=14834\" data-orig-file=\"https:\/\/alpoma.net\/tecob\/wp-content\/uploads\/2019\/11\/Registro-del-eid\u00f3fono.jpg\" data-orig-size=\"1615,1437\" data-comments-opened=\"0\" data-image-meta=\"{&quot;aperture&quot;:&quot;0&quot;,&quot;credit&quot;:&quot;&quot;,&quot;camera&quot;:&quot;&quot;,&quot;caption&quot;:&quot;&quot;,&quot;created_timestamp&quot;:&quot;0&quot;,&quot;copyright&quot;:&quot;&quot;,&quot;focal_length&quot;:&quot;0&quot;,&quot;iso&quot;:&quot;0&quot;,&quot;shutter_speed&quot;:&quot;0&quot;,&quot;title&quot;:&quot;&quot;,&quot;orientation&quot;:&quot;1&quot;}\" data-image-title=\"Registro del eid\u00f3fono\" data-image-description=\"\" data-image-caption=\"\" data-large-file=\"https:\/\/alpoma.net\/tecob\/wp-content\/uploads\/2019\/11\/Registro-del-eid\u00f3fono.jpg\" class=\"size-full wp-image-14834\" src=\"https:\/\/alpoma.net\/tecob\/wp-content\/uploads\/2019\/11\/Registro-del-eid\u00f3fono.jpg\" alt=\"\" width=\"1615\" height=\"1437\" srcset=\"https:\/\/alpoma.net\/tecob\/wp-content\/uploads\/2019\/11\/Registro-del-eid\u00f3fono.jpg 1615w, https:\/\/alpoma.net\/tecob\/wp-content\/uploads\/2019\/11\/Registro-del-eid\u00f3fono-1536x1367.jpg 1536w, https:\/\/alpoma.net\/tecob\/wp-content\/uploads\/2019\/11\/Registro-del-eid\u00f3fono-300x267.jpg 300w, https:\/\/alpoma.net\/tecob\/wp-content\/uploads\/2019\/11\/Registro-del-eid\u00f3fono-768x683.jpg 768w\" sizes=\"auto, (max-width: 1615px) 100vw, 1615px\" \/><figcaption id=\"caption-attachment-14834\" class=\"wp-caption-text\">Registro del eid\u00f3fono. (P.D.)<\/figcaption><\/figure>\n<p>Las bases sobre la que se fundamentaba el eid\u00f3fono eran muy sencillas, pero hab\u00eda que ser muy observador parar darse cuenta del fen\u00f3meno e idear con \u00e9l un medio de registro. Alguien canta en una habitaci\u00f3n, mientras en cierto lugar de la estancia nos encontramos con una superficie plana sobre la que se ha depositado un pu\u00f1ado de arena, que cobra vida al reaccionar por resonancia ante el sonido, tomando formas geom\u00e9tricas con bellas simetr\u00edas. En ocasiones estas formas parecer\u00e1n espirales, casi caracolas. En otras, ser\u00e1n lo m\u00e1s parecido que pueda imaginarse a un frondoso helecho. Y, de una observaci\u00f3n como esta, naci\u00f3 el eid\u00f3fono. El ingenio de Margaret dio, con los a\u00f1os, con <strong>una manera de registrar estas formas creadas por la voz humana<\/strong>, como si de dibujos se tratara. No bastaba con observar el fen\u00f3meno, ella quer\u00eda que se pudiera convertir en algo que fuera plasmado de forma f\u00edsica permanentemente.<\/p>\n<figure id=\"attachment_14828\" aria-describedby=\"caption-attachment-14828\" style=\"width: 962px\" class=\"wp-caption aligncenter\"><img loading=\"lazy\" decoding=\"async\" data-attachment-id=\"14828\" data-permalink=\"https:\/\/alpoma.net\/tecob\/?attachment_id=14828\" data-orig-file=\"https:\/\/alpoma.net\/tecob\/wp-content\/uploads\/2019\/11\/Registro-del-eid\u00f3fono-3.jpg\" data-orig-size=\"962,921\" data-comments-opened=\"0\" data-image-meta=\"{&quot;aperture&quot;:&quot;0&quot;,&quot;credit&quot;:&quot;&quot;,&quot;camera&quot;:&quot;&quot;,&quot;caption&quot;:&quot;&quot;,&quot;created_timestamp&quot;:&quot;0&quot;,&quot;copyright&quot;:&quot;&quot;,&quot;focal_length&quot;:&quot;0&quot;,&quot;iso&quot;:&quot;0&quot;,&quot;shutter_speed&quot;:&quot;0&quot;,&quot;title&quot;:&quot;&quot;,&quot;orientation&quot;:&quot;1&quot;}\" data-image-title=\"Registro del eid\u00f3fono 3\" data-image-description=\"\" data-image-caption=\"\" data-large-file=\"https:\/\/alpoma.net\/tecob\/wp-content\/uploads\/2019\/11\/Registro-del-eid\u00f3fono-3.jpg\" class=\"size-full wp-image-14828\" src=\"https:\/\/alpoma.net\/tecob\/wp-content\/uploads\/2019\/11\/Registro-del-eid\u00f3fono-3.jpg\" alt=\"\" width=\"962\" height=\"921\" srcset=\"https:\/\/alpoma.net\/tecob\/wp-content\/uploads\/2019\/11\/Registro-del-eid\u00f3fono-3.jpg 962w, https:\/\/alpoma.net\/tecob\/wp-content\/uploads\/2019\/11\/Registro-del-eid\u00f3fono-3-300x287.jpg 300w, https:\/\/alpoma.net\/tecob\/wp-content\/uploads\/2019\/11\/Registro-del-eid\u00f3fono-3-768x735.jpg 768w\" sizes=\"auto, (max-width: 962px) 100vw, 962px\" \/><figcaption id=\"caption-attachment-14828\" class=\"wp-caption-text\">Flor de voz. (P.D.)<\/figcaption><\/figure>\n<p>Aquel aparato para registrar la voz humana era realmente ingenioso a la vez que sencillo. Con un poco de habilidad, cualquiera puede construir uno y emular a la cantante, en un experimento que no s\u00f3lo es educativo sino tambi\u00e9n lleno de diversi\u00f3n. El eid\u00f3fono estaba formado por un largo tubo, mayormente de lat\u00f3n o bien de madera, dotado de una boquilla torneada. Este cilindro va ampliando levemente su di\u00e1metro hasta terminar en un codo sobre el que se ajustaban diversas \u201ctazas\u201d o cajas de resonancia sin fondo que, en su parte superior, estaban dotadas de una membrana de goma el\u00e1stica que abrazaba todo su contorno. Las tazas ten\u00edan diversos tama\u00f1os, dependiendo de la figura que fuera a registrarse. Las <strong>membranas<\/strong>, unidas a esas cajas de resonancia por una goma el\u00e1stica, serv\u00edan de base sobre las que se colocaban fin\u00edsimas esporas de <strong>licopodio<\/strong>, cuyo comportamiento ante el sonido parece que era mucho m\u00e1s adecuado que el de la arena, m\u00e1s pesada e imprevisible. Ante la llegada de un sonido a aquella especie de gran trompetilla, el licopodio comenzaba a danzar para formar patrones determinados. N\u00f3tese que se trataba de esporas de ciertas especies vegetales, como <em>Lycopodium clavatum<\/em>, utilizadas por entonces por su car\u00e1cter vol\u00e1til en fuegos artificiales o explosivos.<\/p>\n<h3><strong>La tradici\u00f3n de Chladni<\/strong><\/h3>\n<p>A finales del siglo XVIII el f\u00edsico alem\u00e1n <a href=\"https:\/\/es.wikipedia.org\/wiki\/Figuras_de_Chladni\"><strong>Ernst Chladni<\/strong><\/a>, considerado como uno de los padres de la ac\u00fastica, ya hab\u00eda descrito con gran detalle los <strong>patrones geom\u00e9tricos que aparecen cuando una fina capa de arena es depositada sobre una superficie plana y \u00e9sta se hace vibrar en respuesta a frecuencias determinadas<\/strong>. Este ilustre predecesor de Watts Hughes en lo que al registro visual del sonido se refiere, tambi\u00e9n fue uno de los primeros en proponer el espacio exterior como lugar de origen de los meteoritos, idea que en su \u00e9poca le caus\u00f3 bastantes disgustos ante el rechazo que provoc\u00f3 por parte de muchos de sus contempor\u00e1neos.<\/p>\n<p>Los experimentos de Chladni fueron popularizados posteriormente gracias a una descripci\u00f3n debida al f\u00edsico irland\u00e9s pionero del estudio de los coloides, <strong>John Tyndall<\/strong>. En ese tiempo la matem\u00e1tica francesa <strong>Sophie Germain<\/strong> tambi\u00e9n hab\u00eda experimentado con arcos de cuerda y superficies con arena para sus trabajos sobre vibraciones. Se desconoce hasta qu\u00e9 punto de detalle lleg\u00f3 Margaret a conocer estas experiencias previas, pero preocupada por mejorar su propio m\u00e9todo de ense\u00f1anza del canto, decidi\u00f3 investigar la vocalizaci\u00f3n y los tonos de la voz humana aunque no encontr\u00f3 ning\u00fan aparato adecuado para ello. Aquello no fren\u00f3 su inquietud, sino que pas\u00f3 a la acci\u00f3n, dise\u00f1ando su propio artilugio para registrar la voz. Su intenci\u00f3n consist\u00eda en plasmar diversas notas musicales originadas en el canto por medio de un sencillo dispositivo. La cosa no era tan simple, prob\u00f3 diversos m\u00e9todos, membranas y, lo m\u00e1s complicado, varios medios de registro. Lo de la arena, heredado de los experimentos de Chladni, daba resultado, pero no era muy fino. <strong>Margaret experiment\u00f3 con todo tipo de substancias pulvurentas, granulares o incluso gelatinosas hasta llegar a lo que se convirti\u00f3 en su primer medio de elecci\u00f3n: las esporas de licopodio<\/strong>. El resultado fue maravilloso, porque aquellas esporas, al contrario que suced\u00eda con otros materiales, no tend\u00edan a escapar de la membrana, sino que se organizaban r\u00e1pidamente en forma de complejos patrones geom\u00e9tricos al ser sometidas al sonido. Igualmente experiment\u00f3 con cierto \u00e9xito utilizando talco.<\/p>\n<div data-carousel-extra='{&quot;blog_id&quot;:1,&quot;permalink&quot;:&quot;https:\/\/alpoma.net\/tecob\/?p=14821&quot;}' id='gallery-1' class='gallery galleryid-14821 gallery-columns-3 gallery-size-thumbnail'><figure class='gallery-item'>\n\t\t\t<div class='gallery-icon landscape'>\n\t\t\t\t<a href='https:\/\/alpoma.net\/tecob\/wp-content\/uploads\/2019\/11\/Registro-del-eid\u00f3fono.jpg'><img loading=\"lazy\" decoding=\"async\" width=\"300\" height=\"300\" src=\"https:\/\/alpoma.net\/tecob\/wp-content\/uploads\/2019\/11\/Registro-del-eid\u00f3fono-300x300.jpg\" class=\"attachment-thumbnail size-thumbnail\" alt=\"\" data-attachment-id=\"14834\" data-permalink=\"https:\/\/alpoma.net\/tecob\/?attachment_id=14834\" data-orig-file=\"https:\/\/alpoma.net\/tecob\/wp-content\/uploads\/2019\/11\/Registro-del-eid\u00f3fono.jpg\" data-orig-size=\"1615,1437\" data-comments-opened=\"0\" data-image-meta=\"{&quot;aperture&quot;:&quot;0&quot;,&quot;credit&quot;:&quot;&quot;,&quot;camera&quot;:&quot;&quot;,&quot;caption&quot;:&quot;&quot;,&quot;created_timestamp&quot;:&quot;0&quot;,&quot;copyright&quot;:&quot;&quot;,&quot;focal_length&quot;:&quot;0&quot;,&quot;iso&quot;:&quot;0&quot;,&quot;shutter_speed&quot;:&quot;0&quot;,&quot;title&quot;:&quot;&quot;,&quot;orientation&quot;:&quot;1&quot;}\" data-image-title=\"Registro del eid\u00f3fono\" data-image-description=\"\" data-image-caption=\"\" data-large-file=\"https:\/\/alpoma.net\/tecob\/wp-content\/uploads\/2019\/11\/Registro-del-eid\u00f3fono.jpg\" \/><\/a>\n\t\t\t<\/div><\/figure><figure class='gallery-item'>\n\t\t\t<div class='gallery-icon portrait'>\n\t\t\t\t<a href='https:\/\/alpoma.net\/tecob\/wp-content\/uploads\/2019\/11\/Registro-del-eid\u00f3fono-9.jpg'><img loading=\"lazy\" decoding=\"async\" width=\"300\" height=\"300\" src=\"https:\/\/alpoma.net\/tecob\/wp-content\/uploads\/2019\/11\/Registro-del-eid\u00f3fono-9-300x300.jpg\" class=\"attachment-thumbnail size-thumbnail\" alt=\"\" data-attachment-id=\"14833\" data-permalink=\"https:\/\/alpoma.net\/tecob\/?attachment_id=14833\" data-orig-file=\"https:\/\/alpoma.net\/tecob\/wp-content\/uploads\/2019\/11\/Registro-del-eid\u00f3fono-9.jpg\" data-orig-size=\"551,568\" data-comments-opened=\"0\" data-image-meta=\"{&quot;aperture&quot;:&quot;0&quot;,&quot;credit&quot;:&quot;&quot;,&quot;camera&quot;:&quot;&quot;,&quot;caption&quot;:&quot;&quot;,&quot;created_timestamp&quot;:&quot;0&quot;,&quot;copyright&quot;:&quot;&quot;,&quot;focal_length&quot;:&quot;0&quot;,&quot;iso&quot;:&quot;0&quot;,&quot;shutter_speed&quot;:&quot;0&quot;,&quot;title&quot;:&quot;&quot;,&quot;orientation&quot;:&quot;1&quot;}\" data-image-title=\"Registro del eid\u00f3fono 9\" data-image-description=\"\" data-image-caption=\"\" data-large-file=\"https:\/\/alpoma.net\/tecob\/wp-content\/uploads\/2019\/11\/Registro-del-eid\u00f3fono-9.jpg\" \/><\/a>\n\t\t\t<\/div><\/figure><figure class='gallery-item'>\n\t\t\t<div class='gallery-icon landscape'>\n\t\t\t\t<a href='https:\/\/alpoma.net\/tecob\/wp-content\/uploads\/2019\/11\/Registro-del-eid\u00f3fono-8.jpg'><img loading=\"lazy\" decoding=\"async\" width=\"300\" height=\"300\" src=\"https:\/\/alpoma.net\/tecob\/wp-content\/uploads\/2019\/11\/Registro-del-eid\u00f3fono-8-300x300.jpg\" class=\"attachment-thumbnail size-thumbnail\" alt=\"\" data-attachment-id=\"14832\" data-permalink=\"https:\/\/alpoma.net\/tecob\/?attachment_id=14832\" data-orig-file=\"https:\/\/alpoma.net\/tecob\/wp-content\/uploads\/2019\/11\/Registro-del-eid\u00f3fono-8.jpg\" data-orig-size=\"649,569\" data-comments-opened=\"0\" data-image-meta=\"{&quot;aperture&quot;:&quot;0&quot;,&quot;credit&quot;:&quot;&quot;,&quot;camera&quot;:&quot;&quot;,&quot;caption&quot;:&quot;&quot;,&quot;created_timestamp&quot;:&quot;0&quot;,&quot;copyright&quot;:&quot;&quot;,&quot;focal_length&quot;:&quot;0&quot;,&quot;iso&quot;:&quot;0&quot;,&quot;shutter_speed&quot;:&quot;0&quot;,&quot;title&quot;:&quot;&quot;,&quot;orientation&quot;:&quot;1&quot;}\" data-image-title=\"Registro del eid\u00f3fono 8\" data-image-description=\"\" data-image-caption=\"\" data-large-file=\"https:\/\/alpoma.net\/tecob\/wp-content\/uploads\/2019\/11\/Registro-del-eid\u00f3fono-8.jpg\" \/><\/a>\n\t\t\t<\/div><\/figure><figure class='gallery-item'>\n\t\t\t<div class='gallery-icon landscape'>\n\t\t\t\t<a href='https:\/\/alpoma.net\/tecob\/wp-content\/uploads\/2019\/11\/Registro-del-eid\u00f3fono-4.jpg'><img loading=\"lazy\" decoding=\"async\" width=\"300\" height=\"300\" src=\"https:\/\/alpoma.net\/tecob\/wp-content\/uploads\/2019\/11\/Registro-del-eid\u00f3fono-4-300x300.jpg\" class=\"attachment-thumbnail size-thumbnail\" alt=\"\" data-attachment-id=\"14829\" data-permalink=\"https:\/\/alpoma.net\/tecob\/?attachment_id=14829\" data-orig-file=\"https:\/\/alpoma.net\/tecob\/wp-content\/uploads\/2019\/11\/Registro-del-eid\u00f3fono-4.jpg\" data-orig-size=\"992,858\" data-comments-opened=\"0\" data-image-meta=\"{&quot;aperture&quot;:&quot;0&quot;,&quot;credit&quot;:&quot;&quot;,&quot;camera&quot;:&quot;&quot;,&quot;caption&quot;:&quot;&quot;,&quot;created_timestamp&quot;:&quot;0&quot;,&quot;copyright&quot;:&quot;&quot;,&quot;focal_length&quot;:&quot;0&quot;,&quot;iso&quot;:&quot;0&quot;,&quot;shutter_speed&quot;:&quot;0&quot;,&quot;title&quot;:&quot;&quot;,&quot;orientation&quot;:&quot;1&quot;}\" data-image-title=\"Registro del eid\u00f3fono 4\" data-image-description=\"\" data-image-caption=\"\" data-large-file=\"https:\/\/alpoma.net\/tecob\/wp-content\/uploads\/2019\/11\/Registro-del-eid\u00f3fono-4.jpg\" \/><\/a>\n\t\t\t<\/div><\/figure><figure class='gallery-item'>\n\t\t\t<div class='gallery-icon landscape'>\n\t\t\t\t<a href='https:\/\/alpoma.net\/tecob\/wp-content\/uploads\/2019\/11\/Registro-del-eid\u00f3fono-3.jpg'><img loading=\"lazy\" decoding=\"async\" width=\"300\" height=\"300\" src=\"https:\/\/alpoma.net\/tecob\/wp-content\/uploads\/2019\/11\/Registro-del-eid\u00f3fono-3-300x300.jpg\" class=\"attachment-thumbnail size-thumbnail\" alt=\"\" data-attachment-id=\"14828\" data-permalink=\"https:\/\/alpoma.net\/tecob\/?attachment_id=14828\" data-orig-file=\"https:\/\/alpoma.net\/tecob\/wp-content\/uploads\/2019\/11\/Registro-del-eid\u00f3fono-3.jpg\" data-orig-size=\"962,921\" data-comments-opened=\"0\" data-image-meta=\"{&quot;aperture&quot;:&quot;0&quot;,&quot;credit&quot;:&quot;&quot;,&quot;camera&quot;:&quot;&quot;,&quot;caption&quot;:&quot;&quot;,&quot;created_timestamp&quot;:&quot;0&quot;,&quot;copyright&quot;:&quot;&quot;,&quot;focal_length&quot;:&quot;0&quot;,&quot;iso&quot;:&quot;0&quot;,&quot;shutter_speed&quot;:&quot;0&quot;,&quot;title&quot;:&quot;&quot;,&quot;orientation&quot;:&quot;1&quot;}\" data-image-title=\"Registro del eid\u00f3fono 3\" data-image-description=\"\" data-image-caption=\"\" data-large-file=\"https:\/\/alpoma.net\/tecob\/wp-content\/uploads\/2019\/11\/Registro-del-eid\u00f3fono-3.jpg\" \/><\/a>\n\t\t\t<\/div><\/figure><figure class='gallery-item'>\n\t\t\t<div class='gallery-icon landscape'>\n\t\t\t\t<a href='https:\/\/alpoma.net\/tecob\/wp-content\/uploads\/2019\/11\/Registro-del-eid\u00f3fono-5.jpg'><img loading=\"lazy\" decoding=\"async\" width=\"300\" height=\"300\" src=\"https:\/\/alpoma.net\/tecob\/wp-content\/uploads\/2019\/11\/Registro-del-eid\u00f3fono-5-300x300.jpg\" class=\"attachment-thumbnail size-thumbnail\" alt=\"\" data-attachment-id=\"14830\" data-permalink=\"https:\/\/alpoma.net\/tecob\/?attachment_id=14830\" data-orig-file=\"https:\/\/alpoma.net\/tecob\/wp-content\/uploads\/2019\/11\/Registro-del-eid\u00f3fono-5.jpg\" data-orig-size=\"986,873\" data-comments-opened=\"0\" data-image-meta=\"{&quot;aperture&quot;:&quot;0&quot;,&quot;credit&quot;:&quot;&quot;,&quot;camera&quot;:&quot;&quot;,&quot;caption&quot;:&quot;&quot;,&quot;created_timestamp&quot;:&quot;0&quot;,&quot;copyright&quot;:&quot;&quot;,&quot;focal_length&quot;:&quot;0&quot;,&quot;iso&quot;:&quot;0&quot;,&quot;shutter_speed&quot;:&quot;0&quot;,&quot;title&quot;:&quot;&quot;,&quot;orientation&quot;:&quot;1&quot;}\" data-image-title=\"Registro del eid\u00f3fono 5\" data-image-description=\"\" data-image-caption=\"\" data-large-file=\"https:\/\/alpoma.net\/tecob\/wp-content\/uploads\/2019\/11\/Registro-del-eid\u00f3fono-5.jpg\" \/><\/a>\n\t\t\t<\/div><\/figure>\n\t\t<\/div>\n\n<p>El procedimiento final consist\u00eda en cantar una nota afinada por el extremo de la boquilla del eid\u00f3fono. El sonido llegaba al recipiente sobre el que se dispon\u00eda la membrana en tensi\u00f3n, que en su centro conten\u00eda un montoncillo de esporas de licopodio. <strong>Al poco de exponerse al sonido, aparec\u00edan los maravillosos patrones geom\u00e9tricos propios de esa determinada nota musical<\/strong>. Naturalmente, si el emisor no afinaba correctamente cantaba la nota forzadamente, el resultado era diferente. Como hecho curioso, cabe mencionar que si la nota se manten\u00eda en el tiempo pero de forma decreciente, los gr\u00e1nulos iban desdibujando la forma creada para volver a agruparse en el centro de la membrana.<\/p>\n<p>La cosa ten\u00eda su complejidad, sobre todo por parte del cantante objeto del experimento, porque la afinaci\u00f3n deb\u00eda ser precisa. <strong>Una nota determinada y muy limpia<\/strong>, eso era lo necesario para crear los patrones buscados. De esa forma se pod\u00eda estudiar el tono, la intensidad y la calidad de afinado en diversas situaciones. Podr\u00eda decirse que el eid\u00f3fono era un detector de problemas de afinado, en competici\u00f3n directa con los o\u00eddos mejor entrenados. Un ligero cambio de matiz, un sobretono o cualquier cambio en la emisi\u00f3n \u201cpura\u201d de la nota, y el patr\u00f3n de licopodio mostraba variaciones. <strong>Era un m\u00e9todo ideal para el estudio de la voz y el canto<\/strong>, pero no iba mucho m\u00e1s all\u00e1 de lo que Chladni y otros experimentadores posteriores ya hab\u00edan logrado. <strong>Donde Margaret marc\u00f3 la diferencia fue en la sistem\u00e1tica utilizada y en su m\u00e9todo para el registro permanente de las im\u00e1genes<\/strong>. Ver los gr\u00e1nulos de talco o de licopodio saltar en la membrana era divertido, pero al t\u00e9rmino del experimento las figuras se desdibujaban. Se pod\u00eda acudir a la fotograf\u00eda para remediarlo, capturando las figuras en su plenitud, pero la inquieta maestra de canto deseaba ir mas all\u00e1.<\/p>\n<figure id=\"attachment_14835\" aria-describedby=\"caption-attachment-14835\" style=\"width: 1926px\" class=\"wp-caption aligncenter\"><img loading=\"lazy\" decoding=\"async\" data-attachment-id=\"14835\" data-permalink=\"https:\/\/alpoma.net\/tecob\/?attachment_id=14835\" data-orig-file=\"https:\/\/alpoma.net\/tecob\/wp-content\/uploads\/2019\/11\/Ton\u00f3grafo-de-1897.jpg\" data-orig-size=\"1926,1167\" data-comments-opened=\"0\" data-image-meta=\"{&quot;aperture&quot;:&quot;0&quot;,&quot;credit&quot;:&quot;&quot;,&quot;camera&quot;:&quot;&quot;,&quot;caption&quot;:&quot;&quot;,&quot;created_timestamp&quot;:&quot;0&quot;,&quot;copyright&quot;:&quot;&quot;,&quot;focal_length&quot;:&quot;0&quot;,&quot;iso&quot;:&quot;0&quot;,&quot;shutter_speed&quot;:&quot;0&quot;,&quot;title&quot;:&quot;&quot;,&quot;orientation&quot;:&quot;1&quot;}\" data-image-title=\"Ton\u00f3grafo de 1897\" data-image-description=\"\" data-image-caption=\"\" data-large-file=\"https:\/\/alpoma.net\/tecob\/wp-content\/uploads\/2019\/11\/Ton\u00f3grafo-de-1897.jpg\" class=\"size-full wp-image-14835\" src=\"https:\/\/alpoma.net\/tecob\/wp-content\/uploads\/2019\/11\/Ton\u00f3grafo-de-1897.jpg\" alt=\"\" width=\"1926\" height=\"1167\" srcset=\"https:\/\/alpoma.net\/tecob\/wp-content\/uploads\/2019\/11\/Ton\u00f3grafo-de-1897.jpg 1926w, https:\/\/alpoma.net\/tecob\/wp-content\/uploads\/2019\/11\/Ton\u00f3grafo-de-1897-1536x931.jpg 1536w, https:\/\/alpoma.net\/tecob\/wp-content\/uploads\/2019\/11\/Ton\u00f3grafo-de-1897-300x182.jpg 300w, https:\/\/alpoma.net\/tecob\/wp-content\/uploads\/2019\/11\/Ton\u00f3grafo-de-1897-768x465.jpg 768w\" sizes=\"auto, (max-width: 1926px) 100vw, 1926px\" \/><figcaption id=\"caption-attachment-14835\" class=\"wp-caption-text\">Ton\u00f3grafo de 1897.<\/figcaption><\/figure>\n<p>Experimentando con mezclas de substancias pulvurentas y medios l\u00edquidos, lleg\u00f3 a obtener una especie de <strong>emulsi\u00f3n de agua con pigmentos coloridos<\/strong> que, extendida finamente sobre una l\u00e1mina de vidrio sometido a la membrana del eid\u00f3fono, permit\u00eda fijar como si de una pintura se tratase, el canto que estaba siendo estudiado. M\u00e1s adelante utiliz\u00f3 glicerina coloreada como medio para crear mejores im\u00e1genes. Aunque esas capturas son coloridas y espectaculares, apenas son conocidas, pues en su \u00e9poca no se hab\u00eda extendido el uso de fotograf\u00eda en color y s\u00f3lo en tiempos recientes se han comenzado a rescatar los originales. El inter\u00e9s final de Margaret Watts Hughes en las formas generadas por el sonido con su aparato parece que fue sobre todo est\u00e9tico y, sin embargo, son un tesoro que s\u00f3lo recientemente est\u00e1 comenzando a ser recuperado. Sea como fuere, los contempor\u00e1neos de Margaret acogieron con gran expectaci\u00f3n su presentaciones y, tanto fue el inter\u00e9s, que se divulgaron aparatos muy similares que eran utilizados m\u00e1s como divertimento que para investigaci\u00f3n, como fue el conocido como \u201cton\u00f3grafo\u201d, referido en <em>Scientific American<\/em> el 29 de mayo de 1897.<\/p>\n","protected":false},"excerpt":{"rendered":"<div class=\"mh-excerpt\"><p>Versi\u00f3n para TecOb del art\u00edculo que publiqu\u00e9 en la edici\u00f3n de octubre de 2019 de la revista Historia de Espa\u00f1a y el Mundo. Megan Watts Hughes (1842-1907), llamada generalmente Margaret <a class=\"mh-excerpt-more\" href=\"https:\/\/alpoma.net\/tecob\/?p=14821\" title=\"Margaret Watts Hughes y la forma de la voz humana\">[&#8230;]<\/a><\/p>\n<\/div>","protected":false},"author":1,"featured_media":14831,"comment_status":"closed","ping_status":"closed","sticky":false,"template":"","format":"standard","meta":{"jetpack_post_was_ever_published":false,"_jetpack_newsletter_access":"","_jetpack_dont_email_post_to_subs":false,"_jetpack_newsletter_tier_id":0,"_jetpack_memberships_contains_paywalled_content":false,"_jetpack_memberships_contains_paid_content":false,"footnotes":""},"categories":[9],"tags":[],"class_list":["post-14821","post","type-post","status-publish","format-standard","has-post-thumbnail","hentry","category-experimentos"],"jetpack_featured_media_url":"https:\/\/alpoma.net\/tecob\/wp-content\/uploads\/2019\/11\/Registro-del-eid\u00f3fono-7.jpg","jetpack_shortlink":"https:\/\/wp.me\/p93Dc1-3R3","jetpack-related-posts":[{"id":14879,"url":"https:\/\/alpoma.net\/tecob\/?p=14879","url_meta":{"origin":14821,"position":0},"title":"Lo mejor de #TecOb en 2019","author":"alpoma","date":"21 diciembre 2019","format":false,"excerpt":"Este a\u00f1o ha sido turbulento y complicado, sin apenas tiempo para escribir a gusto. Espero que 2020 sea algo m\u00e1s tranquilo, porque hay muchas historias pendientes en la parrilla de salida de este blog que han tenido que esperar mejores tiempos. Sea como fuere he aqu\u00ed, en mi opini\u00f3n, los\u2026","rel":"","context":"En \u00abPersonal\u00bb","block_context":{"text":"Personal","link":"https:\/\/alpoma.net\/tecob\/?cat=2"},"img":{"alt_text":"","src":"https:\/\/i0.wp.com\/alpoma.net\/tecob\/wp-content\/uploads\/2019\/12\/alpoma_avatar.jpg?resize=350%2C200&ssl=1","width":350,"height":200},"classes":[]},{"id":323,"url":"https:\/\/alpoma.net\/tecob\/?p=323","url_meta":{"origin":14821,"position":1},"title":"El Proyecto Jennifer: Howard Hughes y el submarino sovi\u00e9tico","author":"alpoma","date":"21 enero 2006","format":false,"excerpt":"El 8 de Marzo de 1968 fue un d\u00eda terrible para la flota sovi\u00e9tica de submarinos de combate. Ese d\u00eda, el K129, un submarino con cargamento de misiles nucleares de Clase Golf, sufri\u00f3 un accidente, en concreto, una explosi\u00f3n de origen desconocido mientras realizaba la operaci\u00f3n de recarga de bater\u00edas\u2026","rel":"","context":"En \u00abObsolescencia\u00bb","block_context":{"text":"Obsolescencia","link":"https:\/\/alpoma.net\/tecob\/?cat=3"},"img":{"alt_text":"","src":"https:\/\/i0.wp.com\/alpoma.net\/tecob\/wp-content\/uploads\/2006\/01\/glomar_explorer.gif?resize=350%2C200&ssl=1","width":350,"height":200},"classes":[]},{"id":97,"url":"https:\/\/alpoma.net\/tecob\/?p=97","url_meta":{"origin":14821,"position":2},"title":"Howard Hughes y sus locuras volantes","author":"alpoma","date":"24 febrero 2005","format":false,"excerpt":"Hace poco, tras ver El Aviador volv\u00ed a revisar viejas revistas de m\u00e1quinas voladoras para reencontrarme con las locuras de Howard Hughes... Al margen de la calidad de la pel\u00edcula, de si DiCaprio da la talla o no y todas esas cosas de cin\u00e9filos, lo cierto es que la figura\u2026","rel":"","context":"En \u00abObsolescencia\u00bb","block_context":{"text":"Obsolescencia","link":"https:\/\/alpoma.net\/tecob\/?cat=3"},"img":{"alt_text":"","src":"https:\/\/i0.wp.com\/alpoma.net\/tecob\/wp-content\/uploads\/2005\/02\/Howard_Hughes.jpg?resize=350%2C200&ssl=1","width":350,"height":200},"classes":[]},{"id":1059,"url":"https:\/\/alpoma.net\/tecob\/?p=1059","url_meta":{"origin":14821,"position":3},"title":"Manuel Garc\u00eda y el laringoscopio","author":"alpoma","date":"13 enero 2009","format":false,"excerpt":"Versi\u00f3n web del art\u00edculo que publiqu\u00e9 en Historia de Iberia Vieja, n\u00famero 43 - enero 2009. El inventor del laringoscopio, el Crist\u00f3bal Col\u00f3n de las laringes, hizo posible con su invento una serie de r\u00e1pidos progresos m\u00e9dico-quir\u00fargicos. Y su talla cient\u00edfica se alza en las cumbres inmortales donde Koch, Virchow,\u2026","rel":"","context":"En \u00abMade in Spain\u00bb","block_context":{"text":"Made in Spain","link":"https:\/\/alpoma.net\/tecob\/?cat=10"},"img":{"alt_text":"","src":"","width":0,"height":0},"classes":[]},{"id":280,"url":"https:\/\/alpoma.net\/tecob\/?p=280","url_meta":{"origin":14821,"position":4},"title":"Las m\u00e1quinas parlantes","author":"alpoma","date":"24 diciembre 2005","format":false,"excerpt":"Durante siglos la humanidad se ha sentido admirada de una de sus m\u00e1s importantes capacidades, el habla. Se crearon mitos y leyendas acerca de la aparici\u00f3n de tan maravillosa cualidad, se idearon teor\u00edas, m\u00e1s o menos acertadas, acerca de c\u00f3mo surgen las palabras y los cantos desde lo profundo de\u2026","rel":"","context":"En \u00abObsolescencia\u00bb","block_context":{"text":"Obsolescencia","link":"https:\/\/alpoma.net\/tecob\/?cat=3"},"img":{"alt_text":"","src":"","width":0,"height":0},"classes":[]},{"id":12111,"url":"https:\/\/alpoma.net\/tecob\/?p=12111","url_meta":{"origin":14821,"position":5},"title":"Una cantimplora salvavidas (1923)","author":"alpoma","date":"1 junio 2016","format":false,"excerpt":"Al contemplar esta patente he recordado una idea similar pero mucho m\u00e1s compleja: el destiltraje (Stillsuit) que aparece mencionado en las novelas de la saga Dune, de Frank Herbert. Los destiltrajes, como los fabricados por los Fremen en el planeta des\u00e9rtico Arrakis, eran empleados en esas novelas como medio para\u2026","rel":"","context":"En \u00abObsolescencia\u00bb","block_context":{"text":"Obsolescencia","link":"https:\/\/alpoma.net\/tecob\/?cat=3"},"img":{"alt_text":"","src":"https:\/\/i0.wp.com\/alpoma.net\/tecob\/wp-content\/uploads\/2016\/06\/patente_3.png?resize=350%2C200&ssl=1","width":350,"height":200,"srcset":"https:\/\/i0.wp.com\/alpoma.net\/tecob\/wp-content\/uploads\/2016\/06\/patente_3.png?resize=350%2C200&ssl=1 1x, https:\/\/i0.wp.com\/alpoma.net\/tecob\/wp-content\/uploads\/2016\/06\/patente_3.png?resize=525%2C300&ssl=1 1.5x, https:\/\/i0.wp.com\/alpoma.net\/tecob\/wp-content\/uploads\/2016\/06\/patente_3.png?resize=700%2C400&ssl=1 2x"},"classes":[]}],"jetpack_sharing_enabled":true,"_links":{"self":[{"href":"https:\/\/alpoma.net\/tecob\/index.php?rest_route=\/wp\/v2\/posts\/14821","targetHints":{"allow":["GET"]}}],"collection":[{"href":"https:\/\/alpoma.net\/tecob\/index.php?rest_route=\/wp\/v2\/posts"}],"about":[{"href":"https:\/\/alpoma.net\/tecob\/index.php?rest_route=\/wp\/v2\/types\/post"}],"author":[{"embeddable":true,"href":"https:\/\/alpoma.net\/tecob\/index.php?rest_route=\/wp\/v2\/users\/1"}],"replies":[{"embeddable":true,"href":"https:\/\/alpoma.net\/tecob\/index.php?rest_route=%2Fwp%2Fv2%2Fcomments&post=14821"}],"version-history":[{"count":0,"href":"https:\/\/alpoma.net\/tecob\/index.php?rest_route=\/wp\/v2\/posts\/14821\/revisions"}],"wp:featuredmedia":[{"embeddable":true,"href":"https:\/\/alpoma.net\/tecob\/index.php?rest_route=\/wp\/v2\/media\/14831"}],"wp:attachment":[{"href":"https:\/\/alpoma.net\/tecob\/index.php?rest_route=%2Fwp%2Fv2%2Fmedia&parent=14821"}],"wp:term":[{"taxonomy":"category","embeddable":true,"href":"https:\/\/alpoma.net\/tecob\/index.php?rest_route=%2Fwp%2Fv2%2Fcategories&post=14821"},{"taxonomy":"post_tag","embeddable":true,"href":"https:\/\/alpoma.net\/tecob\/index.php?rest_route=%2Fwp%2Fv2%2Ftags&post=14821"}],"curies":[{"name":"wp","href":"https:\/\/api.w.org\/{rel}","templated":true}]}}