{"id":1382,"date":"2009-10-24T18:33:50","date_gmt":"2009-10-24T16:33:50","guid":{"rendered":"http:\/\/www.alpoma.net\/tecob\/?p=1382"},"modified":"2009-10-24T23:10:30","modified_gmt":"2009-10-24T21:10:30","slug":"una-mirada-a-la-rusia-de-hace-un-siglo","status":"publish","type":"post","link":"https:\/\/alpoma.net\/tecob\/?p=1382","title":{"rendered":"Una mirada a la Rusia de hace un siglo"},"content":{"rendered":"<p><img decoding=\"async\" src=\"http:\/\/farm3.static.flickr.com\/2712\/4040030426_8310950989_o.jpg\" alt=\"img\" class=\"dch\"\/>Hace ya bastante tiempo que se ha comentado por doquier el contenido de la exposici\u00f3n que la <em>Biblioteca del Congreso de los Estados Unidos<\/em> decidi\u00f3 dedicar a las fotograf\u00edas de Prokudin-Gorskii, pero hasta hoy no hab\u00eda podido visitar con calma la galer\u00eda que se ofrece en la red sobre ellas. He quedado impresionado, <strong>no todos los d\u00edas puede contemplarse<\/strong>, en color, c\u00f3mo era <strong>la vida de las gentes de hace una centuria<\/strong> y mucho menos de la mano de un maestro de la imagen. Recomiendo vivamente que, con calma, se <strong><a href=\"http:\/\/www.loc.gov\/exhibits\/empire\/gorskii.html\" class=\"enlaces\">visite la exposici\u00f3n<\/a><\/strong>, pues resulta de los m\u00e1s singular. Las fotograf\u00edas de <strong>Sergei Mikhailovich Prokudin-Gorskii <\/strong>(1863-1944) son m\u00e1s que capturas de luz sobre una placa de vidrio volcadas en papel. Se han convertido en un documento excepcional de toda una \u00e9poca, entre la Gran Guerra y la Revoluci\u00f3n, en el marco del nacimiento de una industria gigantesca y el arduo trabajo en los campos. Sergei recogi\u00f3 con sus c\u00e1maras instantes comunes de los habitantes de diversas partes de Rusia de principios del siglo XX, particip\u00f3 en expediciones a lo largo del extenso pa\u00eds y nos leg\u00f3 su forma de ver el mundo. El fot\u00f3grafo, <strike>maestro de la t\u00e9cnica de coloreado sobre placas fotogr\u00e1ficas de vidrio<\/strike> <strong><a href=\"http:\/\/www.loc.gov\/exhibits\/empire\/making.html\" class=\"enlaces\">emple\u00f3 una t\u00e9cnica<\/a><\/strong>, por \u00e9l mejorada, capaz de fijar en blanco y negro las huellas de los colores gracias a la combinaci\u00f3n de tres capturas sobre un tr\u00edo de placas de cristal, a las que llegaba la luz tamizada por filtros para el rojo, el azul y el verde que, combinadas m\u00e1s tarde en proyectores preparados para ello, creaban la ilusi\u00f3n de color real revivido hoy con t\u00e9cnicas digitales recuperando los colores originales de cada tr\u00edo de negativos. Sergei dej\u00f3 Rusia en 1918 para establecerse, tras recorrer media Europa, en Francia. La Rusia que conoci\u00f3 estaba cambiando con rapidez, el Zar y su familia, para quienes hab\u00eda trabajado, fueron asesinados, el continente se encontraba en medio del caos provocado por la guerra y el mundo hab\u00eda cambiado para siempre. Pero la mirada de un fot\u00f3grafo ruso qued\u00f3 ah\u00ed, congelada en cientos de placas brillantes que fueron adquiridas por la <em>Biblioteca del Congreso<\/em> en 1948. Hoy ven de nuevo la luz gracias a un esc\u00e1ner y a la red, para que todo el mundo pueda volver a contemplar a los habitantes de la Rusia del reci\u00e9n nacido siglo XX. Las im\u00e1genes que a continuaci\u00f3n muestro son \u00fanicamente una leve selecci\u00f3n del conjunto, que sirven para hacerse una somera idea de lo que contiene la colecci\u00f3n.<\/p>\n<p><img decoding=\"async\" src=\"http:\/\/farm3.static.flickr.com\/2678\/4040095956_9a2efa25a6_o.jpg\" alt=\"img\" class=\"otros\"\/><br \/>\n<!--more--><br \/>\n<img decoding=\"async\" src=\"http:\/\/farm3.static.flickr.com\/2534\/4040097200_614c0d6f12_o.jpg\" alt=\"img\" class=\"otros\"\/><\/p>\n<p><img decoding=\"async\" src=\"http:\/\/farm3.static.flickr.com\/2525\/4039347221_0b6169dc85_o.jpg\" alt=\"img\" class=\"otros\"\/><\/p>\n<p><img decoding=\"async\" src=\"http:\/\/farm3.static.flickr.com\/2475\/4039348145_5ba5b11ed0_o.jpg\" alt=\"img\" class=\"otros\"\/><\/p>\n<p><img decoding=\"async\" src=\"http:\/\/farm3.static.flickr.com\/2428\/4039345187_97a661aa66_o.jpg\" alt=\"img\" class=\"otros\"\/><\/p>\n<p><img decoding=\"async\" src=\"http:\/\/farm3.static.flickr.com\/2528\/4039349705_57cfa7b310_o.jpg\" alt=\"img\" class=\"otros\"\/><\/p>\n<p><img decoding=\"async\" src=\"http:\/\/farm3.static.flickr.com\/2605\/4040100380_3556826ea3_o.jpg\" alt=\"img\" class=\"otros\"\/><\/p>\n<p><img decoding=\"async\" src=\"http:\/\/farm3.static.flickr.com\/2618\/4040096402_a001c50f0d_o.jpg\" alt=\"img\" class=\"otros\"\/><\/p>\n<p><img decoding=\"async\" src=\"http:\/\/farm4.static.flickr.com\/3513\/4039349281_bc12ca5191_o.jpg\" alt=\"img\" class=\"otros\"\/><\/p>\n<p><img decoding=\"async\" src=\"http:\/\/farm3.static.flickr.com\/2576\/4040101830_f038668295_o.jpg\" alt=\"img\" class=\"otros\"\/><\/p>\n","protected":false},"excerpt":{"rendered":"<div class=\"mh-excerpt\"><p>Hace ya bastante tiempo que se ha comentado por doquier el contenido de la exposici\u00f3n que la Biblioteca del Congreso de los Estados Unidos decidi\u00f3 dedicar a las fotograf\u00edas de <a class=\"mh-excerpt-more\" href=\"https:\/\/alpoma.net\/tecob\/?p=1382\" title=\"Una mirada a la Rusia de hace un siglo\">[&#8230;]<\/a><\/p>\n<\/div>","protected":false},"author":1,"featured_media":11109,"comment_status":"open","ping_status":"open","sticky":false,"template":"","format":"standard","meta":{"jetpack_post_was_ever_published":false,"_jetpack_newsletter_access":"","_jetpack_dont_email_post_to_subs":false,"_jetpack_newsletter_tier_id":0,"_jetpack_memberships_contains_paywalled_content":false,"_jetpack_memberships_contains_paid_content":false,"footnotes":""},"categories":[1],"tags":[],"class_list":["post-1382","post","type-post","status-publish","format-standard","has-post-thumbnail","hentry","category-general"],"jetpack_featured_media_url":"https:\/\/alpoma.net\/tecob\/wp-content\/uploads\/2009\/10\/4040030426_8310950989_o.jpg","jetpack_shortlink":"https:\/\/wp.me\/p93Dc1-mi","jetpack-related-posts":[{"id":5050,"url":"https:\/\/alpoma.net\/tecob\/?p=5050","url_meta":{"origin":1382,"position":0},"title":"Un vistazo a la Espa\u00f1a del siglo XIX","author":"alpoma","date":"8 julio 2011","format":false,"excerpt":"Este tipo de fotograf\u00edas, que nos hacen viajar en el tiempo, son dignas de ser contempladas con calma porque nos descubren estampas reales de \u00e9pocas ya muy lejanas. Es m\u00e1s, conociendo los lugares retratados, resulta sorprendente el ejercio de comparar el estado actual de esas ciudades con el de hace\u2026","rel":"","context":"En \u00abMade in Spain\u00bb","block_context":{"text":"Made in Spain","link":"https:\/\/alpoma.net\/tecob\/?cat=10"},"img":{"alt_text":"","src":"","width":0,"height":0},"classes":[]},{"id":590,"url":"https:\/\/alpoma.net\/tecob\/?p=590","url_meta":{"origin":1382,"position":1},"title":"El cielo en movimiento","author":"alpoma","date":"11 septiembre 2006","format":false,"excerpt":"Cualquiera que haya mirado a las estrellas en una noche despejada, se ha dado cuenta de que, a pesar de mantenerse aparentemente \"fijas\" entre s\u00ed, las estrellas se mueven. Cada noche, aparecer\u00e1n las mismas estrellas que en observaciones realizadas d\u00edas antes, pero ligeramente desviadas de la posici\u00f3n en la que\u2026","rel":"","context":"En \u00abGeo\u00bb","block_context":{"text":"Geo","link":"https:\/\/alpoma.net\/tecob\/?cat=5"},"img":{"alt_text":"","src":"https:\/\/i0.wp.com\/alpoma.net\/tecob\/wp-content\/uploads\/2006\/09\/240696040_11480c9bc7_o.jpg?resize=350%2C200&ssl=1","width":350,"height":200,"srcset":"https:\/\/i0.wp.com\/alpoma.net\/tecob\/wp-content\/uploads\/2006\/09\/240696040_11480c9bc7_o.jpg?resize=350%2C200&ssl=1 1x, https:\/\/i0.wp.com\/alpoma.net\/tecob\/wp-content\/uploads\/2006\/09\/240696040_11480c9bc7_o.jpg?resize=525%2C300&ssl=1 1.5x"},"classes":[]},{"id":8938,"url":"https:\/\/alpoma.net\/tecob\/?p=8938","url_meta":{"origin":1382,"position":2},"title":"Barcelona 1888: Las primeras fotograf\u00edas a\u00e9reas espa\u00f1olas y un duro para subir en globo","author":"alpoma","date":"31 marzo 2014","format":false,"excerpt":"La Exposici\u00f3n Universal de Barcelona que se celebr\u00f3 en el Parque de la Ciudadela entre el 8 de abril y el 9 de diciembre de 1888 fue todo un \u00e9xito. M\u00e1s de dos millones de visitantes se acercaron a contemplar las maravillas all\u00ed expuestas y, adem\u00e1s, fue la excusa perfecta\u2026","rel":"","context":"En \u00abMade in Spain\u00bb","block_context":{"text":"Made in Spain","link":"https:\/\/alpoma.net\/tecob\/?cat=10"},"img":{"alt_text":"","src":"https:\/\/i0.wp.com\/alpoma.net\/tecob\/wp-content\/uploads\/2014\/03\/globo_cautivo_barcelona.jpg?resize=350%2C200&ssl=1","width":350,"height":200},"classes":[]},{"id":437,"url":"https:\/\/alpoma.net\/tecob\/?p=437","url_meta":{"origin":1382,"position":3},"title":"Fotografiando el infierno","author":"alpoma","date":"11 abril 2006","format":false,"excerpt":"En tiempos se pens\u00f3 que Venus era un paraiso, un mundo acu\u00e1tico que ocultaba sus secretos tras un impenetrable escudo de nubes. Algo de raz\u00f3n se ten\u00eda, porque las nubes oscurecen la superficie y hasta \u00e9pocas recientes no se descubri\u00f3 la verdad, a saber, que Venus es lo m\u00e1s parecido\u2026","rel":"","context":"En \u00abGeo\u00bb","block_context":{"text":"Geo","link":"https:\/\/alpoma.net\/tecob\/?cat=5"},"img":{"alt_text":"","src":"https:\/\/i0.wp.com\/alpoma.net\/tecob\/wp-content\/uploads\/2006\/04\/127038618_2c4a3b033a_o.jpg?resize=350%2C200&ssl=1","width":350,"height":200,"srcset":"https:\/\/i0.wp.com\/alpoma.net\/tecob\/wp-content\/uploads\/2006\/04\/127038618_2c4a3b033a_o.jpg?resize=350%2C200&ssl=1 1x, https:\/\/i0.wp.com\/alpoma.net\/tecob\/wp-content\/uploads\/2006\/04\/127038618_2c4a3b033a_o.jpg?resize=525%2C300&ssl=1 1.5x"},"classes":[]},{"id":687,"url":"https:\/\/alpoma.net\/tecob\/?p=687","url_meta":{"origin":1382,"position":4},"title":"Rascacielos en La Meca","author":"alpoma","date":"10 marzo 2007","format":false,"excerpt":"Todo el mundo ha o\u00eddo hablar de La Meca, no hace falta ser musulm\u00e1n para ello porque, al tratarse de uno de los lugares de peregrinaje m\u00e1s concurridos del mundo, tarde o temprano se oye algo acerca de esa ciudad. Personalmente nunca me ha llamado la atenci\u00f3n, salvo por la\u2026","rel":"","context":"En \u00abGeo\u00bb","block_context":{"text":"Geo","link":"https:\/\/alpoma.net\/tecob\/?cat=5"},"img":{"alt_text":"","src":"https:\/\/i0.wp.com\/alpoma.net\/tecob\/wp-content\/uploads\/2007\/03\/416692693_76c7831257.jpg?resize=350%2C200&ssl=1","width":350,"height":200},"classes":[]},{"id":652,"url":"https:\/\/alpoma.net\/tecob\/?p=652","url_meta":{"origin":1382,"position":5},"title":"El cronofot\u00f3grafo","author":"alpoma","date":"7 enero 2007","format":false,"excerpt":"No tiene nada que ver con el ficticio cronovisor -que ya visit\u00f3 TecOb hace mucho- pero, como la propia palabra indica, el tema va del tiempo y su captura en forma de fotograf\u00eda. Hace unos d\u00edas los amigos kircherianos recuperaron de las brumas de la memoria, muy brevemente, a uno\u2026","rel":"","context":"En \u00abObsolescencia\u00bb","block_context":{"text":"Obsolescencia","link":"https:\/\/alpoma.net\/tecob\/?cat=3"},"img":{"alt_text":"","src":"https:\/\/i0.wp.com\/alpoma.net\/tecob\/wp-content\/uploads\/2007\/01\/349218674_48c5db7572.jpg?resize=350%2C200&ssl=1","width":350,"height":200},"classes":[]}],"jetpack_sharing_enabled":true,"_links":{"self":[{"href":"https:\/\/alpoma.net\/tecob\/index.php?rest_route=\/wp\/v2\/posts\/1382","targetHints":{"allow":["GET"]}}],"collection":[{"href":"https:\/\/alpoma.net\/tecob\/index.php?rest_route=\/wp\/v2\/posts"}],"about":[{"href":"https:\/\/alpoma.net\/tecob\/index.php?rest_route=\/wp\/v2\/types\/post"}],"author":[{"embeddable":true,"href":"https:\/\/alpoma.net\/tecob\/index.php?rest_route=\/wp\/v2\/users\/1"}],"replies":[{"embeddable":true,"href":"https:\/\/alpoma.net\/tecob\/index.php?rest_route=%2Fwp%2Fv2%2Fcomments&post=1382"}],"version-history":[{"count":0,"href":"https:\/\/alpoma.net\/tecob\/index.php?rest_route=\/wp\/v2\/posts\/1382\/revisions"}],"wp:featuredmedia":[{"embeddable":true,"href":"https:\/\/alpoma.net\/tecob\/index.php?rest_route=\/wp\/v2\/media\/11109"}],"wp:attachment":[{"href":"https:\/\/alpoma.net\/tecob\/index.php?rest_route=%2Fwp%2Fv2%2Fmedia&parent=1382"}],"wp:term":[{"taxonomy":"category","embeddable":true,"href":"https:\/\/alpoma.net\/tecob\/index.php?rest_route=%2Fwp%2Fv2%2Fcategories&post=1382"},{"taxonomy":"post_tag","embeddable":true,"href":"https:\/\/alpoma.net\/tecob\/index.php?rest_route=%2Fwp%2Fv2%2Ftags&post=1382"}],"curies":[{"name":"wp","href":"https:\/\/api.w.org\/{rel}","templated":true}]}}