{"id":13507,"date":"2018-08-08T19:41:36","date_gmt":"2018-08-08T17:41:36","guid":{"rendered":"https:\/\/alpoma.net\/tecob\/?p=13507"},"modified":"2018-08-08T19:41:36","modified_gmt":"2018-08-08T17:41:36","slug":"sin-anestesia-pero-con-una-sonrisa","status":"publish","type":"post","link":"https:\/\/alpoma.net\/tecob\/?p=13507","title":{"rendered":"Sin anestesia, pero con una sonrisa"},"content":{"rendered":"<p><figure id=\"attachment_13509\" aria-describedby=\"caption-attachment-13509\" style=\"width: 233px\" class=\"wp-caption alignright\"><img loading=\"lazy\" decoding=\"async\" data-attachment-id=\"13509\" data-permalink=\"https:\/\/alpoma.net\/tecob\/?attachment_id=13509\" data-orig-file=\"https:\/\/alpoma.net\/tecob\/wp-content\/uploads\/2018\/08\/Ferdinand-Sauerbruch.jpg\" data-orig-size=\"373,480\" data-comments-opened=\"0\" data-image-meta=\"{&quot;aperture&quot;:&quot;0&quot;,&quot;credit&quot;:&quot;&quot;,&quot;camera&quot;:&quot;&quot;,&quot;caption&quot;:&quot;&quot;,&quot;created_timestamp&quot;:&quot;0&quot;,&quot;copyright&quot;:&quot;&quot;,&quot;focal_length&quot;:&quot;0&quot;,&quot;iso&quot;:&quot;0&quot;,&quot;shutter_speed&quot;:&quot;0&quot;,&quot;title&quot;:&quot;&quot;,&quot;orientation&quot;:&quot;0&quot;}\" data-image-title=\"Ferdinand-Sauerbruch\" data-image-description=\"\" data-image-caption=\"&lt;p&gt;El cirujano Ferdinand Sauerbruch hacia 1932, por Max Liebermann (Imagen &lt;em&gt;anagoria&lt;\/em&gt;\/Wikimedia Commons).&lt;\/p&gt;\n\" data-large-file=\"https:\/\/alpoma.net\/tecob\/wp-content\/uploads\/2018\/08\/Ferdinand-Sauerbruch.jpg\" src=\"https:\/\/alpoma.net\/tecob\/wp-content\/uploads\/2018\/08\/Ferdinand-Sauerbruch-233x300.jpg\" alt=\"Ferdinand Sauerbruch\" width=\"233\" height=\"300\" class=\"size-medium wp-image-13509\" srcset=\"https:\/\/alpoma.net\/tecob\/wp-content\/uploads\/2018\/08\/Ferdinand-Sauerbruch-233x300.jpg 233w, https:\/\/alpoma.net\/tecob\/wp-content\/uploads\/2018\/08\/Ferdinand-Sauerbruch.jpg 373w\" sizes=\"auto, (max-width: 233px) 100vw, 233px\" \/><figcaption id=\"caption-attachment-13509\" class=\"wp-caption-text\">El cirujano Ferdinand Sauerbruch hacia 1932, por Max Liebermann (Imagen <em>anagoria<\/em>\/Wikimedia Commons).<\/figcaption><\/figure>Repasando algo de bibliograf\u00eda m\u00e9dica relacionada con cierto proyecto, me acabo de chocar con una an\u00e9cdota de lo m\u00e1s interesante. De momento no tengo datos adicionales (quiero confirmar los detalles, aunque la fuente es de total confianza), y por falta de tiempo ser\u00e1 algo que dejo anotado en la lista de temas pendientes, pero no me he resistido a traerlo a <em>TecOb<\/em>. Veamos, el protagonista del asunto fue el c\u00e9lebre cirujano alem\u00e1n <strong>Ferdinand Sauerbruch<\/strong>.<\/p>\n<p><strong>\u00bfQui\u00e9n fue el tal Ferdinand?<\/strong> En la Historia de la medicina se ha grabado su nombre a fuego por diversos motivos, tanto positivos como negativos. Sauerbruch, nacido en 1875, se convirti\u00f3 desde su juventud en <strong>uno de los cirujanos m\u00e1s famosos del mundo<\/strong>, llegando a ser uno de los m\u00e1s influyentes de las primeras d\u00e9cadas del siglo XX. Cirujano del hospital berlin\u00e9s de Charit\u00e9 durante m\u00e1s de veinte a\u00f1os, desarroll\u00f3 la conocida como \u00abc\u00e1mara de Sauerbruch\u00bb, que mencionar\u00e9 m\u00e1s adelante. A pesar de haber logrado \u00e9xitos indudables, siendo precursor de nuevas t\u00e9cnicas quir\u00fargicas, su reputaci\u00f3n se vio da\u00f1ada por mantenerse en activo incluso cuando comenz\u00f3 a padecer problemas de demencia, llevando a cabo <a href=\"https:\/\/www.ncbi.nlm.nih.gov\/pubmed\/11571966\">operaciones sin sentido y con resultados terribles<\/a>. Su prestigio hizo que, a pesar de aquellos desastres, casi nadie moviera un dedo contra \u00e9l. Adem\u00e1s, su posici\u00f3n durante el nazismo hab\u00eda sido, como poco, bastante ambigua, cosa que le coloc\u00f3 al final de la Segunda Guerra Mundial en una posici\u00f3n delicada, aunque logr\u00f3 mantenerse en lo alto de su profesi\u00f3n todav\u00eda bastante tiempo.<\/p>\n<p>Hacia 1903 Sauerbruch hab\u00eda inventado una <strong>c\u00e1mara neum\u00e1tica de presi\u00f3n negativa<\/strong> para evitar el <a href=\"https:\/\/es.wikipedia.org\/wiki\/Neumot\u00f3rax\">neumot\u00f3rax<\/a> en las operaciones pulmonares. Con ese aparato se pudieron realizar operaciones a t\u00f3rax abierto, con lo que se revolucion\u00f3 ese tipo de cirug\u00eda (la m\u00e1quina perdi\u00f3 utilidad m\u00e1s tarde, con la introducci\u00f3n de la intubaci\u00f3n traqueal, donde se emplea ventilaci\u00f3n con presi\u00f3n positiva). <\/p>\n<figure id=\"attachment_13516\" aria-describedby=\"caption-attachment-13516\" style=\"width: 620px\" class=\"wp-caption aligncenter\"><img loading=\"lazy\" decoding=\"async\" data-attachment-id=\"13516\" data-permalink=\"https:\/\/alpoma.net\/tecob\/?attachment_id=13516\" data-orig-file=\"https:\/\/alpoma.net\/tecob\/wp-content\/uploads\/2018\/08\/camara-de-Sauerbruch.jpg\" data-orig-size=\"620,419\" data-comments-opened=\"0\" data-image-meta=\"{&quot;aperture&quot;:&quot;0&quot;,&quot;credit&quot;:&quot;&quot;,&quot;camera&quot;:&quot;&quot;,&quot;caption&quot;:&quot;&quot;,&quot;created_timestamp&quot;:&quot;0&quot;,&quot;copyright&quot;:&quot;&quot;,&quot;focal_length&quot;:&quot;0&quot;,&quot;iso&quot;:&quot;0&quot;,&quot;shutter_speed&quot;:&quot;0&quot;,&quot;title&quot;:&quot;&quot;,&quot;orientation&quot;:&quot;0&quot;}\" data-image-title=\"camara-de-Sauerbruch\" data-image-description=\"\" data-image-caption=\"&lt;p&gt;Modelo primigenio de c\u00e1mara de Sauerbruch, 1903.&lt;\/p&gt;\n\" data-large-file=\"https:\/\/alpoma.net\/tecob\/wp-content\/uploads\/2018\/08\/camara-de-Sauerbruch.jpg\" src=\"https:\/\/alpoma.net\/tecob\/wp-content\/uploads\/2018\/08\/camara-de-Sauerbruch.jpg\" alt=\"C\u00e1mara de Sauerbruch\" width=\"620\" height=\"419\" class=\"size-full wp-image-13516\" srcset=\"https:\/\/alpoma.net\/tecob\/wp-content\/uploads\/2018\/08\/camara-de-Sauerbruch.jpg 620w, https:\/\/alpoma.net\/tecob\/wp-content\/uploads\/2018\/08\/camara-de-Sauerbruch-300x203.jpg 300w\" sizes=\"auto, (max-width: 620px) 100vw, 620px\" \/><figcaption id=\"caption-attachment-13516\" class=\"wp-caption-text\">Modelo primigenio de c\u00e1mara de Sauerbruch, 1903.<\/figcaption><\/figure>\n<p>Bien, ahora que el personaje ha quedado presentado, vamos con la an\u00e9cdota. Lo refer\u00eda el insigne profesor de farmacolog\u00eda <strong><a href=\"https:\/\/www.ranm.es\/academicos\/academicos-de-numero-anteriores\/1033-1945-lorenzo-velazquez-villanueva-benigno.html\">Benigno Lorenzo-Vel\u00e1zquez<\/a><\/strong> en su <em>Formulario-Gu\u00eda terap\u00e9utica de urgencia<\/em> (he manejado la decimos\u00e9ptima edici\u00f3n, de 1981):<\/p>\n<blockquote><p><em>Nunca olvidar\u00e9 el caso que refiri\u00f3 el profesor Ferdinand Sauerbruch de haber amputado un brazo a un militar en la primera guerra europea, sin anestesia y sin dolor, quien lleg\u00f3 al quir\u00f3fano en un estado de gran excitaci\u00f3n y euforia por haber ganado la batalla en que intervino. Una liberaci\u00f3n masiva y constante de endorfinas encef\u00e1licas explican hoy el fen\u00f3meno.<\/em><\/p><\/blockquote>\n","protected":false},"excerpt":{"rendered":"<div class=\"mh-excerpt\"><p>Repasando algo de bibliograf\u00eda m\u00e9dica relacionada con cierto proyecto, me acabo de chocar con una an\u00e9cdota de lo m\u00e1s interesante. De momento no tengo datos adicionales (quiero confirmar los detalles, <a class=\"mh-excerpt-more\" href=\"https:\/\/alpoma.net\/tecob\/?p=13507\" title=\"Sin anestesia, pero con una sonrisa\">[&#8230;]<\/a><\/p>\n<\/div>","protected":false},"author":1,"featured_media":13516,"comment_status":"closed","ping_status":"closed","sticky":false,"template":"","format":"standard","meta":{"jetpack_post_was_ever_published":false,"_jetpack_newsletter_access":"","_jetpack_dont_email_post_to_subs":false,"_jetpack_newsletter_tier_id":0,"_jetpack_memberships_contains_paywalled_content":false,"_jetpack_memberships_contains_paid_content":false,"footnotes":""},"categories":[3],"tags":[],"class_list":["post-13507","post","type-post","status-publish","format-standard","has-post-thumbnail","hentry","category-obsolescencia"],"jetpack_featured_media_url":"https:\/\/alpoma.net\/tecob\/wp-content\/uploads\/2018\/08\/camara-de-Sauerbruch.jpg","jetpack_shortlink":"https:\/\/wp.me\/p93Dc1-3vR","jetpack-related-posts":[{"id":7834,"url":"https:\/\/alpoma.net\/tecob\/?p=7834","url_meta":{"origin":13507,"position":0},"title":"El castillo de fantas\u00eda de Ferdinand Cheval","author":"alpoma","date":"20 febrero 2013","format":false,"excerpt":"Hace algunos a\u00f1os alcanz\u00f3 la fama un vecino de Mejorada del Campo, en Madrid, gracias a un anuncio de televisi\u00f3n sobre cierto refresco. Se trata de Justo Gallego Mart\u00ednez, que lleva medio siglo construyendo con sus propias manos toda una categral dise\u00f1ada por \u00e9l mismo. Es uno de los casos\u2026","rel":"","context":"En \u00abObsolescencia\u00bb","block_context":{"text":"Obsolescencia","link":"https:\/\/alpoma.net\/tecob\/?cat=3"},"img":{"alt_text":"","src":"https:\/\/i0.wp.com\/alpoma.net\/tecob\/wp-content\/uploads\/2013\/02\/8490845602_4a0b817f5d_z.jpg?resize=350%2C200&ssl=1","width":350,"height":200,"srcset":"https:\/\/i0.wp.com\/alpoma.net\/tecob\/wp-content\/uploads\/2013\/02\/8490845602_4a0b817f5d_z.jpg?resize=350%2C200&ssl=1 1x, https:\/\/i0.wp.com\/alpoma.net\/tecob\/wp-content\/uploads\/2013\/02\/8490845602_4a0b817f5d_z.jpg?resize=525%2C300&ssl=1 1.5x"},"classes":[]},{"id":667,"url":"https:\/\/alpoma.net\/tecob\/?p=667","url_meta":{"origin":13507,"position":1},"title":"La er\u00f3tica del picahielos","author":"alpoma","date":"27 enero 2007","format":false,"excerpt":"Tras una semana de pesadilla, con saturaci\u00f3n insana de trabajo, por fin tengo un poco de tiempo para comentar brevemente algo sobre una de las fotograf\u00edas que m\u00e1s me han sorprendido. En realidad, lo de sorprendido es quedarse corto. Tengo recopiladas cientos de fotograf\u00edas relacionadas con diversos aspectos de la\u2026","rel":"","context":"En \u00abObsolescencia\u00bb","block_context":{"text":"Obsolescencia","link":"https:\/\/alpoma.net\/tecob\/?cat=3"},"img":{"alt_text":"","src":"https:\/\/i0.wp.com\/alpoma.net\/tecob\/wp-content\/uploads\/2007\/01\/370796067_6bf2c7ff4a.jpg?resize=350%2C200&ssl=1","width":350,"height":200},"classes":[]},{"id":8723,"url":"https:\/\/alpoma.net\/tecob\/?p=8723","url_meta":{"origin":13507,"position":2},"title":"Fidel Pag\u00e9s Mirav\u00e9, el olvidado descubridor de la anestesia epidural","author":"alpoma","date":"2 enero 2014","format":false,"excerpt":"Versi\u00f3n reducida del art\u00edculo que publiqu\u00e9 en la revista Historia de Iberia Vieja, n\u00famero 103, enero de 2014. Un accidente de autom\u00f3vil, un detalle de este vertiginoso modo de ser de los tiempo que corren, en los que se llega a la muerta a noventa por hora, ha dejado sin\u2026","rel":"","context":"En \u00abMade in Spain\u00bb","block_context":{"text":"Made in Spain","link":"https:\/\/alpoma.net\/tecob\/?cat=10"},"img":{"alt_text":"fidel_pages","src":"https:\/\/i0.wp.com\/www.alpoma.net\/tecob\/wp-content\/uploads\/2014\/01\/fidel_pages-190x300.jpg?resize=350%2C200","width":350,"height":200},"classes":[]},{"id":3352,"url":"https:\/\/alpoma.net\/tecob\/?p=3352","url_meta":{"origin":13507,"position":3},"title":"Cuatro d\u00e9cadas del s\u00edmbolo del reciclaje","author":"alpoma","date":"17 agosto 2010","format":false,"excerpt":"Omnipresente, encontraremos por doquier objetos con este s\u00edmbolo. Todo el mundo lo reconoce, o al menos lo asocia con ciertas palabras, como reciclable o reutilizable. El s\u00edmbolo universal del reciclaje, hoy en dominio p\u00fablico, surgi\u00f3 como una idea de una empresa de Chicago, la Container Corporation of America, para contribuir\u2026","rel":"","context":"En \u00abInnovaci\u00f3n\u00bb","block_context":{"text":"Innovaci\u00f3n","link":"https:\/\/alpoma.net\/tecob\/?cat=4"},"img":{"alt_text":"","src":"https:\/\/i0.wp.com\/alpoma.net\/tecob\/wp-content\/uploads\/2010\/08\/4926234114_0b3987d1d7_o.jpg?resize=350%2C200&ssl=1","width":350,"height":200},"classes":[]},{"id":11970,"url":"https:\/\/alpoma.net\/tecob\/?p=11970","url_meta":{"origin":13507,"position":4},"title":"La pistola Campo-Giro","author":"alpoma","date":"29 marzo 2016","format":false,"excerpt":"En una reciente visita al Museo Hist\u00f3rico Militar de La Coru\u00f1a, lugar cuya visita recomiendo sin dudar para cualquier apasionado de la historia, no s\u00f3lo militar, me reencontr\u00e9 con una pieza singular de la invenci\u00f3n en Espa\u00f1a. En una de las estanter\u00edas dedicadas a las armas port\u00e1tiles luc\u00eda orgulloso un\u2026","rel":"","context":"En \u00abMade in Spain\u00bb","block_context":{"text":"Made in Spain","link":"https:\/\/alpoma.net\/tecob\/?cat=10"},"img":{"alt_text":"","src":"https:\/\/i0.wp.com\/alpoma.net\/tecob\/wp-content\/uploads\/2016\/03\/Campogiro_1904.jpg?resize=350%2C200&ssl=1","width":350,"height":200,"srcset":"https:\/\/i0.wp.com\/alpoma.net\/tecob\/wp-content\/uploads\/2016\/03\/Campogiro_1904.jpg?resize=350%2C200&ssl=1 1x, https:\/\/i0.wp.com\/alpoma.net\/tecob\/wp-content\/uploads\/2016\/03\/Campogiro_1904.jpg?resize=525%2C300&ssl=1 1.5x, https:\/\/i0.wp.com\/alpoma.net\/tecob\/wp-content\/uploads\/2016\/03\/Campogiro_1904.jpg?resize=700%2C400&ssl=1 2x"},"classes":[]},{"id":3013,"url":"https:\/\/alpoma.net\/tecob\/?p=3013","url_meta":{"origin":13507,"position":5},"title":"(1899) Un torpedo el\u00e9ctrico supera los 100 km\/h","author":"alpoma","date":"28 junio 2010","format":false,"excerpt":"Este veh\u00edculo llevaba un nombre tan curioso como evocador: Jamais Contente1 lo que, traducido del franc\u00e9s, vendr\u00eda a ser algo as\u00ed como \"el insatisfecho\". Tanto su denominaci\u00f3n como su dise\u00f1o quer\u00edan transmitir algo, y no cabe duda que lo consegu\u00eda. Ayer, cuando me enter\u00e9 de su existencia (\u00a1gracias @JoseM_SGP!), qued\u00e9\u2026","rel":"","context":"En \u00abObsolescencia\u00bb","block_context":{"text":"Obsolescencia","link":"https:\/\/alpoma.net\/tecob\/?cat=3"},"img":{"alt_text":"","src":"https:\/\/i0.wp.com\/alpoma.net\/tecob\/wp-content\/uploads\/2010\/06\/4743164849_7fef6837bb_z.jpg?resize=350%2C200&ssl=1","width":350,"height":200,"srcset":"https:\/\/i0.wp.com\/alpoma.net\/tecob\/wp-content\/uploads\/2010\/06\/4743164849_7fef6837bb_z.jpg?resize=350%2C200&ssl=1 1x, https:\/\/i0.wp.com\/alpoma.net\/tecob\/wp-content\/uploads\/2010\/06\/4743164849_7fef6837bb_z.jpg?resize=525%2C300&ssl=1 1.5x"},"classes":[]}],"jetpack_sharing_enabled":true,"_links":{"self":[{"href":"https:\/\/alpoma.net\/tecob\/index.php?rest_route=\/wp\/v2\/posts\/13507","targetHints":{"allow":["GET"]}}],"collection":[{"href":"https:\/\/alpoma.net\/tecob\/index.php?rest_route=\/wp\/v2\/posts"}],"about":[{"href":"https:\/\/alpoma.net\/tecob\/index.php?rest_route=\/wp\/v2\/types\/post"}],"author":[{"embeddable":true,"href":"https:\/\/alpoma.net\/tecob\/index.php?rest_route=\/wp\/v2\/users\/1"}],"replies":[{"embeddable":true,"href":"https:\/\/alpoma.net\/tecob\/index.php?rest_route=%2Fwp%2Fv2%2Fcomments&post=13507"}],"version-history":[{"count":0,"href":"https:\/\/alpoma.net\/tecob\/index.php?rest_route=\/wp\/v2\/posts\/13507\/revisions"}],"wp:featuredmedia":[{"embeddable":true,"href":"https:\/\/alpoma.net\/tecob\/index.php?rest_route=\/wp\/v2\/media\/13516"}],"wp:attachment":[{"href":"https:\/\/alpoma.net\/tecob\/index.php?rest_route=%2Fwp%2Fv2%2Fmedia&parent=13507"}],"wp:term":[{"taxonomy":"category","embeddable":true,"href":"https:\/\/alpoma.net\/tecob\/index.php?rest_route=%2Fwp%2Fv2%2Fcategories&post=13507"},{"taxonomy":"post_tag","embeddable":true,"href":"https:\/\/alpoma.net\/tecob\/index.php?rest_route=%2Fwp%2Fv2%2Ftags&post=13507"}],"curies":[{"name":"wp","href":"https:\/\/api.w.org\/{rel}","templated":true}]}}