{"id":13435,"date":"2018-07-06T17:59:30","date_gmt":"2018-07-06T15:59:30","guid":{"rendered":"https:\/\/alpoma.net\/tecob\/?p=13435"},"modified":"2018-07-06T17:59:30","modified_gmt":"2018-07-06T15:59:30","slug":"crea-tu-propia-calculadora-curta-solo-para-los-mas-osados-de-la-impresion-3d","status":"publish","type":"post","link":"https:\/\/alpoma.net\/tecob\/?p=13435","title":{"rendered":"Crea tu propia calculadora Curta (s\u00f3lo para los m\u00e1s osados de la impresi\u00f3n 3D)"},"content":{"rendered":"<p>\u00a1Qu\u00e9 recuerdos me trae esto! Desde hace muchos a\u00f1os, las <strong>calculadoras mec\u00e1nicas Curta<\/strong> son uno de mis artilugios favoritos. Por eso, el 24 de febrero de 2005, <strong>esos ingenios fueron protagonistas del primer art\u00edculo que publiqu\u00e9 en este blog<\/strong>. Con el tiempo he ido publicando m\u00e1s detalles sobre la incre\u00edble historia de su inventor, <strong>Curt Herzstark<\/strong>, y sobre c\u00f3mo dise\u00f1\u00f3 esta maravilla mec\u00e1nica siendo prisionero de un campo de concentraci\u00f3n. En <strong><a href=\"https:\/\/alpoma.net\/tecob\/?p=11939\">uno de esos art\u00edculos<\/a><\/strong> coment\u00e9 sobre la Curta&#8230;<\/p>\n<blockquote><p>Imagina un peque\u00f1o cilindro negro, construido con materiales de alta calidad, con aspecto de molinillo de pimienta de alta tecnolog\u00eda, de unos 10 cent\u00edmetros de alto por 5 de di\u00e1metro. Ahora, sue\u00f1a que, moviendo varios diales y girando una rueda con manivela, puedes realizar diversos c\u00e1lculos con suma precisi\u00f3n, cuyo resultado se presentar\u00e1 ante nosotros a trav\u00e9s de un cuadro num\u00e9rico anal\u00f3gico. <\/p>\n<p>Aquella maravilla cab\u00eda en la palma de la mano. Con ella se pod\u00eda sumar, restar, multiplicar, dividir y, con un poco m\u00e1s de pr\u00e1ctica, realizar operaciones matem\u00e1ticas m\u00e1s complejas. Se trataba de la Curta, una calculadora mec\u00e1nica port\u00e1til realmente asombrosa. (&#8230;) Detr\u00e1s del peque\u00f1o artilugio, hay toda una historia asombrosa y una tecnolog\u00eda que, cuando las calculadores electr\u00f3nicas todav\u00eda no exist\u00edan, nos llev\u00f3 muy lejos. <\/p>\n<p>Ingenieros, arquitectos, cient\u00edficos y economistas utilizaron las calculadoras Curta desde su aparici\u00f3n en 1948 hasta que fueron olvidadas ya en los a\u00f1os 70, cuando la electr\u00f3nica desterr\u00f3 su uso de la pr\u00e1ctica habitual, convirtiendo a estas joyas de las calculadoras mec\u00e1nicas en objeto de coleccionismo.<\/p><\/blockquote>\n<p>Lo m\u00e1s asombroso es que la Curta fue dise\u00f1ada en el peor de los escenarios imaginables. <strong><a href=\"https:\/\/alpoma.net\/tecob\/?p=11939\">Comentaba entonces<\/a><\/strong>&#8230;<\/p>\n<blockquote><p>Tras el paso por una terrible celda, Herzstark fue enviado al campo de concentraci\u00f3n de Buchenwald, donde su destino estaba sellado. Pero todo cambi\u00f3 de repente cuando un oficial de las SS le ofreci\u00f3 continuar viviendo a cambio de trabajar en la creaci\u00f3n de piezas de precisi\u00f3n destinadas a aviones de guerra y misiles como los c\u00e9lebres V2. Herzstark fue puesto al mando de las operaciones para la fabricaci\u00f3n de maquinaria en Buchenwald, eso le facilit\u00f3 la tarea de \u201ccontratar\u201d a otros prisioneros, salv\u00e1ndoles as\u00ed la vida. Todo era terror y miedo, cualquier d\u00eda pod\u00eda ser el \u00faltimo. <\/p>\n<p>Sin embargo, el destino sonri\u00f3 a Herzstark. Los nazis se enteraron de los esfuerzos del ingenieros, anteriores a la guerra, para dar vida a una calculadora port\u00e1til. Le ofrecieron un trato, a saber, poder vivir a cambio de construir una de esas m\u00e1quinas como \u201cregalo de la victoria\u201d para Hitler. (&#8230;) Herzstark continu\u00f3 trabajando como preso forzado, pero se le permiti\u00f3 dedicar tiempo en la tarea de dise\u00f1ar la m\u00e1quina de calcular port\u00e1til. Iba dando forma poco a poco a los planos, con detalle, mientras la guerra continuaba su curso y sus compa\u00f1eros de cautiverio iban cayendo. Crey\u00f3 que nunca iba a salir vivo de aquel infierno, pero llegada la primavera de 1945 el campo fue liberado por los aliados. <\/p>\n<p>Libre, por fin, viaj\u00f3 con unos prototipos primitivos hasta Viena, donde comprob\u00f3 que su f\u00e1brica ya no exist\u00eda. Patent\u00f3 la m\u00e1quina con la esperanza de llamar la atenci\u00f3n de alg\u00fan fabricante, pero nadie le hizo caso hasta que la noticia acerca de un genial ingeniero y una calculadora de mano fascin\u00f3 al pr\u00edncipe de Liechtenstein. Y, all\u00e1 en las monta\u00f1as, perdidos en aquel rinc\u00f3n alpino, encontr\u00f3 todo el apoyo que necesitaba. Naci\u00f3 de esa forma la empresa Contina, que comercializ\u00f3 en 1948 el primer modelo de Curta. El \u00e9xito fue inmediato y, aunque hubo ciertos conflictos con los inversores, el superviviente de Buchenwald mantuvo su posici\u00f3n y vivi\u00f3 rodeado de \u00e9xitos hasta el fin de sus d\u00edas. Autopistas, industrias, l\u00edneas el\u00e9ctricas y hasta sat\u00e9lites y naves espaciales fueron construidos gracias al auxilio de las m\u00e1quinas de calcular port\u00e1tiles Curta&#8230;<\/p><\/blockquote>\n<p>Si hoy he recordado todo esto es porque he seguido <a href=\"https:\/\/blog.bricogeek.com\/noticias\/tecnologia\/como-funciona-la-calculadora-mecanica-curta\/?utm_source=blogfeed&#038;utm_medium=atom10&#038;utm_term=tecnologia&#038;utm_content=como-funciona-la-calculadora-mecanica-curta&#038;utm_campaign=blog\">un hilo de BricoGeek<\/a> (aunque lo pueda parecer, no es un enlace patrocinado ni mucho menos, el hilo es muy breve pero sirvi\u00f3 para despertar mi curiosidad, que no es poco) en el que se muestran dos curiosidades al respecto. <strong>Me ha llamado mucho la atenci\u00f3n ver que hay gentes que siguen fascinadas por esta genial m\u00e1quina<\/strong>. La primera curiosidad es <strong><a href=\"https:\/\/youtu.be\/loI1Kwed8Pk\">este v\u00eddeo<\/a><\/strong> que nos muestra el funcionamiento de la calculadora mec\u00e1nica Curta (el v\u00eddeo tiene sus a\u00f1os, pero merece la pena disfrutarlo porque explica con detalle las entra\u00f1as de la m\u00e1quina).<\/p>\n<p><iframe loading=\"lazy\" width=\"560\" height=\"315\" src=\"https:\/\/www.youtube.com\/embed\/loI1Kwed8Pk\" frameborder=\"0\" allow=\"autoplay; encrypted-media\" allowfullscreen><\/iframe><\/p>\n<p>Pero, sobre todo, lo que m\u00e1s me ha llamado la atenci\u00f3n es <strong>la posibilidad de poder crear una Curta por uno mismo<\/strong>. Hasta hace relativamente poco tiempo, la \u00fanica forma de tener en nuestras manos una calculadora de este tipo era acudir al mercado de los <strong>coleccionistas<\/strong>, donde las piezas se cotizan a precios de susto. Ahora bien, aunque no sea lo mismo y los materiales no se parezcan, siempre queda otra opci\u00f3n: <strong>\u00a1imprime en 3D tu propia calculadora Curta!<\/strong> Vale, no es un proyecto sencillo, requiere mucha paciencia y la complejidad del empe\u00f1o es muy alta, pero nadie dijo que iba a ser sencillo. Los planos se pueden localizar, c\u00f3mo no, en <strong><a href=\"https:\/\/www.thingiverse.com\/thing:1943171\">Thingiverse<\/a><\/strong>. El modelo (1:3) es algo tosco y mucho m\u00e1s grande que el original (que era de metal, realizado con piezas de precisi\u00f3n), pero no importa si lo que se quiere es tener entre manos el modelo funcional de ingenio sin igual y, de paso, meternos de lleno en un proyecto de impresi\u00f3n 3D capaz de darnos muchos dolores de cabeza. \ud83d\ude09<\/p>\n<p><iframe loading=\"lazy\" width=\"560\" height=\"315\" src=\"https:\/\/www.youtube.com\/embed\/zh2Z11miQ0w\" frameborder=\"0\" allow=\"autoplay; encrypted-media\" allowfullscreen><\/iframe><\/p>\n","protected":false},"excerpt":{"rendered":"<div class=\"mh-excerpt\"><p>\u00a1Qu\u00e9 recuerdos me trae esto! Desde hace muchos a\u00f1os, las calculadoras mec\u00e1nicas Curta son uno de mis artilugios favoritos. Por eso, el 24 de febrero de 2005, esos ingenios fueron <a class=\"mh-excerpt-more\" href=\"https:\/\/alpoma.net\/tecob\/?p=13435\" title=\"Crea tu propia calculadora Curta (s\u00f3lo para los m\u00e1s osados de la impresi\u00f3n 3D)\">[&#8230;]<\/a><\/p>\n<\/div>","protected":false},"author":1,"featured_media":13437,"comment_status":"closed","ping_status":"closed","sticky":false,"template":"","format":"standard","meta":{"jetpack_post_was_ever_published":false,"_jetpack_newsletter_access":"","_jetpack_dont_email_post_to_subs":false,"_jetpack_newsletter_tier_id":0,"_jetpack_memberships_contains_paywalled_content":false,"_jetpack_memberships_contains_paid_content":false,"footnotes":""},"categories":[9],"tags":[],"class_list":["post-13435","post","type-post","status-publish","format-standard","has-post-thumbnail","hentry","category-experimentos"],"jetpack_featured_media_url":"https:\/\/alpoma.net\/tecob\/wp-content\/uploads\/2018\/07\/calculadora-curta.jpg","jetpack_shortlink":"https:\/\/wp.me\/p93Dc1-3uH","jetpack-related-posts":[{"id":11939,"url":"https:\/\/alpoma.net\/tecob\/?p=11939","url_meta":{"origin":13435,"position":0},"title":"Curta, la calculadora que naci\u00f3 en un campo de concentraci\u00f3n","author":"alpoma","date":"15 marzo 2016","format":false,"excerpt":"Hace varias semanas este blog cumpli\u00f3 11 a\u00f1os. La fecha se me pas\u00f3 en su momento, pero cayendo hoy en la cuenta, he decidido hacer un peque\u00f1o homenaje a la m\u00e1quina con la que naci\u00f3 TecOb. S\u00ed, el 24 de febrero de 2005 publiqu\u00e9 el primer art\u00edculo en este blog,\u2026","rel":"","context":"En \u00abObsolescencia\u00bb","block_context":{"text":"Obsolescencia","link":"https:\/\/alpoma.net\/tecob\/?cat=3"},"img":{"alt_text":"","src":"https:\/\/i0.wp.com\/alpoma.net\/tecob\/wp-content\/uploads\/2016\/03\/curta.jpg?resize=350%2C200&ssl=1","width":350,"height":200},"classes":[]},{"id":96,"url":"https:\/\/alpoma.net\/tecob\/?p=96","url_meta":{"origin":13435,"position":1},"title":"La Curta, una maravilla antes de la era de las calculadoras digitales","author":"alpoma","date":"24 febrero 2005","format":false,"excerpt":"Ver art\u00edculo actualizado en marzo de 2016. Acostumbrados a las calculadoras digitales y a los ordenadores parece incre\u00edble que un ingenio mec\u00e1nico que se maneja con una mano pudiera hacer c\u00e1lculos tan asombrosos como los que hac\u00eda (y hace) la curta, una verdadera maravilla mec\u00e1nica. Hoy son objeto de coleccionismo,\u2026","rel":"","context":"En \u00abObsolescencia\u00bb","block_context":{"text":"Obsolescencia","link":"https:\/\/alpoma.net\/tecob\/?cat=3"},"img":{"alt_text":"","src":"https:\/\/i0.wp.com\/alpoma.net\/tecob\/wp-content\/uploads\/2005\/02\/curt_hertzstark.jpg?resize=350%2C200&ssl=1","width":350,"height":200},"classes":[]},{"id":636,"url":"https:\/\/alpoma.net\/tecob\/?p=636","url_meta":{"origin":13435,"position":2},"title":"Mont Saint-Michel","author":"alpoma","date":"27 noviembre 2006","format":false,"excerpt":"Este es uno de esos lugares que tengo en la lista de visitas futuras. Desde que hace muchos a\u00f1os me enter\u00e9 de su existencia, llam\u00f3 mi atenci\u00f3n, parece un espacio propio de una narraci\u00f3n de fantas\u00eda, lo \u00fanico que falta en el ambiente son unos cuantos dragones revoloteando alrededor de\u2026","rel":"","context":"En \u00abGeo\u00bb","block_context":{"text":"Geo","link":"https:\/\/alpoma.net\/tecob\/?cat=5"},"img":{"alt_text":"","src":"https:\/\/i0.wp.com\/alpoma.net\/tecob\/wp-content\/uploads\/2006\/11\/307772957_b29077f1cc.jpg?resize=350%2C200&ssl=1","width":350,"height":200},"classes":[]},{"id":5814,"url":"https:\/\/alpoma.net\/tecob\/?p=5814","url_meta":{"origin":13435,"position":3},"title":"\u00a1A tomar vientos!","author":"alpoma","date":"18 diciembre 2011","format":false,"excerpt":"Desconozco el origen exacto de tan utilizada frasecilla, aunque me lo puedo imaginar, pero mientras le\u00eda un art\u00edculo sobre las aventuras ant\u00e1rticas de Amundsen y la pesadilla helada de Scott, record\u00e9 uno de esos lugares de la Tierra que son todo menos acogedores. As\u00ed que, la pr\u00f3xima vez que mandes\u2026","rel":"","context":"En \u00abGeo\u00bb","block_context":{"text":"Geo","link":"https:\/\/alpoma.net\/tecob\/?cat=5"},"img":{"alt_text":"","src":"https:\/\/i0.wp.com\/alpoma.net\/tecob\/wp-content\/uploads\/2011\/12\/6532953539_479139b320_z.jpg?resize=350%2C200&ssl=1","width":350,"height":200,"srcset":"https:\/\/i0.wp.com\/alpoma.net\/tecob\/wp-content\/uploads\/2011\/12\/6532953539_479139b320_z.jpg?resize=350%2C200&ssl=1 1x, https:\/\/i0.wp.com\/alpoma.net\/tecob\/wp-content\/uploads\/2011\/12\/6532953539_479139b320_z.jpg?resize=525%2C300&ssl=1 1.5x"},"classes":[]},{"id":991,"url":"https:\/\/alpoma.net\/tecob\/?p=991","url_meta":{"origin":13435,"position":4},"title":"Rifle fotogr\u00e1fico","author":"alpoma","date":"9 septiembre 2008","format":false,"excerpt":"\u00c9tienne-Jules Marey, el cronofot\u00f3grafo pionero en la captura de im\u00e1genes a alta velocidad a mediados del siglo XIX, ya visit\u00f3 TecOb hace bastante. Entonces no describ\u00ed uno de sus m\u00e1s famosos inventos, el rifle fotogr\u00e1fico. Sirva esta nota de hoy como complemento de aquel art\u00edculo biogr\u00e1fico. La pasi\u00f3n de Marey\u2026","rel":"","context":"En \u00abObsolescencia\u00bb","block_context":{"text":"Obsolescencia","link":"https:\/\/alpoma.net\/tecob\/?cat=3"},"img":{"alt_text":"","src":"https:\/\/i0.wp.com\/alpoma.net\/tecob\/wp-content\/uploads\/2008\/09\/2842277445_c43e06e9d4_o.jpg?resize=350%2C200&ssl=1","width":350,"height":200,"srcset":"https:\/\/i0.wp.com\/alpoma.net\/tecob\/wp-content\/uploads\/2008\/09\/2842277445_c43e06e9d4_o.jpg?resize=350%2C200&ssl=1 1x, https:\/\/i0.wp.com\/alpoma.net\/tecob\/wp-content\/uploads\/2008\/09\/2842277445_c43e06e9d4_o.jpg?resize=525%2C300&ssl=1 1.5x"},"classes":[]},{"id":299,"url":"https:\/\/alpoma.net\/tecob\/?p=299","url_meta":{"origin":13435,"position":5},"title":"El meteorito de Villalbeto","author":"alpoma","date":"4 enero 2006","format":false,"excerpt":"(El texto de este post corresponde a un art\u00edculo que publiqu\u00e9 a principios de 2004). [Art\u00edculo pendiente de revisi\u00f3n de estilo] El destino guarda sorpresas ciertamente asombrosas. Porque, al menos personalmente, lo sucedido el d\u00eda cuatro de Enero de 2004 fue uno de los sucesos m\u00e1s asombrosos de los que\u2026","rel":"","context":"En \u00abPersonal\u00bb","block_context":{"text":"Personal","link":"https:\/\/alpoma.net\/tecob\/?cat=2"},"img":{"alt_text":"","src":"","width":0,"height":0},"classes":[]}],"jetpack_sharing_enabled":true,"_links":{"self":[{"href":"https:\/\/alpoma.net\/tecob\/index.php?rest_route=\/wp\/v2\/posts\/13435","targetHints":{"allow":["GET"]}}],"collection":[{"href":"https:\/\/alpoma.net\/tecob\/index.php?rest_route=\/wp\/v2\/posts"}],"about":[{"href":"https:\/\/alpoma.net\/tecob\/index.php?rest_route=\/wp\/v2\/types\/post"}],"author":[{"embeddable":true,"href":"https:\/\/alpoma.net\/tecob\/index.php?rest_route=\/wp\/v2\/users\/1"}],"replies":[{"embeddable":true,"href":"https:\/\/alpoma.net\/tecob\/index.php?rest_route=%2Fwp%2Fv2%2Fcomments&post=13435"}],"version-history":[{"count":0,"href":"https:\/\/alpoma.net\/tecob\/index.php?rest_route=\/wp\/v2\/posts\/13435\/revisions"}],"wp:featuredmedia":[{"embeddable":true,"href":"https:\/\/alpoma.net\/tecob\/index.php?rest_route=\/wp\/v2\/media\/13437"}],"wp:attachment":[{"href":"https:\/\/alpoma.net\/tecob\/index.php?rest_route=%2Fwp%2Fv2%2Fmedia&parent=13435"}],"wp:term":[{"taxonomy":"category","embeddable":true,"href":"https:\/\/alpoma.net\/tecob\/index.php?rest_route=%2Fwp%2Fv2%2Fcategories&post=13435"},{"taxonomy":"post_tag","embeddable":true,"href":"https:\/\/alpoma.net\/tecob\/index.php?rest_route=%2Fwp%2Fv2%2Ftags&post=13435"}],"curies":[{"name":"wp","href":"https:\/\/api.w.org\/{rel}","templated":true}]}}