{"id":1308,"date":"2009-10-10T17:24:42","date_gmt":"2009-10-10T15:24:42","guid":{"rendered":"http:\/\/www.alpoma.net\/tecob\/?p=1308"},"modified":"2009-10-10T17:24:42","modified_gmt":"2009-10-10T15:24:42","slug":"el-mundo-fantastico-de-karl-hans-janke","status":"publish","type":"post","link":"https:\/\/alpoma.net\/tecob\/?p=1308","title":{"rendered":"El mundo fant\u00e1stico de Karl Hans Janke"},"content":{"rendered":"<p>Su nombre no me dec\u00eda nada, pero en apenas unos minutos la figura <strong>Karl Hans (Joachim) Janke<\/strong> me ha fascinado. Todo gracias a sus dibujos y maquetas, adem\u00e1s de su locura, que me ha descubierto <strong><a href=\"http:\/\/bibliodyssey.blogspot.com\/2009\/10\/outer-space.html\" class=\"enlaces\">BibliOdyssey<\/a><\/strong>, donde se puede localizar m\u00e1s informaci\u00f3n y enlaces, aunque por desgracia para m\u00ed, y dado el origen del protagonista, casi todo lo que se ha escrito sobre \u00e9l se encuentra en alem\u00e1n.<\/p>\n<p>Intentando realizar una breve semblanza de Karl, recordar\u00e9 que <strong>se ha convertido en un caso de estudio singular por parte de la psiquiatr\u00eda<\/strong>. No es para menos, pues el que fuera joven soldado en la Alemania de la Segunda Guerra Mundial, despu\u00e9s de haber iniciado estudios de odontolog\u00eda, fue apartado del servicio a las armas debido a su <strong>exc\u00e9ntrico comportamiento<\/strong>. Finalizado el conflicto no mejor\u00f3, sino que su extra\u00f1a forma de actuar hizo que terminara encarcelado y, posteriormente, fuera ingresado en un psiqui\u00e1trico de Wermsdorf, Sajonia, donde permaneci\u00f3 el resto de sus d\u00edas. Desde 1950 y durante m\u00e1s de dos d\u00e9cadas, Karl se mantuvo fiel a su propio mundo interior, fruto de la enfermedad que lo consum\u00eda. Fue diagnosticado de <em><strong>esquizofrenia paranoide cr\u00f3nica<\/strong><\/em> pero, al contrario que el resto de compa\u00f1eros de la instituci\u00f3n mental, toda su locura se encamin\u00f3 hacia algo sorprendente. M\u00e1s de veinte a\u00f1os dedic\u00f3 este enfermo singular a crear bocetos, dibujos, esquemas t\u00e9cnicos detallad\u00edsimos y maquetas de una<strong> tecnolog\u00eda imaginaria muy compleja<\/strong>. Cuando falleci\u00f3, su obra, realizada con obsesivo detalle d\u00eda a d\u00eda, permaneci\u00f3 olvidada en un almac\u00e9n del psiqui\u00e1trico, durmiendo en el interior de cajas de cart\u00f3n hasta que alguien se fij\u00f3 en ella hacia el a\u00f1o 2000. Desde entonces, la obra de Karl Hans Janke ha sido motivo de diversas exposiciones y de varios estudios m\u00e9dicos. Ahora, m\u00e1s de <strong>3.500 de sus dibujos<\/strong> y gr\u00e1ficos han sido puestos a disposici\u00f3n de todo el mundo gracias a la <strong><a href=\"http:\/\/www.deutschefotothek.de\/?ARCHIV_JANKE#|home\" class=\"enlaces\">Deutsche Fotothek<\/a><\/strong> (para acceder a la galer\u00eda hay que pinchar sobre <em>&#8216;alle in Galerie anzeigen&#8217;<\/em>), para despertar el asombro de las gentes del siglo XXI, con las que tanto so\u00f1\u00f3 Karl, gracias a sus naves estelares e inventos imaginarios surgidos de las sombras de su terrible enfermedad. Vaya aqu\u00ed una somera muestra de lo que so\u00f1\u00f3 en la soledad de su reclusi\u00f3n el que es conocido por algunos como &#8216;el Leonardo de Wermsdorf&#8217;.<\/p>\n<p><img decoding=\"async\" src=\"http:\/\/farm4.static.flickr.com\/3533\/3998318118_83d786dc1b_o.jpg\" alt=\"img\" class=\"otros\"\/><\/p>\n<p><img decoding=\"async\" src=\"http:\/\/farm3.static.flickr.com\/2632\/3998348076_f891379cb2_o.jpg\" alt=\"img\" class=\"otros\"\/><\/p>\n<p><img decoding=\"async\" src=\"http:\/\/farm3.static.flickr.com\/2457\/3998341614_699cf98b77_o.jpg\" alt=\"img\" class=\"otros\"\/><\/p>\n<p><img decoding=\"async\" src=\"http:\/\/farm3.static.flickr.com\/2473\/3998341612_a308b5d7c2_o.jpg\" alt=\"img\" class=\"otros\"\/><\/p>\n<p><img decoding=\"async\" src=\"http:\/\/farm3.static.flickr.com\/2434\/3998341610_28c63894a8_o.jpg\" alt=\"img\" class=\"otros\"\/><\/p>\n<p><img decoding=\"async\" src=\"http:\/\/farm4.static.flickr.com\/3520\/3998341594_11e939bb9e_o.jpg\" alt=\"img\" class=\"otros\"\/><\/p>\n<p><img decoding=\"async\" src=\"http:\/\/farm3.static.flickr.com\/2584\/3998318124_39eb8ff057_o.jpg\" alt=\"img\" class=\"otros\"\/><\/p>\n","protected":false},"excerpt":{"rendered":"<div class=\"mh-excerpt\"><p>Su nombre no me dec\u00eda nada, pero en apenas unos minutos la figura Karl Hans (Joachim) Janke me ha fascinado. Todo gracias a sus dibujos y maquetas, adem\u00e1s de su <a class=\"mh-excerpt-more\" href=\"https:\/\/alpoma.net\/tecob\/?p=1308\" title=\"El mundo fant\u00e1stico de Karl Hans Janke\">[&#8230;]<\/a><\/p>\n<\/div>","protected":false},"author":1,"featured_media":11122,"comment_status":"open","ping_status":"open","sticky":false,"template":"","format":"standard","meta":{"jetpack_post_was_ever_published":false,"_jetpack_newsletter_access":"","_jetpack_dont_email_post_to_subs":false,"_jetpack_newsletter_tier_id":0,"_jetpack_memberships_contains_paywalled_content":false,"_jetpack_memberships_contains_paid_content":false,"footnotes":""},"categories":[3],"tags":[],"class_list":["post-1308","post","type-post","status-publish","format-standard","has-post-thumbnail","hentry","category-obsolescencia"],"jetpack_featured_media_url":"https:\/\/alpoma.net\/tecob\/wp-content\/uploads\/2009\/10\/3998318118_83d786dc1b_o.jpg","jetpack_shortlink":"https:\/\/wp.me\/p93Dc1-l6","jetpack-related-posts":[{"id":10067,"url":"https:\/\/alpoma.net\/tecob\/?p=10067","url_meta":{"origin":1308,"position":0},"title":"La m\u00e1quina de buceo de Klingert (1797)","author":"alpoma","date":"5 septiembre 2014","format":false,"excerpt":"Repasando la historia de la tecnolog\u00eda de buceo, sorprende ver c\u00f3mo se sucedieron los proyectos para desarrollar m\u00e1quinas capaces de ofrecer la capacidad de respiraci\u00f3n bajo el agua con seguridad a lo largo de varios siglos. Se cuentan por decenas los intentos documentados desde el siglo XV. He ah\u00ed, por\u2026","rel":"","context":"En \u00abGeneral\u00bb","block_context":{"text":"General","link":"https:\/\/alpoma.net\/tecob\/?cat=1"},"img":{"alt_text":"","src":"https:\/\/i0.wp.com\/alpoma.net\/tecob\/wp-content\/uploads\/2014\/09\/Klingert.jpg?resize=350%2C200&ssl=1","width":350,"height":200,"srcset":"https:\/\/i0.wp.com\/alpoma.net\/tecob\/wp-content\/uploads\/2014\/09\/Klingert.jpg?resize=350%2C200&ssl=1 1x, https:\/\/i0.wp.com\/alpoma.net\/tecob\/wp-content\/uploads\/2014\/09\/Klingert.jpg?resize=525%2C300&ssl=1 1.5x"},"classes":[]},{"id":1075,"url":"https:\/\/alpoma.net\/tecob\/?p=1075","url_meta":{"origin":1308,"position":1},"title":"La descendencia de Einstein","author":"alpoma","date":"6 febrero 2009","format":false,"excerpt":"Desconozco el motivo, pero cada poco tiempo me env\u00edan correos electr\u00f3nicos solicitando informaci\u00f3n sobre la vida de Einstein. No se interesan por sus teor\u00edas o su labor cient\u00edfica, lo que realmente quieren es algo as\u00ed como un relato de su vida familiar, sus hijos y parientes, sus actividades diarias. No\u2026","rel":"","context":"En \u00abObsolescencia\u00bb","block_context":{"text":"Obsolescencia","link":"https:\/\/alpoma.net\/tecob\/?cat=3"},"img":{"alt_text":"","src":"","width":0,"height":0},"classes":[]},{"id":697,"url":"https:\/\/alpoma.net\/tecob\/?p=697","url_meta":{"origin":1308,"position":2},"title":"Pu","author":"alpoma","date":"30 marzo 2007","format":false,"excerpt":"Lo t\u00edpico, cuando la gente oye la palabra plutonio, es pensar en radiactividad, \"cosas\" nucleares y, sobre todo, peligro. No van muy desencaminados, aunque no s\u00f3lo es peligroso este elemento por ser radiactivo. Recuerdo el memorable episodio de Los Simpson en el que Homer encarga que le env\u00eden a una\u2026","rel":"","context":"En \u00abGeneral\u00bb","block_context":{"text":"General","link":"https:\/\/alpoma.net\/tecob\/?cat=1"},"img":{"alt_text":"","src":"https:\/\/i0.wp.com\/alpoma.net\/tecob\/wp-content\/uploads\/2007\/03\/439128229_029f99f407_m.jpg?resize=350%2C200&ssl=1","width":350,"height":200},"classes":[]},{"id":4685,"url":"https:\/\/alpoma.net\/tecob\/?p=4685","url_meta":{"origin":1308,"position":3},"title":"Hogar para gigantes","author":"alpoma","date":"1 mayo 2011","format":false,"excerpt":"Antes de empezar, quiero agradecer a Marc Vela la informaci\u00f3n que me envi\u00f3 para dar vida a este post. :-) Vamos all\u00e1, hoy TecOb visita una maravilla de la arquitectura y la ingenier\u00eda civil que, a pesar de no ser muy conocida, tiene un encanto particular. A pesar de que\u2026","rel":"","context":"En \u00abObsolescencia\u00bb","block_context":{"text":"Obsolescencia","link":"https:\/\/alpoma.net\/tecob\/?cat=3"},"img":{"alt_text":"","src":"https:\/\/i0.wp.com\/alpoma.net\/tecob\/wp-content\/uploads\/2011\/05\/5673066855_0e90be8a22_o.jpg?resize=350%2C200&ssl=1","width":350,"height":200,"srcset":"https:\/\/i0.wp.com\/alpoma.net\/tecob\/wp-content\/uploads\/2011\/05\/5673066855_0e90be8a22_o.jpg?resize=350%2C200&ssl=1 1x, https:\/\/i0.wp.com\/alpoma.net\/tecob\/wp-content\/uploads\/2011\/05\/5673066855_0e90be8a22_o.jpg?resize=525%2C300&ssl=1 1.5x"},"classes":[]},{"id":5240,"url":"https:\/\/alpoma.net\/tecob\/?p=5240","url_meta":{"origin":1308,"position":4},"title":"La antena de Jansky","author":"alpoma","date":"23 agosto 2011","format":false,"excerpt":"La menci\u00f3n al casual encuentro con la radiaci\u00f3n de fondo de microondas, tal y como coment\u00e9 hace pocos d\u00edas, me ha tra\u00eddo a la memoria otra de esas \"casualidades\" que han hecho historia. La radioastronom\u00eda pudo haber nacido de mil maneras diferentes, pero tuvo que ser un joven que atend\u00eda\u2026","rel":"","context":"En \u00abObsolescencia\u00bb","block_context":{"text":"Obsolescencia","link":"https:\/\/alpoma.net\/tecob\/?cat=3"},"img":{"alt_text":"","src":"https:\/\/i0.wp.com\/alpoma.net\/tecob\/wp-content\/uploads\/2011\/08\/6073532665_707cf1c3d3_o.jpg?resize=350%2C200&ssl=1","width":350,"height":200,"srcset":"https:\/\/i0.wp.com\/alpoma.net\/tecob\/wp-content\/uploads\/2011\/08\/6073532665_707cf1c3d3_o.jpg?resize=350%2C200&ssl=1 1x, https:\/\/i0.wp.com\/alpoma.net\/tecob\/wp-content\/uploads\/2011\/08\/6073532665_707cf1c3d3_o.jpg?resize=525%2C300&ssl=1 1.5x"},"classes":[]},{"id":199,"url":"https:\/\/alpoma.net\/tecob\/?p=199","url_meta":{"origin":1308,"position":5},"title":"La pasi\u00f3n de Planck","author":"alpoma","date":"14 agosto 2005","format":false,"excerpt":"La ciencia actual realiza descubrimientos y crea teor\u00edas tan apartadas de la experiencia cotidiana que la hacen aparecer con cierto aire de misterio, casi magia. Aunque esto no es nada comparado con el pasmo que la nueva f\u00edsica dej\u00f3 en nuestros antepasados, cuando se produc\u00edan hallazgos asombrosos cada varios a\u00f1os.\u2026","rel":"","context":"En \u00abGeneral\u00bb","block_context":{"text":"General","link":"https:\/\/alpoma.net\/tecob\/?cat=1"},"img":{"alt_text":"","src":"https:\/\/i0.wp.com\/alpoma.net\/tecob\/wp-content\/uploads\/2005\/08\/Planck-214x300.jpg?resize=350%2C200&ssl=1","width":350,"height":200},"classes":[]}],"jetpack_sharing_enabled":true,"_links":{"self":[{"href":"https:\/\/alpoma.net\/tecob\/index.php?rest_route=\/wp\/v2\/posts\/1308","targetHints":{"allow":["GET"]}}],"collection":[{"href":"https:\/\/alpoma.net\/tecob\/index.php?rest_route=\/wp\/v2\/posts"}],"about":[{"href":"https:\/\/alpoma.net\/tecob\/index.php?rest_route=\/wp\/v2\/types\/post"}],"author":[{"embeddable":true,"href":"https:\/\/alpoma.net\/tecob\/index.php?rest_route=\/wp\/v2\/users\/1"}],"replies":[{"embeddable":true,"href":"https:\/\/alpoma.net\/tecob\/index.php?rest_route=%2Fwp%2Fv2%2Fcomments&post=1308"}],"version-history":[{"count":0,"href":"https:\/\/alpoma.net\/tecob\/index.php?rest_route=\/wp\/v2\/posts\/1308\/revisions"}],"wp:featuredmedia":[{"embeddable":true,"href":"https:\/\/alpoma.net\/tecob\/index.php?rest_route=\/wp\/v2\/media\/11122"}],"wp:attachment":[{"href":"https:\/\/alpoma.net\/tecob\/index.php?rest_route=%2Fwp%2Fv2%2Fmedia&parent=1308"}],"wp:term":[{"taxonomy":"category","embeddable":true,"href":"https:\/\/alpoma.net\/tecob\/index.php?rest_route=%2Fwp%2Fv2%2Fcategories&post=1308"},{"taxonomy":"post_tag","embeddable":true,"href":"https:\/\/alpoma.net\/tecob\/index.php?rest_route=%2Fwp%2Fv2%2Ftags&post=1308"}],"curies":[{"name":"wp","href":"https:\/\/api.w.org\/{rel}","templated":true}]}}