{"id":13075,"date":"2018-02-02T22:17:28","date_gmt":"2018-02-02T20:17:28","guid":{"rendered":"http:\/\/alpoma.net\/tecob\/?p=13075"},"modified":"2018-02-02T22:24:11","modified_gmt":"2018-02-02T20:24:11","slug":"cuando-barcelona-pudo-tener-uno-de-los-primeros-rascacielos-de-europa","status":"publish","type":"post","link":"https:\/\/alpoma.net\/tecob\/?p=13075","title":{"rendered":"Cuando Barcelona pudo tener uno de los primeros rascacielos de Europa"},"content":{"rendered":"<p>En el n\u00famero de este mes de enero de 2018 de la revista <em><a href=\"http:\/\/www.historiadeiberiavieja.com\">Historia de Iberia Vieja<\/a><\/em> he publicado un art\u00edculo en el que repaso algunos grandes proyectos urbanos, o de grandes edificios, de siglos pasados, que nunca vieron la luz. De forma r\u00e1pida menciono <strong>un proyecto de rascacielos para Barcelona que cumple ahora cien a\u00f1os, pues data \u00a1de 1918! Hubiera sido uno de los primeros rascacielos de Europa, incluso el primero realmente moderno del viejo continente<\/strong>. El gran edificio se hubiera levantado en las cercan\u00edas de la Plaza de Catalu\u00f1a. Como en la revista apenas pude mencionar la referencia original<sup>1<\/sup>, una edici\u00f3n de 1920 de <em>American architect and architecture<\/em>, he decidido traer el material a <em>TecOb<\/em>, donde no hay problemas de espacio. He aqu\u00ed la traducci\u00f3n de parte del texto original&#8230;<\/p>\n<p style=\"text-align: center;\"><strong>Espa\u00f1a tendr\u00e1 un rascacielos<\/strong><br \/>\n<em>Arquitectos neoyorquinos planean elevar un innovador edificio en la ciudad de Barcelona<\/em><\/p>\n<p><img decoding=\"async\" data-attachment-id=\"13092\" data-permalink=\"https:\/\/alpoma.net\/tecob\/?attachment_id=13092\" data-orig-file=\"https:\/\/alpoma.net\/tecob\/wp-content\/uploads\/2018\/02\/rascacielbcn1918.png\" data-orig-size=\"383,642\" data-comments-opened=\"0\" data-image-meta=\"{&quot;aperture&quot;:&quot;0&quot;,&quot;credit&quot;:&quot;&quot;,&quot;camera&quot;:&quot;&quot;,&quot;caption&quot;:&quot;&quot;,&quot;created_timestamp&quot;:&quot;0&quot;,&quot;copyright&quot;:&quot;&quot;,&quot;focal_length&quot;:&quot;0&quot;,&quot;iso&quot;:&quot;0&quot;,&quot;shutter_speed&quot;:&quot;0&quot;,&quot;title&quot;:&quot;&quot;,&quot;orientation&quot;:&quot;0&quot;}\" data-image-title=\"rascacielbcn1918\" data-image-description=\"\" data-image-caption=\"\" data-large-file=\"https:\/\/alpoma.net\/tecob\/wp-content\/uploads\/2018\/02\/rascacielbcn1918.png\" src=\"http:\/\/alpoma.net\/tecob\/wp-content\/uploads\/2018\/02\/rascacielbcn1918.png\" alt=\"\" width=\"300\" class=\"alignright size-full wp-image-13092\" srcset=\"https:\/\/alpoma.net\/tecob\/wp-content\/uploads\/2018\/02\/rascacielbcn1918.png 383w, https:\/\/alpoma.net\/tecob\/wp-content\/uploads\/2018\/02\/rascacielbcn1918-179x300.png 179w\" sizes=\"(max-width: 383px) 100vw, 383px\" \/><em>\u00a1Espa\u00f1a y los rascacielos! Los dos t\u00e9rminos apenas parecen congruentes, pues pensamos en ese pa\u00eds en t\u00e9rminos de patios, edificios bajos, techos planos, y una filosof\u00eda sencilla que ha aceptado las cosas tal como han estado durante siglos. Un rascacielos de treinta pisos en la tierra de Don Quijote, Isabel, Col\u00f3n y una veintena de otros nombres bien recordados no parec\u00eda posible hasta la llegada del Sr. Ram\u00f3n Selles Mir\u00f3 y el grupo de catalanes que representa.<\/em><\/p>\n<p>El se\u00f1or Mir\u00f3 lleg\u00f3 a este pa\u00eds recientemente con la mente totalmente decidida a poner en marcha a tal empe\u00f1o (&#8230;) tras obtener las opciones sobre las parcelas que cubren todo un lado de la gran Plaza de Catalu\u00f1a, la plaza m\u00e1s grande y c\u00e9ntrica de la ciudad de Barcelona. En esta parte del puerto m\u00e1s grande, y la ciudad m\u00e1s rica y moderna de Espa\u00f1a, el se\u00f1or Mir\u00f3 y sus socios levantar\u00e1n el edificio que se muestra en nuestras ilustraciones, cuyos planos fueron dibujados por John Mead Howells y James Gamble Rogers, Arquitectos Asociados. <\/p>\n<p><img decoding=\"async\" src=\"http:\/\/alpoma.net\/tecob\/wp-content\/uploads\/2018\/02\/plano1.jpg\" alt=\"\" width=\"620\"  class=\"otros\" \/><\/p>\n<p>El edificio probablemente cubrir\u00e1 todo el terreno irregular de los primeros seis u ocho pisos. La planta baja se dedicar\u00e1 a las oficinas de las principales empresas de la ciudad, y estar\u00e1 porticada de calle a calle. La parte central se elevar\u00e1 a una altura de treinta pisos, con varias bater\u00edas de ascensores al servicio de los inquilinos. Al nivel del sexto o s\u00e9ptimo piso, el principal hotel de la ciudad encontrar\u00e1 una espacio acogedor (&#8230;)<\/p>\n<p>Desde los pisos superiores se puede ver la bah\u00eda y el Mediterr\u00e1neo por un lado, y la famosa campi\u00f1a catalana por el otro. \u00a1Qu\u00e9 gran vista para los oficinistas! En el centro del arco frontal, de 15 pisos de altura, el dise\u00f1o muestra una figura colosal que representa el Progreso.<\/p>\n<p><img decoding=\"async\" src=\"http:\/\/alpoma.net\/tecob\/wp-content\/uploads\/2018\/02\/plano2.jpg\" alt=\"\" width=\"620\"  class=\"otros\" \/><\/p>\n<p>La ingenier\u00eda y la construcci\u00f3n probablemente ser\u00e1n gestionados por estadounidenses. El acero para la construcci\u00f3n de la estructura ser\u00e1 suministrado por los Estados Unidos o B\u00e9lgica. Los mecanismos m\u00e1s complejos, como los ascensores, ser\u00e1n probablemente de dise\u00f1o y origen estadounidense. La mayor parte del material que sea posible ser\u00e1 de origen local, y la mayor parte de los subcontratistas y trabajadores ser\u00e1n espa\u00f1oles. La terminal ferroviaria de la ciudad probablemente se situar\u00e1 en el bajo del edificio. La financiaci\u00f3n del proyecto se garantizar\u00e1 en la medida de lo posible en la propia Barcelona (&#8230;).<\/p>\n<p><sup>1<\/sup> <em><a href=\"https:\/\/archive.org\/stream\/americanarchite118newyuoft#page\/n1331\/mode\/2up\/search\/spain+to+have+a+skyscraper\">American architect and architecture<\/a><\/em>, vol. CXVIII, num. 2349, 29 de diciembre de 1920.<\/p>\n","protected":false},"excerpt":{"rendered":"<div class=\"mh-excerpt\"><p>En el n\u00famero de este mes de enero de 2018 de la revista Historia de Iberia Vieja he publicado un art\u00edculo en el que repaso algunos grandes proyectos urbanos, o <a class=\"mh-excerpt-more\" href=\"https:\/\/alpoma.net\/tecob\/?p=13075\" title=\"Cuando Barcelona pudo tener uno de los primeros rascacielos de Europa\">[&#8230;]<\/a><\/p>\n<\/div>","protected":false},"author":1,"featured_media":13092,"comment_status":"open","ping_status":"open","sticky":false,"template":"","format":"standard","meta":{"jetpack_post_was_ever_published":false,"_jetpack_newsletter_access":"","_jetpack_dont_email_post_to_subs":false,"_jetpack_newsletter_tier_id":0,"_jetpack_memberships_contains_paywalled_content":false,"_jetpack_memberships_contains_paid_content":false,"footnotes":""},"categories":[10],"tags":[419,420],"class_list":["post-13075","post","type-post","status-publish","format-standard","has-post-thumbnail","hentry","category-made_in_spain","tag-barcelona","tag-rascacielos"],"jetpack_featured_media_url":"https:\/\/alpoma.net\/tecob\/wp-content\/uploads\/2018\/02\/rascacielbcn1918.png","jetpack_shortlink":"https:\/\/wp.me\/p93Dc1-3oT","jetpack-related-posts":[{"id":1637,"url":"https:\/\/alpoma.net\/tecob\/?p=1637","url_meta":{"origin":13075,"position":0},"title":"El rascacielos de Musolini","author":"alpoma","date":"24 noviembre 2009","format":false,"excerpt":"No importa el color pol\u00edtico, la tendencia ideol\u00f3gica, el nombre o cualquier otro detalle, porque la historia siempre es la misma. Cuando un indiv\u00edduo con tendencias megal\u00f3manas llega al poder, siempre desea dejar huella en el mundo a trav\u00e9s de edificios gigantescos. Poco importa que nos refiramos a Hitler, Stalin,\u2026","rel":"","context":"En \u00abObsolescencia\u00bb","block_context":{"text":"Obsolescencia","link":"https:\/\/alpoma.net\/tecob\/?cat=3"},"img":{"alt_text":"","src":"https:\/\/i0.wp.com\/alpoma.net\/tecob\/wp-content\/uploads\/2009\/11\/4130650013_323eb5aa56_o.jpg?resize=350%2C200&ssl=1","width":350,"height":200,"srcset":"https:\/\/i0.wp.com\/alpoma.net\/tecob\/wp-content\/uploads\/2009\/11\/4130650013_323eb5aa56_o.jpg?resize=350%2C200&ssl=1 1x, https:\/\/i0.wp.com\/alpoma.net\/tecob\/wp-content\/uploads\/2009\/11\/4130650013_323eb5aa56_o.jpg?resize=525%2C300&ssl=1 1.5x"},"classes":[]},{"id":14063,"url":"https:\/\/alpoma.net\/tecob\/?p=14063","url_meta":{"origin":13075,"position":1},"title":"Lo mejor de #TecOb en 2018","author":"alpoma","date":"15 diciembre 2018","format":false,"excerpt":"El a\u00f1o se acaba y estoy con el t\u00edpico cierre de proyectos y balances por lo que tengo la sensaci\u00f3n de que no voy a poder publicar nuevos art\u00edculos hasta enero. Por eso, aprovecho hoy para hacer el habitual resumen anual a lo que, en mi opini\u00f3n, han sido los\u2026","rel":"","context":"En \u00abPersonal\u00bb","block_context":{"text":"Personal","link":"https:\/\/alpoma.net\/tecob\/?cat=2"},"img":{"alt_text":"","src":"https:\/\/i0.wp.com\/alpoma.net\/tecob\/wp-content\/uploads\/2018\/12\/523536wv.jpg?resize=350%2C200&ssl=1","width":350,"height":200},"classes":[]},{"id":6647,"url":"https:\/\/alpoma.net\/tecob\/?p=6647","url_meta":{"origin":13075,"position":2},"title":"The Shard, el techo de Europa","author":"alpoma","date":"15 mayo 2012","format":false,"excerpt":"Cuenta con 72 pisos y tiene una altura de 310 metros, con lo que puede considerarse como el mayor rascacielos de Europa. Se trata de un edificio situado en el distrito de Southwark en Londres. El Shard, dise\u00f1ado por el equipo de Renzo Piano, es una maravilla. Cuando hace pocos\u2026","rel":"","context":"En \u00abGeo\u00bb","block_context":{"text":"Geo","link":"https:\/\/alpoma.net\/tecob\/?cat=5"},"img":{"alt_text":"","src":"https:\/\/i0.wp.com\/alpoma.net\/tecob\/wp-content\/uploads\/2012\/05\/6322313710_238a552c68_z.jpg?resize=350%2C200&ssl=1","width":350,"height":200,"srcset":"https:\/\/i0.wp.com\/alpoma.net\/tecob\/wp-content\/uploads\/2012\/05\/6322313710_238a552c68_z.jpg?resize=350%2C200&ssl=1 1x, https:\/\/i0.wp.com\/alpoma.net\/tecob\/wp-content\/uploads\/2012\/05\/6322313710_238a552c68_z.jpg?resize=525%2C300&ssl=1 1.5x"},"classes":[]},{"id":4109,"url":"https:\/\/alpoma.net\/tecob\/?p=4109","url_meta":{"origin":13075,"position":3},"title":"La ola gigante de Lituya Bay","author":"alpoma","date":"27 enero 2011","format":false,"excerpt":"Viajemos hoy a un lugar donde reina la tranquilidad y, en estas fechas, hace un fr\u00edo considerable. Es m\u00e1s, no nos vamos a conformar con visitar el lugar, tambi\u00e9n cambiaremos de fecha el calendario. Sobre un peque\u00f1o barco, mirando hacia los bosques cercanos, imaginemos que disfrutamos pescando en Alaska. El\u2026","rel":"","context":"En \u00abGeo\u00bb","block_context":{"text":"Geo","link":"https:\/\/alpoma.net\/tecob\/?cat=5"},"img":{"alt_text":"","src":"https:\/\/i0.wp.com\/alpoma.net\/tecob\/wp-content\/uploads\/2011\/01\/5393015211_128ccba042_o.jpg?resize=350%2C200&ssl=1","width":350,"height":200,"srcset":"https:\/\/i0.wp.com\/alpoma.net\/tecob\/wp-content\/uploads\/2011\/01\/5393015211_128ccba042_o.jpg?resize=350%2C200&ssl=1 1x, https:\/\/i0.wp.com\/alpoma.net\/tecob\/wp-content\/uploads\/2011\/01\/5393015211_128ccba042_o.jpg?resize=525%2C300&ssl=1 1.5x"},"classes":[]},{"id":687,"url":"https:\/\/alpoma.net\/tecob\/?p=687","url_meta":{"origin":13075,"position":4},"title":"Rascacielos en La Meca","author":"alpoma","date":"10 marzo 2007","format":false,"excerpt":"Todo el mundo ha o\u00eddo hablar de La Meca, no hace falta ser musulm\u00e1n para ello porque, al tratarse de uno de los lugares de peregrinaje m\u00e1s concurridos del mundo, tarde o temprano se oye algo acerca de esa ciudad. Personalmente nunca me ha llamado la atenci\u00f3n, salvo por la\u2026","rel":"","context":"En \u00abGeo\u00bb","block_context":{"text":"Geo","link":"https:\/\/alpoma.net\/tecob\/?cat=5"},"img":{"alt_text":"","src":"https:\/\/i0.wp.com\/alpoma.net\/tecob\/wp-content\/uploads\/2007\/03\/416692693_76c7831257.jpg?resize=350%2C200&ssl=1","width":350,"height":200},"classes":[]},{"id":7334,"url":"https:\/\/alpoma.net\/tecob\/?p=7334","url_meta":{"origin":13075,"position":5},"title":"Rafael Guastavino, un valenciano en lo m\u00e1s alto de Nueva York","author":"alpoma","date":"2 octubre 2012","format":false,"excerpt":"Versi\u00f3n reducida del art\u00edculo que publiqu\u00e9 en la revista Historia de Iberia Vieja, edici\u00f3n de octubre de 2012. En 1881 (\u2026) Rafael Guastavino hab\u00eda arribado a Manhattan procedente de Barcelona, dispuesto a implantar en los Estados Unidos una pr\u00e1ctica constructiva que hund\u00eda sus ra\u00edces en la tradici\u00f3n vern\u00e1cula mediterr\u00e1nea. D\u00e9cadas\u2026","rel":"","context":"En \u00abMade in Spain\u00bb","block_context":{"text":"Made in Spain","link":"https:\/\/alpoma.net\/tecob\/?cat=10"},"img":{"alt_text":"","src":"https:\/\/i0.wp.com\/alpoma.net\/tecob\/wp-content\/uploads\/2012\/10\/g2.jpg?resize=350%2C200&ssl=1","width":350,"height":200,"srcset":"https:\/\/i0.wp.com\/alpoma.net\/tecob\/wp-content\/uploads\/2012\/10\/g2.jpg?resize=350%2C200&ssl=1 1x, https:\/\/i0.wp.com\/alpoma.net\/tecob\/wp-content\/uploads\/2012\/10\/g2.jpg?resize=525%2C300&ssl=1 1.5x, https:\/\/i0.wp.com\/alpoma.net\/tecob\/wp-content\/uploads\/2012\/10\/g2.jpg?resize=700%2C400&ssl=1 2x"},"classes":[]}],"jetpack_sharing_enabled":true,"_links":{"self":[{"href":"https:\/\/alpoma.net\/tecob\/index.php?rest_route=\/wp\/v2\/posts\/13075","targetHints":{"allow":["GET"]}}],"collection":[{"href":"https:\/\/alpoma.net\/tecob\/index.php?rest_route=\/wp\/v2\/posts"}],"about":[{"href":"https:\/\/alpoma.net\/tecob\/index.php?rest_route=\/wp\/v2\/types\/post"}],"author":[{"embeddable":true,"href":"https:\/\/alpoma.net\/tecob\/index.php?rest_route=\/wp\/v2\/users\/1"}],"replies":[{"embeddable":true,"href":"https:\/\/alpoma.net\/tecob\/index.php?rest_route=%2Fwp%2Fv2%2Fcomments&post=13075"}],"version-history":[{"count":0,"href":"https:\/\/alpoma.net\/tecob\/index.php?rest_route=\/wp\/v2\/posts\/13075\/revisions"}],"wp:featuredmedia":[{"embeddable":true,"href":"https:\/\/alpoma.net\/tecob\/index.php?rest_route=\/wp\/v2\/media\/13092"}],"wp:attachment":[{"href":"https:\/\/alpoma.net\/tecob\/index.php?rest_route=%2Fwp%2Fv2%2Fmedia&parent=13075"}],"wp:term":[{"taxonomy":"category","embeddable":true,"href":"https:\/\/alpoma.net\/tecob\/index.php?rest_route=%2Fwp%2Fv2%2Fcategories&post=13075"},{"taxonomy":"post_tag","embeddable":true,"href":"https:\/\/alpoma.net\/tecob\/index.php?rest_route=%2Fwp%2Fv2%2Ftags&post=13075"}],"curies":[{"name":"wp","href":"https:\/\/api.w.org\/{rel}","templated":true}]}}