{"id":13027,"date":"2017-12-22T20:16:14","date_gmt":"2017-12-22T18:16:14","guid":{"rendered":"http:\/\/alpoma.net\/tecob\/?p=13027"},"modified":"2018-02-04T13:37:34","modified_gmt":"2018-02-04T11:37:34","slug":"fleming-el-pintor-de-cuadros-microbianos","status":"publish","type":"post","link":"https:\/\/alpoma.net\/tecob\/?p=13027","title":{"rendered":"Fleming, el pintor de cuadros microbianos"},"content":{"rendered":"<p>Cuenta la Historia de la medicina que, all\u00e1 por 1877, siendo asistente del gran <strong><a href=\"https:\/\/es.wikipedia.org\/wiki\/Robert_Koch\" target=\"_blank\" rel=\"noopener\">Robert Koch<\/a><\/strong> (conocido sobre todo por sus trabajos sobre la tuberculosis, as\u00ed como por ser padre de la microbiolog\u00eda m\u00e9dica), surgi\u00f3 una idea en la mente del m\u00e9dico alem\u00e1n <strong>Julius Richard Petri<\/strong>. Deb\u00eda haber alguna manera de facilitar el manejo de cultivos microbianos y, de esa desaz\u00f3n, nacieron las c\u00e9lebres<strong> placas de Petri<\/strong>.<\/p>\n<p><strong>Estos recipientes especialmente pensados para los cultivos bacterianos, de mohos y otros microorganismos, siguen utiliz\u00e1ndose en microbiolog\u00eda<\/strong>. Como tambi\u00e9n sigue emple\u00e1ndose otra t\u00e9cnica desarrollada en esa misma \u00e9poca y que, junto a las placas de Petri, resulta ser un lienzo magn\u00edfico para cierto tipo de arte. Veamos, hacia 1881 el m\u00e9dico <strong>Walther Hesse<\/strong>, igualmente disc\u00edpulo de Koch, perfeccion\u00f3 una t\u00e9cnica por medio de la cual pod\u00eda cultivar microorganismos de forma adecuada y pr\u00e1ctica, cosa que hasta entonces era una aut\u00e9ntica pesadilla. Tras mucho ensayar, fue su mujer, <strong>Fanny Hesse<\/strong>, quien alumbr\u00f3 la idea de utilizar como medio de cultivo un extracto derivado de algas conocido como <a href=\"https:\/\/es.wikipedia.org\/wiki\/Agar-agar\"><strong>agar-agar<\/strong><\/a> (ella hab\u00eda empleado ese material en mermeladas durante a\u00f1os). El agar-agar se demostr\u00f3 como ideal para gelificar el medio de cultivo, dando lugar a un material que se mantiene s\u00f3lido a temperatura ambiente. Es un medio trasl\u00facido en el que las bacterias crecen a gusto, con lo que se facilitaba la identificaci\u00f3n de las colonias.<\/p>\n<p><figure id=\"attachment_13034\" aria-describedby=\"caption-attachment-13034\" style=\"width: 327px\" class=\"wp-caption alignright\"><img loading=\"lazy\" decoding=\"async\" data-attachment-id=\"13034\" data-permalink=\"https:\/\/alpoma.net\/tecob\/?attachment_id=13034\" data-orig-file=\"https:\/\/alpoma.net\/tecob\/wp-content\/uploads\/2017\/12\/microbial-art-2.jpg\" data-orig-size=\"327,520\" data-comments-opened=\"0\" data-image-meta=\"{&quot;aperture&quot;:&quot;0&quot;,&quot;credit&quot;:&quot;&quot;,&quot;camera&quot;:&quot;&quot;,&quot;caption&quot;:&quot;&quot;,&quot;created_timestamp&quot;:&quot;0&quot;,&quot;copyright&quot;:&quot;&quot;,&quot;focal_length&quot;:&quot;0&quot;,&quot;iso&quot;:&quot;0&quot;,&quot;shutter_speed&quot;:&quot;0&quot;,&quot;title&quot;:&quot;&quot;,&quot;orientation&quot;:&quot;0&quot;}\" data-image-title=\"microbial-art-2\" data-image-description=\"\" data-image-caption=\"&lt;p&gt;Algunas de la pinturas microbianas de Alexander Fleming. Imperial College Healthcare &amp;#8211; NHs Trust.&lt;\/p&gt;\n\" data-large-file=\"https:\/\/alpoma.net\/tecob\/wp-content\/uploads\/2017\/12\/microbial-art-2.jpg\" src=\"http:\/\/alpoma.net\/tecob\/wp-content\/uploads\/2017\/12\/microbial-art-2.jpg\" alt=\"\" width=\"327\" height=\"520\" class=\"size-full wp-image-13034\" srcset=\"https:\/\/alpoma.net\/tecob\/wp-content\/uploads\/2017\/12\/microbial-art-2.jpg 327w, https:\/\/alpoma.net\/tecob\/wp-content\/uploads\/2017\/12\/microbial-art-2-189x300.jpg 189w\" sizes=\"auto, (max-width: 327px) 100vw, 327px\" \/><figcaption id=\"caption-attachment-13034\" class=\"wp-caption-text\">Algunas de la pinturas microbianas de Alexander Fleming. Imperial College Healthcare &#8211; NHs Trust.<\/figcaption><\/figure>As\u00ed que ya tenemos el mencionado lienzo, una placa de Petri, y un medio para el cultivo bacteriano, el agar-agar. De ah\u00ed, a crear obras de arte, s\u00f3lo hay un paso. La propia Fanny Hesse, que era una pintora excelente, realiz\u00f3 diversas obras en las que inmortaliz\u00f3 algunos cultivos microbianos. Ahora bien, no se trata de pintar lo que ves en un laboratorio, <strong>\u00a1se trata de pintar con las propias bacterias (u hongos) en crecimiento!<\/strong> De esa manera naci\u00f3 el <strong><a href=\"http:\/\/www.microbialart.com\" target=\"_blank\" rel=\"noopener\">arte microbiano<\/a><\/strong>, que <strong>consiste en \u00abpintar\u00bb utilizando como lienzo placas de Petri con cultivos de diversos tipos de microorganismos, generalmente empleando agar-agar como medio<\/strong>. Se pueden usar bacterias, hongos o levaduras con sus colores originales, o bien fluorescentes (bajo luz adecuada) o con pigmentos variados. <strong>Una vez los microorganismos han crecido siguiendo los patrones dibujados en la placa, se fija el resultado con resina sint\u00e9tica y, ya est\u00e1, tenemos una obra de arte microbiana<\/strong>.<\/p>\n<p>Curiosamente, uno de los \u00abpintores\u00bb microbianos m\u00e1s c\u00e9lebres fue <strong>Alexander Fleming<\/strong>, descubridor de la acci\u00f3n antibi\u00f3tica de la lisozima y de la penicilina. De hecho, Fleming hab\u00eda sido pintor aficionado durante a\u00f1os, siendo miembro de grupos de arte y similares, por lo que no extra\u00f1ar\u00e1 que terminara por crear arte con microorganismos y placas de Petri. Vale, los resultados eran simples, pero tienen su encanto y, adem\u00e1s, la t\u00e9cnica no es nada sencilla. <strong>Hay que seleccionar los microorganismos adecuados, sus colores, trazar el patr\u00f3n por medio de surcos en el medio de agar-agar sobre la placa de Petri y luego depositar cada tipo de microorganismo en el lugar adecuado, para que vayan creciendo siguiendo el patr\u00f3n marcado en unos tiempos controlados<\/strong>. Tiene miga, sin duda. Hoy estas curiosas obras de arte se encuentran en el <em><a href=\"https:\/\/www.imperial.nhs.uk\/about-us\/who-we-are\/fleming-museum\">Alexander Fleming Laboratory Museum<\/a><\/em> del <em>Imperial College Healthcare &#8211; NHs Trust<\/em>.<\/p>\n<p><strong>M\u00e1s informaci\u00f3n<\/strong>: <a href=\"https:\/\/www.smithsonianmag.com\/science-nature\/painting-with-penicillin-alexander-flemings-germ-art-1761496\/\" target=\"_blank\" rel=\"noopener\">Smithsonian &#8211; Painting With Penicillin: Alexander Fleming\u2019s Germ Art<\/a>.<\/p>\n<p><a href=\"https:\/\/alpoma.info\/science\/fleming-the-painter-of-microbial-pictures\/\">Versi\u00f3n en ingl\u00e9s de este art\u00edculo<\/a>.<\/p>\n","protected":false},"excerpt":{"rendered":"<div class=\"mh-excerpt\"><p>Cuenta la Historia de la medicina que, all\u00e1 por 1877, siendo asistente del gran Robert Koch (conocido sobre todo por sus trabajos sobre la tuberculosis, as\u00ed como por ser padre <a class=\"mh-excerpt-more\" href=\"https:\/\/alpoma.net\/tecob\/?p=13027\" title=\"Fleming, el pintor de cuadros microbianos\">[&#8230;]<\/a><\/p>\n<\/div>","protected":false},"author":1,"featured_media":13031,"comment_status":"open","ping_status":"open","sticky":false,"template":"","format":"standard","meta":{"jetpack_post_was_ever_published":false,"_jetpack_newsletter_access":"","_jetpack_dont_email_post_to_subs":false,"_jetpack_newsletter_tier_id":0,"_jetpack_memberships_contains_paywalled_content":false,"_jetpack_memberships_contains_paid_content":false,"footnotes":""},"categories":[9],"tags":[413,415,414],"class_list":["post-13027","post","type-post","status-publish","format-standard","has-post-thumbnail","hentry","category-experimentos","tag-alexander-fleming","tag-arte-microbiano","tag-microbios"],"jetpack_featured_media_url":"https:\/\/alpoma.net\/tecob\/wp-content\/uploads\/2017\/12\/cultivo-en-agar.jpg","jetpack_shortlink":"https:\/\/wp.me\/p93Dc1-3o7","jetpack-related-posts":[{"id":13068,"url":"https:\/\/alpoma.net\/tecob\/?p=13068","url_meta":{"origin":13027,"position":0},"title":"La penicilina llega a Espa\u00f1a (1944)","author":"alpoma","date":"31 enero 2018","format":false,"excerpt":"Versi\u00f3n para TecOb del art\u00edculo que publiqu\u00e9 en la revista Historia de Iberia Vieja, edici\u00f3n de enero de 2018. A las cosas buenas es f\u00e1cil acostumbrarse, tanto es as\u00ed que, con no demasiado tiempo, parece que han llegado para quedarse o, incluso, que siempre han estado ah\u00ed. Nada m\u00e1s lejos\u2026","rel":"","context":"En \u00abMade in Spain\u00bb","block_context":{"text":"Made in Spain","link":"https:\/\/alpoma.net\/tecob\/?cat=10"},"img":{"alt_text":"","src":"https:\/\/i0.wp.com\/alpoma.net\/tecob\/wp-content\/uploads\/2018\/01\/Fleming_Imagen_de_1945-scaled.jpg?resize=350%2C200&ssl=1","width":350,"height":200,"srcset":"https:\/\/i0.wp.com\/alpoma.net\/tecob\/wp-content\/uploads\/2018\/01\/Fleming_Imagen_de_1945-scaled.jpg?resize=350%2C200&ssl=1 1x, https:\/\/i0.wp.com\/alpoma.net\/tecob\/wp-content\/uploads\/2018\/01\/Fleming_Imagen_de_1945-scaled.jpg?resize=525%2C300&ssl=1 1.5x, https:\/\/i0.wp.com\/alpoma.net\/tecob\/wp-content\/uploads\/2018\/01\/Fleming_Imagen_de_1945-scaled.jpg?resize=700%2C400&ssl=1 2x, https:\/\/i0.wp.com\/alpoma.net\/tecob\/wp-content\/uploads\/2018\/01\/Fleming_Imagen_de_1945-scaled.jpg?resize=1050%2C600&ssl=1 3x, https:\/\/i0.wp.com\/alpoma.net\/tecob\/wp-content\/uploads\/2018\/01\/Fleming_Imagen_de_1945-scaled.jpg?resize=1400%2C800&ssl=1 4x"},"classes":[]},{"id":6672,"url":"https:\/\/alpoma.net\/tecob\/?p=6672","url_meta":{"origin":13027,"position":1},"title":"La \u00faltima v\u00edctima de la viruela","author":"alpoma","date":"22 mayo 2012","format":false,"excerpt":"Aunque actualmente su negro recuerdo va desapareciendo poco a poco de la lista de terrores del mundo, hubo un espectro que rein\u00f3 sobre la humanidad durante siglos. La viruela era temida, y con raz\u00f3n. Se llev\u00f3 por delante la vida de millones de personas pero, por fortuna, hace tiempo que\u2026","rel":"","context":"En \u00abObsolescencia\u00bb","block_context":{"text":"Obsolescencia","link":"https:\/\/alpoma.net\/tecob\/?cat=3"},"img":{"alt_text":"","src":"https:\/\/i0.wp.com\/alpoma.net\/tecob\/wp-content\/uploads\/2012\/05\/7248322012_37016f4b38_z.jpg?resize=350%2C200&ssl=1","width":350,"height":200,"srcset":"https:\/\/i0.wp.com\/alpoma.net\/tecob\/wp-content\/uploads\/2012\/05\/7248322012_37016f4b38_z.jpg?resize=350%2C200&ssl=1 1x, https:\/\/i0.wp.com\/alpoma.net\/tecob\/wp-content\/uploads\/2012\/05\/7248322012_37016f4b38_z.jpg?resize=525%2C300&ssl=1 1.5x"},"classes":[]},{"id":8470,"url":"https:\/\/alpoma.net\/tecob\/?p=8470","url_meta":{"origin":13027,"position":2},"title":"El doctor C\u00e9sar Comas Llaber\u00eda, h\u00e9roe de los rayos X","author":"alpoma","date":"2 septiembre 2013","format":false,"excerpt":"Publiqu\u00e9 originalmente este art\u00edculo en la revista Historia de Iberia Vieja, n\u00famero 99, septiembre de 2013. \u00abVivir para ver\u00bb, dice el viejo refr\u00e1n castellano. Repit\u00e1moslo hoy, en que interesa tanto a la gente la nueva del descubrimiento de una especie de Iuz que no se ve, pero cuya intensidad de\u2026","rel":"","context":"En \u00abMade in Spain\u00bb","block_context":{"text":"Made in Spain","link":"https:\/\/alpoma.net\/tecob\/?cat=10"},"img":{"alt_text":"cesar_comas","src":"https:\/\/i0.wp.com\/www.alpoma.net\/tecob\/wp-content\/uploads\/2013\/09\/cesar_comas-204x300.jpg?resize=350%2C200","width":350,"height":200},"classes":[]},{"id":1059,"url":"https:\/\/alpoma.net\/tecob\/?p=1059","url_meta":{"origin":13027,"position":3},"title":"Manuel Garc\u00eda y el laringoscopio","author":"alpoma","date":"13 enero 2009","format":false,"excerpt":"Versi\u00f3n web del art\u00edculo que publiqu\u00e9 en Historia de Iberia Vieja, n\u00famero 43 - enero 2009. El inventor del laringoscopio, el Crist\u00f3bal Col\u00f3n de las laringes, hizo posible con su invento una serie de r\u00e1pidos progresos m\u00e9dico-quir\u00fargicos. Y su talla cient\u00edfica se alza en las cumbres inmortales donde Koch, Virchow,\u2026","rel":"","context":"En \u00abMade in Spain\u00bb","block_context":{"text":"Made in Spain","link":"https:\/\/alpoma.net\/tecob\/?cat=10"},"img":{"alt_text":"","src":"","width":0,"height":0},"classes":[]},{"id":316,"url":"https:\/\/alpoma.net\/tecob\/?p=316","url_meta":{"origin":13027,"position":4},"title":"Wegener y la deriva continental","author":"alpoma","date":"15 enero 2006","format":false,"excerpt":"La tierra que pisamos es m\u00e1s inquieta de lo que pudi\u00e9ramos pensar. Hay terremotos, desplazamientos de tierra, grandes fen\u00f3menos meteorol\u00f3gicos... Son sucesos, generalmente catastr\u00f3ficos, que nos llenan de inquietud. Pero no reconocemos el m\u00e1s grandioso de los movimientos de las tierras en las que habitamos. Es la deriva continental, el\u2026","rel":"","context":"En \u00abGeo\u00bb","block_context":{"text":"Geo","link":"https:\/\/alpoma.net\/tecob\/?cat=5"},"img":{"alt_text":"","src":"https:\/\/i0.wp.com\/alpoma.net\/tecob\/wp-content\/uploads\/2006\/01\/wegener.jpg?resize=350%2C200&ssl=1","width":350,"height":200,"srcset":"https:\/\/i0.wp.com\/alpoma.net\/tecob\/wp-content\/uploads\/2006\/01\/wegener.jpg?resize=350%2C200&ssl=1 1x, https:\/\/i0.wp.com\/alpoma.net\/tecob\/wp-content\/uploads\/2006\/01\/wegener.jpg?resize=525%2C300&ssl=1 1.5x"},"classes":[]},{"id":8244,"url":"https:\/\/alpoma.net\/tecob\/?p=8244","url_meta":{"origin":13027,"position":5},"title":"La batalla del doctor Jaume Ferran i Clua contra el c\u00f3lera","author":"alpoma","date":"1 junio 2013","format":false,"excerpt":"Versi\u00f3n reducida del art\u00edculo que publiqu\u00e9 en la revista Historia de Iberia Vieja, edici\u00f3n de junio de 2013. Y como parece ser ley fatal que todo grande invento ha de tropezar con una oposici\u00f3n proporcionada, moral y materialmente, a su grandeza, el suyo sufri\u00f3 suerte tan accidentada por los ataques\u2026","rel":"","context":"En \u00abMade in Spain\u00bb","block_context":{"text":"Made in Spain","link":"https:\/\/alpoma.net\/tecob\/?cat=10"},"img":{"alt_text":"Jaume Ferran i Clua","src":"https:\/\/i0.wp.com\/farm6.staticflickr.com\/5458\/8915441604_01c14b18b2_m.jpg?resize=350%2C200","width":350,"height":200},"classes":[]}],"jetpack_sharing_enabled":true,"_links":{"self":[{"href":"https:\/\/alpoma.net\/tecob\/index.php?rest_route=\/wp\/v2\/posts\/13027","targetHints":{"allow":["GET"]}}],"collection":[{"href":"https:\/\/alpoma.net\/tecob\/index.php?rest_route=\/wp\/v2\/posts"}],"about":[{"href":"https:\/\/alpoma.net\/tecob\/index.php?rest_route=\/wp\/v2\/types\/post"}],"author":[{"embeddable":true,"href":"https:\/\/alpoma.net\/tecob\/index.php?rest_route=\/wp\/v2\/users\/1"}],"replies":[{"embeddable":true,"href":"https:\/\/alpoma.net\/tecob\/index.php?rest_route=%2Fwp%2Fv2%2Fcomments&post=13027"}],"version-history":[{"count":0,"href":"https:\/\/alpoma.net\/tecob\/index.php?rest_route=\/wp\/v2\/posts\/13027\/revisions"}],"wp:featuredmedia":[{"embeddable":true,"href":"https:\/\/alpoma.net\/tecob\/index.php?rest_route=\/wp\/v2\/media\/13031"}],"wp:attachment":[{"href":"https:\/\/alpoma.net\/tecob\/index.php?rest_route=%2Fwp%2Fv2%2Fmedia&parent=13027"}],"wp:term":[{"taxonomy":"category","embeddable":true,"href":"https:\/\/alpoma.net\/tecob\/index.php?rest_route=%2Fwp%2Fv2%2Fcategories&post=13027"},{"taxonomy":"post_tag","embeddable":true,"href":"https:\/\/alpoma.net\/tecob\/index.php?rest_route=%2Fwp%2Fv2%2Ftags&post=13027"}],"curies":[{"name":"wp","href":"https:\/\/api.w.org\/{rel}","templated":true}]}}