{"id":1300,"date":"2009-10-08T18:18:38","date_gmt":"2009-10-08T16:18:38","guid":{"rendered":"http:\/\/www.alpoma.net\/tecob\/?p=1300"},"modified":"2009-10-08T18:18:38","modified_gmt":"2009-10-08T16:18:38","slug":"de-como-los-albatros-se-aprovechan-de-las-orcas","status":"publish","type":"post","link":"https:\/\/alpoma.net\/tecob\/?p=1300","title":{"rendered":"De c\u00f3mo los albatros se aprovechan de las orcas"},"content":{"rendered":"<p>Me ha sorprendido un art\u00edculo publicado recientemente en <strong>PLoS ONE<\/strong>, donde un grupo de cient\u00edficos japoneses y brit\u00e1nicos describen una investigaci\u00f3n singular. La pregunta que se hac\u00edan era: <strong>\u00bfc\u00f3mo logran los albatros recorrer miles de kil\u00f3metros volando sobre los mares del sur, lejos de cualquier pedazo de tierra emergida? <\/strong>Los albatros son asombrosos precisamente por su capacidad volar sobre las aguas recorriendo ingentes espacios, aliment\u00e1ndose en su camino de formas todav\u00eda no explicadas por completo. Para responder a la pregunta, los autores del art\u00edculo pensaron en una t\u00e9cnica sencilla: <strong>\u00bfpor qu\u00e9 no unir a varios albatros peque\u00f1as c\u00e1maras digitales? <\/strong>Y, as\u00ed, siguiendo su viaje gracias a los registros de imagen y los <strong>sensores de profundidad y temperatura<\/strong> asociados a las c\u00e1maras, descubrieron algo realmente curioso. En su camino, los albatros no parec\u00edan bucear a la caza de presas al azar, sino que lo hac\u00edan en grupos y, lo que es m\u00e1s importante, cuando se hallaban presentes orcas. La conclusi\u00f3n a la que llegan, todav\u00eda pendiente de ser confirmada por completo gracias a nuevas experiencias, es que <strong>los albatros<\/strong> (se estudi\u00f3 un tipo concreto, el albatros de ceja negra o <em>Thalassarche melanophrys<\/em>), <strong>aguardan a la aparici\u00f3n de orcas<\/strong> (<em>Orcinus orca<\/em>) en superficie <strong>para aprovecharse de los restos de comida resultantes del fest\u00edn acu\u00e1tico de los cet\u00e1ceos<\/strong>. Igualmente, tambi\u00e9n se sugiere el mismo comportamiento en el caso de restos flotantes vertidos por barcos pesqueros en alta mar. En el art\u00edculo se publican varios perfiles de profundidad, temperaturas y algunas im\u00e1genes captadas por las c\u00e1maras que portaban las aves, como las que muestro a continuaci\u00f3n. <\/p>\n<p><img decoding=\"async\" src=\"http:\/\/farm4.static.flickr.com\/3466\/3993390896_3d78605d88_o.jpg\" alt=\"img\" class=\"otros\"\/><\/p>\n<p><img decoding=\"async\" src=\"http:\/\/farm3.static.flickr.com\/2489\/3993391190_183eaa0082_o.jpg\" alt=\"img\" class=\"otros\"\/><\/p>\n<p><img decoding=\"async\" src=\"http:\/\/farm4.static.flickr.com\/3471\/3993391628_8db0564eb6_o.jpg\" alt=\"img\" class=\"otros\"\/><\/p>\n<p><strong>Fuente y art\u00edculo completo<\/strong>: Sakamoto KQ, Takahashi A, Iwata T, Trathan PN (2009) <em><a href=\"http:\/\/www.plosone.org\/article\/info%3Adoi%2F10.1371%2Fjournal.pone.0007322\" class=\"enlaces\">From the Eye of the Albatrosses: A Bird-Borne Camera Shows an Association between Albatrosses and a Killer Whale in the Southern Ocean<\/a><\/em>. PLoS ONE 4(10): e7322. doi:10.1371\/journal.pone.0007322.<\/p>\n<p><a href=\"http:\/\/tingilinde.typepad.com\/starstuff\/2009\/10\/yes-that-is-a-killer-whale-.html\">| V\u00eda tingilinde |<\/a><\/p>\n","protected":false},"excerpt":{"rendered":"<div class=\"mh-excerpt\"><p>Me ha sorprendido un art\u00edculo publicado recientemente en PLoS ONE, donde un grupo de cient\u00edficos japoneses y brit\u00e1nicos describen una investigaci\u00f3n singular. La pregunta que se hac\u00edan era: \u00bfc\u00f3mo logran <a class=\"mh-excerpt-more\" href=\"https:\/\/alpoma.net\/tecob\/?p=1300\" title=\"De c\u00f3mo los albatros se aprovechan de las orcas\">[&#8230;]<\/a><\/p>\n<\/div>","protected":false},"author":1,"featured_media":11158,"comment_status":"open","ping_status":"open","sticky":false,"template":"","format":"standard","meta":{"jetpack_post_was_ever_published":false,"_jetpack_newsletter_access":"","_jetpack_dont_email_post_to_subs":false,"_jetpack_newsletter_tier_id":0,"_jetpack_memberships_contains_paywalled_content":false,"_jetpack_memberships_contains_paid_content":false,"footnotes":""},"categories":[5,4],"tags":[],"class_list":["post-1300","post","type-post","status-publish","format-standard","has-post-thumbnail","hentry","category-geo","category-innovacion"],"jetpack_featured_media_url":"https:\/\/alpoma.net\/tecob\/wp-content\/uploads\/2009\/10\/3993390896_3d78605d88_o.jpg","jetpack_shortlink":"https:\/\/wp.me\/p93Dc1-kY","jetpack-related-posts":[{"id":12465,"url":"https:\/\/alpoma.net\/tecob\/?p=12465","url_meta":{"origin":1300,"position":0},"title":"El d\u00eda que Charles Lindbergh ameriz\u00f3 en Santo\u00f1a","author":"alpoma","date":"19 noviembre 2016","format":false,"excerpt":"Que una de las mayores figuras de la historia de la aviaci\u00f3n llegue con su hidroavi\u00f3n a la costa c\u00e1ntabra, tiene su punto de atractivo. Este es el tipo de historia sencilla con el que te cruzas en la prensa de \u00e9poca y que acaba pic\u00e1ndote la curiosidad porque, si\u2026","rel":"","context":"En \u00abMade in Spain\u00bb","block_context":{"text":"Made in Spain","link":"https:\/\/alpoma.net\/tecob\/?cat=10"},"img":{"alt_text":"","src":"https:\/\/i0.wp.com\/alpoma.net\/tecob\/wp-content\/uploads\/2016\/11\/albatros_santona2.png?resize=350%2C200&ssl=1","width":350,"height":200,"srcset":"https:\/\/i0.wp.com\/alpoma.net\/tecob\/wp-content\/uploads\/2016\/11\/albatros_santona2.png?resize=350%2C200&ssl=1 1x, https:\/\/i0.wp.com\/alpoma.net\/tecob\/wp-content\/uploads\/2016\/11\/albatros_santona2.png?resize=525%2C300&ssl=1 1.5x"},"classes":[]},{"id":5660,"url":"https:\/\/alpoma.net\/tecob\/?p=5660","url_meta":{"origin":1300,"position":1},"title":"Buscando c\u00e1maras secretas en las pir\u00e1mides de Egipto con rayos c\u00f3smicos","author":"alpoma","date":"3 noviembre 2017","format":false,"excerpt":"ACTUALIZACI\u00d3N 3\/11\/2017: Este art\u00edculo fue originalmente publicado el 18 de noviembre de 2011. El tema ha entrado ahora de lleno en las noticias de actualidad por el posible descubrimiento de un espacio desconocido en el interior de la Gran Pir\u00e1mide. Sea como fuere, porque hay pol\u00e9mica al respecto, conviene recordar\u2026","rel":"","context":"En \u00abGeo\u00bb","block_context":{"text":"Geo","link":"https:\/\/alpoma.net\/tecob\/?cat=5"},"img":{"alt_text":"imagen_1","src":"https:\/\/i0.wp.com\/farm7.static.flickr.com\/6228\/6359195149_e638cac8bc_o.jpg?resize=350%2C200","width":350,"height":200,"srcset":"https:\/\/i0.wp.com\/farm7.static.flickr.com\/6228\/6359195149_e638cac8bc_o.jpg?resize=350%2C200 1x, https:\/\/i0.wp.com\/farm7.static.flickr.com\/6228\/6359195149_e638cac8bc_o.jpg?resize=525%2C300 1.5x"},"classes":[]},{"id":991,"url":"https:\/\/alpoma.net\/tecob\/?p=991","url_meta":{"origin":1300,"position":2},"title":"Rifle fotogr\u00e1fico","author":"alpoma","date":"9 septiembre 2008","format":false,"excerpt":"\u00c9tienne-Jules Marey, el cronofot\u00f3grafo pionero en la captura de im\u00e1genes a alta velocidad a mediados del siglo XIX, ya visit\u00f3 TecOb hace bastante. Entonces no describ\u00ed uno de sus m\u00e1s famosos inventos, el rifle fotogr\u00e1fico. Sirva esta nota de hoy como complemento de aquel art\u00edculo biogr\u00e1fico. La pasi\u00f3n de Marey\u2026","rel":"","context":"En \u00abObsolescencia\u00bb","block_context":{"text":"Obsolescencia","link":"https:\/\/alpoma.net\/tecob\/?cat=3"},"img":{"alt_text":"","src":"https:\/\/i0.wp.com\/alpoma.net\/tecob\/wp-content\/uploads\/2008\/09\/2842277445_c43e06e9d4_o.jpg?resize=350%2C200&ssl=1","width":350,"height":200,"srcset":"https:\/\/i0.wp.com\/alpoma.net\/tecob\/wp-content\/uploads\/2008\/09\/2842277445_c43e06e9d4_o.jpg?resize=350%2C200&ssl=1 1x, https:\/\/i0.wp.com\/alpoma.net\/tecob\/wp-content\/uploads\/2008\/09\/2842277445_c43e06e9d4_o.jpg?resize=525%2C300&ssl=1 1.5x"},"classes":[]},{"id":12679,"url":"https:\/\/alpoma.net\/tecob\/?p=12679","url_meta":{"origin":1300,"position":3},"title":"El aud\u00edfono de Einstein","author":"alpoma","date":"23 junio 2017","format":false,"excerpt":"Albert Einstein es asociado, sin duda alguna, con la f\u00edsica te\u00f3rica. Sin embargo, es menos conocido que alrededor de cincuenta patentes de diversos pa\u00edses llevan su nombre, por lo general en colaboraci\u00f3n con amigos. Hace ya m\u00e1s de una d\u00e9cada que publiqu\u00e9 un art\u00edculo acerca de los refrigeradores que Einstein\u2026","rel":"","context":"En \u00abObsolescencia\u00bb","block_context":{"text":"Obsolescencia","link":"https:\/\/alpoma.net\/tecob\/?cat=3"},"img":{"alt_text":"","src":"https:\/\/i0.wp.com\/alpoma.net\/tecob\/wp-content\/uploads\/2017\/06\/Einstein.jpg?resize=350%2C200&ssl=1","width":350,"height":200},"classes":[]},{"id":2151,"url":"https:\/\/alpoma.net\/tecob\/?p=2151","url_meta":{"origin":1300,"position":4},"title":"Operaci\u00f3n Sailor Hat","author":"alpoma","date":"9 febrero 2010","format":false,"excerpt":"\u00bfQu\u00e9 da\u00f1os puede provocar la onda expansiva generada por una gran explosi\u00f3n convencional sobre un nav\u00edo de guerra? \u00bfDestruir\u00e1 una gran detonaci\u00f3n costera un submarino? \u00bfC\u00f3mo habr\u00e1 que redise\u00f1ar las naves para afrontar estos retos? Muchas preguntas sin respuesta y, a falta de poder contar con simulaciones por ordenador, la\u2026","rel":"","context":"En \u00abObsolescencia\u00bb","block_context":{"text":"Obsolescencia","link":"https:\/\/alpoma.net\/tecob\/?cat=3"},"img":{"alt_text":"","src":"https:\/\/i0.wp.com\/alpoma.net\/tecob\/wp-content\/uploads\/2010\/02\/4343789245_0bc7417514_o.jpg?resize=350%2C200&ssl=1","width":350,"height":200,"srcset":"https:\/\/i0.wp.com\/alpoma.net\/tecob\/wp-content\/uploads\/2010\/02\/4343789245_0bc7417514_o.jpg?resize=350%2C200&ssl=1 1x, https:\/\/i0.wp.com\/alpoma.net\/tecob\/wp-content\/uploads\/2010\/02\/4343789245_0bc7417514_o.jpg?resize=525%2C300&ssl=1 1.5x"},"classes":[]},{"id":12975,"url":"https:\/\/alpoma.net\/tecob\/?p=12975","url_meta":{"origin":1300,"position":5},"title":"El coche de von Ardenne (1961): Seguro, panor\u00e1mico y \u00a1raro de narices!","author":"alpoma","date":"18 noviembre 2017","format":false,"excerpt":"Antes de entrar en la miga del asunto, c\u00f3mo no, convendr\u00e1 recordar muy brevemente qui\u00e9n fue Manfred von Ardenne, el inventor del extra\u00f1o bicho sobre ruedas que nos visita hoy (pr\u00f3ximamente publicar\u00e9 una rese\u00f1a biogr\u00e1fica sobre su figura, pero vayan por adelantado estas letras para ir descubriendo al personaje). Manfred\u2026","rel":"","context":"En \u00abObsolescencia\u00bb","block_context":{"text":"Obsolescencia","link":"https:\/\/alpoma.net\/tecob\/?cat=3"},"img":{"alt_text":"","src":"https:\/\/i0.wp.com\/alpoma.net\/tecob\/wp-content\/uploads\/2017\/11\/von-ardenne-car-1961.jpg?resize=350%2C200&ssl=1","width":350,"height":200,"srcset":"https:\/\/i0.wp.com\/alpoma.net\/tecob\/wp-content\/uploads\/2017\/11\/von-ardenne-car-1961.jpg?resize=350%2C200&ssl=1 1x, https:\/\/i0.wp.com\/alpoma.net\/tecob\/wp-content\/uploads\/2017\/11\/von-ardenne-car-1961.jpg?resize=525%2C300&ssl=1 1.5x, https:\/\/i0.wp.com\/alpoma.net\/tecob\/wp-content\/uploads\/2017\/11\/von-ardenne-car-1961.jpg?resize=700%2C400&ssl=1 2x, https:\/\/i0.wp.com\/alpoma.net\/tecob\/wp-content\/uploads\/2017\/11\/von-ardenne-car-1961.jpg?resize=1050%2C600&ssl=1 3x, https:\/\/i0.wp.com\/alpoma.net\/tecob\/wp-content\/uploads\/2017\/11\/von-ardenne-car-1961.jpg?resize=1400%2C800&ssl=1 4x"},"classes":[]}],"jetpack_sharing_enabled":true,"_links":{"self":[{"href":"https:\/\/alpoma.net\/tecob\/index.php?rest_route=\/wp\/v2\/posts\/1300","targetHints":{"allow":["GET"]}}],"collection":[{"href":"https:\/\/alpoma.net\/tecob\/index.php?rest_route=\/wp\/v2\/posts"}],"about":[{"href":"https:\/\/alpoma.net\/tecob\/index.php?rest_route=\/wp\/v2\/types\/post"}],"author":[{"embeddable":true,"href":"https:\/\/alpoma.net\/tecob\/index.php?rest_route=\/wp\/v2\/users\/1"}],"replies":[{"embeddable":true,"href":"https:\/\/alpoma.net\/tecob\/index.php?rest_route=%2Fwp%2Fv2%2Fcomments&post=1300"}],"version-history":[{"count":0,"href":"https:\/\/alpoma.net\/tecob\/index.php?rest_route=\/wp\/v2\/posts\/1300\/revisions"}],"wp:featuredmedia":[{"embeddable":true,"href":"https:\/\/alpoma.net\/tecob\/index.php?rest_route=\/wp\/v2\/media\/11158"}],"wp:attachment":[{"href":"https:\/\/alpoma.net\/tecob\/index.php?rest_route=%2Fwp%2Fv2%2Fmedia&parent=1300"}],"wp:term":[{"taxonomy":"category","embeddable":true,"href":"https:\/\/alpoma.net\/tecob\/index.php?rest_route=%2Fwp%2Fv2%2Fcategories&post=1300"},{"taxonomy":"post_tag","embeddable":true,"href":"https:\/\/alpoma.net\/tecob\/index.php?rest_route=%2Fwp%2Fv2%2Ftags&post=1300"}],"curies":[{"name":"wp","href":"https:\/\/api.w.org\/{rel}","templated":true}]}}