{"id":12992,"date":"2017-12-11T18:08:24","date_gmt":"2017-12-11T16:08:24","guid":{"rendered":"http:\/\/alpoma.net\/tecob\/?p=12992"},"modified":"2017-12-11T18:14:24","modified_gmt":"2017-12-11T16:14:24","slug":"los-primeros-automoviles-espanoles-del-coche-a-vapor-a-la-hispano-suiza","status":"publish","type":"post","link":"https:\/\/alpoma.net\/tecob\/?p=12992","title":{"rendered":"Del coche a vapor a La Hispano-Suiza"},"content":{"rendered":"<p class=\"otros3\">En el n\u00famero de noviembre de 2017 de la revista <em><a href=\"http:\/\/www.historiadeiberiavieja.com\/hemeroteca\" target=\"_blank\" rel=\"noopener\">Historia de Iberia Vieja<\/a><\/em>, publiqu\u00e9 un peque\u00f1o repaso acerca de los primeros autom\u00f3viles espa\u00f1oles. Lo que sigue es la versi\u00f3n para <em>TecOb<\/em> de ese art\u00edculo, con acceso a otros <em>posts<\/em> anteriores en los que ya habr\u00eda tratado temas relacionados.<\/p>\n<h2 style=\"text-align: center;\">Los primeros autom\u00f3viles espa\u00f1oles:<br \/>\ndel coche a vapor a La Hispano-Suiza<\/h2>\n<p><em>Los or\u00edgenes de toda tecnolog\u00eda son siempre complicados; entre dudas y caminos aparentemente sin salida, los autom\u00f3viles fueron evolucionando a finales del siglo XIX: desde los locom\u00f3viles de vapor que transportaban mercanc\u00edas y pasajeros por duros caminos, hasta los primeros coches de gasolina. Mientras, la opci\u00f3n el\u00e9ctrica parec\u00eda la m\u00e1s adecuada a principios del siglo XX, pero cay\u00f3 en el olvido por el empuje de los motores de combusti\u00f3n interna\u2026 hasta nuestros d\u00edas, cuando vuelve a resurgir. He aqu\u00ed un peque\u00f1o repaso a los pioneros del autom\u00f3vil espa\u00f1ol.<\/em><\/p>\n<p style=\"text-align: center;\"><strong>\u00a1A todo vapor!<\/strong><\/p>\n<p>Si bien hasta los primeros a\u00f1os del siglo XX la batalla por la elecci\u00f3n del sistema motor m\u00e1s adecuado para los nov\u00edsimos autom\u00f3viles no lleg\u00f3 a su fin, con la victoria de los motores de combusti\u00f3n interna de gasolina, la cosa no estuvo nada clara durante bastante tiempo. Es m\u00e1s, <strong>a finales del siglo XIX y principios de la siguiente centuria parec\u00eda que el coche el\u00e9ctrico era el ganador<\/strong>. Ha tenido que pasar m\u00e1s de un siglo para que el autom\u00f3vil animado con electricidad vuelva a resurgir.<\/p>\n<hr \/>\n<p>Ver art\u00edculo relacionado:<br \/>\n<a href=\"http:\/\/alpoma.net\/tecob\/?p=11628\">Competici\u00f3n de autom\u00f3viles el\u00e9ctricos de 1898<\/a><\/p>\n<hr \/>\n<p>Y, mucho antes, el vapor era el futuro. En un mundo movido por bestias de carga, ver circular trenes a vapor era algo asombroso y no digamos ya ver una locomotora rodando por los caminos, sin v\u00edas. <strong>A esas m\u00e1quinas a vapor que iniciaron la historia de los autom\u00f3viles las llamaron \u201clocom\u00f3viles\u201d<\/strong>.<\/p>\n<p>Nos encontramos a mediados del siglo XIX, en concreto hacia <strong>1851<\/strong> en <strong>Valencia<\/strong>. En Ll\u00edria viv\u00eda un chaval de menos de veinte a\u00f1os con una habilidad extraordinaria para reparar todo tipo de maquinaria. Se dedicaba sobre todo a fabricar y arreglar aperos de labranza, pero tambi\u00e9n hab\u00eda logrado fama al dise\u00f1ar un nuevo tipo de reloj y por su invenci\u00f3n de ciertos artilugios ortop\u00e9dicos. Se llamaba <strong>Valent\u00edn Silvestre Fombuena<\/strong> y, entre mil y una inquietudes, decidi\u00f3 que ya era hora de dejar descansar a los mulos y bueyes. El futuro se encontraba en las m\u00e1quinas a motor y, sin descanso, <strong>dise\u00f1\u00f3 y construy\u00f3 un locom\u00f3vil de cuatro ruedas y tracci\u00f3n delantera<\/strong>. Valent\u00edn era todo un genio, no s\u00f3lo invent\u00f3 un nuevo tipo de motor a vapor con cilindros rotatorios, del que consta <strong>Privilegio Real de 1858<\/strong> (una de la quincena larga de invenciones que patent\u00f3, lo que le convierte en uno de los inventores m\u00e1s prol\u00edficos de su tiempo en Espa\u00f1a), sino que llev\u00f3 a la pr\u00e1ctica su idea del \u201ccoche a vapor\u201d.<\/p>\n<p>La osad\u00eda de Silvestre no lleg\u00f3 m\u00e1s all\u00e1, comercialmente hablando, lo que fue una pena, pero tuvo su continuaci\u00f3n en otros pioneros de los locom\u00f3viles. <strong>Hacia 1857 circularon por caminos de Tarragona dos locom\u00f3viles, posiblemente de factura inglesa, construidos en los talleres Nuevo Vulcano de Barcelona<\/strong>. Aquella novedad llam\u00f3 mucho la atenci\u00f3n, tanto que hacia 1859 se vieron otros veh\u00edculos similares, construidos tambi\u00e9n en Barcelona. Las <strong>\u201clocomotoras para caminos de tierra\u201d<\/strong> tuvieron su mayor \u00e9xito en <strong>el veh\u00edculo <em>Castilla<\/em>, tambi\u00e9n de origen ingl\u00e9s, montado en Valladolid por el ingeniero Pedro Ribera en 1860<\/strong>. El sue\u00f1o de Ribera, que hab\u00eda participado en la adquisici\u00f3n de varios locom\u00f3viles para comercializarlos en Espa\u00f1a, era competir con el incipiente ferrocarril.<\/p>\n<figure id=\"attachment_13003\" aria-describedby=\"caption-attachment-13003\" style=\"width: 620px\" class=\"wp-caption aligncenter\"><img decoding=\"async\" data-attachment-id=\"13003\" data-permalink=\"https:\/\/alpoma.net\/tecob\/?attachment_id=13003\" data-orig-file=\"https:\/\/alpoma.net\/tecob\/wp-content\/uploads\/2017\/12\/Locomovil-Castilla-1860.jpg\" data-orig-size=\"800,511\" data-comments-opened=\"0\" data-image-meta=\"{&quot;aperture&quot;:&quot;0&quot;,&quot;credit&quot;:&quot;&quot;,&quot;camera&quot;:&quot;&quot;,&quot;caption&quot;:&quot;&quot;,&quot;created_timestamp&quot;:&quot;0&quot;,&quot;copyright&quot;:&quot;&quot;,&quot;focal_length&quot;:&quot;0&quot;,&quot;iso&quot;:&quot;0&quot;,&quot;shutter_speed&quot;:&quot;0&quot;,&quot;title&quot;:&quot;&quot;,&quot;orientation&quot;:&quot;0&quot;}\" data-image-title=\"Locomovil-Castilla-1860\" data-image-description=\"\" data-image-caption=\"&lt;p&gt;Locom\u00f3vil &lt;em&gt;Castilla&lt;\/em&gt;&lt;\/p&gt;\n\" data-large-file=\"https:\/\/alpoma.net\/tecob\/wp-content\/uploads\/2017\/12\/Locomovil-Castilla-1860.jpg\" class=\"size-full wp-image-13003\" src=\"http:\/\/alpoma.net\/tecob\/wp-content\/uploads\/2017\/12\/Locomovil-Castilla-1860.jpg\" alt=\"\" width=\"620\" srcset=\"https:\/\/alpoma.net\/tecob\/wp-content\/uploads\/2017\/12\/Locomovil-Castilla-1860.jpg 800w, https:\/\/alpoma.net\/tecob\/wp-content\/uploads\/2017\/12\/Locomovil-Castilla-1860-300x192.jpg 300w, https:\/\/alpoma.net\/tecob\/wp-content\/uploads\/2017\/12\/Locomovil-Castilla-1860-768x491.jpg 768w, https:\/\/alpoma.net\/tecob\/wp-content\/uploads\/2017\/12\/Locomovil-Castilla-1860-640x409.jpg 640w\" sizes=\"(max-width: 800px) 100vw, 800px\" \/><figcaption id=\"caption-attachment-13003\" class=\"wp-caption-text\">Locom\u00f3vil <em>Castilla<\/em><\/figcaption><\/figure>\n<p>Si se pod\u00eda circular por caminos ordinarios con m\u00e1quinas a vapor, sin necesidad de v\u00edas, estaba claro que se pod\u00eda abrir un mercado muy apetitoso. <strong>Lo intent\u00f3, con aventura incluida, rodando desde Valladolid hasta Madrid a lo largo de casi veinte d\u00edas por los tortuosos caminos de la \u00e9poca en un viaje publicitario realmente singular<\/strong>. M\u00e1s tarde realiz\u00f3 pruebas en Asturias y tuvo \u00e1nimo para armar otro locom\u00f3vil, pero ah\u00ed termin\u00f3 todo, porque no encontr\u00f3 el apoyo necesario para levantar una gran compa\u00f1\u00eda de locomotoras de tierra.<\/p>\n<hr \/>\n<p>Ver art\u00edculo relacionado:<br \/>\n<a href=\"http:\/\/alpoma.net\/tecob\/?p=8856\">El locom\u00f3vil <em>Castilla<\/em>, primer veh\u00edculo de vapor que circul\u00f3 por las carreteras<\/a><\/p>\n<hr \/>\n<p>En La Maquinista Terrestre y Mar\u00edtima de Barcelona, entre otros centros fabriles, se armaron tambi\u00e9n diversos locom\u00f3viles. A pesar de su limitada extensi\u00f3n, y del fracaso empresarial de Ribera, parec\u00eda en verdad que aquello era el futuro. No les faltaba raz\u00f3n, solo que el vapor no era la soluci\u00f3n adecuada. En 1883 aparece un nuevo intento, con patente de un veh\u00edculo compacto a vapor para caminos, con el que se pretend\u00edan crear l\u00edneas de transporte bajo el pintoresco nombre de \u201cCochevapores\u201d.<strong> Los locom\u00f3viles fueron extendi\u00e9ndose poco a poco, sobre todo en Inglaterra y Francia, hasta con l\u00edneas para viajeros, ejemplo que llega a Barcelona hacia 1887 de la mano del ingeniero de origen franc\u00e9s Valentin Purrey<\/strong>. Se pod\u00eda competir con los tranv\u00edas y posiblemente con los ferrocarriles en casos muy concretos, pero, \u00bfqu\u00e9 hab\u00eda del transporte personal? \u00bfSer\u00eda posible superar al carro tirado por caballos?<\/p>\n<p>Eso pens\u00f3 el barcelon\u00e9s <strong>Juan Oliveras Gabarr\u00f3<\/strong>, que alumbr\u00f3 en 1864 su \u201cVeloc\u00edfero\u201d, un veh\u00edculo de tres ruedas movido a pedales. A\u00f1os antes ya se hab\u00eda visto algo similar en Madrid, pero ning\u00fan triciclo a pedales lleg\u00f3 muy lejos comercialmente. El aspecto de aquellos coches llamaba la atenci\u00f3n por lo adelantado de su concepci\u00f3n, pero hac\u00eda falta un motor adecuado para ellos y, por supuesto, nada de tracci\u00f3n humana. Hab\u00eda llegado la hora de los coches el\u00e9ctricos y de motor de explosi\u00f3n.<\/p>\n<p style=\"text-align: center;\"><strong>Las primeras marcas espa\u00f1olas de autom\u00f3viles<\/strong><\/p>\n<p>El mercado de m\u00e1quinas de coser era algo que<strong> Miguel Escuder<\/strong>, de Barcelona, llevaba tiempo controlando con sus modelos de fabricaci\u00f3n nacional. Pero, ay, llegaron las m\u00e1quinas Singer desde Am\u00e9rica y las cosas comenzaron a ponerse muy feas. Fue entonces, a finales del XIX, cuando Escuder debe buscar un mercado alternativo para su f\u00e1brica. Comienza experimentando con motores de gas (de hecho, patent\u00f3 todo tipo de artilugios, incluso una \u201cuna prensa hidr\u00e1ulica para fideos\u201d en 1893), y poco a poco extiende su producci\u00f3n a motores el\u00e9ctricos para todo tipo de artilugios. Aquellos motores inspiraron a otros a la hora de pensar en su posible aplicaci\u00f3n en autom\u00f3viles. La opci\u00f3n el\u00e9ctrica parec\u00eda la m\u00e1s adecuada, tanto porque en otros pa\u00edses ya se contaba con tradici\u00f3n de tranv\u00edas el\u00e9ctricos y algunos coches de ese tipo, como porque todav\u00eda estaba por ver qu\u00e9 combustible era el m\u00e1s adecuado para garantizar el \u00e9xito de los motores de explosi\u00f3n (t\u00e9ngase en cuenta que todav\u00eda no se hab\u00edan construido las grandes refiner\u00edas y que no hab\u00eda gasolineras, todo estaba por hacer). As\u00ed pues, un coche el\u00e9ctrico para moverse por la ciudad parec\u00eda ideal, es m\u00e1s, <strong>incluso se lleg\u00f3 a construir una \u201ccarroza el\u00e9ctrica\u201d para la reina regente Mar\u00eda Cristina en 1896<\/strong>.<\/p>\n<hr \/>\n<p>Ver art\u00edculo relacionado:<br \/>\n<a href=\"http:\/\/alpoma.net\/tecob\/?p=11567\">Francesc Bonet y Emilio de la Cuadra, pioneros del autom\u00f3vil<\/a><\/p>\n<hr \/>\n<figure id=\"attachment_13004\" aria-describedby=\"caption-attachment-13004\" style=\"width: 220px\" class=\"wp-caption alignright\"><img loading=\"lazy\" decoding=\"async\" data-attachment-id=\"13004\" data-permalink=\"https:\/\/alpoma.net\/tecob\/?attachment_id=13004\" data-orig-file=\"https:\/\/alpoma.net\/tecob\/wp-content\/uploads\/2017\/12\/Emilio-de-la-Cuadra.png\" data-orig-size=\"443,604\" data-comments-opened=\"0\" data-image-meta=\"{&quot;aperture&quot;:&quot;0&quot;,&quot;credit&quot;:&quot;&quot;,&quot;camera&quot;:&quot;&quot;,&quot;caption&quot;:&quot;&quot;,&quot;created_timestamp&quot;:&quot;0&quot;,&quot;copyright&quot;:&quot;&quot;,&quot;focal_length&quot;:&quot;0&quot;,&quot;iso&quot;:&quot;0&quot;,&quot;shutter_speed&quot;:&quot;0&quot;,&quot;title&quot;:&quot;&quot;,&quot;orientation&quot;:&quot;0&quot;}\" data-image-title=\"Emilio-de-la-Cuadra\" data-image-description=\"\" data-image-caption=\"&lt;p&gt;Emilio de la Cuadra&lt;\/p&gt;\n\" data-large-file=\"https:\/\/alpoma.net\/tecob\/wp-content\/uploads\/2017\/12\/Emilio-de-la-Cuadra.png\" class=\"size-medium wp-image-13004\" src=\"http:\/\/alpoma.net\/tecob\/wp-content\/uploads\/2017\/12\/Emilio-de-la-Cuadra-220x300.png\" alt=\"\" width=\"220\" height=\"300\" srcset=\"https:\/\/alpoma.net\/tecob\/wp-content\/uploads\/2017\/12\/Emilio-de-la-Cuadra-220x300.png 220w, https:\/\/alpoma.net\/tecob\/wp-content\/uploads\/2017\/12\/Emilio-de-la-Cuadra.png 443w\" sizes=\"auto, (max-width: 220px) 100vw, 220px\" \/><figcaption id=\"caption-attachment-13004\" class=\"wp-caption-text\">Emilio de la Cuadra<\/figcaption><\/figure>\n<p><strong>Conviv\u00edan entonces coches el\u00e9ctricos con primitivos veh\u00edculos de motor de explosi\u00f3n y los \u00faltimos ejemplares de autob\u00fas y cami\u00f3n a vapor<\/strong>. Sin embargo, poco a poco parec\u00eda que la potencia y fiabilidad de los nuevos motores de explosi\u00f3n hac\u00eda que \u00e9stos terminaran por imponerse al resto de opciones. Surgen as\u00ed experiencias como las de <strong>Francisco Bonet<\/strong> y su triciclo con motor de explosi\u00f3n Daimler, que llam\u00f3 la atenci\u00f3n de los paseantes en la Barcelona de finales del XIX, o la m\u00e1s evolucionada iniciativa del capit\u00e1n de artiller\u00eda <strong>Emilio de la Cuadra Albiol<\/strong> con su autom\u00f3vil de bencina (gasolina) de 1901, un aut\u00e9ntico precursor de la industria del autom\u00f3vil nacional que tuvo mala suerte pero que sent\u00f3 las bases de una marca m\u00edtica. Antes de eso, conviene recordar alg\u00fan que otro aventurero, entre los muchos que lo intentaron. En 1899 se crea en C\u00e1diz <strong>\u201cAutom\u00f3viles Anglada\u201d<\/strong>, empresa creada por Francisco Anglada y varios socios, que aguant\u00f3 en el mercado casi diez a\u00f1os. Los coches Anglada, de los que se vieron diversos modelos, funcionaban con motor de explosi\u00f3n y pod\u00edan emplear incluso alcohol como combustible. En el norte, se despleg\u00f3 la marca <strong>\u201cHormiger\u201d<\/strong>, con coches fabricados en Gij\u00f3n, mientras que en Catalu\u00f1a proliferaron los talleres de coches a motor que tuvieron al mencionado Emilio de la Cuadra como referente principal.<\/p>\n<p style=\"text-align: center;\"><strong>El origen de La Hispano-Suiza<\/strong><\/p>\n<p>Volvamos a de la Cuadra, un tipo optimista donde los hubiera. Su sue\u00f1o de crear una marca de autom\u00f3viles de prestigio iba por buen camino, pero su m\u00fasculo financiero era demasiado peque\u00f1o. Nos encontramos entre dos siglos y la<strong> \u201cCompa\u00f1\u00eda General Espa\u00f1ola de Coches Autom\u00f3viles\u201d<\/strong>, la empresa del bueno de Emilio, quer\u00eda subirse al tren de la innovaci\u00f3n que estaba cambiando el mundo. Desde la Barcelona de 1898 el militar reconvertido en empresario hab\u00eda estado representando a la marca Benz, pero quer\u00eda ir mucho m\u00e1s all\u00e1 dise\u00f1ando coches propios. Uno de sus ingenieros, Carlos Vellino, sugiri\u00f3 contratar a un chaval suizo muy joven que trabajaba en Barcelona y que parec\u00eda muy despierto. Se trataba de <strong>Marc Birkigt<\/strong>, todo un genio de la mec\u00e1nica. Fue la mejor decisi\u00f3n que pudieron tomar, porque Marc estaba llamado a dar vida a algunos de los autom\u00f3viles m\u00e1s famosos del siglo XX.<\/p>\n<hr \/>\n<p>Ver art\u00edculo relacionado:<br \/>\n<a href=\"http:\/\/alpoma.net\/tecob\/?p=10082\">Baradat-Esteve, la aventura de un motor futurista<\/a><\/p>\n<hr \/>\n<p>Por aquel tiempo, hacia 1900, lo m\u00e1s innovador, como hemos visto, eran los coches el\u00e9ctricos. Por desgracia, el omnib\u00fas el\u00e9ctrico que dieron a conocer por entonces fue un fracaso rotundo y Vellino se vio obligado a abandonar la compa\u00f1\u00eda. Quedando Birkigt como director t\u00e9cnico, los coches de La Cuadra cambian de orientaci\u00f3n y van por el buen camino: el motor de gasolina es el futuro. <strong>La apuesta del suizo fue acertada: los nuevos coches eran sencillos, r\u00e1pidos y fiables.<\/strong> Aunque comienzan a venderse en 1901, el dinero se acaba y Emilio se hunde sin poder recuperar la inversi\u00f3n. La idea hab\u00eda sido buena, pero sin dinero para invertir, poco pod\u00eda hacer. El sue\u00f1o hab\u00eda terminado\u2026 \u00bfo no era as\u00ed? La idea era demasiado buena como para caer en el olvido y, adem\u00e1s, el ingeniero suizo era todo un diamante en bruto a la espera de encontrar el ambiente adecuado para explotar toda su creatividad.<\/p>\n<figure id=\"attachment_13005\" aria-describedby=\"caption-attachment-13005\" style=\"width: 232px\" class=\"wp-caption alignright\"><img loading=\"lazy\" decoding=\"async\" data-attachment-id=\"13005\" data-permalink=\"https:\/\/alpoma.net\/tecob\/?attachment_id=13005\" data-orig-file=\"https:\/\/alpoma.net\/tecob\/wp-content\/uploads\/2017\/12\/Marc-Birkigt.jpg\" data-orig-size=\"1000,1292\" data-comments-opened=\"0\" data-image-meta=\"{&quot;aperture&quot;:&quot;0&quot;,&quot;credit&quot;:&quot;&quot;,&quot;camera&quot;:&quot;&quot;,&quot;caption&quot;:&quot;&quot;,&quot;created_timestamp&quot;:&quot;0&quot;,&quot;copyright&quot;:&quot;&quot;,&quot;focal_length&quot;:&quot;0&quot;,&quot;iso&quot;:&quot;0&quot;,&quot;shutter_speed&quot;:&quot;0&quot;,&quot;title&quot;:&quot;&quot;,&quot;orientation&quot;:&quot;0&quot;}\" data-image-title=\"Marc-Birkigt\" data-image-description=\"\" data-image-caption=\"&lt;p&gt;Marc Birkigt&lt;\/p&gt;\n\" data-large-file=\"https:\/\/alpoma.net\/tecob\/wp-content\/uploads\/2017\/12\/Marc-Birkigt-793x1024.jpg\" class=\"size-medium wp-image-13005\" src=\"http:\/\/alpoma.net\/tecob\/wp-content\/uploads\/2017\/12\/Marc-Birkigt-232x300.jpg\" alt=\"\" width=\"232\" height=\"300\" srcset=\"https:\/\/alpoma.net\/tecob\/wp-content\/uploads\/2017\/12\/Marc-Birkigt-232x300.jpg 232w, https:\/\/alpoma.net\/tecob\/wp-content\/uploads\/2017\/12\/Marc-Birkigt-768x992.jpg 768w, https:\/\/alpoma.net\/tecob\/wp-content\/uploads\/2017\/12\/Marc-Birkigt-793x1024.jpg 793w, https:\/\/alpoma.net\/tecob\/wp-content\/uploads\/2017\/12\/Marc-Birkigt-640x827.jpg 640w, https:\/\/alpoma.net\/tecob\/wp-content\/uploads\/2017\/12\/Marc-Birkigt.jpg 1000w\" sizes=\"auto, (max-width: 232px) 100vw, 232px\" \/><figcaption id=\"caption-attachment-13005\" class=\"wp-caption-text\">Marc Birkigt<\/figcaption><\/figure>\n<p>En 1902, pocos meses despu\u00e9s del desastre, uno de los acreedores de Emilio de la Cuadra, <strong>Jos\u00e9 Mar\u00eda Castro<\/strong>, sigue empe\u00f1ado en que la idea es buena. Manos a la obra, consigue financiaci\u00f3n y funda la marca J. Castro para fabricar autom\u00f3viles con los dise\u00f1os del ingeniero suizo y la maquinaria con la que se hab\u00edan construido los escasos coches La Cuadra que hab\u00edan visto la luz hasta entonces. La primera tarea fue la de terminar los veh\u00edculos que estaban medio construidos, para m\u00e1s tarde continuar con dise\u00f1os m\u00e1s arriesgados del propio Birkigt.<strong> El primer coche de la marca de Castro era muy avanzado a su tiempo: dotado de motor de dos cilindros y caja de cambios de cuatro marchas<\/strong>. Era una m\u00e1quina magn\u00edfica que el suizo mejor\u00f3 continuamente hasta evolucionar a un modelo con nov\u00edsimo motor de cuatro cilindros. Todo muy bonito si no fuera porque, aunque se vend\u00edan coches, apenas quedaba nada para invertir y el colch\u00f3n financiero era escaso. No era una sorpresa, la aventura de Castro termin\u00f3 igual que la de la Cuadra, en cierre por falta de financiaci\u00f3n adecuada. \u00bfHab\u00eda terminado (esta vez s\u00ed) el sue\u00f1o de una gran marca de coches con sede en Barcelona? Como no hay dos sin tres, se volvi\u00f3 a intentar y, esta vez, el resultado fue maravilloso.<\/p>\n<hr \/>\n<p class=\"izda\"><small>Lectura<br \/>\nrecomendada<\/small><br \/>\n<iframe loading=\"lazy\" style=\"width: 120px; height: 240px;\" src=\"https:\/\/rcm-eu.amazon-adsystem.com\/e\/cm?ref=tf_til&amp;t=alpoma-21&amp;m=amazon&amp;o=30&amp;p=8&amp;l=as1&amp;IS2=1&amp;asins=8467737697&amp;linkId=f425022957929eb3e7e75a8456105be8&amp;bc1=000000&amp;lt1=_blank&amp;fc1=000000&amp;lc1=bf0033&amp;bg1=ffffff&amp;f=ifr\" width=\"300\" height=\"150\" frameborder=\"0\" marginwidth=\"0\" marginheight=\"0\" scrolling=\"no\"><\/iframe><\/p>\n<p>El cierre de la f\u00e1brica de Castro en 1904 coincidi\u00f3 con la \u00e9poca en que Birkigt estaba dise\u00f1ando un nuevo motor mejorado. No pod\u00eda desaprovecharse aquella oportunidad, porque aquel ingeniero era una joya. As\u00ed, y esta vez con dinero de sobra, se unieron varios inversores como Dami\u00e0 Mateu para dar vida a una marca que nace aquel mismo a\u00f1o. Tras un estudio exhaustivo, queda claro que el proyecto es viable: la idea original, los desarrollos, la tecnolog\u00eda y el capital humano hab\u00edan sido los adecuados. Lo que hab\u00eda fallado era el dinero. <strong>Con financiaci\u00f3n adecuada naci\u00f3 entonces la sociedad llamada \u201cLa Hispano-Suiza\u201d, de nuevo con el ingeniero Marc Birkigt a los mandos de la tecnolog\u00eda de la empresa<\/strong>. La primera tarea consisti\u00f3 en completar los \u00faltimos modelos Castro y comercializarlos, para pasar a partir de ah\u00ed a los nuevos Hispano-Suiza. La gran calidad de los coches que salieron de Barcelona hizo que pronto se convirtieran en leyenda. Fue el comienzo de un mito, el de los lujosos, fiables, duros y r\u00e1pidos Hispano-Suiza, una de las marcas de autom\u00f3viles m\u00e1s celebradas de la primera mitad del siglo XX y, hoy, sue\u00f1o de todo coleccionista de coches cl\u00e1sicos.<\/p>\n","protected":false},"excerpt":{"rendered":"<div class=\"mh-excerpt\"><p>En el n\u00famero de noviembre de 2017 de la revista Historia de Iberia Vieja, publiqu\u00e9 un peque\u00f1o repaso acerca de los primeros autom\u00f3viles espa\u00f1oles. Lo que sigue es la versi\u00f3n <a class=\"mh-excerpt-more\" href=\"https:\/\/alpoma.net\/tecob\/?p=12992\" title=\"Del coche a vapor a La Hispano-Suiza\">[&#8230;]<\/a><\/p>\n<\/div>","protected":false},"author":1,"featured_media":13002,"comment_status":"open","ping_status":"open","sticky":false,"template":"","format":"standard","meta":{"jetpack_post_was_ever_published":false,"_jetpack_newsletter_access":"","_jetpack_dont_email_post_to_subs":false,"_jetpack_newsletter_tier_id":0,"_jetpack_memberships_contains_paywalled_content":false,"_jetpack_memberships_contains_paid_content":false,"footnotes":""},"categories":[10],"tags":[410,211,411,412],"class_list":["post-12992","post","type-post","status-publish","format-standard","has-post-thumbnail","hentry","category-made_in_spain","tag-automoviles","tag-coches-electricos","tag-locomovil","tag-vapor"],"jetpack_featured_media_url":"https:\/\/alpoma.net\/tecob\/wp-content\/uploads\/2017\/12\/Coches-Electricos-1898.png","jetpack_shortlink":"https:\/\/wp.me\/p93Dc1-3ny","jetpack-related-posts":[{"id":8024,"url":"https:\/\/alpoma.net\/tecob\/?p=8024","url_meta":{"origin":12992,"position":0},"title":"Los Boll\u00e9e, familia de inventores","author":"alpoma","date":"31 marzo 2013","format":false,"excerpt":"Am\u00e9d\u00e9e Boll\u00e9e era un tipo inquieto, sin duda, adem\u00e1s de emprendedor nato. S\u00ed, ya s\u00e9 que esa palabra, \"emprendedor\", se utiliza demasiado a la ligera \u00faltimamente, pero cuando alguien es emprendedor de verdad, no hay desgaste posible en tan bella palabra. Veamos, Amadeo, como se le llamaba por aqu\u00ed a\u2026","rel":"","context":"En \u00abObsolescencia\u00bb","block_context":{"text":"Obsolescencia","link":"https:\/\/alpoma.net\/tecob\/?cat=3"},"img":{"alt_text":"","src":"https:\/\/i0.wp.com\/alpoma.net\/tecob\/wp-content\/uploads\/2013\/03\/8603652019_6ac88775fe_o.jpg?resize=350%2C200&ssl=1","width":350,"height":200,"srcset":"https:\/\/i0.wp.com\/alpoma.net\/tecob\/wp-content\/uploads\/2013\/03\/8603652019_6ac88775fe_o.jpg?resize=350%2C200&ssl=1 1x, https:\/\/i0.wp.com\/alpoma.net\/tecob\/wp-content\/uploads\/2013\/03\/8603652019_6ac88775fe_o.jpg?resize=525%2C300&ssl=1 1.5x"},"classes":[]},{"id":11567,"url":"https:\/\/alpoma.net\/tecob\/?p=11567","url_meta":{"origin":12992,"position":1},"title":"Francesc Bonet y Emilio de la Cuadra, pioneros del autom\u00f3vil","author":"alpoma","date":"28 agosto 2015","format":false,"excerpt":"Versi\u00f3n reducida del art\u00edculo que publiqu\u00e9 en la revista Historia de Iberia Vieja, edici\u00f3n de agosto de 2015. Los pedidos [de motores Daimler] fueron muy numerosos. Haremos menci\u00f3n de uno en especial por haber sido hecho por un espa\u00f1ol: Francisco Bonet Dalmau. Este ingenioso y testarudo catal\u00e1n consigui\u00f3 que Daimler\u2026","rel":"","context":"En \u00abMade in Spain\u00bb","block_context":{"text":"Made in Spain","link":"https:\/\/alpoma.net\/tecob\/?cat=10"},"img":{"alt_text":"","src":"https:\/\/i0.wp.com\/alpoma.net\/tecob\/wp-content\/uploads\/2015\/08\/automovil_bonet_18891.png?resize=350%2C200&ssl=1","width":350,"height":200},"classes":[]},{"id":7856,"url":"https:\/\/alpoma.net\/tecob\/?p=7856","url_meta":{"origin":12992,"position":2},"title":"Autom\u00f3viles, 1913","author":"alpoma","date":"24 febrero 2013","format":false,"excerpt":"Para esta tarde de domingo, ya casi noche, he pensado en montar una peque\u00f1a colecci\u00f3n de recuerdos a\u00f1ejos. Se trata de un leve vistazo a los modelos de autom\u00f3vil que pegaban fuerte hace un siglo. Veamos qu\u00e9 se llevaba en el mundo del motor en 1913. Por supuesto, es una\u2026","rel":"","context":"En \u00abObsolescencia\u00bb","block_context":{"text":"Obsolescencia","link":"https:\/\/alpoma.net\/tecob\/?cat=3"},"img":{"alt_text":"","src":"https:\/\/i0.wp.com\/alpoma.net\/tecob\/wp-content\/uploads\/2013\/02\/1ch.jpg?resize=350%2C200&ssl=1","width":350,"height":200,"srcset":"https:\/\/i0.wp.com\/alpoma.net\/tecob\/wp-content\/uploads\/2013\/02\/1ch.jpg?resize=350%2C200&ssl=1 1x, https:\/\/i0.wp.com\/alpoma.net\/tecob\/wp-content\/uploads\/2013\/02\/1ch.jpg?resize=525%2C300&ssl=1 1.5x"},"classes":[]},{"id":13201,"url":"https:\/\/alpoma.net\/tecob\/?p=13201","url_meta":{"origin":12992,"position":3},"title":"Enrique Sanch\u00eds y su Triauto: el encanto de las tres ruedas","author":"alpoma","date":"2 abril 2018","format":false,"excerpt":"Versi\u00f3n para TecOb del art\u00edculo que publiqu\u00e9 en la revista Historia de Iberia Vieja, edici\u00f3n de marzo de 2018. Coches min\u00fasculos para una \u00e9poca terrible En la posguerra civil espa\u00f1ola, al igual que sucedi\u00f3 tambi\u00e9n en la Europa posterior a la Segunda Guerra Mundial, la falta de medios de todo\u2026","rel":"","context":"En \u00abMade in Spain\u00bb","block_context":{"text":"Made in Spain","link":"https:\/\/alpoma.net\/tecob\/?cat=10"},"img":{"alt_text":"","src":"https:\/\/i0.wp.com\/alpoma.net\/tecob\/wp-content\/uploads\/2018\/04\/Triauto-Sanchis.png?resize=350%2C200&ssl=1","width":350,"height":200,"srcset":"https:\/\/i0.wp.com\/alpoma.net\/tecob\/wp-content\/uploads\/2018\/04\/Triauto-Sanchis.png?resize=350%2C200&ssl=1 1x, https:\/\/i0.wp.com\/alpoma.net\/tecob\/wp-content\/uploads\/2018\/04\/Triauto-Sanchis.png?resize=525%2C300&ssl=1 1.5x, https:\/\/i0.wp.com\/alpoma.net\/tecob\/wp-content\/uploads\/2018\/04\/Triauto-Sanchis.png?resize=700%2C400&ssl=1 2x, https:\/\/i0.wp.com\/alpoma.net\/tecob\/wp-content\/uploads\/2018\/04\/Triauto-Sanchis.png?resize=1050%2C600&ssl=1 3x"},"classes":[]},{"id":8856,"url":"https:\/\/alpoma.net\/tecob\/?p=8856","url_meta":{"origin":12992,"position":4},"title":"El locom\u00f3vil Castilla, primer veh\u00edculo de vapor que circul\u00f3 por las carreteras espa\u00f1olas","author":"alpoma","date":"2 marzo 2014","format":false,"excerpt":"Versi\u00f3n para TecOb del art\u00edculo que publiqu\u00e9 en la revista Historia de Iberia Vieja, edici\u00f3n de marzo de 2014. Locomotora para carreteras. El lunes \u00faltimo 4, a las cuatro de la tarde, sali\u00f3 de la casa-taller de la compa\u00f1\u00eda que piensa explotar esta, por decirlo as\u00ed, nueva aplicaci\u00f3n del vapor,\u2026","rel":"","context":"En \u00abMade in Spain\u00bb","block_context":{"text":"Made in Spain","link":"https:\/\/alpoma.net\/tecob\/?cat=10"},"img":{"alt_text":"","src":"https:\/\/i0.wp.com\/alpoma.net\/tecob\/wp-content\/uploads\/2014\/03\/locomovil_p_alfonso_1862.jpg?resize=350%2C200&ssl=1","width":350,"height":200,"srcset":"https:\/\/i0.wp.com\/alpoma.net\/tecob\/wp-content\/uploads\/2014\/03\/locomovil_p_alfonso_1862.jpg?resize=350%2C200&ssl=1 1x, https:\/\/i0.wp.com\/alpoma.net\/tecob\/wp-content\/uploads\/2014\/03\/locomovil_p_alfonso_1862.jpg?resize=525%2C300&ssl=1 1.5x"},"classes":[]},{"id":10082,"url":"https:\/\/alpoma.net\/tecob\/?p=10082","url_meta":{"origin":12992,"position":5},"title":"Baradat-Esteve, la aventura de un motor futurista","author":"alpoma","date":"13 septiembre 2014","format":false,"excerpt":"Versi\u00f3n para TecOb del art\u00edculo que publiqu\u00e9 en la revista Historia de Iberia Vieja, edici\u00f3n de septiembre de 2014. El motor t\u00f3rico Baradat-Esteve (\u2026) puede decirse que ha de ocasionar una revoluci\u00f3n en la t\u00e9cnica de motores de explosi\u00f3n. En dicho motor los cilindros quedan sustituidos por un anillo hueco,\u2026","rel":"","context":"En \u00abMade in Spain\u00bb","block_context":{"text":"Made in Spain","link":"https:\/\/alpoma.net\/tecob\/?cat=10"},"img":{"alt_text":"","src":"https:\/\/i0.wp.com\/alpoma.net\/tecob\/wp-content\/uploads\/2014\/09\/motor_baradat_patente_1-scaled.jpg?resize=350%2C200&ssl=1","width":350,"height":200,"srcset":"https:\/\/i0.wp.com\/alpoma.net\/tecob\/wp-content\/uploads\/2014\/09\/motor_baradat_patente_1-scaled.jpg?resize=350%2C200&ssl=1 1x, https:\/\/i0.wp.com\/alpoma.net\/tecob\/wp-content\/uploads\/2014\/09\/motor_baradat_patente_1-scaled.jpg?resize=525%2C300&ssl=1 1.5x, https:\/\/i0.wp.com\/alpoma.net\/tecob\/wp-content\/uploads\/2014\/09\/motor_baradat_patente_1-scaled.jpg?resize=700%2C400&ssl=1 2x, https:\/\/i0.wp.com\/alpoma.net\/tecob\/wp-content\/uploads\/2014\/09\/motor_baradat_patente_1-scaled.jpg?resize=1050%2C600&ssl=1 3x, https:\/\/i0.wp.com\/alpoma.net\/tecob\/wp-content\/uploads\/2014\/09\/motor_baradat_patente_1-scaled.jpg?resize=1400%2C800&ssl=1 4x"},"classes":[]}],"jetpack_sharing_enabled":true,"_links":{"self":[{"href":"https:\/\/alpoma.net\/tecob\/index.php?rest_route=\/wp\/v2\/posts\/12992","targetHints":{"allow":["GET"]}}],"collection":[{"href":"https:\/\/alpoma.net\/tecob\/index.php?rest_route=\/wp\/v2\/posts"}],"about":[{"href":"https:\/\/alpoma.net\/tecob\/index.php?rest_route=\/wp\/v2\/types\/post"}],"author":[{"embeddable":true,"href":"https:\/\/alpoma.net\/tecob\/index.php?rest_route=\/wp\/v2\/users\/1"}],"replies":[{"embeddable":true,"href":"https:\/\/alpoma.net\/tecob\/index.php?rest_route=%2Fwp%2Fv2%2Fcomments&post=12992"}],"version-history":[{"count":0,"href":"https:\/\/alpoma.net\/tecob\/index.php?rest_route=\/wp\/v2\/posts\/12992\/revisions"}],"wp:featuredmedia":[{"embeddable":true,"href":"https:\/\/alpoma.net\/tecob\/index.php?rest_route=\/wp\/v2\/media\/13002"}],"wp:attachment":[{"href":"https:\/\/alpoma.net\/tecob\/index.php?rest_route=%2Fwp%2Fv2%2Fmedia&parent=12992"}],"wp:term":[{"taxonomy":"category","embeddable":true,"href":"https:\/\/alpoma.net\/tecob\/index.php?rest_route=%2Fwp%2Fv2%2Fcategories&post=12992"},{"taxonomy":"post_tag","embeddable":true,"href":"https:\/\/alpoma.net\/tecob\/index.php?rest_route=%2Fwp%2Fv2%2Ftags&post=12992"}],"curies":[{"name":"wp","href":"https:\/\/api.w.org\/{rel}","templated":true}]}}