{"id":12868,"date":"2017-09-16T18:04:01","date_gmt":"2017-09-16T16:04:01","guid":{"rendered":"http:\/\/www.alpoma.net\/tecob\/?p=12868"},"modified":"2017-09-16T20:03:19","modified_gmt":"2017-09-16T18:03:19","slug":"la-aventura-del-pajaro-amarillo-y-el-primer-polizon-aereo","status":"publish","type":"post","link":"https:\/\/alpoma.net\/tecob\/?p=12868","title":{"rendered":"La aventura del \u00abP\u00e1jaro amarillo\u00bb y el primer poliz\u00f3n a\u00e9reo"},"content":{"rendered":"<p><em>En plena \u00e9poca de grandes gestas aeron\u00e1uticas, tres aviadores franceses deciden volar en su \u00abP\u00e1jaro amarillo\u00bb desde Estados Unidos hasta Francia. Tras muchas aventuras, se convertir\u00e1n en la cuarta tripulaci\u00f3n que logre cruzar el \u00abcharco\u00bb del Atl\u00e1ntico, adem\u00e1s de ser los primeros europeos en hacerlo (y, tambi\u00e9n, fueron los primeros en volar desde Am\u00e9rica a Espa\u00f1a, aunque por accidente). En esta ocasi\u00f3n las cosas no salieron como se hab\u00eda planificado. Aterrizaron en un lugar y un pa\u00eds que no estaban previstos y, adem\u00e1s, vol\u00f3 con ellos un invitado inesperado. Esta es su historia&#8230;<\/em><\/p>\n<figure id=\"attachment_12901\" aria-describedby=\"caption-attachment-12901\" style=\"width: 620px\" class=\"wp-caption aligncenter\"><img loading=\"lazy\" decoding=\"async\" data-attachment-id=\"12901\" data-permalink=\"https:\/\/alpoma.net\/tecob\/?attachment_id=12901\" data-orig-file=\"https:\/\/alpoma.net\/tecob\/wp-content\/uploads\/2017\/09\/tripulantes-pajaro-amarillo.png\" data-orig-size=\"620,488\" data-comments-opened=\"0\" data-image-meta=\"{&quot;aperture&quot;:&quot;0&quot;,&quot;credit&quot;:&quot;&quot;,&quot;camera&quot;:&quot;&quot;,&quot;caption&quot;:&quot;&quot;,&quot;created_timestamp&quot;:&quot;0&quot;,&quot;copyright&quot;:&quot;&quot;,&quot;focal_length&quot;:&quot;0&quot;,&quot;iso&quot;:&quot;0&quot;,&quot;shutter_speed&quot;:&quot;0&quot;,&quot;title&quot;:&quot;&quot;,&quot;orientation&quot;:&quot;0&quot;}\" data-image-title=\"tripulantes-pajaro-amarillo\" data-image-description=\"\" data-image-caption=\"&lt;p&gt;Tripulaci\u00f3n del &lt;em&gt;P\u00e1jaro amarillo&lt;\/em&gt;. Fuente: A\u00e9rea, agosto de 1929.&lt;\/p&gt;\n\" data-large-file=\"https:\/\/alpoma.net\/tecob\/wp-content\/uploads\/2017\/09\/tripulantes-pajaro-amarillo.png\" class=\"size-full wp-image-12901\" src=\"http:\/\/www.alpoma.net\/tecob\/wp-content\/uploads\/2017\/09\/tripulantes-pajaro-amarillo.png\" alt=\"\" width=\"620\" height=\"488\" srcset=\"https:\/\/alpoma.net\/tecob\/wp-content\/uploads\/2017\/09\/tripulantes-pajaro-amarillo.png 620w, https:\/\/alpoma.net\/tecob\/wp-content\/uploads\/2017\/09\/tripulantes-pajaro-amarillo-300x236.png 300w\" sizes=\"auto, (max-width: 620px) 100vw, 620px\" \/><figcaption id=\"caption-attachment-12901\" class=\"wp-caption-text\">Tripulaci\u00f3n del <em>P\u00e1jaro amarillo<\/em>. Fuente: A\u00e9rea, agosto de 1929.<\/figcaption><\/figure>\n<h2>La regata a\u00e9rea y un cocodrilo para Mussolini<\/h2>\n<p>En algunos peri\u00f3dicos llamaron <strong>\u00abregata a\u00e9rea transatl\u00e1ntica\u00bb<\/strong> a la reuni\u00f3n de dos aviones aventureros <sup>1<\/sup>, destinados a volar sobre las aguas del Atl\u00e1ntico desde Norteam\u00e9rica a Europa. El lugar de partida, la <strong><a href=\"https:\/\/en.wikipedia.org\/wiki\/Old_Orchard_Beach,_Maine\">playa de Old Orchard<\/a><\/strong>, en Maine (Estados Unidos), un lugar tur\u00edstico en el que se dieron cita dos aviones singulares.<\/p>\n<p>Bien, nos situamos el d\u00eda de San Antonio de 1929, esto es, el 13 de junio. Despu\u00e9s de muchos preparativos, el avi\u00f3n <em><strong>Green Flash<\/strong><\/em> (rayo o destello verde, un aparato derivado del <em>Bellanca J<\/em>), se enfrenta al <strong>L\u00b4Oiseau Canari<\/strong> (el P\u00e1jaro amarillo, un monoplano franc\u00e9s adaptado del <em>Bernard-Hubert 190T<\/em>).<\/p>\n<p>No era un enfrentamiento real, m\u00e1s bien una competici\u00f3n amistosa. El avi\u00f3n estadounidense <em>Green Flash<\/em>, tripulado por Roger Q. Williams y Lewis Alonzo Yancey pretend\u00eda volar desde la playa americana hasta Roma. Por otro lado, el avi\u00f3n franc\u00e9s tripulado por <strong>Jean Assolant, Rene Lef\u00e8vre y Armando Lotti<\/strong>, ten\u00eda como destino Par\u00eds. Todos ellos segu\u00edan manteniendo viva la llama del reto Atl\u00e1ntico, a pesar de que, ni mucho menos, eran los primeros en hacerlo. Sin embargo, desde que <strong>Lindbergh<\/strong> hab\u00eda volado entre Estados Unidos y Francia en 1927 (otros volaron sobre el Atl\u00e1ntico antes, pero \u00e9l fue el m\u00e1s medi\u00e1tico y fue el primero en conseguirlo sin escalas de oeste a este entre extremos continentales), muchos otros se animaron a continuar con el reto.<\/p>\n<figure id=\"attachment_12903\" aria-describedby=\"caption-attachment-12903\" style=\"width: 620px\" class=\"wp-caption aligncenter\"><img loading=\"lazy\" decoding=\"async\" data-attachment-id=\"12903\" data-permalink=\"https:\/\/alpoma.net\/tecob\/?attachment_id=12903\" data-orig-file=\"https:\/\/alpoma.net\/tecob\/wp-content\/uploads\/2017\/09\/pajaro-amarillo.png\" data-orig-size=\"620,300\" data-comments-opened=\"0\" data-image-meta=\"{&quot;aperture&quot;:&quot;0&quot;,&quot;credit&quot;:&quot;&quot;,&quot;camera&quot;:&quot;&quot;,&quot;caption&quot;:&quot;&quot;,&quot;created_timestamp&quot;:&quot;0&quot;,&quot;copyright&quot;:&quot;&quot;,&quot;focal_length&quot;:&quot;0&quot;,&quot;iso&quot;:&quot;0&quot;,&quot;shutter_speed&quot;:&quot;0&quot;,&quot;title&quot;:&quot;&quot;,&quot;orientation&quot;:&quot;0&quot;}\" data-image-title=\"pajaro-amarillo\" data-image-description=\"\" data-image-caption=\"&lt;p&gt;El &lt;em&gt;P\u00e1jaro amarillo&lt;\/em&gt; a su salida de los Estados Unidos. Fuente: Heraldo deportivo, 5 de julio de 1929.&lt;\/p&gt;\n\" data-large-file=\"https:\/\/alpoma.net\/tecob\/wp-content\/uploads\/2017\/09\/pajaro-amarillo.png\" class=\"size-full wp-image-12903\" src=\"http:\/\/www.alpoma.net\/tecob\/wp-content\/uploads\/2017\/09\/pajaro-amarillo.png\" alt=\"\" width=\"620\" height=\"300\" srcset=\"https:\/\/alpoma.net\/tecob\/wp-content\/uploads\/2017\/09\/pajaro-amarillo.png 620w, https:\/\/alpoma.net\/tecob\/wp-content\/uploads\/2017\/09\/pajaro-amarillo-300x145.png 300w\" sizes=\"auto, (max-width: 620px) 100vw, 620px\" \/><figcaption id=\"caption-attachment-12903\" class=\"wp-caption-text\">El <em>P\u00e1jaro amarillo<\/em> a su salida de los Estados Unidos. Fuente: Heraldo deportivo, 5 de julio de 1929.<\/figcaption><\/figure>\n<p>Volvamos a aquel <strong>13 de junio del 29<\/strong>, con numeroso p\u00fablico en la playa. No era la primera vez que el <em>Green Flash<\/em> lo intentaba y, en esa ocasi\u00f3n&#8230; tampoco lo logr\u00f3. Ni siquiera despeg\u00f3, pues las irregularidades de la pista hicieron que volcara y se da\u00f1ara seriamente. Este <strong><a href=\"https:\/\/youtu.be\/6xJIm6klzEY\">v\u00eddeo<\/a><\/strong> de British Path\u00e9 nos muestra c\u00f3mo termin\u00f3 su aventura.<\/p>\n<p><iframe loading=\"lazy\" src=\"https:\/\/www.youtube.com\/embed\/6xJIm6klzEY?rel=0\" width=\"620\" height=\"400\" frameborder=\"0\" allowfullscreen=\"allowfullscreen\"><\/iframe><\/p>\n<p>Aunque el viaje del <em>Green Flash<\/em> termin\u00f3 ah\u00ed, no tardaron mucho Williams y Yancey en volver a intentarlo. Fue en julio de 1929, cuando partiendo desde el mismo lugar, volaron en el <strong><em>Pathfinder<\/em><\/strong> hasta Roma, donde fueron recibidos como h\u00e9roes. Eso s\u00ed, tuvieron que hacer escala de emergencia en Santander<sup>2<\/sup>.<\/p>\n<p>Como dato curioso, cabe mencionar que, adem\u00e1s de los dos pilotos, <strong>el <em>Green Flash<\/em> llevaba un pasajero singular<\/strong>, del que desconozco su destino. En su intento de vuelo anterior, de finales del mes de mayo, el avi\u00f3n acogi\u00f3 a <strong>una cr\u00eda de cocodrilo<\/strong>, que viajaba a Roma como regalo para Benito Mussolini (hay que recordar que, por entonces, tanto Mussolini, como m\u00e1s tarde Hitler, ten\u00edan bastante buena prensa y eran vistos con fascinaci\u00f3n por muchas personas en Estados Unidos). El cocodrilo iba a volar \u00abempaquetado entre algodones y dentro de una caja de cart\u00f3n\u00bb<sup>3<\/sup>.<\/p>\n<h2>El pasajero que nadie esperaba y un aterrizaje en Espa\u00f1a<\/h2>\n<p>Vamos con la historia del <em>P\u00e1jaro amarillo<\/em>, que fue llamado as\u00ed porque, c\u00f3mo no, estaba pintado de amarillo (y no al rev\u00e9s). Dise\u00f1ado por el ingeniero <strong>Jean Hubert<\/strong>, de la <strong><a href=\"https:\/\/fr.wikipedia.org\/wiki\/Soci\u00e9t\u00e9_des_Avions_Bernard\">Soci\u00e9t\u00e9 des Avions Bernard<\/a><\/strong>, parti\u00f3 de la mencionada playa americana aquel 13 de junio del 29 a las 10 hora local, con destino Par\u00eds. Todo estaba pensado con sumo cuidado: la carga de combustible, el peso de los equipajes, raciones y elementos de emergencia&#8230; \u00a1todo estaba calculado con esmero para poder llegar al destino pensado sin problemas! Vale, todo eso hubiera sido ideal si no fuera porque al poco de estar volando sufrieron un susto de cuidado. Mientras el avi\u00f3n estaba en la playa, muchos lugare\u00f1os hab\u00edan ayudado a colocar el aparato en su posici\u00f3n adecuada para despegar. Lo que nadie sab\u00eda era que un chaval aventurero y alocado, un tal <strong>Arthur Schreiber<\/strong>, hab\u00eda aprovechado el l\u00edo en tierra para colarse en el <em>P\u00e1jaro amarillo<\/em>. Mientras estaban volando, no mucho tiempo despu\u00e9s de partir, el ingenuo de Schreiber emergi\u00f3 del \u00e1rea trasera de carga del avi\u00f3n, entre las coberturas de tela que cubr\u00edan los pertrechos y se acerc\u00f3 a cabina gritando&#8230; <strong>\u00a1estoy aqu\u00ed!<\/strong> (<em>Here I am!<\/em>).<\/p>\n<p>Imaginemos la situaci\u00f3n, porque no tiene precio. El tipo aparece por detr\u00e1s y les pega un susto de muerte. Se convierte as\u00ed en el primer <strong><a href=\"http:\/\/dle.rae.es\/?id=TaYtR97\">poliz\u00f3n<\/a><\/strong> a\u00e9reo documentado y, c\u00f3mo no, la cosa se pone fea. Tras los primeros instantes de enfado y tensi\u00f3n (seguro que pensaron seriamente lanzar al mar al tal Arthur), descubrieron que la broma era muy peligrosa. <strong>El peso adicional del nuevo pasajero (sesenta y pico kilos) hizo que la tripulaci\u00f3n tuviera que volver a calcular las cargas<\/strong>: tiraron al mar algunas bolsas de correo, parte del equipaje y hasta el champ\u00e1n que llevaban para celebrar su aventura. Todo para compensar el peso adicional, adem\u00e1s, se oblig\u00f3 a firmar en vuelo una declaraci\u00f3n al poliz\u00f3n en la que renunciaba a cualquier derecho de las posibles publicaciones derivadas de aquella aventura.<\/p>\n<p>Por fortuna, no pensaron en deshacerse de la mascota del vuelo<sup>4<\/sup>, que tambi\u00e9n era <strong>un peque\u00f1o cocodrilo, o caim\u00e1n<\/strong>, seg\u00fan la fuente que se consulte (desconozco de d\u00f3nde ven\u00eda la man\u00eda de usar cr\u00edas de cocodrilo o caim\u00e1n de aquella manera). El <em>P\u00e1jaro amarillo<\/em> vol\u00f3 toda la noche en direcci\u00f3n este, lamentablemente encontraron mal tiempo sobre el oc\u00e9ano, por lo que tuvieron que modificar el rumbo hacia el sudeste con relaci\u00f3n a su ruta original. <strong>Pensaron aterrizar en las Azores<\/strong>, pero una s\u00fabita mejora del tiempo les hizo cambiar de nuevo su ruta, pensando que ya no hab\u00eda m\u00e1s problemas hasta llegar a Francia. Finalmente, entre los problemas derivados de la presencia del poliz\u00f3n y los propios de la meteorolog\u00eda, <strong>terminaron por aterrizar hacia las ocho de la tarde del d\u00eda 14 de junio en un lugar que no esperaban: la playa espa\u00f1ola de<\/strong> <strong><a href=\"https:\/\/www.turismocantabria.es\/es\/playa-de-oyambre-cantabria\/13\">Oyambre<\/a><\/strong>, en Cantabria, cerca de Comillas.<\/p>\n<figure id=\"attachment_12896\" aria-describedby=\"caption-attachment-12896\" style=\"width: 620px\" class=\"wp-caption aligncenter\"><img decoding=\"async\" data-attachment-id=\"12896\" data-permalink=\"https:\/\/alpoma.net\/tecob\/?attachment_id=12896\" data-orig-file=\"https:\/\/alpoma.net\/tecob\/wp-content\/uploads\/2017\/09\/pajaro-amarillo-oyambre1.png\" data-orig-size=\"699,451\" data-comments-opened=\"0\" data-image-meta=\"{&quot;aperture&quot;:&quot;0&quot;,&quot;credit&quot;:&quot;&quot;,&quot;camera&quot;:&quot;&quot;,&quot;caption&quot;:&quot;&quot;,&quot;created_timestamp&quot;:&quot;0&quot;,&quot;copyright&quot;:&quot;&quot;,&quot;focal_length&quot;:&quot;0&quot;,&quot;iso&quot;:&quot;0&quot;,&quot;shutter_speed&quot;:&quot;0&quot;,&quot;title&quot;:&quot;&quot;,&quot;orientation&quot;:&quot;0&quot;}\" data-image-title=\"pajaro-amarillo-oyambre1\" data-image-description=\"\" data-image-caption=\"&lt;p&gt;El &lt;em&gt;P\u00e1jaro amarillo&lt;\/em&gt; en la playa de Oyambre. Fuente: Mundo Gr\u00e1fico, 19 de junio de 1929.&lt;\/p&gt;\n\" data-large-file=\"https:\/\/alpoma.net\/tecob\/wp-content\/uploads\/2017\/09\/pajaro-amarillo-oyambre1.png\" class=\"size-full wp-image-12896\" src=\"http:\/\/www.alpoma.net\/tecob\/wp-content\/uploads\/2017\/09\/pajaro-amarillo-oyambre1.png\" alt=\"\" width=\"620\" srcset=\"https:\/\/alpoma.net\/tecob\/wp-content\/uploads\/2017\/09\/pajaro-amarillo-oyambre1.png 699w, https:\/\/alpoma.net\/tecob\/wp-content\/uploads\/2017\/09\/pajaro-amarillo-oyambre1-300x194.png 300w, https:\/\/alpoma.net\/tecob\/wp-content\/uploads\/2017\/09\/pajaro-amarillo-oyambre1-640x413.png 640w\" sizes=\"(max-width: 699px) 100vw, 699px\" \/><figcaption id=\"caption-attachment-12896\" class=\"wp-caption-text\">El <em>P\u00e1jaro amarillo<\/em> en la playa de Oyambre. Fuente: Mundo Gr\u00e1fico, 19 de junio de 1929.<\/figcaption><\/figure>\n<figure id=\"attachment_12897\" aria-describedby=\"caption-attachment-12897\" style=\"width: 620px\" class=\"wp-caption aligncenter\"><img loading=\"lazy\" decoding=\"async\" data-attachment-id=\"12897\" data-permalink=\"https:\/\/alpoma.net\/tecob\/?attachment_id=12897\" data-orig-file=\"https:\/\/alpoma.net\/tecob\/wp-content\/uploads\/2017\/09\/pajaro-amarillo-oyambre2.png\" data-orig-size=\"620,261\" data-comments-opened=\"0\" data-image-meta=\"{&quot;aperture&quot;:&quot;0&quot;,&quot;credit&quot;:&quot;&quot;,&quot;camera&quot;:&quot;&quot;,&quot;caption&quot;:&quot;&quot;,&quot;created_timestamp&quot;:&quot;0&quot;,&quot;copyright&quot;:&quot;&quot;,&quot;focal_length&quot;:&quot;0&quot;,&quot;iso&quot;:&quot;0&quot;,&quot;shutter_speed&quot;:&quot;0&quot;,&quot;title&quot;:&quot;&quot;,&quot;orientation&quot;:&quot;0&quot;}\" data-image-title=\"pajaro-amarillo-oyambre2\" data-image-description=\"\" data-image-caption=\"&lt;p&gt;aaaa&lt;\/p&gt;\n\" data-large-file=\"https:\/\/alpoma.net\/tecob\/wp-content\/uploads\/2017\/09\/pajaro-amarillo-oyambre2.png\" class=\"size-full wp-image-12897\" src=\"http:\/\/www.alpoma.net\/tecob\/wp-content\/uploads\/2017\/09\/pajaro-amarillo-oyambre2.png\" alt=\"\" width=\"620\" height=\"261\" srcset=\"https:\/\/alpoma.net\/tecob\/wp-content\/uploads\/2017\/09\/pajaro-amarillo-oyambre2.png 620w, https:\/\/alpoma.net\/tecob\/wp-content\/uploads\/2017\/09\/pajaro-amarillo-oyambre2-300x126.png 300w\" sizes=\"auto, (max-width: 620px) 100vw, 620px\" \/><figcaption id=\"caption-attachment-12897\" class=\"wp-caption-text\">Otra imagen del <em>P\u00e1jaro amarillo<\/em> en la playa de Oyambre. Fuente: Mundo Gr\u00e1fico, 19 de junio de 1929.<\/figcaption><\/figure>\n<figure id=\"attachment_12899\" aria-describedby=\"caption-attachment-12899\" style=\"width: 620px\" class=\"wp-caption aligncenter\"><img loading=\"lazy\" decoding=\"async\" data-attachment-id=\"12899\" data-permalink=\"https:\/\/alpoma.net\/tecob\/?attachment_id=12899\" data-orig-file=\"https:\/\/alpoma.net\/tecob\/wp-content\/uploads\/2017\/09\/pajaro-amarillo-oyambre3.png\" data-orig-size=\"620,528\" data-comments-opened=\"0\" data-image-meta=\"{&quot;aperture&quot;:&quot;0&quot;,&quot;credit&quot;:&quot;&quot;,&quot;camera&quot;:&quot;&quot;,&quot;caption&quot;:&quot;&quot;,&quot;created_timestamp&quot;:&quot;0&quot;,&quot;copyright&quot;:&quot;&quot;,&quot;focal_length&quot;:&quot;0&quot;,&quot;iso&quot;:&quot;0&quot;,&quot;shutter_speed&quot;:&quot;0&quot;,&quot;title&quot;:&quot;&quot;,&quot;orientation&quot;:&quot;0&quot;}\" data-image-title=\"pajaro-amarillo-oyambre3\" data-image-description=\"\" data-image-caption=\"&lt;p&gt;hhh&lt;\/p&gt;\n\" data-large-file=\"https:\/\/alpoma.net\/tecob\/wp-content\/uploads\/2017\/09\/pajaro-amarillo-oyambre3.png\" class=\"size-full wp-image-12899\" src=\"http:\/\/www.alpoma.net\/tecob\/wp-content\/uploads\/2017\/09\/pajaro-amarillo-oyambre3.png\" alt=\"\" width=\"620\" height=\"528\" srcset=\"https:\/\/alpoma.net\/tecob\/wp-content\/uploads\/2017\/09\/pajaro-amarillo-oyambre3.png 620w, https:\/\/alpoma.net\/tecob\/wp-content\/uploads\/2017\/09\/pajaro-amarillo-oyambre3-300x255.png 300w\" sizes=\"auto, (max-width: 620px) 100vw, 620px\" \/><figcaption id=\"caption-attachment-12899\" class=\"wp-caption-text\">De izquierda a derecha: Lef\u00e8vre, Lotti y el poliz\u00f3n en la playa de Oyambre. Fuente: Mundo Gr\u00e1fico, 19 de junio de 1929.<\/figcaption><\/figure>\n<p><strong>Pronto la playa se llen\u00f3 de curiosos<\/strong>. Assolant, Lef\u00e8vre, Lotti y el poliz\u00f3n, despu\u00e9s de casi treinta horas de vuelo y unos 6.000 kil\u00f3metros recorridos, se encontraron con una acogida que no esperaban. El vuelo se hab\u00eda torcido, la tripulaci\u00f3n hab\u00eda encontrado una fuerte tormenta cerca ya de tierra continental que hab\u00eda desviado el aparato hasta el norte de Espa\u00f1a. Intentaron no romper con su ruta inicial, pero al ascender para tratar de sortear la tormenta, se hab\u00edan encontrado con temperaturas g\u00e9lidas. Total, ante algo as\u00ed no les qued\u00f3 m\u00e1s remedio que buscar con prisas un lugar adecuado para descender sin peligro antes de quedarse sin combustible<sup>5<\/sup>. Vale, no era lo ideal, pero no estaba nada mal, porque las cosas pod\u00edan haber terminado mucho peor. Tal y como narraba <em>El Heraldo de Madrid<\/em> en su edici\u00f3n del s\u00e1bado 15 de junio de 1929:<\/p>\n<hr \/>\n<p><em>A las ocho de la noche aterriz\u00f3 en la playa de Oyambre el avi\u00f3n \u00abP\u00e1jaro amarillo\u00bb. (&#8230;) El vecindario de Comillas acudi\u00f3 presuroso a prestar auxilio a los aviadores. Estos descendieron del aparato y manifestaron que se hab\u00edan visto obligados a aterrizar por falta de gasolina. Acompa\u00f1ados de las autoridades y el vecindario, que aclam\u00f3 a los aviadores, se dirigieron en un autom\u00f3vil a la fonda La Monta\u00f1esa, donde se hospedaron. El aparato qued\u00f3 custodiado por fuerzas de Carabineros y de la Guardia Civil de la villa, que prestan servicio en la playa. Con los dos pilotos ven\u00eda un mec\u00e1nico y un chico que al despegar el aparato se hab\u00eda colado en la cabina, haciendo el viaje con los aviadores, que se manifestaron muy sorprendidos por la presencia de aquel inesperado compa\u00f1ero de viaje. Un grupo de se\u00f1oritas comillanas obsequi\u00f3 a los aviadores con ramos de flores, y \u00e9stos correspondieron dedicando aut\u00f3grafos. Los aviadores son muy atendidos y agasajados por las autoridades y el vecindario. (&#8230;) Tambi\u00e9n ha sufrido el avi\u00f3n la rotura de una pieza. Los aviadores se dirigieron a la Administraci\u00f3n de Correos, donde depositaron varios paquetes de cartas que llevaban a Par\u00eds, con el fin de que sigan su destino. Como mascota llevan un peque\u00f1o caim\u00e1n vivo. <\/em><\/p>\n<p><em>Desde Comillas hablaron con el gobernador civil y con el general Saliquet, a los que pidieron que les faciliten gasolina y una pieza para sustituir la averiada en el motor. El gobernador civil ha hablado extensamente con ellos y se dispone a facilitarles cuanto necesiten. En este momento los aviadores est\u00e1n cenando en la fonda, acompa\u00f1ados de las autoridades y el numeroso p\u00fablico estacionado antes la fonda aclamando a los tripulantes. Tienen el prop\u00f3sito de reanudar el vuelo ma\u00f1ana al mediod\u00eda si no se lo impide la peque\u00f1a aver\u00eda del avi\u00f3n.<\/em><\/p>\n<hr \/>\n<h2>Arthur Schreiber, el alocado poliz\u00f3n<\/h2>\n<p>Mientras eso suced\u00eda en Cantabria, <strong>estaban ya preparando un gran espect\u00e1culo para recibir a los nuevos h\u00e9roes franceses en el aeropuerto parisino de Le Bourget<\/strong>. La fiesta estaba preparada ya para la hora prevista de llegada, pero el aviso del contratiempo y de la escala en Espa\u00f1a hizo que la celebraci\u00f3n se retrasara unos d\u00edas. Entre tanto, <strong>en Comillas se luc\u00eda un nuevo h\u00e9roe: el poliz\u00f3n<\/strong>. Todo el mundo estaba fascinado con el chaval norteamericano de unos veinte a\u00f1os que se hab\u00eda colado en el avi\u00f3n. Siguiendo con la mencionada cr\u00f3nica, los periodistas tuvieron la oportunidad de entrevistarlo. Al parecer, su obsesi\u00f3n por volar ven\u00eda de sus lecturas sobre h\u00e9roes del cielo que aparec\u00edan en los peri\u00f3dicos americanos&#8230;<\/p>\n<hr \/>\n<p><em>\u2014\u00bfTanto deseo ten\u00eda usted de hacer un vuelo como este?<br \/>\n\u2014Estaba loco porque se me presentase una ocasi\u00f3n de poder realizarlo; pero ya comprender\u00e1 usted que al mismo tiempo me daba cuenta de la imposibilidad de llevarlo a cabo quien, como yo, no es aviador.<br \/>\n\u2014S\u00ed; no hubiese cabido m\u00e1s que comprar un aparato y pagar a un piloto&#8230;<br \/>\n\u2014Exacto, pero yo no ten\u00eda, no tengo dinero para semejante cosa, y en calidad de simple ciudadano americano ya me daba cuenta de que era irrealizable la aventura&#8230;<br \/>\n\u2014Entonces&#8230;<br \/>\n\u2014No desist\u00ed por ello de poder volar como quer\u00eda, descontando que ning\u00fan aviador me iba a conceder la gracia de aceptarme como pasajero.<br \/>\n\u2014\u00bfEsto tambi\u00e9n lo supon\u00eda usted?<br \/>\n\u2014No, no \u2014nos ha respondido con vehemencia\u2014; lo sab\u00eda seguro; se lo he pedido a todos los que han intentado la traves\u00eda&#8230; Por eso me he escondido en el \u00abP\u00e1jaro amarillo\u00bb. \u00a1Y he dado el salto a Europa!<\/em><\/p>\n<p><em>Y al decir esto, el simp\u00e1tico poliz\u00f3n se exalta, la cara radiante, gesticula y se mueve nervioso de contento. Caso estamos a punto de decir que apenas le falta para romper un zapateado de j\u00fabilo. Preguntamos al poliz\u00f3n si no se hab\u00eda dado cuenta del peligro en que hab\u00eda puesto a los aviadores, y nos contesta que \u00e9l no pensaba m\u00e1s que en la gloria. Estaba obsesionado por la proeza de Lindbergh, y como \u00e9l no era piloto y por sus propios medios no pod\u00eda conseguir su anhelo, hab\u00eda optado por este procedimiento. A\u00f1ade que es la primera vez que ha volado en su vida. Nos dice que es actor de profesi\u00f3n y que ha trabajado en varios teatros de Am\u00e9rica.<\/p>\n<p>Por su parte, el aviador Lotti nos dice que este poliz\u00f3n es un muchacho de gran imaginaci\u00f3n, pues a ellos les ha dicho que era empleado de una oficina. Agrega que no ha sido nada valiente durante el vuelo. Preguntamos a Lotti si piensa continuar con el poliz\u00f3n el viaje y nos contesta que llegar\u00e1n con \u00e9l a Par\u00eds, porque dejarle aqu\u00ed sin dinero y sin conocer el idioma ser\u00eda tanto como si le hubieran arrojado al Atl\u00e1ntico&#8230;<\/em><\/p>\n<hr \/>\n<p><strong>Estoy seguro que se les pas\u00f3 por la cabeza tirarlo al mar, de eso no hay duda, y no era para menos. El chico hab\u00eda puesto en peligro no s\u00f3lo la aventura como tal, sino sus vidas.<\/strong> Los aviadores aseguraron que, con gran seguridad, si no hubiera sido por la presencia del poliz\u00f3n, hubieran podido realizar la ruta original como hab\u00edan pensado. Ah, por cierto, seg\u00fan recogen las cr\u00f3nicas, lo que el extra\u00f1o poliz\u00f3n, vestido con un chaquet\u00f3n de cuero al modo de un \u00abaviador\u00bb, hizo nada m\u00e1s llegar a Comillas, tras ser llevado en hombros por algunos vecinos, fue pillarse<strong> una \u00abcasta\u00f1a monumental\u00bb.<\/strong><\/p>\n<figure id=\"attachment_12894\" aria-describedby=\"caption-attachment-12894\" style=\"width: 620px\" class=\"wp-caption aligncenter\"><img loading=\"lazy\" decoding=\"async\" data-attachment-id=\"12894\" data-permalink=\"https:\/\/alpoma.net\/tecob\/?attachment_id=12894\" data-orig-file=\"https:\/\/alpoma.net\/tecob\/wp-content\/uploads\/2017\/09\/arthur-schreiber.png\" data-orig-size=\"620,647\" data-comments-opened=\"0\" data-image-meta=\"{&quot;aperture&quot;:&quot;0&quot;,&quot;credit&quot;:&quot;&quot;,&quot;camera&quot;:&quot;&quot;,&quot;caption&quot;:&quot;&quot;,&quot;created_timestamp&quot;:&quot;0&quot;,&quot;copyright&quot;:&quot;&quot;,&quot;focal_length&quot;:&quot;0&quot;,&quot;iso&quot;:&quot;0&quot;,&quot;shutter_speed&quot;:&quot;0&quot;,&quot;title&quot;:&quot;&quot;,&quot;orientation&quot;:&quot;0&quot;}\" data-image-title=\"arthur-schreiber\" data-image-description=\"\" data-image-caption=\"&lt;p&gt;El poliz\u00f3n, Arthur Schreiber. Fuente: Mundo Gr\u00e1fico, 14 de agosto de 1929.&lt;\/p&gt;\n\" data-large-file=\"https:\/\/alpoma.net\/tecob\/wp-content\/uploads\/2017\/09\/arthur-schreiber.png\" class=\"size-full wp-image-12894\" src=\"http:\/\/www.alpoma.net\/tecob\/wp-content\/uploads\/2017\/09\/arthur-schreiber.png\" alt=\"\" width=\"620\" height=\"647\" srcset=\"https:\/\/alpoma.net\/tecob\/wp-content\/uploads\/2017\/09\/arthur-schreiber.png 620w, https:\/\/alpoma.net\/tecob\/wp-content\/uploads\/2017\/09\/arthur-schreiber-287x300.png 287w\" sizes=\"auto, (max-width: 620px) 100vw, 620px\" \/><figcaption id=\"caption-attachment-12894\" class=\"wp-caption-text\">El poliz\u00f3n, Arthur Schreiber. Fuente: Mundo Gr\u00e1fico, 19 de junio de 1929.<\/figcaption><\/figure>\n<p>El monoplano amarillo, que mostraba en su fuselaje una bandera francesa pintada diagonalmente en la cabina y varias siluetas de cig\u00fce\u00f1as en vuelo, fue reparado al d\u00eda siguiente, cargado con el combustible necesario para llegar a territorio franc\u00e9s y puesto a prueba. El motor <strong>Hispano Suiza<\/strong> se port\u00f3 con extrema fiabilidad, era una m\u00e1quina maravillosa. El 16 de junio el avi\u00f3n, su tripulaci\u00f3n y el poliz\u00f3n, volaron hacia Francia, con escala en <strong><a href=\"https:\/\/es.wikipedia.org\/wiki\/Mimizan\">Mimizan<\/a><\/strong>, donde recarg\u00f3 combustible. Finalmente llegaron como h\u00e9rores a Le Bourget al d\u00eda siguiente.<\/p>\n<figure id=\"attachment_12887\" aria-describedby=\"caption-attachment-12887\" style=\"width: 620px\" class=\"wp-caption aligncenter\"><img loading=\"lazy\" decoding=\"async\" data-attachment-id=\"12887\" data-permalink=\"https:\/\/alpoma.net\/tecob\/?attachment_id=12887\" data-orig-file=\"https:\/\/alpoma.net\/tecob\/wp-content\/uploads\/2017\/09\/pajaro-amarillo-monumento.png\" data-orig-size=\"620,433\" data-comments-opened=\"0\" data-image-meta=\"{&quot;aperture&quot;:&quot;0&quot;,&quot;credit&quot;:&quot;&quot;,&quot;camera&quot;:&quot;&quot;,&quot;caption&quot;:&quot;&quot;,&quot;created_timestamp&quot;:&quot;0&quot;,&quot;copyright&quot;:&quot;&quot;,&quot;focal_length&quot;:&quot;0&quot;,&quot;iso&quot;:&quot;0&quot;,&quot;shutter_speed&quot;:&quot;0&quot;,&quot;title&quot;:&quot;&quot;,&quot;orientation&quot;:&quot;0&quot;}\" data-image-title=\"pajaro-amarillo-monumento\" data-image-description=\"\" data-image-caption=\"&lt;p&gt;Fotograf\u00eda de la ceremonia en la que aparece el tripulante Lotti, invitado a la inauguraci\u00f3n del monumento levantado en la playa de Oyambre en recuerdo de la llegada del \u00abP\u00e1jaro amarillo\u00bb. Fuente: &lt;em&gt;Espa\u00f1a y Am\u00e9rica&lt;\/em&gt;. Octubre de 1929.&lt;\/p&gt;\n\" data-large-file=\"https:\/\/alpoma.net\/tecob\/wp-content\/uploads\/2017\/09\/pajaro-amarillo-monumento.png\" class=\"size-full wp-image-12887\" src=\"http:\/\/www.alpoma.net\/tecob\/wp-content\/uploads\/2017\/09\/pajaro-amarillo-monumento.png\" alt=\"\" width=\"620\" height=\"433\" srcset=\"https:\/\/alpoma.net\/tecob\/wp-content\/uploads\/2017\/09\/pajaro-amarillo-monumento.png 620w, https:\/\/alpoma.net\/tecob\/wp-content\/uploads\/2017\/09\/pajaro-amarillo-monumento-300x210.png 300w\" sizes=\"auto, (max-width: 620px) 100vw, 620px\" \/><figcaption id=\"caption-attachment-12887\" class=\"wp-caption-text\">Fotograf\u00eda de la ceremonia en la que aparece el tripulante Lotti, invitado a la inauguraci\u00f3n del monumento levantado en la playa de Oyambre en recuerdo de la llegada del \u00abP\u00e1jaro amarillo\u00bb. Fuente: <em>Espa\u00f1a y Am\u00e9rica<\/em>. Octubre de 1929.<\/figcaption><\/figure>\n<p><strong>Arthur Schreiber regres\u00f3 a Estados Unidos en barco desde Francia, con pasaje pagado por el propio Lotti<\/strong> (previa reprimenda para el chaval por parte del embajador de Estados Unidos), donde se convirti\u00f3 en ef\u00edmera celebridad, aunque nunca sac\u00f3 provecho econ\u00f3mico de su aventura. En septiembre de aquel mismo a\u00f1o fue atropellado por un autom\u00f3vil, que lo dej\u00f3 en estado muy grave<sup>6<\/sup>. <strong>Logr\u00f3 sobrevivir al accidente y, cinco d\u00e9cadas m\u00e1s tarde, regres\u00f3 a Francia<\/strong>, invitado a las celebraciones en recuerdo de la aventura a\u00e9rea.<\/p>\n<p>A finales de 1929 los tripulantes del <em>P\u00e1jaro amarillo<\/em> regresaron a Espa\u00f1a, de paso hacia Portugal, y de nuevo de vuelta, para pasar unos d\u00edas en medio de su <strong>gira triunfal por Europa<\/strong>. Las siguientes fotograf\u00edas fueron tomadas en Cuatro Vientos durante su paso por Madrid.<\/p>\n<figure id=\"attachment_12890\" aria-describedby=\"caption-attachment-12890\" style=\"width: 620px\" class=\"wp-caption aligncenter\"><img loading=\"lazy\" decoding=\"async\" data-attachment-id=\"12890\" data-permalink=\"https:\/\/alpoma.net\/tecob\/?attachment_id=12890\" data-orig-file=\"https:\/\/alpoma.net\/tecob\/wp-content\/uploads\/2017\/09\/pajaro-amarillo-madrid.png\" data-orig-size=\"620,353\" data-comments-opened=\"0\" data-image-meta=\"{&quot;aperture&quot;:&quot;0&quot;,&quot;credit&quot;:&quot;&quot;,&quot;camera&quot;:&quot;&quot;,&quot;caption&quot;:&quot;&quot;,&quot;created_timestamp&quot;:&quot;0&quot;,&quot;copyright&quot;:&quot;&quot;,&quot;focal_length&quot;:&quot;0&quot;,&quot;iso&quot;:&quot;0&quot;,&quot;shutter_speed&quot;:&quot;0&quot;,&quot;title&quot;:&quot;&quot;,&quot;orientation&quot;:&quot;0&quot;}\" data-image-title=\"pajaro-amarillo-madrid\" data-image-description=\"\" data-image-caption=\"&lt;p&gt;Fuente: La Esfera. Agosto de 1929.&lt;\/p&gt;\n\" data-large-file=\"https:\/\/alpoma.net\/tecob\/wp-content\/uploads\/2017\/09\/pajaro-amarillo-madrid.png\" class=\"size-full wp-image-12890\" src=\"http:\/\/www.alpoma.net\/tecob\/wp-content\/uploads\/2017\/09\/pajaro-amarillo-madrid.png\" alt=\"\" width=\"620\" height=\"353\" srcset=\"https:\/\/alpoma.net\/tecob\/wp-content\/uploads\/2017\/09\/pajaro-amarillo-madrid.png 620w, https:\/\/alpoma.net\/tecob\/wp-content\/uploads\/2017\/09\/pajaro-amarillo-madrid-300x171.png 300w\" sizes=\"auto, (max-width: 620px) 100vw, 620px\" \/><figcaption id=\"caption-attachment-12890\" class=\"wp-caption-text\">Fuente: La Esfera. Agosto de 1929.<\/figcaption><\/figure>\n<figure id=\"attachment_12891\" aria-describedby=\"caption-attachment-12891\" style=\"width: 620px\" class=\"wp-caption aligncenter\"><img loading=\"lazy\" decoding=\"async\" data-attachment-id=\"12891\" data-permalink=\"https:\/\/alpoma.net\/tecob\/?attachment_id=12891\" data-orig-file=\"https:\/\/alpoma.net\/tecob\/wp-content\/uploads\/2017\/09\/pajaro-amarillo-madrid2.png\" data-orig-size=\"620,385\" data-comments-opened=\"0\" data-image-meta=\"{&quot;aperture&quot;:&quot;0&quot;,&quot;credit&quot;:&quot;&quot;,&quot;camera&quot;:&quot;&quot;,&quot;caption&quot;:&quot;&quot;,&quot;created_timestamp&quot;:&quot;0&quot;,&quot;copyright&quot;:&quot;&quot;,&quot;focal_length&quot;:&quot;0&quot;,&quot;iso&quot;:&quot;0&quot;,&quot;shutter_speed&quot;:&quot;0&quot;,&quot;title&quot;:&quot;&quot;,&quot;orientation&quot;:&quot;0&quot;}\" data-image-title=\"pajaro-amarillo-madrid2\" data-image-description=\"\" data-image-caption=\"&lt;p&gt;Fuente: La Esfera. Agosto de 1929.&lt;\/p&gt;\n\" data-large-file=\"https:\/\/alpoma.net\/tecob\/wp-content\/uploads\/2017\/09\/pajaro-amarillo-madrid2.png\" class=\"size-full wp-image-12891\" src=\"http:\/\/www.alpoma.net\/tecob\/wp-content\/uploads\/2017\/09\/pajaro-amarillo-madrid2.png\" alt=\"\" width=\"620\" height=\"385\" srcset=\"https:\/\/alpoma.net\/tecob\/wp-content\/uploads\/2017\/09\/pajaro-amarillo-madrid2.png 620w, https:\/\/alpoma.net\/tecob\/wp-content\/uploads\/2017\/09\/pajaro-amarillo-madrid2-300x186.png 300w\" sizes=\"auto, (max-width: 620px) 100vw, 620px\" \/><figcaption id=\"caption-attachment-12891\" class=\"wp-caption-text\">Fuente: La Esfera. Agosto de 1929.<\/figcaption><\/figure>\n<figure id=\"attachment_12892\" aria-describedby=\"caption-attachment-12892\" style=\"width: 620px\" class=\"wp-caption aligncenter\"><img loading=\"lazy\" decoding=\"async\" data-attachment-id=\"12892\" data-permalink=\"https:\/\/alpoma.net\/tecob\/?attachment_id=12892\" data-orig-file=\"https:\/\/alpoma.net\/tecob\/wp-content\/uploads\/2017\/09\/pajaro-amarillo-madrid3.png\" data-orig-size=\"620,385\" data-comments-opened=\"0\" data-image-meta=\"{&quot;aperture&quot;:&quot;0&quot;,&quot;credit&quot;:&quot;&quot;,&quot;camera&quot;:&quot;&quot;,&quot;caption&quot;:&quot;&quot;,&quot;created_timestamp&quot;:&quot;0&quot;,&quot;copyright&quot;:&quot;&quot;,&quot;focal_length&quot;:&quot;0&quot;,&quot;iso&quot;:&quot;0&quot;,&quot;shutter_speed&quot;:&quot;0&quot;,&quot;title&quot;:&quot;&quot;,&quot;orientation&quot;:&quot;0&quot;}\" data-image-title=\"pajaro-amarillo-madrid3\" data-image-description=\"\" data-image-caption=\"&lt;p&gt;\u00abLos aviadores Assolant, Lef\u00e8vre y Lotti, acompa\u00f1ados del ingeniero M. Saint Fierre y el mec\u00e1nico M. Lewy, momentos antes de emprender el vuelo, en el aer\u00f3dromo de Cuatro Vientos, con rumbo a Lisboa\u00bb Fuente: Mundo Gr\u00e1fico, 14 de agosto de 1929.&lt;\/p&gt;\n\" data-large-file=\"https:\/\/alpoma.net\/tecob\/wp-content\/uploads\/2017\/09\/pajaro-amarillo-madrid3.png\" class=\"size-full wp-image-12892\" src=\"http:\/\/www.alpoma.net\/tecob\/wp-content\/uploads\/2017\/09\/pajaro-amarillo-madrid3.png\" alt=\"\" width=\"620\" height=\"385\" srcset=\"https:\/\/alpoma.net\/tecob\/wp-content\/uploads\/2017\/09\/pajaro-amarillo-madrid3.png 620w, https:\/\/alpoma.net\/tecob\/wp-content\/uploads\/2017\/09\/pajaro-amarillo-madrid3-300x186.png 300w\" sizes=\"auto, (max-width: 620px) 100vw, 620px\" \/><figcaption id=\"caption-attachment-12892\" class=\"wp-caption-text\">\u00abLos aviadores Assolant, Lef\u00e8vre y Lotti, acompa\u00f1ados del ingeniero M. Saint Fierre y el mec\u00e1nico M. Lewy, momentos antes de emprender el vuelo, en el aer\u00f3dromo de Cuatro Vientos, con rumbo a Lisboa\u00bb Fuente: Mundo Gr\u00e1fico, 14 de agosto de 1929.<\/figcaption><\/figure>\n<hr \/>\n<p><strong>Ver tambi\u00e9n<\/strong>:<\/p>\n<ul>\n<li><a href=\"http:\/\/www.alpoma.net\/tecob\/?p=12465\">El d\u00eda que Charles Lindbergh ameriz\u00f3 en Santo\u00f1a<\/a>.<\/li>\n<li><a href=\"http:\/\/www.alpoma.net\/tecob\/?p=11681\">El primer vuelo a trav\u00e9s del Atl\u00e1ntico\u2026 y no me refiero a Lindbergh<\/a>.<\/li>\n<\/ul>\n<hr \/>\n<p><strong>Notas<\/strong>:<\/p>\n<ul>\n<li><sup>1<\/sup> <em>El Heraldo de Madrid<\/em>. 30 de mayo de 1929.<\/li>\n<li><sup>2<\/sup> <em>The New York Times<\/em>. 4 de marzo de 1940.<\/li>\n<li><sup>3<\/sup> <em>El Imparcial<\/em>. 30 de mayo de 1929 y <em>La Voz<\/em>. 29 de mayo de 1929.<\/li>\n<li><sup>4<\/sup> <em>El Heraldo de Madrid. 15 de junio de 1929.<\/em><\/li>\n<li><sup>5<\/sup> <em>A\u00e9rea. 1929, n\u00famero 71.<\/em><\/li>\n<li><sup>6<\/sup> <em>\u00c9poca, 25 de septiembre de 1929.<\/em><\/li>\n<\/ul>\n","protected":false},"excerpt":{"rendered":"<div class=\"mh-excerpt\"><p>En plena \u00e9poca de grandes gestas aeron\u00e1uticas, tres aviadores franceses deciden volar en su \u00abP\u00e1jaro amarillo\u00bb desde Estados Unidos hasta Francia. Tras muchas aventuras, se convertir\u00e1n en la cuarta tripulaci\u00f3n <a class=\"mh-excerpt-more\" href=\"https:\/\/alpoma.net\/tecob\/?p=12868\" title=\"La aventura del \u00abP\u00e1jaro amarillo\u00bb y el primer poliz\u00f3n a\u00e9reo\">[&#8230;]<\/a><\/p>\n<\/div>","protected":false},"author":1,"featured_media":12894,"comment_status":"open","ping_status":"open","sticky":false,"template":"","format":"standard","meta":{"jetpack_post_was_ever_published":false,"_jetpack_newsletter_access":"","_jetpack_dont_email_post_to_subs":false,"_jetpack_newsletter_tier_id":0,"_jetpack_memberships_contains_paywalled_content":false,"_jetpack_memberships_contains_paid_content":false,"footnotes":""},"categories":[3],"tags":[401,403,404,400,402],"class_list":["post-12868","post","type-post","status-publish","format-standard","has-post-thumbnail","hentry","category-obsolescencia","tag-401","tag-green-flash","tag-loiseau-canari","tag-pajaro-amarillo","tag-primer-polizon-aereo"],"jetpack_featured_media_url":"https:\/\/alpoma.net\/tecob\/wp-content\/uploads\/2017\/09\/arthur-schreiber.png","jetpack_shortlink":"https:\/\/wp.me\/p93Dc1-3ly","jetpack-related-posts":[{"id":13038,"url":"https:\/\/alpoma.net\/tecob\/?p=13038","url_meta":{"origin":12868,"position":0},"title":"Lo mejor de #TecOb en 2017","author":"alpoma","date":"28 diciembre 2017","format":false,"excerpt":"Se acaba el 2017 y, como siempre, es hora de hacer una lista con los mejores art\u00edculos de este a\u00f1o en Tecnolog\u00eda Obsoleta (y ya van doce a\u00f1os). Como siempre, es mi selecci\u00f3n personal, cuesti\u00f3n de gustos. Aqu\u00ed va lo mejor de #TecOb este a\u00f1o: Barcos mercantes nucleares. Calculadoras de\u2026","rel":"","context":"En \u00abPersonal\u00bb","block_context":{"text":"Personal","link":"https:\/\/alpoma.net\/tecob\/?cat=2"},"img":{"alt_text":"","src":"https:\/\/i0.wp.com\/alpoma.net\/tecob\/wp-content\/uploads\/2017\/12\/194846139_074476b622_o.jpg?resize=350%2C200&ssl=1","width":350,"height":200},"classes":[]},{"id":320,"url":"https:\/\/alpoma.net\/tecob\/?p=320","url_meta":{"origin":12868,"position":1},"title":"Diego Mar\u00edn, el \u00abhombre p\u00e1jaro\u00bb burgal\u00e9s","author":"alpoma","date":"18 enero 2006","format":false,"excerpt":"\u00bfQui\u00e9n fue el primer ser humano en volar a bordo de una m\u00e1quina m\u00e1s pesada que el aire? Tic tac tic tac... \u00bfOrville Wright? Pues parece que no, pues un ignoto burgal\u00e9s se empe\u00f1\u00f3 en imitar a los p\u00e1jaros en pleno siglo XVIII. Tal gesta sucedi\u00f3, al parecer, el 15\u2026","rel":"","context":"En \u00abInnovaci\u00f3n\u00bb","block_context":{"text":"Innovaci\u00f3n","link":"https:\/\/alpoma.net\/tecob\/?cat=4"},"img":{"alt_text":"","src":"","width":0,"height":0},"classes":[]},{"id":712,"url":"https:\/\/alpoma.net\/tecob\/?p=712","url_meta":{"origin":12868,"position":2},"title":"Cargo","author":"alpoma","date":"23 abril 2007","format":false,"excerpt":"Viajemos al pasado y a un remoto lugar. A\u00f1os cuarenta, en medio de la nada, por todas partes lo \u00fanico que puede verse es agua, el Oc\u00e9ano Pac\u00edfico arropa a las peque\u00f1as islas que lo salpican. Los habitantes de una de esas min\u00fasculas porciones de tierra emergida viven aislados del\u2026","rel":"","context":"En \u00abGeo\u00bb","block_context":{"text":"Geo","link":"https:\/\/alpoma.net\/tecob\/?cat=5"},"img":{"alt_text":"","src":"https:\/\/i0.wp.com\/alpoma.net\/tecob\/wp-content\/uploads\/2007\/04\/470284806_10b77a53ba_o.jpg?resize=350%2C200&ssl=1","width":350,"height":200},"classes":[]},{"id":657,"url":"https:\/\/alpoma.net\/tecob\/?p=657","url_meta":{"origin":12868,"position":3},"title":"El padre del P\u00e1jaro Negro","author":"alpoma","date":"12 enero 2007","format":false,"excerpt":"\u00bfPuede haber existido alg\u00fan dise\u00f1ador aeron\u00e1utico m\u00e1s prol\u00edfico que Kelly Johnson? La verdad, lo dudo mucho. Clarence Leonard Johnson, al que todo el mundo llamaba Kelly, es uno de esos casos asombrosos en los que la pasi\u00f3n por la tecnolog\u00eda origin\u00f3 tal cantidad de resultados sobresalientes que, sinceramente, hay que\u2026","rel":"","context":"En \u00abObsolescencia\u00bb","block_context":{"text":"Obsolescencia","link":"https:\/\/alpoma.net\/tecob\/?cat=3"},"img":{"alt_text":"ClarenceJohnson1","src":"https:\/\/i0.wp.com\/farm1.static.flickr.com\/129\/355187401_dad705f052_m.jpg?resize=350%2C200","width":350,"height":200},"classes":[]},{"id":9008,"url":"https:\/\/alpoma.net\/tecob\/?p=9008","url_meta":{"origin":12868,"position":4},"title":"Jorge Loring, pionero de la aviaci\u00f3n espa\u00f1ola","author":"alpoma","date":"1 mayo 2014","format":false,"excerpt":"Versi\u00f3n reducida del art\u00edculo que publiqu\u00e9 en la revista Historia de Iberia Vieja, edici\u00f3n de mayo de 2014. Dos l\u00edneas regulares tenemos establecidas actualmente en Espa\u00f1a. Una es la de Sevilla a Larache (\u2026) que funciona con toda regularidad, siendo una de las l\u00edneas de mayor seguridad entre todas las\u2026","rel":"","context":"En \u00abMade in Spain\u00bb","block_context":{"text":"Made in Spain","link":"https:\/\/alpoma.net\/tecob\/?cat=10"},"img":{"alt_text":"","src":"https:\/\/i0.wp.com\/alpoma.net\/tecob\/wp-content\/uploads\/2014\/05\/publi-698x10241.jpg?resize=350%2C200&ssl=1","width":350,"height":200,"srcset":"https:\/\/i0.wp.com\/alpoma.net\/tecob\/wp-content\/uploads\/2014\/05\/publi-698x10241.jpg?resize=350%2C200&ssl=1 1x, https:\/\/i0.wp.com\/alpoma.net\/tecob\/wp-content\/uploads\/2014\/05\/publi-698x10241.jpg?resize=525%2C300&ssl=1 1.5x"},"classes":[]},{"id":11681,"url":"https:\/\/alpoma.net\/tecob\/?p=11681","url_meta":{"origin":12868,"position":5},"title":"El primer vuelo a trav\u00e9s del Atl\u00e1ntico&#8230; y no me refiero a Lindbergh","author":"alpoma","date":"8 octubre 2015","format":false,"excerpt":"Son pocos los nombres que realmente quedan grabados a fuego en las p\u00e1ginas de la historia y que puedan soportar con fortuna el paso de las d\u00e9cadas en la memoria colectiva. Uno de esos nombres es el de Charles Lindbergh, h\u00e9roe desde el a\u00f1o 1927, cuando se convirti\u00f3 en el\u2026","rel":"","context":"En \u00abObsolescencia\u00bb","block_context":{"text":"Obsolescencia","link":"https:\/\/alpoma.net\/tecob\/?cat=3"},"img":{"alt_text":"","src":"https:\/\/i0.wp.com\/alpoma.net\/tecob\/wp-content\/uploads\/2015\/10\/curtiss_5.jpg?resize=350%2C200&ssl=1","width":350,"height":200,"srcset":"https:\/\/i0.wp.com\/alpoma.net\/tecob\/wp-content\/uploads\/2015\/10\/curtiss_5.jpg?resize=350%2C200&ssl=1 1x, https:\/\/i0.wp.com\/alpoma.net\/tecob\/wp-content\/uploads\/2015\/10\/curtiss_5.jpg?resize=525%2C300&ssl=1 1.5x"},"classes":[]}],"jetpack_sharing_enabled":true,"_links":{"self":[{"href":"https:\/\/alpoma.net\/tecob\/index.php?rest_route=\/wp\/v2\/posts\/12868","targetHints":{"allow":["GET"]}}],"collection":[{"href":"https:\/\/alpoma.net\/tecob\/index.php?rest_route=\/wp\/v2\/posts"}],"about":[{"href":"https:\/\/alpoma.net\/tecob\/index.php?rest_route=\/wp\/v2\/types\/post"}],"author":[{"embeddable":true,"href":"https:\/\/alpoma.net\/tecob\/index.php?rest_route=\/wp\/v2\/users\/1"}],"replies":[{"embeddable":true,"href":"https:\/\/alpoma.net\/tecob\/index.php?rest_route=%2Fwp%2Fv2%2Fcomments&post=12868"}],"version-history":[{"count":0,"href":"https:\/\/alpoma.net\/tecob\/index.php?rest_route=\/wp\/v2\/posts\/12868\/revisions"}],"wp:featuredmedia":[{"embeddable":true,"href":"https:\/\/alpoma.net\/tecob\/index.php?rest_route=\/wp\/v2\/media\/12894"}],"wp:attachment":[{"href":"https:\/\/alpoma.net\/tecob\/index.php?rest_route=%2Fwp%2Fv2%2Fmedia&parent=12868"}],"wp:term":[{"taxonomy":"category","embeddable":true,"href":"https:\/\/alpoma.net\/tecob\/index.php?rest_route=%2Fwp%2Fv2%2Fcategories&post=12868"},{"taxonomy":"post_tag","embeddable":true,"href":"https:\/\/alpoma.net\/tecob\/index.php?rest_route=%2Fwp%2Fv2%2Ftags&post=12868"}],"curies":[{"name":"wp","href":"https:\/\/api.w.org\/{rel}","templated":true}]}}