{"id":1277,"date":"2009-10-08T14:07:29","date_gmt":"2009-10-08T12:07:29","guid":{"rendered":"http:\/\/www.alpoma.net\/tecob\/?p=1277"},"modified":"2009-10-08T14:07:29","modified_gmt":"2009-10-08T12:07:29","slug":"recuerdos-de-1898","status":"publish","type":"post","link":"https:\/\/alpoma.net\/tecob\/?p=1277","title":{"rendered":"Recuerdos de 1898"},"content":{"rendered":"<p><strong><a href=\"http:\/\/www.fieldmuseum.org\/\" class=\"enlaces\">The Field Museum<\/a><\/strong>, de Chicago, cuenta en <em>Flickr<\/em> con una <strong><a href=\"http:\/\/www.flickr.com\/photos\/field_museum_library\/\" class=\"enlaces\">fascinante galer\u00eda de fotograf\u00edas hist\u00f3ricas<\/a><\/strong> cuya visita recomiendo sin duda alguna. Entre sus colecciones hay una que me ha llamado especialmente la atenci\u00f3n, sobre todo por algunas de sus im\u00e1genes. Se trata de las placas fotogr\u00e1ficas realizadas por una <strong><a href=\"http:\/\/www.flickr.com\/photos\/field_museum_library\/sets\/72157621965097688\/\" class=\"enlaces\">expedici\u00f3n de cient\u00edficos estadounidenses<\/a><\/strong>, sobre todo bot\u00e1nicos, realizada entre finales de 1898 y principios de 1899. Y, he ah\u00ed que coincidi\u00f3 el marco geogr\u00e1fico y temporal con lo que en Espa\u00f1a se conoci\u00f3 como el <em>Gran Desastre de 1898<\/em>, que no fue otra cosa que la p\u00e9rdida de Cuba, Puerto Rico y Filipinas tras la guerra con los Estados Unidos. Cuba entraba en el itinerario seguido por la expedici\u00f3n y, por suerte, contaban con material fotogr\u00e1fico de vanguardia para la \u00e9poca as\u00ed que, y esto es lo que m\u00e1s me ha atra\u00eddo, pudieron captar im\u00e1genes \u00fanicas de los restos de la flota espa\u00f1ola. He aqu\u00ed algunos ejemplos sobresalientes, tanto por el motivo mostrado como por la t\u00e9cnica empleada, pues se trata de <strong>placas fotogr\u00e1ficas de cristal primorosamente coloreadas a mano<\/strong>.<\/p>\n<p><img decoding=\"async\" src=\"http:\/\/farm3.static.flickr.com\/2564\/3992833258_87b6de08d4_o.jpg\" alt=\"img\" class=\"otros\"\/><br \/>\nDos buques de la Armada Espa\u00f1ola semihundidos en Santiago de Cuba.<br \/>\n<!--more--><br \/>\n<img decoding=\"async\" src=\"http:\/\/farm4.static.flickr.com\/3521\/3992833260_8cd4cdfe9b_o.jpg\" alt=\"img\" class=\"otros\"\/><br \/>\nSoldados de los Estados Unidos realizan pruebas con las bater\u00edas de ca\u00f1ones espa\u00f1olas en el Fuerte de San Crist\u00f3bal, Puerto Rico. <\/p>\n<p><img decoding=\"async\" src=\"http:\/\/farm4.static.flickr.com\/3454\/3992833266_7755110d25_o.jpg\" alt=\"img\" class=\"otros\"\/><br \/>\nRestos del Crucero Vizcaya, de la Armada Espa\u00f1ola, en Santiago de Cuba.<\/p>\n<p><img decoding=\"async\" src=\"http:\/\/farm3.static.flickr.com\/2676\/3992833268_7e7e817d36_o.jpg\" alt=\"img\" class=\"otros\"\/><br \/>\nRestos del Crucero acorazado Crist\u00f3bal Col\u00f3n, de la Armada Espa\u00f1ola, en Santiago de Cuba.<\/p>\n<p><img decoding=\"async\" src=\"http:\/\/farm4.static.flickr.com\/3505\/3992833270_28a42625f1_o.jpg\" alt=\"img\" class=\"otros\"\/><br \/>\nEl Crucero Vizcaya, parcialmente sumergido.<\/p>\n<p><img decoding=\"async\" src=\"http:\/\/farm4.static.flickr.com\/3434\/3992833272_995d8494d3_o.jpg\" alt=\"img\" class=\"otros\"\/><br \/>\nRestos del Crucero acorazado Almirante Oquendo, de la Armada Espa\u00f1ola, en Santiago de Cuba.<\/p>\n<p><img decoding=\"async\" src=\"http:\/\/farm3.static.flickr.com\/2632\/3992078661_b8b70de1cd_o.jpg\" alt=\"img\" class=\"otros\"\/><br \/>\nOtra vista de los restos del Almirante Oquendo.<\/p>\n<p><img decoding=\"async\" src=\"http:\/\/farm3.static.flickr.com\/2626\/3992078665_87eb2f16ac_o.jpg\" alt=\"img\" class=\"otros\"\/><br \/>\nUna de las torres de artiller\u00eda del Almirante Oquendo, con un ca\u00f1\u00f3n Gonz\u00e1lez Hontoria de 280 mm.<\/p>\n","protected":false},"excerpt":{"rendered":"<div class=\"mh-excerpt\"><p>The Field Museum, de Chicago, cuenta en Flickr con una fascinante galer\u00eda de fotograf\u00edas hist\u00f3ricas cuya visita recomiendo sin duda alguna. Entre sus colecciones hay una que me ha llamado <a class=\"mh-excerpt-more\" href=\"https:\/\/alpoma.net\/tecob\/?p=1277\" title=\"Recuerdos de 1898\">[&#8230;]<\/a><\/p>\n<\/div>","protected":false},"author":1,"featured_media":10898,"comment_status":"open","ping_status":"open","sticky":false,"template":"","format":"standard","meta":{"jetpack_post_was_ever_published":false,"_jetpack_newsletter_access":"","_jetpack_dont_email_post_to_subs":false,"_jetpack_newsletter_tier_id":0,"_jetpack_memberships_contains_paywalled_content":false,"_jetpack_memberships_contains_paid_content":false,"footnotes":""},"categories":[3],"tags":[],"class_list":["post-1277","post","type-post","status-publish","format-standard","has-post-thumbnail","hentry","category-obsolescencia"],"jetpack_featured_media_url":"https:\/\/alpoma.net\/tecob\/wp-content\/uploads\/2009\/10\/3992833258_87b6de08d4_o.jpg","jetpack_shortlink":"https:\/\/wp.me\/p93Dc1-kB","jetpack-related-posts":[{"id":6120,"url":"https:\/\/alpoma.net\/tecob\/?p=6120","url_meta":{"origin":1277,"position":0},"title":"La osad\u00eda mortal de Salomon August Andr\u00e9e","author":"alpoma","date":"28 enero 2012","format":false,"excerpt":"Lo que empieza mal suele terminar peor, y lo que empieza muy mal acaba por matarte. El final de esta historia era completamente predecible, pero su protagonista ten\u00eda en su cabeza la combinaci\u00f3n perfecta de locura, obstinaci\u00f3n, falta de sentido com\u00fan, nacionalismo rancio y mala leche, como para preferir morir\u2026","rel":"","context":"En \u00abObsolescencia\u00bb","block_context":{"text":"Obsolescencia","link":"https:\/\/alpoma.net\/tecob\/?cat=3"},"img":{"alt_text":"","src":"https:\/\/i0.wp.com\/alpoma.net\/tecob\/wp-content\/uploads\/2012\/01\/6772859273_3f6942a6d9_o.jpg?resize=350%2C200&ssl=1","width":350,"height":200,"srcset":"https:\/\/i0.wp.com\/alpoma.net\/tecob\/wp-content\/uploads\/2012\/01\/6772859273_3f6942a6d9_o.jpg?resize=350%2C200&ssl=1 1x, https:\/\/i0.wp.com\/alpoma.net\/tecob\/wp-content\/uploads\/2012\/01\/6772859273_3f6942a6d9_o.jpg?resize=525%2C300&ssl=1 1.5x"},"classes":[]},{"id":11842,"url":"https:\/\/alpoma.net\/tecob\/?p=11842","url_meta":{"origin":1277,"position":1},"title":"Antonio Sanjurjo Bad\u00eda, \u201cEl habilidades\u201d","author":"alpoma","date":"27 diciembre 2015","format":false,"excerpt":"Versi\u00f3n para TecOb del art\u00edculo que publiqu\u00e9 en la revista Historia de Iberia Vieja, edici\u00f3n de diciembre de 2015. El se\u00f1or Sanjurjo Bad\u00eda, que siente desde muy joven una afici\u00f3n extraordinaria por la apicultura, ha tenido siempre en los alados insectos productores de miel, un ejemplo de actividad que imitar\u2026","rel":"","context":"En \u00abMade in Spain\u00bb","block_context":{"text":"Made in Spain","link":"https:\/\/alpoma.net\/tecob\/?cat=10"},"img":{"alt_text":"","src":"https:\/\/i0.wp.com\/alpoma.net\/tecob\/wp-content\/uploads\/2015\/12\/sanjurjo_badia.jpg?resize=350%2C200&ssl=1","width":350,"height":200},"classes":[]},{"id":3178,"url":"https:\/\/alpoma.net\/tecob\/?p=3178","url_meta":{"origin":1277,"position":2},"title":"La ca\u00edda del \u00abchivato gordinfl\u00f3n\u00bb","author":"alpoma","date":"22 julio 2010","format":false,"excerpt":"Ayer complet\u00e9 la maqueta de un libro fascinante que no dudo en recomendar a los lectores de TecOb... cuando aparezca en las librer\u00edas, claro est\u00e1. Se trata de Breve historia de la guerra con los Estados Unidos1, obra de Miguel del Rey Vicente y Carlos Canales Torres. Bien, \u00bfy qu\u00e9\u2026","rel":"","context":"En \u00abMade in Spain\u00bb","block_context":{"text":"Made in Spain","link":"https:\/\/alpoma.net\/tecob\/?cat=10"},"img":{"alt_text":"","src":"https:\/\/i0.wp.com\/alpoma.net\/tecob\/wp-content\/uploads\/2010\/07\/4818299621_95676ea225_z.jpg?resize=350%2C200&ssl=1","width":350,"height":200},"classes":[]},{"id":5034,"url":"https:\/\/alpoma.net\/tecob\/?p=5034","url_meta":{"origin":1277,"position":3},"title":"Jorge Juan, Antonio de Ulloa y la medici\u00f3n del mundo (I)","author":"alpoma","date":"3 julio 2011","format":false,"excerpt":"Este art\u00edculo corresponde a una versi\u00f3n abreviada del que publiqu\u00e9 en la revista Historia de Iberia Vieja, en su edici\u00f3n n\u00famero 73 del mes de julio de 2011. AVISO: La segunda parte del art\u00edculo aparecer\u00e1 publicada en la misma revista en el mes de agosto. Estos dos apasionantes personajes hist\u00f3ricos\u2026","rel":"","context":"En \u00abMade in Spain\u00bb","block_context":{"text":"Made in Spain","link":"https:\/\/alpoma.net\/tecob\/?cat=10"},"img":{"alt_text":"jorge_juan","src":"https:\/\/i0.wp.com\/farm7.static.flickr.com\/6027\/5896917926_9445f24d52.jpg?resize=350%2C200","width":350,"height":200},"classes":[]},{"id":6704,"url":"https:\/\/alpoma.net\/tecob\/?p=6704","url_meta":{"origin":1277,"position":4},"title":"La expedici\u00f3n Balmis, una odisea sanitaria","author":"alpoma","date":"1 junio 2012","format":false,"excerpt":"Versi\u00f3n reducida del art\u00edculo que publiqu\u00e9 en el n\u00famero de junio de 2012 en la revista Historia de Iberia Vieja. Sea cual fuere la suerte que con el transcurso de los siglos toque a Espa\u00f1a, que como los medos, como los asirios, como otros grandes pueblos desaparezca de la escena\u2026","rel":"","context":"En \u00abMade in Spain\u00bb","block_context":{"text":"Made in Spain","link":"https:\/\/alpoma.net\/tecob\/?cat=10"},"img":{"alt_text":"","src":"","width":0,"height":0},"classes":[]},{"id":11628,"url":"https:\/\/alpoma.net\/tecob\/?p=11628","url_meta":{"origin":1277,"position":5},"title":"Competici\u00f3n de autom\u00f3viles el\u00e9ctricos&#8230; de 1898","author":"alpoma","date":"20 septiembre 2015","format":false,"excerpt":"En el Par\u00eds de 1898, a lo largo del mes de julio, tuvo lugar una competici\u00f3n singular. El Automobile Club de France organiz\u00f3 una especie de concurso para averiguar cu\u00e1les ser\u00edan los veh\u00edculos m\u00e1s adecuados a la hora de substituir la tracci\u00f3n animal en las populosas calles parisinas1. En total\u2026","rel":"","context":"En \u00abObsolescencia\u00bb","block_context":{"text":"Obsolescencia","link":"https:\/\/alpoma.net\/tecob\/?cat=3"},"img":{"alt_text":"punto_recarga_1898_coches_electricos_tecob","src":"https:\/\/i0.wp.com\/www.alpoma.net\/tecob\/wp-content\/uploads\/2015\/09\/punto_recarga_1898_coches_electricos_tecob.jpg?resize=350%2C200","width":350,"height":200},"classes":[]}],"jetpack_sharing_enabled":true,"_links":{"self":[{"href":"https:\/\/alpoma.net\/tecob\/index.php?rest_route=\/wp\/v2\/posts\/1277","targetHints":{"allow":["GET"]}}],"collection":[{"href":"https:\/\/alpoma.net\/tecob\/index.php?rest_route=\/wp\/v2\/posts"}],"about":[{"href":"https:\/\/alpoma.net\/tecob\/index.php?rest_route=\/wp\/v2\/types\/post"}],"author":[{"embeddable":true,"href":"https:\/\/alpoma.net\/tecob\/index.php?rest_route=\/wp\/v2\/users\/1"}],"replies":[{"embeddable":true,"href":"https:\/\/alpoma.net\/tecob\/index.php?rest_route=%2Fwp%2Fv2%2Fcomments&post=1277"}],"version-history":[{"count":0,"href":"https:\/\/alpoma.net\/tecob\/index.php?rest_route=\/wp\/v2\/posts\/1277\/revisions"}],"wp:featuredmedia":[{"embeddable":true,"href":"https:\/\/alpoma.net\/tecob\/index.php?rest_route=\/wp\/v2\/media\/10898"}],"wp:attachment":[{"href":"https:\/\/alpoma.net\/tecob\/index.php?rest_route=%2Fwp%2Fv2%2Fmedia&parent=1277"}],"wp:term":[{"taxonomy":"category","embeddable":true,"href":"https:\/\/alpoma.net\/tecob\/index.php?rest_route=%2Fwp%2Fv2%2Fcategories&post=1277"},{"taxonomy":"post_tag","embeddable":true,"href":"https:\/\/alpoma.net\/tecob\/index.php?rest_route=%2Fwp%2Fv2%2Ftags&post=1277"}],"curies":[{"name":"wp","href":"https:\/\/api.w.org\/{rel}","templated":true}]}}