{"id":12679,"date":"2017-06-23T21:35:13","date_gmt":"2017-06-23T19:35:13","guid":{"rendered":"http:\/\/www.alpoma.net\/tecob\/?p=12679"},"modified":"2017-06-23T21:37:59","modified_gmt":"2017-06-23T19:37:59","slug":"el-audifono-de-einstein","status":"publish","type":"post","link":"https:\/\/alpoma.net\/tecob\/?p=12679","title":{"rendered":"El aud\u00edfono de Einstein"},"content":{"rendered":"<figure id=\"attachment_12687\" aria-describedby=\"caption-attachment-12687\" style=\"width: 194px\" class=\"wp-caption alignright\"><a href=\"http:\/\/www.alpoma.net\/tecob\/wp-content\/uploads\/2017\/06\/refrigerador_einstein.gif\"><img loading=\"lazy\" decoding=\"async\" data-attachment-id=\"12687\" data-permalink=\"https:\/\/alpoma.net\/tecob\/?attachment_id=12687\" data-orig-file=\"https:\/\/alpoma.net\/tecob\/wp-content\/uploads\/2017\/06\/refrigerador_einstein.gif\" data-orig-size=\"503,778\" data-comments-opened=\"0\" data-image-meta=\"{&quot;aperture&quot;:&quot;0&quot;,&quot;credit&quot;:&quot;&quot;,&quot;camera&quot;:&quot;&quot;,&quot;caption&quot;:&quot;&quot;,&quot;created_timestamp&quot;:&quot;0&quot;,&quot;copyright&quot;:&quot;&quot;,&quot;focal_length&quot;:&quot;0&quot;,&quot;iso&quot;:&quot;0&quot;,&quot;shutter_speed&quot;:&quot;0&quot;,&quot;title&quot;:&quot;&quot;,&quot;orientation&quot;:&quot;0&quot;}\" data-image-title=\"refrigerador_einstein\" data-image-description=\"\" data-image-caption=\"&lt;p&gt;Esquema de una de las patentes de refrigerador de Einstein y Le\u00f3 Szil\u00e1rd.&lt;\/p&gt;\n\" data-large-file=\"https:\/\/alpoma.net\/tecob\/wp-content\/uploads\/2017\/06\/refrigerador_einstein.gif\" class=\"size-medium wp-image-12687\" src=\"http:\/\/www.alpoma.net\/tecob\/wp-content\/uploads\/2017\/06\/refrigerador_einstein-194x300.gif\" alt=\"\" width=\"194\" height=\"300\" \/><\/a><figcaption id=\"caption-attachment-12687\" class=\"wp-caption-text\">Esquema de una de las patentes de refrigerador de Einstein y Le\u00f3 Szil\u00e1rd.<\/figcaption><\/figure>\n<p><strong><a href=\"https:\/\/es.wikipedia.org\/wiki\/Albert_Einstein\" target=\"_blank\" rel=\"noopener\">Albert Einstein<\/a><\/strong> es asociado, sin duda alguna, con la f\u00edsica te\u00f3rica. Sin embargo, es menos conocido que <strong><a href=\"http:\/\/historico.oepm.es\/museovirtual\/galerias_tematicas.php?tipo=OTROS&amp;xml=Einstein,%20Albert.xml\" target=\"_blank\" rel=\"noopener\">alrededor de cincuenta patentes de diversos pa\u00edses llevan su nombre<\/a><\/strong>, por lo general en colaboraci\u00f3n con amigos. Hace ya m\u00e1s de una d\u00e9cada que publiqu\u00e9 <strong><a href=\"http:\/\/www.alpoma.net\/tecob\/?p=584\">un art\u00edculo<\/a><\/strong> acerca de los <strong>refrigeradores<\/strong> que Einstein invent\u00f3 junto al f\u00edsico <strong><a href=\"https:\/\/es.wikipedia.org\/wiki\/Le\u00f3_Szil\u00e1rd\" target=\"_blank\" rel=\"noopener\">Le\u00f3 Szil\u00e1rd<\/a><\/strong>.<\/p>\n<p>Albert, como es bien conocido, trabaj\u00f3 entre 1902 y 1909 junto con su amigo el ingeniero <strong><a href=\"https:\/\/es.wikipedia.org\/wiki\/Michele_Besso\" target=\"_blank\" rel=\"noopener\">Michele Besso<\/a><\/strong> en la Oficina Federal de Patentes de Berna, en Suiza. Aquella experiencia como examinador de patentes le sirvi\u00f3 en 1915 para ser llamado como perito experto en un litigio judicial en el que se dirim\u00eda si una empresa estadounidense estaba infringiendo los derechos de patente de un inventor alem\u00e1n sobre un tipo de girocomp\u00e1s.<\/p>\n<figure id=\"attachment_12689\" aria-describedby=\"caption-attachment-12689\" style=\"width: 204px\" class=\"wp-caption alignleft\"><a href=\"http:\/\/www.alpoma.net\/tecob\/wp-content\/uploads\/2017\/06\/US2058562-0.png\"><img loading=\"lazy\" decoding=\"async\" data-attachment-id=\"12689\" data-permalink=\"https:\/\/alpoma.net\/tecob\/?attachment_id=12689\" data-orig-file=\"https:\/\/alpoma.net\/tecob\/wp-content\/uploads\/2017\/06\/US2058562-0.png\" data-orig-size=\"2320,3408\" data-comments-opened=\"0\" data-image-meta=\"{&quot;aperture&quot;:&quot;0&quot;,&quot;credit&quot;:&quot;&quot;,&quot;camera&quot;:&quot;&quot;,&quot;caption&quot;:&quot;&quot;,&quot;created_timestamp&quot;:&quot;0&quot;,&quot;copyright&quot;:&quot;&quot;,&quot;focal_length&quot;:&quot;0&quot;,&quot;iso&quot;:&quot;0&quot;,&quot;shutter_speed&quot;:&quot;0&quot;,&quot;title&quot;:&quot;&quot;,&quot;orientation&quot;:&quot;0&quot;}\" data-image-title=\"US2058562-0\" data-image-description=\"\" data-image-caption=\"&lt;p&gt;Esquema de la patente de Gustav Bucky y Einstein sobre una c\u00e1mara ajustable a la luz ambiental.&lt;\/p&gt;\n\" data-large-file=\"https:\/\/alpoma.net\/tecob\/wp-content\/uploads\/2017\/06\/US2058562-0-2042x3000.png\" class=\"size-medium wp-image-12689\" src=\"http:\/\/www.alpoma.net\/tecob\/wp-content\/uploads\/2017\/06\/US2058562-0-204x300.png\" alt=\"\" width=\"204\" height=\"300\" srcset=\"https:\/\/alpoma.net\/tecob\/wp-content\/uploads\/2017\/06\/US2058562-0-204x300.png 204w, https:\/\/alpoma.net\/tecob\/wp-content\/uploads\/2017\/06\/US2058562-0-1046x1536.png 1046w, https:\/\/alpoma.net\/tecob\/wp-content\/uploads\/2017\/06\/US2058562-0-1394x2048.png 1394w, https:\/\/alpoma.net\/tecob\/wp-content\/uploads\/2017\/06\/US2058562-0-768x1128.png 768w, https:\/\/alpoma.net\/tecob\/wp-content\/uploads\/2017\/06\/US2058562-0-2042x3000.png 2042w, https:\/\/alpoma.net\/tecob\/wp-content\/uploads\/2017\/06\/US2058562-0-697x1024.png 697w, https:\/\/alpoma.net\/tecob\/wp-content\/uploads\/2017\/06\/US2058562-0-640x940.png 640w\" sizes=\"auto, (max-width: 204px) 100vw, 204px\" \/><\/a><figcaption id=\"caption-attachment-12689\" class=\"wp-caption-text\">Esquema de la patente de Gustav Bucky y Einstein sobre una c\u00e1mara ajustable a la luz ambiental.<\/figcaption><\/figure>\n<p>Las <strong><a href=\"https:\/\/books.google.es\/books?id=EoMixQWUj6oC&amp;printsec=frontcover&amp;dq=%22the+practical+einstein%22&amp;hl=es&amp;sa=X&amp;ved=0ahUKEwim8OW929TUAhUGxxQKHfL8DfsQ6AEIJzAA#v=onepage&amp;q=%22the%20practical%20einstein%22&amp;f=false\" target=\"_blank\" rel=\"noopener\">incursiones de Einstein en el terreno de la ingenier\u00eda<\/a><\/strong> fueron m\u00e1s all\u00e1 de su labor pericial y de las patentes sobre refrigeradores. Todav\u00eda en su estancia en Berna, en las animadas tertulias de la ef\u00edmera <strong><a href=\"https:\/\/es.wikipedia.org\/wiki\/Academia_Olimpia\" target=\"_blank\" rel=\"noopener\">\u00abAcademia Olimpia\u00bb<\/a><\/strong>, Albert invent\u00f3 junto con varios de sus amigos cierto volt\u00edmetro pensado para medir diferencias de potencial muy peque\u00f1as. El aparato no fue patentado, pero s\u00ed difundida su existencia en un art\u00edculo y comercializado de manera limitada. Muchos a\u00f1os m\u00e1s tarde, en 1935, Einstein patenta, junto con el radi\u00f3logo <strong><a href=\"https:\/\/en.wikipedia.org\/wiki\/Gustav_Peter_Bucky\" target=\"_blank\" rel=\"noopener\">Gustav Bucky<\/a><\/strong>, un mecanismo que permitir\u00eda a las c\u00e1maras fotogr\u00e1ficas gozar de un diafragma de ajuste autom\u00e1tico ante las condiciones de luz gracias al uso de una c\u00e9lula fotoel\u00e9ctrica. Por cierto, Bucky tambi\u00e9n fue compa\u00f1ero de otras aventuras, como la del dise\u00f1o de prendas de vestir resistentes al agua).<\/p>\n<p>Ahora bien, lo que quiero resaltar hoy en estas letras fue otra patente, la de un \u00abaud\u00edfono\u00bb que guarda una historia curiosa. En esta ocasi\u00f3n el compa\u00f1ero de aventuras fue el ingeniero <strong><a href=\"https:\/\/en.wikipedia.org\/wiki\/Rudolf_Goldschmidt\" target=\"_blank\" rel=\"noopener\">Rudolf Goldschmidt<\/a><\/strong>, reconocido en su tiempo por sus dise\u00f1os de generadores que eran empleados en potentes estaciones de radio, as\u00ed como por sus muchos inventos en el campo de la radiodifusi\u00f3n, como la <strong><a href=\"https:\/\/es.wikipedia.org\/wiki\/Rueda_tonal\" target=\"_blank\" rel=\"noopener\">rueda tonal<\/a><\/strong>. Goldschmidt dirigi\u00f3 un laboratorio de investigaci\u00f3n en Berl\u00edn, lugar que era frecuentado por Einstein dada su amistad con el ingeniero. De su colaboraci\u00f3n surgi\u00f3 una patente com\u00fan sobre un aud\u00edfono (originalmente estaban trabajando ya sobre la idea de crear micr\u00f3fonos magnetostrictivos), que vio la luz en 1934 tras varios a\u00f1os de estudios. La necesidad del invento hab\u00eda surgido porque cierta cantante, <strong>Olga Eisner<\/strong>, otra amistad de Albert, comenzaba a padecer de sordera. Aquello conmovi\u00f3 a Einstein, quien propuso a Goldschmidt construir un aud\u00edfono avanzado. El modelo final (patente alemana <a href=\"https:\/\/worldwide.espacenet.com\/publicationDetails\/biblio?II=0&amp;ND=3&amp;adjacent=true&amp;locale=en_EP&amp;FT=D&amp;date=19340110&amp;CC=DE&amp;NR=590783C&amp;KC=C\" target=\"_blank\" rel=\"noopener\">590.783<\/a> &#8211; <a href=\"https:\/\/worldwide.espacenet.com\/maximizedOriginalDocument?ND=5&amp;flavour=maximizedPlainPage&amp;locale=en_EP&amp;FT=D&amp;date=19340110&amp;CC=DE&amp;NR=590783C&amp;KC=C\" target=\"_blank\" rel=\"noopener\">PDF<\/a>) estaba constituido por una fina l\u00e1mina met\u00e1lica colocada sobre la porci\u00f3n mastoidea del hueso temporal, bajo la piel. Esta l\u00e1mina vibrar\u00eda por <a href=\"https:\/\/es.wikipedia.org\/wiki\/Magnetostricci\u00f3n\" target=\"_blank\" rel=\"noopener\">magnetostricci\u00f3n<\/a> en presencia del campo magn\u00e9tico generado por un electroim\u00e1n externo, que har\u00eda las veces de generador de impulsos. Aunque en principio no tuvo recorrido comercial, este aud\u00edfono fue la semilla en la que Goldschmidt se inspir\u00f3 para lograr modelos pr\u00e1cticos de aud\u00edfono a\u00f1os m\u00e1s tarde.<\/p>\n<figure id=\"attachment_12692\" aria-describedby=\"caption-attachment-12692\" style=\"width: 620px\" class=\"wp-caption aligncenter\"><a href=\"http:\/\/www.alpoma.net\/tecob\/wp-content\/uploads\/2017\/06\/audifono_einstein.jpg\"><img loading=\"lazy\" decoding=\"async\" data-attachment-id=\"12692\" data-permalink=\"https:\/\/alpoma.net\/tecob\/?attachment_id=12692\" data-orig-file=\"https:\/\/alpoma.net\/tecob\/wp-content\/uploads\/2017\/06\/audifono_einstein.jpg\" data-orig-size=\"620,970\" data-comments-opened=\"0\" data-image-meta=\"{&quot;aperture&quot;:&quot;0&quot;,&quot;credit&quot;:&quot;&quot;,&quot;camera&quot;:&quot;&quot;,&quot;caption&quot;:&quot;&quot;,&quot;created_timestamp&quot;:&quot;0&quot;,&quot;copyright&quot;:&quot;&quot;,&quot;focal_length&quot;:&quot;0&quot;,&quot;iso&quot;:&quot;0&quot;,&quot;shutter_speed&quot;:&quot;0&quot;,&quot;title&quot;:&quot;&quot;,&quot;orientation&quot;:&quot;0&quot;}\" data-image-title=\"audifono_einstein\" data-image-description=\"\" data-image-caption=\"&lt;p&gt;Gr\u00e1ficos de la patente del aud\u00edfono ideado por Einstein.&lt;\/p&gt;\n\" data-large-file=\"https:\/\/alpoma.net\/tecob\/wp-content\/uploads\/2017\/06\/audifono_einstein.jpg\" class=\"size-full wp-image-12692\" src=\"http:\/\/www.alpoma.net\/tecob\/wp-content\/uploads\/2017\/06\/audifono_einstein.jpg\" alt=\"\" width=\"620\" height=\"970\" srcset=\"https:\/\/alpoma.net\/tecob\/wp-content\/uploads\/2017\/06\/audifono_einstein.jpg 620w, https:\/\/alpoma.net\/tecob\/wp-content\/uploads\/2017\/06\/audifono_einstein-192x300.jpg 192w\" sizes=\"auto, (max-width: 620px) 100vw, 620px\" \/><\/a><figcaption id=\"caption-attachment-12692\" class=\"wp-caption-text\">Gr\u00e1ficos de la patente del micr\u00f3fono magnetostrictivo ideado por Einstein y Goldschmidt.<\/figcaption><\/figure>\n<p><strong>Lecturas adicionales<\/strong>:<br \/>\n<em><a href=\"https:\/\/books.google.es\/books?id=EoMixQWUj6oC&amp;printsec=frontcover&amp;dq=%22the+practical+einstein%22&amp;hl=es&amp;sa=X&amp;ved=0ahUKEwim8OW929TUAhUGxxQKHfL8DfsQ6AEIJzAA#v=onepage&amp;q=%22the%20practical%20einstein%22&amp;f=false\" target=\"_blank\" rel=\"noopener\">The Practical Einstein: Experiments, Patents, Inventions<\/a><\/em>. J\u00f3zsef Illy.<br \/>\n<em><a href=\"http:\/\/www.sciencedirect.com\/science\/article\/pii\/S0172219005001742\" target=\"_blank\" rel=\"noopener\">Albert Einstein\u2019s patents<\/a><\/em>. Matthew Trainer.<br \/>\n<a href=\"http:\/\/historico.oepm.es\/museovirtual\/galerias_tematicas.php?tipo=OTROS&amp;xml=Einstein,%20Albert.xml\" target=\"_blank\" rel=\"noopener\">Museo virtual de la OEPM &#8211; Albert Einstein<\/a><\/p>\n","protected":false},"excerpt":{"rendered":"<div class=\"mh-excerpt\"><p>Albert Einstein es asociado, sin duda alguna, con la f\u00edsica te\u00f3rica. Sin embargo, es menos conocido que alrededor de cincuenta patentes de diversos pa\u00edses llevan su nombre, por lo general <a class=\"mh-excerpt-more\" href=\"https:\/\/alpoma.net\/tecob\/?p=12679\" title=\"El aud\u00edfono de Einstein\">[&#8230;]<\/a><\/p>\n<\/div>","protected":false},"author":1,"featured_media":12686,"comment_status":"open","ping_status":"open","sticky":false,"template":"","format":"standard","meta":{"jetpack_post_was_ever_published":false,"_jetpack_newsletter_access":"","_jetpack_dont_email_post_to_subs":false,"_jetpack_newsletter_tier_id":0,"_jetpack_memberships_contains_paywalled_content":false,"_jetpack_memberships_contains_paid_content":false,"footnotes":""},"categories":[3],"tags":[145,362],"class_list":["post-12679","post","type-post","status-publish","format-standard","has-post-thumbnail","hentry","category-obsolescencia","tag-albert-einstein","tag-einstein"],"jetpack_featured_media_url":"https:\/\/alpoma.net\/tecob\/wp-content\/uploads\/2017\/06\/Einstein.jpg","jetpack_shortlink":"https:\/\/wp.me\/p93Dc1-3iv","jetpack-related-posts":[{"id":584,"url":"https:\/\/alpoma.net\/tecob\/?p=584","url_meta":{"origin":12679,"position":0},"title":"Einstein, Szilard y el taller de refrigeradores","author":"alpoma","date":"3 septiembre 2006","format":false,"excerpt":"Albert Einstein, que no necesita presentaci\u00f3n, no s\u00f3lo se dedic\u00f3 a revolucionar la f\u00edsica te\u00f3rica o a pasar un tiempo trabajando en una oficina de patentes. Como no pod\u00eda ser de otro modo, tambi\u00e9n dedic\u00f3 un tiempo a la tecnolog\u00eda pr\u00e1ctica y, claro est\u00e1, logr\u00f3 algunas patentes interesantes. En esta\u2026","rel":"","context":"En \u00abInnovaci\u00f3n\u00bb","block_context":{"text":"Innovaci\u00f3n","link":"https:\/\/alpoma.net\/tecob\/?cat=4"},"img":{"alt_text":"","src":"https:\/\/i0.wp.com\/alpoma.net\/tecob\/wp-content\/uploads\/2006\/09\/refrigerador_einstein.gif?resize=350%2C200&ssl=1","width":350,"height":200},"classes":[]},{"id":1075,"url":"https:\/\/alpoma.net\/tecob\/?p=1075","url_meta":{"origin":12679,"position":1},"title":"La descendencia de Einstein","author":"alpoma","date":"6 febrero 2009","format":false,"excerpt":"Desconozco el motivo, pero cada poco tiempo me env\u00edan correos electr\u00f3nicos solicitando informaci\u00f3n sobre la vida de Einstein. No se interesan por sus teor\u00edas o su labor cient\u00edfica, lo que realmente quieren es algo as\u00ed como un relato de su vida familiar, sus hijos y parientes, sus actividades diarias. No\u2026","rel":"","context":"En \u00abObsolescencia\u00bb","block_context":{"text":"Obsolescencia","link":"https:\/\/alpoma.net\/tecob\/?cat=3"},"img":{"alt_text":"","src":"","width":0,"height":0},"classes":[]},{"id":120,"url":"https:\/\/alpoma.net\/tecob\/?p=120","url_meta":{"origin":12679,"position":2},"title":"Homenaje a Einstein","author":"alpoma","date":"12 abril 2005","format":false,"excerpt":"Estamos en el a\u00f1o del Quijote, eso seguro que lo sabe casi todo el mundo por estos parajes, pero poca gente sabe que, tambi\u00e9n, es el a\u00f1o de la f\u00edsica porque hace un siglo un chaval con la cabeza muy bien amueblada inici\u00f3 una revoluci\u00f3n en nuestro mundo que todav\u00eda\u2026","rel":"","context":"En \u00abGeneral\u00bb","block_context":{"text":"General","link":"https:\/\/alpoma.net\/tecob\/?cat=1"},"img":{"alt_text":"","src":"https:\/\/i0.wp.com\/alpoma.net\/tecob\/wp-content\/uploads\/2005\/04\/Albert_Einstein.jpg?resize=350%2C200&ssl=1","width":350,"height":200,"srcset":"https:\/\/i0.wp.com\/alpoma.net\/tecob\/wp-content\/uploads\/2005\/04\/Albert_Einstein.jpg?resize=350%2C200&ssl=1 1x, https:\/\/i0.wp.com\/alpoma.net\/tecob\/wp-content\/uploads\/2005\/04\/Albert_Einstein.jpg?resize=525%2C300&ssl=1 1.5x, https:\/\/i0.wp.com\/alpoma.net\/tecob\/wp-content\/uploads\/2005\/04\/Albert_Einstein.jpg?resize=700%2C400&ssl=1 2x, https:\/\/i0.wp.com\/alpoma.net\/tecob\/wp-content\/uploads\/2005\/04\/Albert_Einstein.jpg?resize=1050%2C600&ssl=1 3x, https:\/\/i0.wp.com\/alpoma.net\/tecob\/wp-content\/uploads\/2005\/04\/Albert_Einstein.jpg?resize=1400%2C800&ssl=1 4x"},"classes":[]},{"id":12584,"url":"https:\/\/alpoma.net\/tecob\/?p=12584","url_meta":{"origin":12679,"position":3},"title":"Horacio Bentabol, el azote de Einstein","author":"alpoma","date":"30 marzo 2017","format":false,"excerpt":"Versi\u00f3n para TecOb del art\u00edculo que publiqu\u00e9 en la revista Historia de Iberia Vieja, edici\u00f3n de marzo de 2017. En 1931 apareci\u00f3 publicado en Leipzig, Alemania, un libro titulado Cien autores contra Einstein. Esta obra estaba orientada a desacreditar al sabio que hab\u00eda dado a luz la teor\u00eda de la\u2026","rel":"","context":"En \u00abMade in Spain\u00bb","block_context":{"text":"Made in Spain","link":"https:\/\/alpoma.net\/tecob\/?cat=10"},"img":{"alt_text":"","src":"https:\/\/i0.wp.com\/alpoma.net\/tecob\/wp-content\/uploads\/2017\/03\/bentabol_1925.jpg?resize=350%2C200&ssl=1","width":350,"height":200,"srcset":"https:\/\/i0.wp.com\/alpoma.net\/tecob\/wp-content\/uploads\/2017\/03\/bentabol_1925.jpg?resize=350%2C200&ssl=1 1x, https:\/\/i0.wp.com\/alpoma.net\/tecob\/wp-content\/uploads\/2017\/03\/bentabol_1925.jpg?resize=525%2C300&ssl=1 1.5x"},"classes":[]},{"id":929,"url":"https:\/\/alpoma.net\/tecob\/?p=929","url_meta":{"origin":12679,"position":4},"title":"Einstein en Espa\u00f1a","author":"alpoma","date":"10 julio 2008","format":false,"excerpt":"Versi\u00f3n web del art\u00edculo que publiqu\u00e9 en Historia de Iberia Vieja, edici\u00f3n de Abril 2008. Einstein, el sabio alem\u00e1n universalmente admirado, se halla entre nosotros. Reciba el insigne hombre de ciencia que nos honra con su visita nuestro m\u00e1s cordial y respetuoso homenaje, al que seguramente se asocia Espa\u00f1a entera.\u2026","rel":"","context":"En \u00abMade in Spain\u00bb","block_context":{"text":"Made in Spain","link":"https:\/\/alpoma.net\/tecob\/?cat=10"},"img":{"alt_text":"","src":"","width":0,"height":0},"classes":[]},{"id":7253,"url":"https:\/\/alpoma.net\/tecob\/?p=7253","url_meta":{"origin":12679,"position":5},"title":"Einstein, peque\u00f1o rebelde","author":"alpoma","date":"17 septiembre 2012","format":false,"excerpt":"S\u00f3lo es una foto de colegio, nada m\u00e1s, pero en ella hay algo especial. Puede que sea mi punto de vista excesivamente subjetivo, pero hay alguien en esta imagen que destaca por su postura torcida, su gesto travieso, casi desafiante, sobre todo comparado con sus compa\u00f1eros. Todos aparecen serios, como\u2026","rel":"","context":"En \u00abObsolescencia\u00bb","block_context":{"text":"Obsolescencia","link":"https:\/\/alpoma.net\/tecob\/?cat=3"},"img":{"alt_text":"","src":"https:\/\/i0.wp.com\/alpoma.net\/tecob\/wp-content\/uploads\/2012\/09\/einstein1.jpg?resize=350%2C200&ssl=1","width":350,"height":200,"srcset":"https:\/\/i0.wp.com\/alpoma.net\/tecob\/wp-content\/uploads\/2012\/09\/einstein1.jpg?resize=350%2C200&ssl=1 1x, https:\/\/i0.wp.com\/alpoma.net\/tecob\/wp-content\/uploads\/2012\/09\/einstein1.jpg?resize=525%2C300&ssl=1 1.5x"},"classes":[]}],"jetpack_sharing_enabled":true,"_links":{"self":[{"href":"https:\/\/alpoma.net\/tecob\/index.php?rest_route=\/wp\/v2\/posts\/12679","targetHints":{"allow":["GET"]}}],"collection":[{"href":"https:\/\/alpoma.net\/tecob\/index.php?rest_route=\/wp\/v2\/posts"}],"about":[{"href":"https:\/\/alpoma.net\/tecob\/index.php?rest_route=\/wp\/v2\/types\/post"}],"author":[{"embeddable":true,"href":"https:\/\/alpoma.net\/tecob\/index.php?rest_route=\/wp\/v2\/users\/1"}],"replies":[{"embeddable":true,"href":"https:\/\/alpoma.net\/tecob\/index.php?rest_route=%2Fwp%2Fv2%2Fcomments&post=12679"}],"version-history":[{"count":0,"href":"https:\/\/alpoma.net\/tecob\/index.php?rest_route=\/wp\/v2\/posts\/12679\/revisions"}],"wp:featuredmedia":[{"embeddable":true,"href":"https:\/\/alpoma.net\/tecob\/index.php?rest_route=\/wp\/v2\/media\/12686"}],"wp:attachment":[{"href":"https:\/\/alpoma.net\/tecob\/index.php?rest_route=%2Fwp%2Fv2%2Fmedia&parent=12679"}],"wp:term":[{"taxonomy":"category","embeddable":true,"href":"https:\/\/alpoma.net\/tecob\/index.php?rest_route=%2Fwp%2Fv2%2Fcategories&post=12679"},{"taxonomy":"post_tag","embeddable":true,"href":"https:\/\/alpoma.net\/tecob\/index.php?rest_route=%2Fwp%2Fv2%2Ftags&post=12679"}],"curies":[{"name":"wp","href":"https:\/\/api.w.org\/{rel}","templated":true}]}}