{"id":12603,"date":"2017-04-20T09:21:54","date_gmt":"2017-04-20T07:21:54","guid":{"rendered":"http:\/\/www.alpoma.net\/tecob\/?p=12603"},"modified":"2017-04-20T09:21:54","modified_gmt":"2017-04-20T07:21:54","slug":"el-elemento-coronio-y-su-pariente-el-geocoronio","status":"publish","type":"post","link":"https:\/\/alpoma.net\/tecob\/?p=12603","title":{"rendered":"El elemento coronio y su pariente el geocoronio"},"content":{"rendered":"<p>En el largo proceso por el que se ha ido estableciendo la identidad de los <strong>elementos qu\u00edmicos<\/strong>, han aparecido en multitud de ocasiones errores de identificaci\u00f3n de todo tipo<sup>1<\/sup>. Por ejemplo, a partir de las observaciones del espectro luminoso de una nebulosa llevadas a cabo por el astr\u00f3nomo brit\u00e1nico <strong>William Huggins<\/strong> en 1864, se propuso la existencia de un elemento desconocido al que se llam\u00f3 <strong>nebulio<\/strong>. En 1927 se demostr\u00f3 que no era as\u00ed, sino que el rastro extra\u00f1o descubierto con el espectroscopio corresponder\u00eda a cierta forma de ox\u00edgeno ionizado (O<sup>2+<\/sup>).<\/p>\n<figure id=\"attachment_12608\" aria-describedby=\"caption-attachment-12608\" style=\"width: 620px\" class=\"wp-caption alignnone\"><img loading=\"lazy\" decoding=\"async\" data-attachment-id=\"12608\" data-permalink=\"https:\/\/alpoma.net\/tecob\/?attachment_id=12608\" data-orig-file=\"https:\/\/alpoma.net\/tecob\/wp-content\/uploads\/2017\/04\/nebulio.jpg\" data-orig-size=\"620,176\" data-comments-opened=\"0\" data-image-meta=\"{&quot;aperture&quot;:&quot;0&quot;,&quot;credit&quot;:&quot;&quot;,&quot;camera&quot;:&quot;&quot;,&quot;caption&quot;:&quot;&quot;,&quot;created_timestamp&quot;:&quot;0&quot;,&quot;copyright&quot;:&quot;&quot;,&quot;focal_length&quot;:&quot;0&quot;,&quot;iso&quot;:&quot;0&quot;,&quot;shutter_speed&quot;:&quot;0&quot;,&quot;title&quot;:&quot;&quot;,&quot;orientation&quot;:&quot;0&quot;}\" data-image-title=\"nebulio\" data-image-description=\"\" data-image-caption=\"&lt;p&gt;Incluso cuando ya estaba pr\u00e1cticamente olvidado, todav\u00eda se hablaba del nebulio en la prensa. Recorte de \u00abLa Luz del porvenir\u00bb, agosto de 1927, num. 176, p\u00e1gina 15.&lt;\/p&gt;\n\" data-large-file=\"https:\/\/alpoma.net\/tecob\/wp-content\/uploads\/2017\/04\/nebulio.jpg\" class=\"size-full wp-image-12608\" src=\"http:\/\/www.alpoma.net\/tecob\/wp-content\/uploads\/2017\/04\/nebulio.jpg\" alt=\"nebulio\" width=\"620\" height=\"176\" srcset=\"https:\/\/alpoma.net\/tecob\/wp-content\/uploads\/2017\/04\/nebulio.jpg 620w, https:\/\/alpoma.net\/tecob\/wp-content\/uploads\/2017\/04\/nebulio-300x85.jpg 300w\" sizes=\"auto, (max-width: 620px) 100vw, 620px\" \/><figcaption id=\"caption-attachment-12608\" class=\"wp-caption-text\">Incluso cuando ya estaba pr\u00e1cticamente olvidado, todav\u00eda se hablaba del nebulio en la prensa.<br \/>Recorte de \u00abLa Luz del porvenir\u00bb, agosto de 1927, num. 176, p\u00e1gina 15.<\/figcaption><\/figure>\n<p>Pero, sin duda, el elemento qu\u00edmico \u00abimaginario\u00bb que m\u00e1s me ha llamado la atenci\u00f3n fue el enigm\u00e1tico <strong>coronio<\/strong>. En observaciones del espectro de luz de la <strong><a href=\"http:\/\/www.iac.es\/gabinete\/difus\/ciencia\/soltierra\/9.htm\" target=\"_blank\">corona solar<\/a><\/strong> llevadas a cabo durante el <strong>eclipse de sol del 7 de agosto de 1869<\/strong>, se registr\u00f3 un l\u00ednea verde de emisi\u00f3n correspondiente a una longitud de onda de 530,3 nm (<a href=\"http:\/\/adsabs.harvard.edu\/full\/1898Obs....21..325C\" target=\"_blank\">l\u00ednea coronal 1474 K<\/a>). Este hecho fue observado de forma independiente tanto por el astr\u00f3nomo estadounidense <strong>Charles Augustus Young<\/strong>, como por su compatriota, de origen escoc\u00e9s, <strong>William Harkness<\/strong>. Como la presencia de esa l\u00ednea en el espectro de la corona solar no parec\u00eda corresponder a ning\u00fan elemento conocido, se estableci\u00f3 que se podr\u00eda estar ante la presencia de un nuevo elemento, al que se llam\u00f3, por motivos obvios, como <strong>coronio<\/strong>. Hasta bien entrado el siglo XX, ya en los a\u00f1os treinta, no se estableci\u00f3 que, en realidad, el coronio no exist\u00eda, sino que se trataba de \u00e1tomos de hierro fuertemente ionizados (Fe<sup>13+<\/sup>). Del inter\u00e9s despertado por este elemento cabe recordar algunos recortes de la \u00e9poca, como \u00e9ste de Octaviano Romero, de mayo de 1902, procedente de la revista <em>El Mundo cient\u00edfico<\/em>:<\/p>\n<hr \/>\n<blockquote><p><em>Desgraciadamente para los progresos de la ciencia, el estudio de la atm\u00f3sfera coronal, limitado \u00e1 los bre\u00adves momentos de duraci\u00f3n de los eclipses totales, ha permanecido casi estacionario desde que en 1859 fue advertida por primera vez la raya verde en el espectro de la corona y pas\u00f3 a la categor\u00eda de hecho demostrado la existencia real de esta sutil\u00edsima atm\u00f3s\u00adfera y que estaba constituida en todo o parte por un elemento desconocido en la tierra: el coronio; nombre dado desde el primer momento a la misteriosa mate\u00adria que afirmaba su presencia, en los \u00faltimos l\u00edmites de las expansiones solares, por d\u00e9biles radiaciones en el campo espectral de los analizadores.<\/em><\/p><\/blockquote>\n<hr \/>\n<p><img loading=\"lazy\" decoding=\"async\" data-attachment-id=\"12614\" data-permalink=\"https:\/\/alpoma.net\/tecob\/?attachment_id=12614\" data-orig-file=\"https:\/\/alpoma.net\/tecob\/wp-content\/uploads\/2017\/04\/corona1.png\" data-orig-size=\"392,261\" data-comments-opened=\"0\" data-image-meta=\"{&quot;aperture&quot;:&quot;0&quot;,&quot;credit&quot;:&quot;&quot;,&quot;camera&quot;:&quot;&quot;,&quot;caption&quot;:&quot;&quot;,&quot;created_timestamp&quot;:&quot;0&quot;,&quot;copyright&quot;:&quot;&quot;,&quot;focal_length&quot;:&quot;0&quot;,&quot;iso&quot;:&quot;0&quot;,&quot;shutter_speed&quot;:&quot;0&quot;,&quot;title&quot;:&quot;&quot;,&quot;orientation&quot;:&quot;0&quot;}\" data-image-title=\"corona1\" data-image-description=\"\" data-image-caption=\"\" data-large-file=\"https:\/\/alpoma.net\/tecob\/wp-content\/uploads\/2017\/04\/corona1.png\" class=\"aligncenter size-full wp-image-12614\" src=\"http:\/\/www.alpoma.net\/tecob\/wp-content\/uploads\/2017\/04\/corona1.png\" alt=\"\" width=\"392\" height=\"261\" srcset=\"https:\/\/alpoma.net\/tecob\/wp-content\/uploads\/2017\/04\/corona1.png 392w, https:\/\/alpoma.net\/tecob\/wp-content\/uploads\/2017\/04\/corona1-300x200.png 300w\" sizes=\"auto, (max-width: 392px) 100vw, 392px\" \/><\/p>\n<hr \/>\n<blockquote><p><em>Era natural que como en anteriores eclipses, en el de 28 de Mayo de 1900 despertase el inter\u00e9s cient\u00edfico el estudio de la corona, y a este punto dedicaron, efecti\u00advamente, su atenci\u00f3n los hombres m\u00e1s eminentes en la Astrof\u00edsica distribuidos en la zona de la totalidad tanto en Am\u00e9rica como en Europa. (&#8230;)<\/em><\/p><\/blockquote>\n<hr \/>\n<p><img loading=\"lazy\" decoding=\"async\" data-attachment-id=\"12615\" data-permalink=\"https:\/\/alpoma.net\/tecob\/?attachment_id=12615\" data-orig-file=\"https:\/\/alpoma.net\/tecob\/wp-content\/uploads\/2017\/04\/corona2.png\" data-orig-size=\"414,280\" data-comments-opened=\"0\" data-image-meta=\"{&quot;aperture&quot;:&quot;0&quot;,&quot;credit&quot;:&quot;&quot;,&quot;camera&quot;:&quot;&quot;,&quot;caption&quot;:&quot;&quot;,&quot;created_timestamp&quot;:&quot;0&quot;,&quot;copyright&quot;:&quot;&quot;,&quot;focal_length&quot;:&quot;0&quot;,&quot;iso&quot;:&quot;0&quot;,&quot;shutter_speed&quot;:&quot;0&quot;,&quot;title&quot;:&quot;&quot;,&quot;orientation&quot;:&quot;0&quot;}\" data-image-title=\"corona2\" data-image-description=\"\" data-image-caption=\"\" data-large-file=\"https:\/\/alpoma.net\/tecob\/wp-content\/uploads\/2017\/04\/corona2.png\" class=\"aligncenter size-full wp-image-12615\" src=\"http:\/\/www.alpoma.net\/tecob\/wp-content\/uploads\/2017\/04\/corona2.png\" alt=\"\" width=\"414\" height=\"280\" srcset=\"https:\/\/alpoma.net\/tecob\/wp-content\/uploads\/2017\/04\/corona2.png 414w, https:\/\/alpoma.net\/tecob\/wp-content\/uploads\/2017\/04\/corona2-300x203.png 300w\" sizes=\"auto, (max-width: 414px) 100vw, 414px\" \/><\/p>\n<hr \/>\n<blockquote><p><em>(&#8230;) Dentro de la certeza que un hecho de observaci\u00f3n puede inspirar, cuando ning\u00fan prejuicio ni causa racional de error cabe aducir contra \u00e9l, <strong>admitimos como innegable que la atm\u00f3sfera coronal se halla constituida casi exclusivamente por ambos gases<\/strong> [hidr\u00f3geno y coronio] y que \u00e9stos no se encuentran m\u00e1s \u00f3 menos uniformemente repartidos en toda la masa formando un medio homog\u00e9neo, sino superpuestos en el orden de sus densidades y ocupando por consiguiente el hidr\u00f3geno las zonas inferiores, inmediatamente encima de la regi\u00f3n del helio, y el coronio las superiores, como una tenue, y en sus limites casi di\u00e1fana dilataci\u00f3n gaseosa esfumada y como disuelta en los vac\u00edos del \u00e9ter. La enorme fuerza expansiva de las masas centrales, s\u00f3lo contrarrestada por la atracci\u00f3n solar, lanza incesantemente al espacio los elementos que la forman. La espectroscopia permite demostrar los efectos de esta proyecci\u00f3n y establecer el hecho de que en el foco de materias incandescentes que constituye la atm\u00f3sfera solar, los gases se encuentran superpuestos en el orden de sus pesos at\u00f3micos. Cu\u00e1l sea la intensidad de esta fuerza proyectiva lo demuestra la altura de 60&#8242; (2.500.000 kil\u00f3metros) a que se ha observado el coronio, la cual supone una velocidad inicial de proyecci\u00f3n de la masa gaseosa de 400 kil\u00f3metros por segundo.<\/em><\/p><\/blockquote>\n<hr \/>\n<p>Un dato m\u00e1s curioso si cabe, con relaci\u00f3n al coronio, se encuentra en que el padre de la teor\u00eda de la deriva continental, <strong>Alfred Wegener<\/strong>, sostuvo que en la alta atm\u00f3sfera terrestre podr\u00eda existir un an\u00e1logo del coronio, al que se llam\u00f3 <strong>geocoronio<\/strong> (la cosa lleg\u00f3 al punto de publicarse algunos estudios en los que se suger\u00eda emplear geocoronio como gas para dirigibles y globos aerost\u00e1ticos&#8230; \u00a1si se lograba demostrar su existencia!)<\/p>\n<figure id=\"attachment_12618\" aria-describedby=\"caption-attachment-12618\" style=\"width: 620px\" class=\"wp-caption aligncenter\"><img decoding=\"async\" data-attachment-id=\"12618\" data-permalink=\"https:\/\/alpoma.net\/tecob\/?attachment_id=12618\" data-orig-file=\"https:\/\/alpoma.net\/tecob\/wp-content\/uploads\/2017\/04\/geocoronio1.png\" data-orig-size=\"614,340\" data-comments-opened=\"0\" data-image-meta=\"{&quot;aperture&quot;:&quot;0&quot;,&quot;credit&quot;:&quot;&quot;,&quot;camera&quot;:&quot;&quot;,&quot;caption&quot;:&quot;&quot;,&quot;created_timestamp&quot;:&quot;0&quot;,&quot;copyright&quot;:&quot;&quot;,&quot;focal_length&quot;:&quot;0&quot;,&quot;iso&quot;:&quot;0&quot;,&quot;shutter_speed&quot;:&quot;0&quot;,&quot;title&quot;:&quot;&quot;,&quot;orientation&quot;:&quot;0&quot;}\" data-image-title=\"geocoronio1\" data-image-description=\"\" data-image-caption=\"&lt;p&gt;Estimaci\u00f3n de composici\u00f3n atmosf\u00e9rica siguiendo la teor\u00eda del geocoronio de Wegener. Revista Algo, Barcelona, 26 de diciembre de 1931. N\u00famero 139. P\u00e1gina 6.&lt;\/p&gt;\n\" data-large-file=\"https:\/\/alpoma.net\/tecob\/wp-content\/uploads\/2017\/04\/geocoronio1.png\" src=\"http:\/\/www.alpoma.net\/tecob\/wp-content\/uploads\/2017\/04\/geocoronio1.png\" alt=\"\" width=\"620\"  class=\"size-full wp-image-12618\" srcset=\"https:\/\/alpoma.net\/tecob\/wp-content\/uploads\/2017\/04\/geocoronio1.png 614w, https:\/\/alpoma.net\/tecob\/wp-content\/uploads\/2017\/04\/geocoronio1-300x166.png 300w\" sizes=\"(max-width: 614px) 100vw, 614px\" \/><figcaption id=\"caption-attachment-12618\" class=\"wp-caption-text\">Estimaci\u00f3n de composici\u00f3n atmosf\u00e9rica siguiendo la teor\u00eda del geocoronio de Wegener.<br \/>\nRevista Algo, Barcelona, 26 de diciembre de 1931. N\u00famero 139. P\u00e1gina 6.<\/figcaption><\/figure>\n<figure id=\"attachment_12620\" aria-describedby=\"caption-attachment-12620\" style=\"width: 620px\" class=\"wp-caption aligncenter\"><img decoding=\"async\" data-attachment-id=\"12620\" data-permalink=\"https:\/\/alpoma.net\/tecob\/?attachment_id=12620\" data-orig-file=\"https:\/\/alpoma.net\/tecob\/wp-content\/uploads\/2017\/04\/geocoronio2.png\" data-orig-size=\"537,424\" data-comments-opened=\"0\" data-image-meta=\"{&quot;aperture&quot;:&quot;0&quot;,&quot;credit&quot;:&quot;&quot;,&quot;camera&quot;:&quot;&quot;,&quot;caption&quot;:&quot;&quot;,&quot;created_timestamp&quot;:&quot;0&quot;,&quot;copyright&quot;:&quot;&quot;,&quot;focal_length&quot;:&quot;0&quot;,&quot;iso&quot;:&quot;0&quot;,&quot;shutter_speed&quot;:&quot;0&quot;,&quot;title&quot;:&quot;&quot;,&quot;orientation&quot;:&quot;0&quot;}\" data-image-title=\"geocoronio2\" data-image-description=\"\" data-image-caption=\"&lt;p&gt;Consideraciones sobre el geocoronio. Vida mar\u00edtima, 30 de julio de 1917.&lt;\/p&gt;\n\" data-large-file=\"https:\/\/alpoma.net\/tecob\/wp-content\/uploads\/2017\/04\/geocoronio2.png\" src=\"http:\/\/www.alpoma.net\/tecob\/wp-content\/uploads\/2017\/04\/geocoronio2.png\" alt=\"\" width=\"620\"  class=\"size-full wp-image-12620\" srcset=\"https:\/\/alpoma.net\/tecob\/wp-content\/uploads\/2017\/04\/geocoronio2.png 537w, https:\/\/alpoma.net\/tecob\/wp-content\/uploads\/2017\/04\/geocoronio2-300x237.png 300w\" sizes=\"(max-width: 537px) 100vw, 537px\" \/><figcaption id=\"caption-attachment-12620\" class=\"wp-caption-text\">Consideraciones sobre el geocoronio. Vida mar\u00edtima, 30 de julio de 1917.<\/figcaption><\/figure>\n<figure id=\"attachment_12622\" aria-describedby=\"caption-attachment-12622\" style=\"width: 620px\" class=\"wp-caption aligncenter\"><img decoding=\"async\" data-attachment-id=\"12622\" data-permalink=\"https:\/\/alpoma.net\/tecob\/?attachment_id=12622\" data-orig-file=\"https:\/\/alpoma.net\/tecob\/wp-content\/uploads\/2017\/04\/geocoronio3.png\" data-orig-size=\"541,563\" data-comments-opened=\"0\" data-image-meta=\"{&quot;aperture&quot;:&quot;0&quot;,&quot;credit&quot;:&quot;&quot;,&quot;camera&quot;:&quot;&quot;,&quot;caption&quot;:&quot;&quot;,&quot;created_timestamp&quot;:&quot;0&quot;,&quot;copyright&quot;:&quot;&quot;,&quot;focal_length&quot;:&quot;0&quot;,&quot;iso&quot;:&quot;0&quot;,&quot;shutter_speed&quot;:&quot;0&quot;,&quot;title&quot;:&quot;&quot;,&quot;orientation&quot;:&quot;0&quot;}\" data-image-title=\"geocoronio3\" data-image-description=\"\" data-image-caption=\"&lt;p&gt;El geocoronio en un gr\u00e1fico de la composici\u00f3n de la atm\u00f3sfera terrestre en altura. Memorial de ingenieros, enero de 1934.&lt;\/p&gt;\n\" data-large-file=\"https:\/\/alpoma.net\/tecob\/wp-content\/uploads\/2017\/04\/geocoronio3.png\" src=\"http:\/\/www.alpoma.net\/tecob\/wp-content\/uploads\/2017\/04\/geocoronio3.png\" alt=\"\" width=\"620\"  class=\"size-full wp-image-12622\" srcset=\"https:\/\/alpoma.net\/tecob\/wp-content\/uploads\/2017\/04\/geocoronio3.png 541w, https:\/\/alpoma.net\/tecob\/wp-content\/uploads\/2017\/04\/geocoronio3-288x300.png 288w\" sizes=\"(max-width: 541px) 100vw, 541px\" \/><figcaption id=\"caption-attachment-12622\" class=\"wp-caption-text\">El geocoronio en un gr\u00e1fico de la composici\u00f3n de la atm\u00f3sfera terrestre en altura. Memorial de ingenieros, enero de 1934.<\/figcaption><\/figure>\n<p>_____________<br \/>\n<sup>1<\/sup> Una lista de varios de esos errores de identificaci\u00f3n puede encontrarse aqu\u00ed: <a href=\"https:\/\/en.wikipedia.org\/wiki\/List_of_misidentified_chemical_elements\" target=\"_blank\">List of misidentified chemical elements<\/a>.<\/p>\n","protected":false},"excerpt":{"rendered":"<div class=\"mh-excerpt\"><p>En el largo proceso por el que se ha ido estableciendo la identidad de los elementos qu\u00edmicos, han aparecido en multitud de ocasiones errores de identificaci\u00f3n de todo tipo1. Por <a class=\"mh-excerpt-more\" href=\"https:\/\/alpoma.net\/tecob\/?p=12603\" title=\"El elemento coronio y su pariente el geocoronio\">[&#8230;]<\/a><\/p>\n<\/div>","protected":false},"author":1,"featured_media":12615,"comment_status":"open","ping_status":"open","sticky":false,"template":"","format":"standard","meta":{"jetpack_post_was_ever_published":false,"_jetpack_newsletter_access":"","_jetpack_dont_email_post_to_subs":false,"_jetpack_newsletter_tier_id":0,"_jetpack_memberships_contains_paywalled_content":false,"_jetpack_memberships_contains_paid_content":false,"footnotes":""},"categories":[3],"tags":[369,365,366,367,368],"class_list":["post-12603","post","type-post","status-publish","format-standard","has-post-thumbnail","hentry","category-obsolescencia","tag-corona-solar","tag-coronio","tag-elementos","tag-espectroscopia","tag-quimica"],"jetpack_featured_media_url":"https:\/\/alpoma.net\/tecob\/wp-content\/uploads\/2017\/04\/corona2.png","jetpack_shortlink":"https:\/\/wp.me\/p93Dc1-3hh","jetpack-related-posts":[{"id":697,"url":"https:\/\/alpoma.net\/tecob\/?p=697","url_meta":{"origin":12603,"position":0},"title":"Pu","author":"alpoma","date":"30 marzo 2007","format":false,"excerpt":"Lo t\u00edpico, cuando la gente oye la palabra plutonio, es pensar en radiactividad, \"cosas\" nucleares y, sobre todo, peligro. No van muy desencaminados, aunque no s\u00f3lo es peligroso este elemento por ser radiactivo. Recuerdo el memorable episodio de Los Simpson en el que Homer encarga que le env\u00eden a una\u2026","rel":"","context":"En \u00abGeneral\u00bb","block_context":{"text":"General","link":"https:\/\/alpoma.net\/tecob\/?cat=1"},"img":{"alt_text":"","src":"https:\/\/i0.wp.com\/alpoma.net\/tecob\/wp-content\/uploads\/2007\/03\/439128229_029f99f407_m.jpg?resize=350%2C200&ssl=1","width":350,"height":200},"classes":[]},{"id":9066,"url":"https:\/\/alpoma.net\/tecob\/?p=9066","url_meta":{"origin":12603,"position":1},"title":"Conciertos extra\u00f1os","author":"alpoma","date":"1 junio 2014","format":false,"excerpt":"Al hilo del art\u00edculo de ayer sobre Juan Garc\u00eda Castillejo y su electrocompositor de los a\u00f1os cuarenta, y mientras estaba escuchando de fondo una sinfon\u00eda de Alfred Schnittke (me encanta, sus texturas ca\u00f3ticas son deliciosas), me he puesto a divagar sobre conciertos extra\u00f1os. Por alguna raz\u00f3n vino a mi cabeza\u2026","rel":"","context":"En \u00abM\u00fasica\u00bb","block_context":{"text":"M\u00fasica","link":"https:\/\/alpoma.net\/tecob\/?cat=42"},"img":{"alt_text":"","src":"","width":0,"height":0},"classes":[]},{"id":11869,"url":"https:\/\/alpoma.net\/tecob\/?p=11869","url_meta":{"origin":12603,"position":2},"title":"M\u00e1quina para atrapar ladrones (1921)","author":"alpoma","date":"19 enero 2016","format":false,"excerpt":"Ya va siendo hora de reactivar el blog en este 2016... apenas tengo tiempo para escribir, pero hay sorpresas a la vista. ;-) Mientras tanto, he aqu\u00ed una peque\u00f1a bagatela, ciertamente compleja de llevar a cabo en el mundo real, pero que se propuso con toda seriedad. Se trata de\u2026","rel":"","context":"En \u00abObsolescencia\u00bb","block_context":{"text":"Obsolescencia","link":"https:\/\/alpoma.net\/tecob\/?cat=3"},"img":{"alt_text":"tecob_351","src":"https:\/\/i0.wp.com\/www.alpoma.net\/tecob\/wp-content\/uploads\/2016\/01\/tecob_351.jpg?resize=350%2C200","width":350,"height":200,"srcset":"https:\/\/i0.wp.com\/www.alpoma.net\/tecob\/wp-content\/uploads\/2016\/01\/tecob_351.jpg?resize=350%2C200 1x, https:\/\/i0.wp.com\/www.alpoma.net\/tecob\/wp-content\/uploads\/2016\/01\/tecob_351.jpg?resize=525%2C300 1.5x"},"classes":[]},{"id":11257,"url":"https:\/\/alpoma.net\/tecob\/?p=11257","url_meta":{"origin":12603,"position":3},"title":"Una soluci\u00f3n de 1927 para aparcar en espacios reducidos","author":"alpoma","date":"13 abril 2015","format":false,"excerpt":"No s\u00e9 si \"soluci\u00f3n\" ser\u00eda la palabra adecuada, pero al menos era ingenioso. Ocurrencias similares aparecieron por doquier en los primeros a\u00f1os de expansi\u00f3n de la industria del autom\u00f3vil, pero apenas un pu\u00f1ado de ellas logr\u00f3 sobrevivir. En este caso apenas tengo datos todav\u00eda, se trata de la prueba de\u2026","rel":"","context":"En \u00abObsolescencia\u00bb","block_context":{"text":"Obsolescencia","link":"https:\/\/alpoma.net\/tecob\/?cat=3"},"img":{"alt_text":"","src":"https:\/\/i0.wp.com\/alpoma.net\/tecob\/wp-content\/uploads\/2015\/04\/wheel2.jpg?resize=350%2C200&ssl=1","width":350,"height":200},"classes":[]},{"id":3567,"url":"https:\/\/alpoma.net\/tecob\/?p=3567","url_meta":{"origin":12603,"position":4},"title":"Los hermanos Delhuyar y el descubrimiento del Wolframio","author":"alpoma","date":"6 octubre 2010","format":false,"excerpt":"Este post corresponte a una versi\u00f3n abreviada del art\u00edculo que publiqu\u00e9 en la revista Historia de Iberia Vieja en su edici\u00f3n de octubre de 2010, n\u00famero 64. Seria prolijo enumerar todos los trabajos de [Fausto] Elhuyar, y el celoso e ilustrado empe\u00f1o con que se dedic\u00f3 al cumplimiento de sus\u2026","rel":"","context":"En \u00abMade in Spain\u00bb","block_context":{"text":"Made in Spain","link":"https:\/\/alpoma.net\/tecob\/?cat=10"},"img":{"alt_text":"","src":"","width":0,"height":0},"classes":[]},{"id":714,"url":"https:\/\/alpoma.net\/tecob\/?p=714","url_meta":{"origin":12603,"position":5},"title":"Nunca digas nunca jam\u00e1s&#8230;","author":"alpoma","date":"27 abril 2007","format":false,"excerpt":"Me he encontrado con esta historia varias veces en los \u00faltimos a\u00f1os, pero no por ello deja de sorprenderme. Esta vez ha sido en las p\u00e1ginas del \u00faltimo libro de Richard Dawkins1, El espejismo de dios, al que, por cierto, dedicar\u00e9 un art\u00edculo pr\u00f3ximamente, si el tiempo y el \u00e1nimo\u2026","rel":"","context":"En \u00abObsolescencia\u00bb","block_context":{"text":"Obsolescencia","link":"https:\/\/alpoma.net\/tecob\/?cat=3"},"img":{"alt_text":"","src":"https:\/\/i0.wp.com\/alpoma.net\/tecob\/wp-content\/uploads\/2007\/04\/473909222_16244a9eff_m.jpg?resize=350%2C200&ssl=1","width":350,"height":200},"classes":[]}],"jetpack_sharing_enabled":true,"_links":{"self":[{"href":"https:\/\/alpoma.net\/tecob\/index.php?rest_route=\/wp\/v2\/posts\/12603","targetHints":{"allow":["GET"]}}],"collection":[{"href":"https:\/\/alpoma.net\/tecob\/index.php?rest_route=\/wp\/v2\/posts"}],"about":[{"href":"https:\/\/alpoma.net\/tecob\/index.php?rest_route=\/wp\/v2\/types\/post"}],"author":[{"embeddable":true,"href":"https:\/\/alpoma.net\/tecob\/index.php?rest_route=\/wp\/v2\/users\/1"}],"replies":[{"embeddable":true,"href":"https:\/\/alpoma.net\/tecob\/index.php?rest_route=%2Fwp%2Fv2%2Fcomments&post=12603"}],"version-history":[{"count":0,"href":"https:\/\/alpoma.net\/tecob\/index.php?rest_route=\/wp\/v2\/posts\/12603\/revisions"}],"wp:featuredmedia":[{"embeddable":true,"href":"https:\/\/alpoma.net\/tecob\/index.php?rest_route=\/wp\/v2\/media\/12615"}],"wp:attachment":[{"href":"https:\/\/alpoma.net\/tecob\/index.php?rest_route=%2Fwp%2Fv2%2Fmedia&parent=12603"}],"wp:term":[{"taxonomy":"category","embeddable":true,"href":"https:\/\/alpoma.net\/tecob\/index.php?rest_route=%2Fwp%2Fv2%2Fcategories&post=12603"},{"taxonomy":"post_tag","embeddable":true,"href":"https:\/\/alpoma.net\/tecob\/index.php?rest_route=%2Fwp%2Fv2%2Ftags&post=12603"}],"curies":[{"name":"wp","href":"https:\/\/api.w.org\/{rel}","templated":true}]}}