{"id":12343,"date":"2016-09-26T19:34:05","date_gmt":"2016-09-26T17:34:05","guid":{"rendered":"http:\/\/www.alpoma.net\/tecob\/?p=12343"},"modified":"2016-09-26T19:34:05","modified_gmt":"2016-09-26T17:34:05","slug":"arma-electromagnetica-automatica-espanola-de-1957","status":"publish","type":"post","link":"https:\/\/alpoma.net\/tecob\/?p=12343","title":{"rendered":"Arma electromagn\u00e9tica autom\u00e1tica (espa\u00f1ola) de 1957"},"content":{"rendered":"<p><strong>Hay patentes de invenci\u00f3n que te saltan a los ojos en cuanto te cruzas con ellas, literalmente<\/strong>. El ejemplo que hoy me ocupa estaba en un mont\u00f3n para revisi\u00f3n, a lo largo de una investigaci\u00f3n que nada ten\u00eda que ver con armas ni nada parecido. Uno de los inventores, un tal David Hogan (no he logrado m\u00e1s referencias de este personaje), era a su vez uno de los solicitantes de una patente espa\u00f1ola (<strong>ES0225316<\/strong>, de 1956) para cierto tipo de generador el\u00e9ctrico que, en este caso s\u00ed, era objeto de mi investigaci\u00f3n por entonces.<\/p>\n<p>El caso es que ah\u00ed estaba, un documento de 1957 (la patente espa\u00f1ola <strong>ES0230847<\/strong>, de la que se hab\u00eda solicitado su gesti\u00f3n un a\u00f1o antes en Madrid), otorgado al estadounidense <strong>David Hogan y Luis Mar\u00eda de Funes Mill\u00e1n<\/strong>, bajo un t\u00edtulo que me llam\u00f3 la atenci\u00f3n desde el primer momento: <strong><em>Un arma electromagn\u00e9tica autom\u00e1tica<\/em><\/strong>. En su descripci\u00f3n resumida podemos leer lo siguiente:<\/p>\n<blockquote><p><em>Arma electromagn\u00e9tica autom\u00e1tica caracterizada por estar dotada de un tubo de lanzamiento y direcci\u00f3n, construido en dimensiones variables, de material magn\u00e9tico, al cual rodean varias bobinas el\u00e9ctricas.<\/em><\/p><\/blockquote>\n<hr \/>\n<p><img loading=\"lazy\" decoding=\"async\" src=\"http:\/\/www.alpoma.net\/tecob\/wp-content\/uploads\/2016\/09\/arma_electromagnetica_1957.png\" alt=\"arma_electromagnetica_1957\" width=\"620\" height=\"475\" class=\"otros\" \/><\/p>\n<hr \/>\n<p><strong>A primera vista, sin ver nada m\u00e1s del documento, me vino a la mente un arma de ra\u00edl, o incluso un lanzador espacial de ra\u00edl magn\u00e9tico<\/strong>. La primera vez que le\u00ed sobre algo as\u00ed fue cuanto ten\u00eda unos quince a\u00f1os, en uno de los libros que compon\u00edan la serie <em><strong>Venus Prime<\/strong><\/em>, de Arthur C. Clarke y Paul Preus. Se describ\u00eda all\u00ed el armamento que se encontraba instalado en un helic\u00f3ptero de ataque al que llamaban <em>Snark<\/em>. En principio me pareci\u00f3 poca cosa, aquello no pod\u00eda ser tan destructivo como se describ\u00eda, pero con el tiempo comprend\u00ed que algo as\u00ed podr\u00eda ser realmente temible. B\u00e1sicamente se trataba de <strong>un sistema magn\u00e9tico que lanzaba <em>jabalinas<\/em> de un metal ligero a gran velocidad<\/strong>. Al impactar esos proyectiles, el resultado era devastador. <\/p>\n<p>Bien, pues la mencionada patente se adelant\u00f3 muchos a\u00f1os a esa descripci\u00f3n y, sorprendentemente, se parece mucho en cuanto a planteamiento. Cierto es que, desde los a\u00f1os cuarenta se ven\u00eda hablando de sistemas de ra\u00edl magn\u00e9tico, pero tengo la sensaci\u00f3n de que <strong>nos encontramos ante una patente futurista en la que sus autores quisieron dar vida a algo que, en su tiempo, era ciencia ficci\u00f3n<\/strong>:<\/p>\n<blockquote><p><em>La presente memoria se refiere, como su nombre indica, a una arma electromagn\u00e9tica autom\u00e1tica, que emplea proyecti\u00adles de materiales diamagn\u00e9ticos que son, o bien cortados en la misma arma y en su rec\u00e1mara autom\u00e1ticamente, o bien son in\u00adtroducidos en la misma rec\u00e1mara, por medio de cinta, exis\u00adtiendo un tubo de direcci\u00f3n y lanzamiento provisto de una se\u00adrie de bobinas que producen el campo magn\u00e9tico impulsor. (&#8230;) <\/em><\/p><\/blockquote>\n<hr \/>\n<p><strong><a href=\"http:\/\/consultas2.oepm.es\/InvenesWeb\/detalle?referencia=P0230847#\" target=\"_blank\">Consulta la patente completa en PDF<\/a><\/strong> (Fuente: OEPM).<\/p>\n","protected":false},"excerpt":{"rendered":"<div class=\"mh-excerpt\"><p>Hay patentes de invenci\u00f3n que te saltan a los ojos en cuanto te cruzas con ellas, literalmente. El ejemplo que hoy me ocupa estaba en un mont\u00f3n para revisi\u00f3n, a <a class=\"mh-excerpt-more\" href=\"https:\/\/alpoma.net\/tecob\/?p=12343\" title=\"Arma electromagn\u00e9tica autom\u00e1tica (espa\u00f1ola) de 1957\">[&#8230;]<\/a><\/p>\n<\/div>","protected":false},"author":1,"featured_media":12349,"comment_status":"open","ping_status":"open","sticky":false,"template":"","format":"standard","meta":{"jetpack_post_was_ever_published":false,"_jetpack_newsletter_access":"","_jetpack_dont_email_post_to_subs":false,"_jetpack_newsletter_tier_id":0,"_jetpack_memberships_contains_paywalled_content":false,"_jetpack_memberships_contains_paid_content":false,"footnotes":""},"categories":[10],"tags":[328,329,330],"class_list":["post-12343","post","type-post","status-publish","format-standard","has-post-thumbnail","hentry","category-made_in_spain","tag-arma-electromagnetica","tag-canon-magnetico","tag-patente"],"jetpack_featured_media_url":"https:\/\/alpoma.net\/tecob\/wp-content\/uploads\/2016\/09\/arma_electromagnetica2.png","jetpack_shortlink":"https:\/\/wp.me\/p93Dc1-3d5","jetpack-related-posts":[{"id":8432,"url":"https:\/\/alpoma.net\/tecob\/?p=8432","url_meta":{"origin":12343,"position":0},"title":"Coraz\u00f3n nuclear","author":"alpoma","date":"25 agosto 2013","format":false,"excerpt":"Los marcapasos, que hoy d\u00eda han alcanzado un nivel de refinamiento asombroso, constituyen una de las tecnolog\u00edas m\u00e9dicas m\u00e1s sobresalientes. No descubro nada si comento que la funci\u00f3n de los marcapasos consiste en velar por que la actividad el\u00e9ctrica que controla el coraz\u00f3n sea lo m\u00e1s adecuada posible. Ahora bien,\u2026","rel":"","context":"En \u00abObsolescencia\u00bb","block_context":{"text":"Obsolescencia","link":"https:\/\/alpoma.net\/tecob\/?cat=3"},"img":{"alt_text":"","src":"https:\/\/i0.wp.com\/alpoma.net\/tecob\/wp-content\/uploads\/2013\/08\/coratomic.jpg?resize=350%2C200&ssl=1","width":350,"height":200,"srcset":"https:\/\/i0.wp.com\/alpoma.net\/tecob\/wp-content\/uploads\/2013\/08\/coratomic.jpg?resize=350%2C200&ssl=1 1x, https:\/\/i0.wp.com\/alpoma.net\/tecob\/wp-content\/uploads\/2013\/08\/coratomic.jpg?resize=525%2C300&ssl=1 1.5x"},"classes":[]},{"id":1029,"url":"https:\/\/alpoma.net\/tecob\/?p=1029","url_meta":{"origin":12343,"position":1},"title":"Las patentes de Torres Quevedo","author":"alpoma","date":"13 noviembre 2008","format":false,"excerpt":"Leonardo Torres Quevedo, uno de los m\u00e1s insignes inventores de la historia espa\u00f1ola, ha visitado TecOb en numerosas ocasiones. Razones para repasar su biograf\u00eda una y otra vez pueden darse muchas, puesto que se trat\u00f3 de una fecunda y apasionante vida, pero sin duda lo m\u00e1s atractivo aqu\u00ed son sus\u2026","rel":"","context":"En \u00abMade in Spain\u00bb","block_context":{"text":"Made in Spain","link":"https:\/\/alpoma.net\/tecob\/?cat=10"},"img":{"alt_text":"","src":"https:\/\/i0.wp.com\/alpoma.net\/tecob\/wp-content\/uploads\/2008\/11\/3027003855_d7a46f4850_o.jpg?resize=350%2C200&ssl=1","width":350,"height":200},"classes":[]},{"id":10232,"url":"https:\/\/alpoma.net\/tecob\/?p=10232","url_meta":{"origin":12343,"position":2},"title":"Las pilas de Ram\u00f3n Gabarr\u00f3","author":"alpoma","date":"1 diciembre 2014","format":false,"excerpt":"Como vengo comentando los \u00faltimos d\u00edas, estoy dando los toques finales a mi nuevo libro: Made in Spain. Cuando invent\u00e1bamos nosotros. La cosa est\u00e1 siendo laboriosa, son muchos personajes, muchos inventos, muchos datos y es que, condensar m\u00e1s de diez a\u00f1os de investigaci\u00f3n en un solo libro, por muchas p\u00e1ginas\u2026","rel":"","context":"En \u00abMade in Spain\u00bb","block_context":{"text":"Made in Spain","link":"https:\/\/alpoma.net\/tecob\/?cat=10"},"img":{"alt_text":"","src":"https:\/\/i0.wp.com\/alpoma.net\/tecob\/wp-content\/uploads\/2014\/12\/pila_gabarro.jpg?resize=350%2C200&ssl=1","width":350,"height":200,"srcset":"https:\/\/i0.wp.com\/alpoma.net\/tecob\/wp-content\/uploads\/2014\/12\/pila_gabarro.jpg?resize=350%2C200&ssl=1 1x, https:\/\/i0.wp.com\/alpoma.net\/tecob\/wp-content\/uploads\/2014\/12\/pila_gabarro.jpg?resize=525%2C300&ssl=1 1.5x"},"classes":[]},{"id":11300,"url":"https:\/\/alpoma.net\/tecob\/?p=11300","url_meta":{"origin":12343,"position":3},"title":"Reentrada atmosf\u00e9rica en modo helic\u00f3ptero","author":"alpoma","date":"26 abril 2015","format":false,"excerpt":"Una anotaci\u00f3n de IEEE Spectrum acerca de las vueltas que le est\u00e1n dando los ingenieros al nuevo cohete estadounidense ULA Vulcan para llevarlo a la vida, me ha tra\u00eddo el recuerdo de una vieja patente espa\u00f1ola realmente curiosa. ULA Vulcan | Fuente | En el mencionado art\u00edculo se hace referencia\u2026","rel":"","context":"En \u00abMade in Spain\u00bb","block_context":{"text":"Made in Spain","link":"https:\/\/alpoma.net\/tecob\/?cat=10"},"img":{"alt_text":"","src":"https:\/\/i0.wp.com\/alpoma.net\/tecob\/wp-content\/uploads\/2015\/04\/vulcan_cohete.jpg?resize=350%2C200&ssl=1","width":350,"height":200,"srcset":"https:\/\/i0.wp.com\/alpoma.net\/tecob\/wp-content\/uploads\/2015\/04\/vulcan_cohete.jpg?resize=350%2C200&ssl=1 1x, https:\/\/i0.wp.com\/alpoma.net\/tecob\/wp-content\/uploads\/2015\/04\/vulcan_cohete.jpg?resize=525%2C300&ssl=1 1.5x"},"classes":[]},{"id":13626,"url":"https:\/\/alpoma.net\/tecob\/?p=13626","url_meta":{"origin":12343,"position":4},"title":"El ascensor submarino de Arturo G\u00e9nova","author":"alpoma","date":"1 septiembre 2018","format":false,"excerpt":"Versi\u00f3n para TecOb del art\u00edculo que publiqu\u00e9 en la revista Historia de Iberia Vieja, edici\u00f3n de agosto de 2018. Fuera del puerto [de Cartagena] se han efectuado las pruebas oficiales del aparato inventado por el capit\u00e1n de corbeta D. Arturo G\u00e9nova Torruella para salvar tripulaciones de submarinos, obteniendo un completo\u2026","rel":"","context":"En \u00abMade in Spain\u00bb","block_context":{"text":"Made in Spain","link":"https:\/\/alpoma.net\/tecob\/?cat=10"},"img":{"alt_text":"","src":"https:\/\/i0.wp.com\/alpoma.net\/tecob\/wp-content\/uploads\/2018\/09\/genova-3.jpg?resize=350%2C200&ssl=1","width":350,"height":200,"srcset":"https:\/\/i0.wp.com\/alpoma.net\/tecob\/wp-content\/uploads\/2018\/09\/genova-3.jpg?resize=350%2C200&ssl=1 1x, https:\/\/i0.wp.com\/alpoma.net\/tecob\/wp-content\/uploads\/2018\/09\/genova-3.jpg?resize=525%2C300&ssl=1 1.5x, https:\/\/i0.wp.com\/alpoma.net\/tecob\/wp-content\/uploads\/2018\/09\/genova-3.jpg?resize=700%2C400&ssl=1 2x, https:\/\/i0.wp.com\/alpoma.net\/tecob\/wp-content\/uploads\/2018\/09\/genova-3.jpg?resize=1050%2C600&ssl=1 3x"},"classes":[]},{"id":11567,"url":"https:\/\/alpoma.net\/tecob\/?p=11567","url_meta":{"origin":12343,"position":5},"title":"Francesc Bonet y Emilio de la Cuadra, pioneros del autom\u00f3vil","author":"alpoma","date":"28 agosto 2015","format":false,"excerpt":"Versi\u00f3n reducida del art\u00edculo que publiqu\u00e9 en la revista Historia de Iberia Vieja, edici\u00f3n de agosto de 2015. Los pedidos [de motores Daimler] fueron muy numerosos. Haremos menci\u00f3n de uno en especial por haber sido hecho por un espa\u00f1ol: Francisco Bonet Dalmau. Este ingenioso y testarudo catal\u00e1n consigui\u00f3 que Daimler\u2026","rel":"","context":"En \u00abMade in Spain\u00bb","block_context":{"text":"Made in Spain","link":"https:\/\/alpoma.net\/tecob\/?cat=10"},"img":{"alt_text":"","src":"https:\/\/i0.wp.com\/alpoma.net\/tecob\/wp-content\/uploads\/2015\/08\/automovil_bonet_18891.png?resize=350%2C200&ssl=1","width":350,"height":200},"classes":[]}],"jetpack_sharing_enabled":true,"_links":{"self":[{"href":"https:\/\/alpoma.net\/tecob\/index.php?rest_route=\/wp\/v2\/posts\/12343","targetHints":{"allow":["GET"]}}],"collection":[{"href":"https:\/\/alpoma.net\/tecob\/index.php?rest_route=\/wp\/v2\/posts"}],"about":[{"href":"https:\/\/alpoma.net\/tecob\/index.php?rest_route=\/wp\/v2\/types\/post"}],"author":[{"embeddable":true,"href":"https:\/\/alpoma.net\/tecob\/index.php?rest_route=\/wp\/v2\/users\/1"}],"replies":[{"embeddable":true,"href":"https:\/\/alpoma.net\/tecob\/index.php?rest_route=%2Fwp%2Fv2%2Fcomments&post=12343"}],"version-history":[{"count":0,"href":"https:\/\/alpoma.net\/tecob\/index.php?rest_route=\/wp\/v2\/posts\/12343\/revisions"}],"wp:featuredmedia":[{"embeddable":true,"href":"https:\/\/alpoma.net\/tecob\/index.php?rest_route=\/wp\/v2\/media\/12349"}],"wp:attachment":[{"href":"https:\/\/alpoma.net\/tecob\/index.php?rest_route=%2Fwp%2Fv2%2Fmedia&parent=12343"}],"wp:term":[{"taxonomy":"category","embeddable":true,"href":"https:\/\/alpoma.net\/tecob\/index.php?rest_route=%2Fwp%2Fv2%2Fcategories&post=12343"},{"taxonomy":"post_tag","embeddable":true,"href":"https:\/\/alpoma.net\/tecob\/index.php?rest_route=%2Fwp%2Fv2%2Ftags&post=12343"}],"curies":[{"name":"wp","href":"https:\/\/api.w.org\/{rel}","templated":true}]}}