{"id":12329,"date":"2016-09-20T23:18:34","date_gmt":"2016-09-20T21:18:34","guid":{"rendered":"http:\/\/www.alpoma.net\/tecob\/?p=12329"},"modified":"2016-09-20T23:18:34","modified_gmt":"2016-09-20T21:18:34","slug":"reutilizando-un-viejo-objetivo-fotografico","status":"publish","type":"post","link":"https:\/\/alpoma.net\/tecob\/?p=12329","title":{"rendered":"Reutilizando un viejo objetivo fotogr\u00e1fico"},"content":{"rendered":"<blockquote><p><em>Aqu\u00ed va una nota que se sale un poco de lo habitual por aqu\u00ed, aunque \u00faltimamente tampoco es que haya mucho tiempo para escribir. Uno de los motivos de esa falta de ratos para escribir est\u00e1, precisamente, en que las letras y palabras destinadas a mis blogs est\u00e1n siendo utilizados para dar vida a un nuevo libro, que aparecer\u00e1 dentro de no mucho tiempo. Y hasta ah\u00ed puedo contar.<\/em><\/p><\/blockquote>\n<hr \/>\n<p>Mientras tanto, vaya esta <strong>anotaci\u00f3n personal sobre una curiosidad fotogr\u00e1fica<\/strong>. Estaba leyendo esta tarde un <em>post<\/em> en <em>Microsiervos<\/em> acerca de <strong><a href=\"http:\/\/www.microsiervos.com\/archivo\/fotografia\/objetivo-50-mm-f-12-pocos-euros.html\" target=\"_blank\">c\u00f3mo conseguir un objetivo de 50 mm y f\/1.2 por unos pocos euros<\/a><\/strong>, cuando record\u00e9 cierto experimento que he llevado a cabo hace poco. No es tan espectacular como lo mencionado en ese art\u00edculo, pero posiblemente a alg\u00fan lector le sirva de utilidad. <\/p>\n<p>En el mes de julio me anim\u00e9 a crear una<strong> c\u00e1mara Frankenstein<\/strong> sencilla, esto es, intent\u00e9 reciclar materiales que, por separado parec\u00edan imposibles de combinar, pero que unidos finalmente han resultado en un equipo muy interesante. Por un lado, el <strong>cuerpo de una vieja c\u00e1mara digital Nikon d3000<\/strong>. Por el otro, <strong>un objetivo con <em>zoom<\/em> fabricado por Praktica en la Alemania del Este all\u00e1 por el a\u00f1o 1989<\/strong>. Siempre me ha encantado ese objetivo, un 55-200 mm, que compr\u00f3 mi padre en el citado a\u00f1o y con el que hice hace mucho tiempo fotograf\u00edas con una c\u00e1mara Praktica de carrete fotogr\u00e1fico, en concreto una BMS.<\/p>\n<figure id=\"attachment_12333\" aria-describedby=\"caption-attachment-12333\" style=\"width: 640px\" class=\"wp-caption aligncenter\"><img decoding=\"async\" data-attachment-id=\"12333\" data-permalink=\"https:\/\/alpoma.net\/tecob\/?attachment_id=12333\" data-orig-file=\"https:\/\/alpoma.net\/tecob\/wp-content\/uploads\/2016\/09\/nikon_d3000_Praktica.jpg\" data-orig-size=\"1024,768\" data-comments-opened=\"0\" data-image-meta=\"{&quot;aperture&quot;:&quot;0&quot;,&quot;credit&quot;:&quot;&quot;,&quot;camera&quot;:&quot;&quot;,&quot;caption&quot;:&quot;&quot;,&quot;created_timestamp&quot;:&quot;0&quot;,&quot;copyright&quot;:&quot;&quot;,&quot;focal_length&quot;:&quot;0&quot;,&quot;iso&quot;:&quot;0&quot;,&quot;shutter_speed&quot;:&quot;0&quot;,&quot;title&quot;:&quot;&quot;,&quot;orientation&quot;:&quot;0&quot;}\" data-image-title=\"nikon_d3000_praktica\" data-image-description=\"\" data-image-caption=\"&lt;p&gt;Aqu\u00ed est\u00e1 el resultado de unir una Nikon d3000 a un a\u00f1ejo objetivo 55-200 de Praktica.&lt;\/p&gt;\n\" data-large-file=\"https:\/\/alpoma.net\/tecob\/wp-content\/uploads\/2016\/09\/nikon_d3000_Praktica-1024x768.jpg\" src=\"http:\/\/www.alpoma.net\/tecob\/wp-content\/uploads\/2016\/09\/nikon_d3000_Praktica-1024x768.jpg\" alt=\"Aqu\u00ed est\u00e1 el resultado de unir una Nikon d3000 a un a\u00f1ejo objetivo 55-200 de Praktica.\" width=\"620\" class=\"size-large wp-image-12333\" srcset=\"https:\/\/alpoma.net\/tecob\/wp-content\/uploads\/2016\/09\/nikon_d3000_Praktica.jpg 1024w, https:\/\/alpoma.net\/tecob\/wp-content\/uploads\/2016\/09\/nikon_d3000_Praktica-678x509.jpg 678w, https:\/\/alpoma.net\/tecob\/wp-content\/uploads\/2016\/09\/nikon_d3000_Praktica-326x245.jpg 326w, https:\/\/alpoma.net\/tecob\/wp-content\/uploads\/2016\/09\/nikon_d3000_Praktica-80x60.jpg 80w, https:\/\/alpoma.net\/tecob\/wp-content\/uploads\/2016\/09\/nikon_d3000_Praktica-300x225.jpg 300w, https:\/\/alpoma.net\/tecob\/wp-content\/uploads\/2016\/09\/nikon_d3000_Praktica-768x576.jpg 768w, https:\/\/alpoma.net\/tecob\/wp-content\/uploads\/2016\/09\/nikon_d3000_Praktica-640x480.jpg 640w\" sizes=\"(max-width: 1024px) 100vw, 1024px\" \/><figcaption id=\"caption-attachment-12333\" class=\"wp-caption-text\">Aqu\u00ed est\u00e1 el resultado de unir una Nikon d3000 a un a\u00f1ejo objetivo 55-200 de Praktica.<\/figcaption><\/figure>\n<p>Veamos, <strong>tampoco tiene mucho misterio<\/strong>. El objetivo es muy bueno, y no tengo presupuesto para comprar un flamante equivalente actual. <strong>La soluci\u00f3n consisti\u00f3 en emplear un anillo de conexi\u00f3n para la montura de bayoneta de las Praktica, adaptado a una Nikon<\/strong>. Utilic\u00e9 un anillo <strong><a href=\"https:\/\/www.amazon.es\/Adaptador-Fotodiox-Praktica-B-sistema-digitales\/dp\/B0095OLUU6\" target=\"_blank\">Fotodiox Pro<\/a><\/strong>, pero pod\u00eda haber elegido otros, pues existen diversas alternativas. Naturalmente, con esta \u00absoluci\u00f3n\u00bb <strong>la fotograf\u00eda debe realizarse en modo manual por completo<\/strong>: tanto el enfoque como la velocidad de exposici\u00f3n deben ajustarse \u00aba mano\u00bb en todas las tomas y, el diafragma de la Nikon, pasa al olvido, pero no es problema, pues se puede ajustar el diafragma que el propio objetivo integra. Para quien guste de automatismos puede ser el infierno, pero para m\u00ed es algo glorioso, es como volver a los ochenta (o incluso antes, pues ninguna ayuda electr\u00f3nica sirve en casos as\u00ed). He ido mejorando la t\u00e9cnica poco a poco, pues los primeros intentos fueron desastrosos. Ahora, creo que ya le he tomado el pulso a la Frankenstein, y estoy encantado. A modo de ejemplo, <strong><a href=\"http:\/\/www.alpoma.net\/tecob\/?p=12231\" target=\"_blank\">las im\u00e1genes que tom\u00e9 en el Festival A\u00e9reo de Gij\u00f3n este verano<\/a><\/strong> fueron realizadas con esta c\u00e1mara y el objetivo de Praktica. <strong>Esta <a href=\"https:\/\/www.behance.net\/gallery\/43051811\/Refinery\" target=\"_blank\">galer\u00eda de im\u00e1genes<\/a> de la refiner\u00eda de Petronor en Bilbao tambi\u00e9n ha sido realizada con el \u00abcacharro\u00bb reciclado<\/strong>. <\/p>\n","protected":false},"excerpt":{"rendered":"<div class=\"mh-excerpt\"><p>Aqu\u00ed va una nota que se sale un poco de lo habitual por aqu\u00ed, aunque \u00faltimamente tampoco es que haya mucho tiempo para escribir. Uno de los motivos de esa <a class=\"mh-excerpt-more\" href=\"https:\/\/alpoma.net\/tecob\/?p=12329\" title=\"Reutilizando un viejo objetivo fotogr\u00e1fico\">[&#8230;]<\/a><\/p>\n<\/div>","protected":false},"author":1,"featured_media":12333,"comment_status":"open","ping_status":"open","sticky":false,"template":"","format":"standard","meta":{"jetpack_post_was_ever_published":false,"_jetpack_newsletter_access":"","_jetpack_dont_email_post_to_subs":false,"_jetpack_newsletter_tier_id":0,"_jetpack_memberships_contains_paywalled_content":false,"_jetpack_memberships_contains_paid_content":false,"footnotes":""},"categories":[2],"tags":[327,325,326],"class_list":["post-12329","post","type-post","status-publish","format-standard","has-post-thumbnail","hentry","category-personal","tag-fotografia","tag-nikon","tag-praktica"],"jetpack_featured_media_url":"https:\/\/alpoma.net\/tecob\/wp-content\/uploads\/2016\/09\/nikon_d3000_Praktica.jpg","jetpack_shortlink":"https:\/\/wp.me\/p93Dc1-3cR","jetpack-related-posts":[{"id":1060,"url":"https:\/\/alpoma.net\/tecob\/?p=1060","url_meta":{"origin":12329,"position":0},"title":"Leviatanes de metal","author":"alpoma","date":"16 enero 2009","format":false,"excerpt":"Una pena, tantas ideas y temas aparcados y tan poco tiempo para escribir, al menos en el blog, porque el poco tiempo libre que me resta lo estoy dedicando estos d\u00edas a pulir dos libros que, si todo sale bien, ser\u00e1n editados a lo largo de 2009. Adelanto que uno\u2026","rel":"","context":"En \u00abObsolescencia\u00bb","block_context":{"text":"Obsolescencia","link":"https:\/\/alpoma.net\/tecob\/?cat=3"},"img":{"alt_text":"","src":"https:\/\/i0.wp.com\/alpoma.net\/tecob\/wp-content\/uploads\/2009\/01\/3201216607_b1ca101e89_o.jpg?resize=350%2C200&ssl=1","width":350,"height":200,"srcset":"https:\/\/i0.wp.com\/alpoma.net\/tecob\/wp-content\/uploads\/2009\/01\/3201216607_b1ca101e89_o.jpg?resize=350%2C200&ssl=1 1x, https:\/\/i0.wp.com\/alpoma.net\/tecob\/wp-content\/uploads\/2009\/01\/3201216607_b1ca101e89_o.jpg?resize=525%2C300&ssl=1 1.5x"},"classes":[]},{"id":10350,"url":"https:\/\/alpoma.net\/tecob\/?p=10350","url_meta":{"origin":12329,"position":1},"title":"TecOb cumple diez a\u00f1os","author":"alpoma","date":"24 febrero 2015","format":false,"excerpt":"Una d\u00e9cada, cuatro libros y un mont\u00f3n de art\u00edculos despu\u00e9s, aqu\u00ed sigo, y eso que esto naci\u00f3 como un simple divertimento sin pretensi\u00f3n alguna. Unas cuantas visitas y algunos dolores de cabeza m\u00e1s tarde, esta aventura que naci\u00f3 el 24 de febrero de 2005 en bitacoras.com (al cabo de unos\u2026","rel":"","context":"En \u00abPersonal\u00bb","block_context":{"text":"Personal","link":"https:\/\/alpoma.net\/tecob\/?cat=2"},"img":{"alt_text":"","src":"https:\/\/i0.wp.com\/alpoma.net\/tecob\/wp-content\/uploads\/2015\/12\/Alejandro_Polanco_Masa__Cover_.jpg?resize=350%2C200&ssl=1","width":350,"height":200,"srcset":"https:\/\/i0.wp.com\/alpoma.net\/tecob\/wp-content\/uploads\/2015\/12\/Alejandro_Polanco_Masa__Cover_.jpg?resize=350%2C200&ssl=1 1x, https:\/\/i0.wp.com\/alpoma.net\/tecob\/wp-content\/uploads\/2015\/12\/Alejandro_Polanco_Masa__Cover_.jpg?resize=525%2C300&ssl=1 1.5x, https:\/\/i0.wp.com\/alpoma.net\/tecob\/wp-content\/uploads\/2015\/12\/Alejandro_Polanco_Masa__Cover_.jpg?resize=700%2C400&ssl=1 2x"},"classes":[]},{"id":2880,"url":"https:\/\/alpoma.net\/tecob\/?p=2880","url_meta":{"origin":12329,"position":2},"title":"Dos libros para el verano","author":"alpoma","date":"6 junio 2010","format":false,"excerpt":"Lo que sigue no es m\u00e1s que una sencilla nota personal en forma de recomendaci\u00f3n o, m\u00e1s bien, sugerencia. Cuando se acerca el verano, suelo escribir sobre libros en TecOb. Por lo general se trata de realizar un leve repaso a los libros interesantes con que me haya cruzado a\u2026","rel":"","context":"En \u00abPersonal\u00bb","block_context":{"text":"Personal","link":"https:\/\/alpoma.net\/tecob\/?cat=2"},"img":{"alt_text":"","src":"https:\/\/i0.wp.com\/alpoma.net\/tecob\/wp-content\/uploads\/2010\/06\/4675221572_d5a755a06f_o.jpg?resize=350%2C200&ssl=1","width":350,"height":200,"srcset":"https:\/\/i0.wp.com\/alpoma.net\/tecob\/wp-content\/uploads\/2010\/06\/4675221572_d5a755a06f_o.jpg?resize=350%2C200&ssl=1 1x, https:\/\/i0.wp.com\/alpoma.net\/tecob\/wp-content\/uploads\/2010\/06\/4675221572_d5a755a06f_o.jpg?resize=525%2C300&ssl=1 1.5x"},"classes":[]},{"id":1089,"url":"https:\/\/alpoma.net\/tecob\/?p=1089","url_meta":{"origin":12329,"position":3},"title":"Enrique Gaspar y la primera m\u00e1quina del tiempo","author":"alpoma","date":"10 marzo 2009","format":false,"excerpt":"Sigo en modo \"pausa\", pero voy a aprovechar un instante para incorporar al blog mi \u00faltimo texto publicado en papel. Aunque el tema ya lo trat\u00e9 en TecOb hace a\u00f1os, lo hice de forma muy esquem\u00e1tica. :-) AVISO: Este art\u00edculo lo publiqu\u00e9 originalmente en el n\u00famero 45, febrero 2009, de\u2026","rel":"","context":"En \u00abMade in Spain\u00bb","block_context":{"text":"Made in Spain","link":"https:\/\/alpoma.net\/tecob\/?cat=10"},"img":{"alt_text":"","src":"","width":0,"height":0},"classes":[]},{"id":8464,"url":"https:\/\/alpoma.net\/tecob\/?p=8464","url_meta":{"origin":12329,"position":4},"title":"La Historia Historia L\u00f3gico-Natural de J. J. Merelo, el mundo que bien pudo ser","author":"alpoma","date":"1 septiembre 2013","format":false,"excerpt":"Acabo de terminar de leer un libro que, a falta de m\u00e1s tiempo disponible, he tenido que ir disfrutando en ratos perdidos a lo largo de la \u00faltima semana. Ha sido una pena, porque merece ser le\u00eddo de una vez, porque el efecto que genera es algo as\u00ed como sentirse\u2026","rel":"","context":"En \u00abMade in Spain\u00bb","block_context":{"text":"Made in Spain","link":"https:\/\/alpoma.net\/tecob\/?cat=10"},"img":{"alt_text":"portada_jjmerelo","src":"https:\/\/i0.wp.com\/www.alpoma.net\/tecob\/wp-content\/uploads\/2013\/09\/portada_jjmerelo-204x300.jpg?resize=350%2C200","width":350,"height":200},"classes":[]},{"id":1081,"url":"https:\/\/alpoma.net\/tecob\/?p=1081","url_meta":{"origin":12329,"position":5},"title":"Virotyp, escribiendo desde las trincheras","author":"alpoma","date":"17 febrero 2009","format":false,"excerpt":"Esta m\u00e1quina de escritura, que no dudo en calificar como una de las m\u00e1s sorprendentes de la historia, se ha convertido actualmente en pieza digna de coleccionistas. Si hace unos d\u00edas visit\u00f3 TecOb la m\u00e1quina de Hansen, preciosa en sus formas, pensada para la oficina, gabinete o el hogar, hoy\u2026","rel":"","context":"En \u00abObsolescencia\u00bb","block_context":{"text":"Obsolescencia","link":"https:\/\/alpoma.net\/tecob\/?cat=3"},"img":{"alt_text":"","src":"https:\/\/i0.wp.com\/alpoma.net\/tecob\/wp-content\/uploads\/2009\/02\/3288173992_7bdc198c5b_o.jpg?resize=350%2C200&ssl=1","width":350,"height":200,"srcset":"https:\/\/i0.wp.com\/alpoma.net\/tecob\/wp-content\/uploads\/2009\/02\/3288173992_7bdc198c5b_o.jpg?resize=350%2C200&ssl=1 1x, https:\/\/i0.wp.com\/alpoma.net\/tecob\/wp-content\/uploads\/2009\/02\/3288173992_7bdc198c5b_o.jpg?resize=525%2C300&ssl=1 1.5x"},"classes":[]}],"jetpack_sharing_enabled":true,"_links":{"self":[{"href":"https:\/\/alpoma.net\/tecob\/index.php?rest_route=\/wp\/v2\/posts\/12329","targetHints":{"allow":["GET"]}}],"collection":[{"href":"https:\/\/alpoma.net\/tecob\/index.php?rest_route=\/wp\/v2\/posts"}],"about":[{"href":"https:\/\/alpoma.net\/tecob\/index.php?rest_route=\/wp\/v2\/types\/post"}],"author":[{"embeddable":true,"href":"https:\/\/alpoma.net\/tecob\/index.php?rest_route=\/wp\/v2\/users\/1"}],"replies":[{"embeddable":true,"href":"https:\/\/alpoma.net\/tecob\/index.php?rest_route=%2Fwp%2Fv2%2Fcomments&post=12329"}],"version-history":[{"count":0,"href":"https:\/\/alpoma.net\/tecob\/index.php?rest_route=\/wp\/v2\/posts\/12329\/revisions"}],"wp:featuredmedia":[{"embeddable":true,"href":"https:\/\/alpoma.net\/tecob\/index.php?rest_route=\/wp\/v2\/media\/12333"}],"wp:attachment":[{"href":"https:\/\/alpoma.net\/tecob\/index.php?rest_route=%2Fwp%2Fv2%2Fmedia&parent=12329"}],"wp:term":[{"taxonomy":"category","embeddable":true,"href":"https:\/\/alpoma.net\/tecob\/index.php?rest_route=%2Fwp%2Fv2%2Fcategories&post=12329"},{"taxonomy":"post_tag","embeddable":true,"href":"https:\/\/alpoma.net\/tecob\/index.php?rest_route=%2Fwp%2Fv2%2Ftags&post=12329"}],"curies":[{"name":"wp","href":"https:\/\/api.w.org\/{rel}","templated":true}]}}