{"id":12297,"date":"2016-09-01T23:54:45","date_gmt":"2016-09-01T21:54:45","guid":{"rendered":"http:\/\/www.alpoma.net\/tecob\/?p=12297"},"modified":"2016-09-01T23:57:59","modified_gmt":"2016-09-01T21:57:59","slug":"fantasias-volantes-del-siglo-xviii","status":"publish","type":"post","link":"https:\/\/alpoma.net\/tecob\/?p=12297","title":{"rendered":"Fantas\u00edas volantes del siglo XVIII"},"content":{"rendered":"<p class=\"otros3\">Extracto del art\u00edculo que publiqu\u00e9 en la revista <em><a href=\"http:\/\/www.historiadeiberiavieja.com\" target=\"_blank\">Historia de Iberia Vieja<\/a><\/em>, edici\u00f3n de agosto de 2016.<\/p>\n<hr \/>\n<p><em>La Nave con los cuatro globos puede subir a una altura excesiva, o no necesaria, o pueden faltar los globos y caer, y con su precipicio perecer las personas. Para evitar esto se le podr\u00e1n poner alas, que ser\u00e1n de lienzo encerado como toda la Nave, que son movedizas y estar\u00e1n con sus goznecillos, para levantarlas o bajarlas seg\u00fan la necesidad lo pida. <\/em><\/p>\n<p style=\"text-align: right;\">Fragmento de la obra<br \/>\n<em>Nave admospherica y tentativa sobre la<br \/>\nposibilidad de navegar por el ayre<\/em>. (1783)<\/p>\n<hr \/>\n<h3 style=\"text-align: center;\">La era de los globos recreativos<\/h3>\n<hr \/>\n<p>Los <strong>a\u00f1os finales del siglo XVIII<\/strong> fueron excitantes en lo que a la idea de volar se refiere. Las posibilidades de los aerostatos, esto es, naves capaces de volar gracias al uso de \u201cbolsas\u201d de gases con menor densidad que aire, estaban cada vez m\u00e1s claras. Experiencias con modelos de globo de aire caliente como las llevadas a cabo por el portugu\u00e9s nacido en el Brasil colonial <strong>Bartolomeu Louren\u00e7o de Gusmao<\/strong> hacia 1709, hac\u00edan pensar que pronto se podr\u00eda volar en globo.<\/p>\n<p>Pero todo eran pensamientos e ilusiones, poco se hizo para convertir la fantas\u00eda en realidad hasta que, a finales de ese siglo, todo cambi\u00f3. <strong>Par\u00eds, 15 de octubre de 1783<\/strong>, una fecha hist\u00f3rica sin duda alguna: el primer globo de aire caliente tripulado por seres humanos ascendi\u00f3 a las alturas. Se trataba de un ingenio ideado por los c\u00e9lebres <strong>hermanos Montgolfier<\/strong>. De repente, lo que hab\u00edan sido meras fantas\u00edas, se convirti\u00f3 en todo un nuevo mundo por explorar. La atm\u00f3sfera se convirti\u00f3 en el nuevo oc\u00e9ano que esperaba intr\u00e9pidos aventureros. En apenas unos meses aquellas primeras experiencias de los hermanos franceses fueron emuladas por decenas de so\u00f1adores. Hab\u00eda nacido la era de los globos recreativos.<\/p>\n<p><strong>En 1792 se realizaron en Espa\u00f1a algunas experiencias pioneras para el uso de los aerostatos en el mundo militar<\/strong>. Sucedi\u00f3 en Segovia, bajo de la direcci\u00f3n de <strong>Louis Proust<\/strong>. Todo eran posibilidades pero, de nuevo, las dificultades para controlar los nov\u00edsimos globos, la necesidad de mejorar la sustentaci\u00f3n y los intentos de cambiar el aire caliente por gases como el hidr\u00f3geno, hicieron que las multitudinarias experiencias con globos cautivos o libres fueran todo un espect\u00e1culo, pero poco m\u00e1s.<\/p>\n<p><a href=\"http:\/\/www.alpoma.net\/tecob\/wp-content\/uploads\/2016\/09\/Carnicero_Fiesta_de_Toros.jpg\"><img loading=\"lazy\" decoding=\"async\" data-attachment-id=\"12300\" data-permalink=\"https:\/\/alpoma.net\/tecob\/?attachment_id=12300\" data-orig-file=\"https:\/\/alpoma.net\/tecob\/wp-content\/uploads\/2016\/09\/Carnicero_Fiesta_de_Toros-scaled.jpg\" data-orig-size=\"1756,2560\" data-comments-opened=\"0\" data-image-meta=\"{&quot;aperture&quot;:&quot;0&quot;,&quot;credit&quot;:&quot;&quot;,&quot;camera&quot;:&quot;Perfection 610&quot;,&quot;caption&quot;:&quot;&quot;,&quot;created_timestamp&quot;:&quot;0&quot;,&quot;copyright&quot;:&quot;&quot;,&quot;focal_length&quot;:&quot;0&quot;,&quot;iso&quot;:&quot;0&quot;,&quot;shutter_speed&quot;:&quot;0&quot;,&quot;title&quot;:&quot;&quot;,&quot;orientation&quot;:&quot;1&quot;}\" data-image-title=\"Carnicero_Fiesta_de_Toros\" data-image-description=\"\" data-image-caption=\"\" data-large-file=\"https:\/\/alpoma.net\/tecob\/wp-content\/uploads\/2016\/09\/Carnicero_Fiesta_de_Toros-702x1024.jpg\" class=\"alignright size-medium wp-image-12300\" src=\"http:\/\/www.alpoma.net\/tecob\/wp-content\/uploads\/2016\/09\/Carnicero_Fiesta_de_Toros-206x300.jpg\" alt=\"Carnicero_Fiesta_de_Toros\" width=\"206\" height=\"300\" srcset=\"https:\/\/alpoma.net\/tecob\/wp-content\/uploads\/2016\/09\/Carnicero_Fiesta_de_Toros-206x300.jpg 206w, https:\/\/alpoma.net\/tecob\/wp-content\/uploads\/2016\/09\/Carnicero_Fiesta_de_Toros-1053x1536.jpg 1053w, https:\/\/alpoma.net\/tecob\/wp-content\/uploads\/2016\/09\/Carnicero_Fiesta_de_Toros-1404x2048.jpg 1404w, https:\/\/alpoma.net\/tecob\/wp-content\/uploads\/2016\/09\/Carnicero_Fiesta_de_Toros-768x1120.jpg 768w, https:\/\/alpoma.net\/tecob\/wp-content\/uploads\/2016\/09\/Carnicero_Fiesta_de_Toros-702x1024.jpg 702w, https:\/\/alpoma.net\/tecob\/wp-content\/uploads\/2016\/09\/Carnicero_Fiesta_de_Toros-640x933.jpg 640w, https:\/\/alpoma.net\/tecob\/wp-content\/uploads\/2016\/09\/Carnicero_Fiesta_de_Toros-scaled.jpg 1756w\" sizes=\"auto, (max-width: 206px) 100vw, 206px\" \/><\/a>Resulta asombroso c\u00f3mo, de lo fant\u00e1stico se pasara a lo real en apenas unos meses. Lo que antes era considerado como algo casi imposible, se convirti\u00f3 en espect\u00e1culo de moda, repetido por todas las grandes ciudades europeas. En menos de dos a\u00f1os se vieron decenas de espect\u00e1culos con globos aerost\u00e1ticos. La \u201cfiebre\u201d por los globos se transmiti\u00f3 al arte, se pintaron cuadros acerca de escenas de vuelo en globo, se publicaron todo tipo de op\u00fasculos y ensayos acerca de las posibilidades de los globos y se experiment\u00f3 con todo tipo de materiales. Aquella pasi\u00f3n por los aerostatos lleg\u00f3 a extremos rid\u00edculos en ocasiones. He ah\u00ed, por ejemplo, el grabado conservado en la Fundaci\u00f3n L\u00e1zaro Galdiano de Madrid, realizado en 1784 por Isidro Carnicero, en el que, bajo el t\u00edtulo de <strong>\u201cFiesta de toros en el aire\u201d<\/strong> (ver imagen), se planteaba unir a un picador y a un toro a sendos aerostatos para celebrar una corrida de todos singular\u2026 \u00a1flotando en la atm\u00f3sfera!<\/p>\n<p>Por ese tiempo fueron muy comentadas las ascensiones en globo protagonizadas por el aventurero aeronauta italiano <strong>Vincenzo Lunardi<\/strong>. Ya en 1784 hab\u00eda realizado su primera experiencia de vuelo, que a la vista del \u00e9xito de p\u00fablico y lo apasionante del reto, pas\u00f3 a convertirse en su \u00fanica ocupaci\u00f3n. Lunardi recorri\u00f3 Europa con su espect\u00e1culo volante, que lleg\u00f3 a Espa\u00f1a en 1792. En nuestras tierras realiz\u00f3 varios vuelos memorables e inspir\u00f3 la imaginaci\u00f3n de pintores y escritores. Las multitudes enloquec\u00edan ante aquellos<strong> espect\u00e1culos a\u00e9reos<\/strong>, convirti\u00e9ndose en los eventos m\u00e1s comentados de su \u00e9poca. La pasi\u00f3n por los globos dur\u00f3 hasta bien entrado el siglo XIX, cuando los dirigibles y los intentos por construir primitivos aviones, substituyeron a los globos aerost\u00e1ticos en el imaginario p\u00fablico. Pero, mientras dur\u00f3 la fiebre, hubo <strong>imaginativos autores que so\u00f1aron con un futuro<\/strong><strong> en el que<\/strong>, lejos de ser simple divertimento, <strong>las naves a\u00e9reas se convertir\u00edan en medios de transporte comunes<\/strong>. He aqu\u00ed uno de esos casos.<\/p>\n<hr \/>\n<h3 style=\"text-align: center;\">Sobre la posibilidad de navegar por el aire de forma pr\u00e1ctica<\/h3>\n<hr \/>\n<p><em>Diario de Madrid<\/em>, verano de 1792. En plena fiebre de los aerostatos, repasando esas p\u00e1ginas, pueden leerse curiosos anuncios como el que sigue:<\/p>\n<blockquote><p><em>Se venden anteojos acrom\u00e1ticos ingleses, propios para distinguirse los globos desde mucha altura\u2026<\/em><\/p><\/blockquote>\n<hr \/>\n<p>El negocio relacionado con los aerostatos tocaba muchos \u00e1mbitos, desde el buen comer hasta los instrumentos \u00f3pticos. Otro de los nichos de mercado era el de las publicaciones que ten\u00edan que ver con globos. <strong>Un peque\u00f1o librillo llevaba circulando con cierta fama desde 1783<\/strong>, \u00a1el mismo a\u00f1o en que los Montgolfier lograron su gesta aerost\u00e1tica! El \u00e9xito de este libro de poco m\u00e1s de cuarenta p\u00e1ginas llev\u00f3 a que fuera reimpreso en diversas ocasiones, algunas tan lejanas de su punto de partida como el a\u00f1o 1847. Es m\u00e1s, la pol\u00e9mica acerca de su contenido fue tal que, al poco de su publicaci\u00f3n, tambi\u00e9n vio la luz una obrilla impresa destinada a criticar lo que all\u00e1 se dec\u00eda.<\/p>\n<p><strong>Se desconoce al autor de este peque\u00f1o libro<\/strong>, s\u00f3lo se sabe que estaba a la venta en ciertas librer\u00edas y puestos de diarios de Madrid y Barcelona. Su t\u00edtulo, y otros detalles, son intrigantes. La portada es todo un ejercicio de misterio (<a href=\"http:\/\/bdh.bne.es\/bnesearch\/detalle\/bdh0000131204\" target=\"_blank\">Acceso a la obra completa<\/a>):<\/p>\n<blockquote><p><em>Nave admospherica y tentativa<br \/>\nsobre la posibilidad de navegar por el ayre,<br \/>\nno solo especulativa, sino pr\u00e1cticamente.<\/em><\/p><\/blockquote>\n<hr \/>\n<p>Junto a ese t\u00edtulo, una referencia a la imprenta, la licencia y una completa falta de menci\u00f3n al posible autor. Luego, un gr\u00e1fico singular: un gran barco a\u00e9reo, dotado de globos para la sustentaci\u00f3n, velas y una especie de alas y cola. El resto del librillo viene a ser un audaz ensayo en el que se pretenden responde diversas cuestiones acerca de la t\u00e9cnica del vuelo, todo en una \u00e9poca en la que apenas si se hab\u00eda realizado alguna experiencia con globos. He ah\u00ed lo m\u00e1s asombroso, porque el ejercicio de imaginaci\u00f3n viene a ser todo un salto mortal. <strong>El autor afirma con rotundidad, a trav\u00e9s de varias cuestiones t\u00e9cnicas expresadas a modo de preguntas y respuestas, que no s\u00f3lo se pueden construir m\u00e1quinas volantes, sino que ser\u00eda posible volar controlando las naves y, adem\u00e1s, se expresa una confianza incre\u00edble en un futuro a\u00e9reo para la humanidad<\/strong>. Bien, la osad\u00eda es grande, sobre todo porque todo estaba por hacer. El autor menciona el posible uso del vac\u00edo, aire caliente u otros gases, para la sustentaci\u00f3n, atendiendo a referencias de sabios de su tiempo. Sin embargo, lo que m\u00e1s preocupa al desconocido escritor es la \u201cvoluntad de la m\u00e1quina\u201d. Se daba por hecho que se pod\u00edan construir m\u00e1quinas volantes pero, \u00bfc\u00f3mo controlarlas para viajar all\u00e1 donde se deseara? Este es el ingrediente m\u00e1s original de esta obra pionera e imaginativa. <strong>\u00bfPodr\u00eda decirse que es algo as\u00ed como una peque\u00f1a narraci\u00f3n de ciencia ficci\u00f3n?<\/strong> Salvando las distancias, sin duda, lo es.<\/p>\n<p><a href=\"http:\/\/www.alpoma.net\/tecob\/wp-content\/uploads\/2016\/09\/nave_atmosferica.jpg\"><img decoding=\"async\" class=\"otros\" src=\"http:\/\/www.alpoma.net\/tecob\/wp-content\/uploads\/2016\/09\/nave_atmosferica-1024x629.jpg\" alt=\"nave_atmosferica\" width=\"620\" \/><\/a><\/p>\n<p>A la menci\u00f3n sobre alas, timones y otras superficies diversas para controlar el vuelo, se une una explicaci\u00f3n acerca de la utilidad de una nave a\u00e9rea y, ah\u00ed, es cuando nuestro ignoto escritor rompe moldes. Nos dice, con total seguridad:<\/p>\n<blockquote><p><em>Quan poco gasto y aparato necesitar\u00e1 qualquiera para ir de Madrid a cualquier Ciudad de Espa\u00f1a, y quan pronto es facil de conocer a qualquiera. Libre de escollos, de tormentas, bajando a tierra, quando, y como guste; divertido con la variedad de objetos, que corren por debajo de \u00e9l (\u2026) visitando en menos de 24 horas un Mercader de Madrid los Almacenes que tiene en Cadiz. (\u2026) Y que en menos de tres d\u00edas en la otra parte del Mundo se reciban \u00f3rdenes de su Soberano. (\u2026) Es con efecto caminar quasi con la velocidad que corre nuestro pensamiento y nuestra voluntad. (\u2026) Lo que ahora parece delirio, puede que vengan tiempos en que los venideros estra\u00f1en, que nos maravill\u00e1semos de estas cosas, y se lastimen de nuestro ingenios, que encontraban dificultades en cosas para ellos tan obvias como andar a pie, y m\u00e1s dir\u00e1n: \u00bfNo sab\u00edan ya navegar por el agua? \u00bfDe d\u00f3nde les vino el asombro de navegar por el ayre?<\/em><\/p><\/blockquote>\n<hr \/>\n<p>Hacia el final de la obra, se menciona que el autor ya hab\u00eda intentado volar en globo m\u00e1s de dos d\u00e9cadas antes que los hermanos Montgolfier, como fruto de la lectura de cierto libro del Padre Tosca, matem\u00e1tico que planteaba la posibilidad de volar. Supuestamente aquellas experiencias de 1760 no fueron culminadas con \u00e9xito. <strong>Reconozcamos el ingenio de este olvidado autor, que a finales del siglo XVIII ya so\u00f1aba con un mundo a\u00e9reo: nuestro mundo de hoy<\/strong>.<\/p>\n<blockquote><p><strong>Art\u00edculo relacionado en <em>TecOb<\/em><\/strong>:<\/p>\n<ul>\n<li><a href=\"http:\/\/www.alpoma.net\/tecob\/?p=10120\">Ubaldo Pasar\u00f3n, el tipo que \u201cinvent\u00f3\u201d la navegaci\u00f3n a\u00e9rea<\/a><\/li>\n<li><a href=\"http:\/\/www.alpoma.net\/tecob\/?p=1198\">Bartolomeu Louren\u00e7o de Gusm\u00e3o<\/a><\/li>\n<\/ul>\n<\/blockquote>\n<hr \/>\n","protected":false},"excerpt":{"rendered":"<div class=\"mh-excerpt\"><p>Extracto del art\u00edculo que publiqu\u00e9 en la revista Historia de Iberia Vieja, edici\u00f3n de agosto de 2016. La Nave con los cuatro globos puede subir a una altura excesiva, o <a class=\"mh-excerpt-more\" href=\"https:\/\/alpoma.net\/tecob\/?p=12297\" title=\"Fantas\u00edas volantes del siglo XVIII\">[&#8230;]<\/a><\/p>\n<\/div>","protected":false},"author":1,"featured_media":12303,"comment_status":"open","ping_status":"open","sticky":false,"template":"","format":"standard","meta":{"jetpack_post_was_ever_published":false,"_jetpack_newsletter_access":"","_jetpack_dont_email_post_to_subs":false,"_jetpack_newsletter_tier_id":0,"_jetpack_memberships_contains_paywalled_content":false,"_jetpack_memberships_contains_paid_content":false,"footnotes":""},"categories":[10],"tags":[186,322],"class_list":["post-12297","post","type-post","status-publish","format-standard","has-post-thumbnail","hentry","category-made_in_spain","tag-aerostatos","tag-globos-aerostaticos"],"jetpack_featured_media_url":"https:\/\/alpoma.net\/tecob\/wp-content\/uploads\/2016\/09\/nave_atmosferica-scaled.jpg","jetpack_shortlink":"https:\/\/wp.me\/p93Dc1-3cl","jetpack-related-posts":[{"id":11508,"url":"https:\/\/alpoma.net\/tecob\/?p=11508","url_meta":{"origin":12297,"position":0},"title":"Esteban Mart\u00ednez D\u00edaz, el aeronauta circense","author":"alpoma","date":"30 julio 2015","format":false,"excerpt":"Versi\u00f3n reducida del art\u00edculo que publiqu\u00e9 en la revista Historia de Iberia Vieja, n\u00famero de julio de 2015. Aeronauta perdido, ni noticias ni esperanzas. El remolcador n\u00famero 1 de la Junta de Obras del Puerto de Valencia y el \u201cManuel Mar\u00eda\u201d, han regresado a la ca\u00edda de la tarde, sin\u2026","rel":"","context":"En \u00abMade in Spain\u00bb","block_context":{"text":"Made in Spain","link":"https:\/\/alpoma.net\/tecob\/?cat=10"},"img":{"alt_text":"","src":"https:\/\/i0.wp.com\/alpoma.net\/tecob\/wp-content\/uploads\/2015\/07\/39.jpg?resize=350%2C200&ssl=1","width":350,"height":200,"srcset":"https:\/\/i0.wp.com\/alpoma.net\/tecob\/wp-content\/uploads\/2015\/07\/39.jpg?resize=350%2C200&ssl=1 1x, https:\/\/i0.wp.com\/alpoma.net\/tecob\/wp-content\/uploads\/2015\/07\/39.jpg?resize=525%2C300&ssl=1 1.5x, https:\/\/i0.wp.com\/alpoma.net\/tecob\/wp-content\/uploads\/2015\/07\/39.jpg?resize=700%2C400&ssl=1 2x"},"classes":[]},{"id":1198,"url":"https:\/\/alpoma.net\/tecob\/?p=1198","url_meta":{"origin":12297,"position":1},"title":"Bartolomeu Louren\u00e7o de Gusm\u00e3o","author":"alpoma","date":"24 agosto 2009","format":false,"excerpt":"AVISO: Versi\u00f3n reducida del art\u00edculo que publiqu\u00e9 en la edici\u00f3n correspondiente al mes de agosto de 2009 de la revista Historia de Iberia Vieja. El primero que construy\u00f3 un aparato destinado a elevarse en la atm\u00f3sfera fue el brasile\u00f1o Gusm\u00e3o, natural de Santos, que realiz\u00f3 su primera ascensi\u00f3n en 1706.\u2026","rel":"","context":"En \u00abMade in Spain\u00bb","block_context":{"text":"Made in Spain","link":"https:\/\/alpoma.net\/tecob\/?cat=10"},"img":{"alt_text":"","src":"","width":0,"height":0},"classes":[]},{"id":1041,"url":"https:\/\/alpoma.net\/tecob\/?p=1041","url_meta":{"origin":12297,"position":2},"title":"Reinas del cielo","author":"alpoma","date":"4 diciembre 2008","format":false,"excerpt":"Desde los primeros tiempos de la aerostaci\u00f3n, a finales del siglo XVIII, cuando los primeros globos tripulados comenzaron a surcar los cielos, apareci\u00f3 toda una modalidad de espect\u00e1culo, muy rentable a decir de las cr\u00f3nicas, que consist\u00eda en unir peligrosos veh\u00edculos a\u00e9reos y mujeres. Hay que pensar en la \u00e9poca,\u2026","rel":"","context":"En \u00abObsolescencia\u00bb","block_context":{"text":"Obsolescencia","link":"https:\/\/alpoma.net\/tecob\/?cat=3"},"img":{"alt_text":"","src":"","width":0,"height":0},"classes":[]},{"id":1053,"url":"https:\/\/alpoma.net\/tecob\/?p=1053","url_meta":{"origin":12297,"position":3},"title":"Hijos de \u00cdcaro","author":"alpoma","date":"1 enero 2009","format":false,"excerpt":"Primer art\u00edculo del a\u00f1o 2009, dedicado a unos so\u00f1adores que idearon m\u00e1quinas voladoras de dudosa eficacia, pero que mostraban tal pasi\u00f3n por sus inventos que merecen ser recordados. Al igual que \u00cdcaro, el m\u00edtico hijo de D\u00e9dalo, que se acerc\u00f3 demasiado al Sol, derriti\u00e9ndose la cera que un\u00eda las plumas\u2026","rel":"","context":"En \u00abObsolescencia\u00bb","block_context":{"text":"Obsolescencia","link":"https:\/\/alpoma.net\/tecob\/?cat=3"},"img":{"alt_text":"","src":"https:\/\/i0.wp.com\/alpoma.net\/tecob\/wp-content\/uploads\/2009\/01\/3153897739_79f6dea357_o.jpg?resize=350%2C200&ssl=1","width":350,"height":200,"srcset":"https:\/\/i0.wp.com\/alpoma.net\/tecob\/wp-content\/uploads\/2009\/01\/3153897739_79f6dea357_o.jpg?resize=350%2C200&ssl=1 1x, https:\/\/i0.wp.com\/alpoma.net\/tecob\/wp-content\/uploads\/2009\/01\/3153897739_79f6dea357_o.jpg?resize=525%2C300&ssl=1 1.5x"},"classes":[]},{"id":8881,"url":"https:\/\/alpoma.net\/tecob\/?p=8881","url_meta":{"origin":12297,"position":4},"title":"Lanzamiento de globos postales desde la Torre Eiffel","author":"alpoma","date":"10 marzo 2014","format":false,"excerpt":"La Exposici\u00f3n Universal de Par\u00eds celebrada en 1889 es sin duda una de las m\u00e1s recordadas, si no las m\u00e1s, de toda la historia de ese tipo de eventos. He comentado en diversas ocasiones algunas curiosidades que all\u00ed se pudieron vivir. Hoy toca mencionar cierto pasatiempo que ten\u00eda lugar en\u2026","rel":"","context":"En \u00abObsolescencia\u00bb","block_context":{"text":"Obsolescencia","link":"https:\/\/alpoma.net\/tecob\/?cat=3"},"img":{"alt_text":"","src":"https:\/\/i0.wp.com\/alpoma.net\/tecob\/wp-content\/uploads\/2014\/03\/globos_postales.jpg?resize=350%2C200&ssl=1","width":350,"height":200,"srcset":"https:\/\/i0.wp.com\/alpoma.net\/tecob\/wp-content\/uploads\/2014\/03\/globos_postales.jpg?resize=350%2C200&ssl=1 1x, https:\/\/i0.wp.com\/alpoma.net\/tecob\/wp-content\/uploads\/2014\/03\/globos_postales.jpg?resize=525%2C300&ssl=1 1.5x"},"classes":[]},{"id":2898,"url":"https:\/\/alpoma.net\/tecob\/?p=2898","url_meta":{"origin":12297,"position":5},"title":"Medusa volante","author":"alpoma","date":"9 junio 2010","format":false,"excerpt":"Bicho raro donde los haya, en cuanto he visto esta m\u00e1quina no he podido resistir la tentaci\u00f3n de comentar algo sobre ella. Veamos, \u00bfqu\u00e9 narices es esto? La patente original que describe su funcionamiento, porque no se puede ir mucho m\u00e1s all\u00e1 teniendo en cuenta que nunca pas\u00f3 del papel\u2026","rel":"","context":"En \u00abObsolescencia\u00bb","block_context":{"text":"Obsolescencia","link":"https:\/\/alpoma.net\/tecob\/?cat=3"},"img":{"alt_text":"","src":"https:\/\/i0.wp.com\/alpoma.net\/tecob\/wp-content\/uploads\/2010\/06\/4685651388_f54161489e_b.jpg?resize=350%2C200&ssl=1","width":350,"height":200,"srcset":"https:\/\/i0.wp.com\/alpoma.net\/tecob\/wp-content\/uploads\/2010\/06\/4685651388_f54161489e_b.jpg?resize=350%2C200&ssl=1 1x, https:\/\/i0.wp.com\/alpoma.net\/tecob\/wp-content\/uploads\/2010\/06\/4685651388_f54161489e_b.jpg?resize=525%2C300&ssl=1 1.5x"},"classes":[]}],"jetpack_sharing_enabled":true,"_links":{"self":[{"href":"https:\/\/alpoma.net\/tecob\/index.php?rest_route=\/wp\/v2\/posts\/12297","targetHints":{"allow":["GET"]}}],"collection":[{"href":"https:\/\/alpoma.net\/tecob\/index.php?rest_route=\/wp\/v2\/posts"}],"about":[{"href":"https:\/\/alpoma.net\/tecob\/index.php?rest_route=\/wp\/v2\/types\/post"}],"author":[{"embeddable":true,"href":"https:\/\/alpoma.net\/tecob\/index.php?rest_route=\/wp\/v2\/users\/1"}],"replies":[{"embeddable":true,"href":"https:\/\/alpoma.net\/tecob\/index.php?rest_route=%2Fwp%2Fv2%2Fcomments&post=12297"}],"version-history":[{"count":0,"href":"https:\/\/alpoma.net\/tecob\/index.php?rest_route=\/wp\/v2\/posts\/12297\/revisions"}],"wp:featuredmedia":[{"embeddable":true,"href":"https:\/\/alpoma.net\/tecob\/index.php?rest_route=\/wp\/v2\/media\/12303"}],"wp:attachment":[{"href":"https:\/\/alpoma.net\/tecob\/index.php?rest_route=%2Fwp%2Fv2%2Fmedia&parent=12297"}],"wp:term":[{"taxonomy":"category","embeddable":true,"href":"https:\/\/alpoma.net\/tecob\/index.php?rest_route=%2Fwp%2Fv2%2Fcategories&post=12297"},{"taxonomy":"post_tag","embeddable":true,"href":"https:\/\/alpoma.net\/tecob\/index.php?rest_route=%2Fwp%2Fv2%2Ftags&post=12297"}],"curies":[{"name":"wp","href":"https:\/\/api.w.org\/{rel}","templated":true}]}}