{"id":1223,"date":"2009-09-29T18:04:00","date_gmt":"2009-09-29T16:04:00","guid":{"rendered":"http:\/\/www.alpoma.net\/tecob\/?p=1223"},"modified":"2009-09-29T18:04:12","modified_gmt":"2009-09-29T16:04:12","slug":"el-pueblo-movil","status":"publish","type":"post","link":"https:\/\/alpoma.net\/tecob\/?p=1223","title":{"rendered":"El pueblo m\u00f3vil"},"content":{"rendered":"<p><img decoding=\"async\" src=\"http:\/\/farm3.static.flickr.com\/2433\/3965640487_51e34a76b0_o.jpg\" alt=\"img\" class=\"dch\"\/>No es extra\u00f1o que hoy d\u00eda, en ocasiones que lo requieran, se decida mover un edificio desde su localizaci\u00f3n original hasta su nuevo hogar. A veces, los gigantescos veh\u00edculos encargados del traslado de los edificios recorren muchos kil\u00f3metros soportando tan delicada carga. Ahora bien, hace noventa a\u00f1os, \u00bfpudo hacerse eso con todo un pueblo? En cuanto me enter\u00e9 de este caso me acord\u00e9 de cierta ocasi\u00f3n en que todo <a href=\"http:\/\/es.wikipedia.org\/wiki\/Springfield_(Los_Simpson)\" class=\"enlaces\">Springfield<\/a> tuvo que ser desplazado, casa a casa, por culpa de las meteduras de pata de Homer Simpson. Algo as\u00ed es lo que se vivi\u00f3 en <strong>cierto pueblo de Texas all\u00e1 por 1919<\/strong>. La primera pista me lleg\u00f3 del siempre inquieto <strong><a href=\"http:\/\/longstreet.typepad.com\/thesciencebookstore\/2009\/09\/racing-houses-ochiltree-texas-1920.html\" class=\"enlaces\">John Ptak<\/a><\/strong>. La historia era tan apasionante que, pens\u00e9, debiera haber huellas de ella en muchas partes. O bien no he sabido encontrarlas, o es que a las gentes del lugar la proeza de mover todo un pueblo no les pareci\u00f3 gran cosa, el caso es que no he localizado mucho material.<\/p>\n<p>He ah\u00ed mi frustraci\u00f3n con respecto a este caso, porque lo poco que he encontrado sugiere toda una historia sorprendente, pero ignota. Hasta donde he llegado, lo que parece cierto, aunque mientras no lo pueda confirmar por medio de varias fuentes permanecer\u00e1 en cuarentena, es que <strong>en 1919 todo un pueblo del Condado de Ochiltree, al norte de Texas, decidio \u00abmoverse\u00bb<\/strong>. He encontrado algunas diferencias en cuanto a top\u00f3nimos y distancias, pero b\u00e1sicamente la historia ser\u00eda como sigue. En el citado a\u00f1o de 1919 m\u00e1s de trescientos habitantes de Ochiltree decidieron que, dado que su pueblo hab\u00eda quedado a bastantes kil\u00f3metros del nuevo ferrocarril, era preciso mover todo el pueblo hasta la nueva estaci\u00f3n, localizada en Perryton. Y, as\u00ed, cargaron sus casas, tiendas, escuela e iglesia sobre plataformas rodantes, de los que tiraban grandes tractores agr\u00edcolas. El lugar donde una vez se encontraba el pueblo qued\u00f3 abandonado, salvo por el cementerio y algunas viejas casas, de las que hoy apenas quedan recuerdos. El resto de la gente, con todas su pertenencias, hizo buena la frase \u00abcon la casa a cuestas\u00bb y se desplaz\u00f3 sobre ruedas hasta que las dos poblaciones quedaron unidas a la vera del ferrocarril. Esta aventura mereci\u00f3 que <em>Popular Mechanics<\/em> dedicara todo un reportaje y la portada de su n\u00famero correspondiente al mes de febrero de 1920, pero de ah\u00ed no he podido pasar. Tengo la portada y una ilustraci\u00f3n interior, pero el contenido del art\u00edculo no. En <em>Google Books<\/em> est\u00e1n digitalizados todos los n\u00fameros de <em>Popular Mechanics<\/em>, salvo los de 1920. Y, por culpa de esta casualidad, me he quedado con las dudas. Por otra parte, la gente de Perryton, en su <strong><a href=\"http:\/\/www.perryton.com\/\" class=\"enlaces\">web oficial<\/a><\/strong>, menciona el hecho y comenta algunos detalles, pero no van m\u00e1s all\u00e1. Para ellos, eso de mover todo un pueblo no parece que fuera algo excepcional, por lo que no han dedicado m\u00e1s que unos p\u00e1rrafos a narrarlo. De haber sucedido en otros lugares, m\u00e1s dados a aburrir con viejas historias, a buen seguro que aparecer\u00edan art\u00edculos, y hasta libros, recordando la proeza de los pioneros. En fin, espero encontrar m\u00e1s material sobre este intrigante pueblo m\u00f3vil alg\u00fan d\u00eda. De momento, vaya aqu\u00ed la ilustraci\u00f3n, que puede servir para hacernos una idea de lo sucedido. <\/p>\n<p><img decoding=\"async\" src=\"http:\/\/farm4.static.flickr.com\/3569\/3966416792_2d92aa1f8b_o.jpg\" alt=\"img\" class=\"otros\"\/><\/p>\n","protected":false},"excerpt":{"rendered":"<div class=\"mh-excerpt\"><p>No es extra\u00f1o que hoy d\u00eda, en ocasiones que lo requieran, se decida mover un edificio desde su localizaci\u00f3n original hasta su nuevo hogar. A veces, los gigantescos veh\u00edculos encargados <a class=\"mh-excerpt-more\" href=\"https:\/\/alpoma.net\/tecob\/?p=1223\" title=\"El pueblo m\u00f3vil\">[&#8230;]<\/a><\/p>\n<\/div>","protected":false},"author":1,"featured_media":10856,"comment_status":"open","ping_status":"open","sticky":false,"template":"","format":"standard","meta":{"jetpack_post_was_ever_published":false,"_jetpack_newsletter_access":"","_jetpack_dont_email_post_to_subs":false,"_jetpack_newsletter_tier_id":0,"_jetpack_memberships_contains_paywalled_content":false,"_jetpack_memberships_contains_paid_content":false,"footnotes":""},"categories":[5,3],"tags":[],"class_list":["post-1223","post","type-post","status-publish","format-standard","has-post-thumbnail","hentry","category-geo","category-obsolescencia"],"jetpack_featured_media_url":"https:\/\/alpoma.net\/tecob\/wp-content\/uploads\/2009\/09\/3965640487_51e34a76b0_o.jpg","jetpack_shortlink":"https:\/\/wp.me\/p93Dc1-jJ","jetpack-related-posts":[{"id":1109,"url":"https:\/\/alpoma.net\/tecob\/?p=1109","url_meta":{"origin":1223,"position":0},"title":"El primer aviador espa\u00f1ol (1793)","author":"alpoma","date":"4 abril 2009","format":false,"excerpt":"AVISO: El presente post corresponde a la versi\u00f3n web reducida del art\u00edculo que publiqu\u00e9 en Historia de Iberia Vieja en su edici\u00f3n del mes de abril de 2009. Esto de averiguar qui\u00e9n es el primer hombre que vol\u00f3 parece cosa complicada, ejercicio para eruditos. Por lo visto, vamos a tardar\u2026","rel":"","context":"En \u00abMade in Spain\u00bb","block_context":{"text":"Made in Spain","link":"https:\/\/alpoma.net\/tecob\/?cat=10"},"img":{"alt_text":"Asuntos nubosos","src":"https:\/\/i0.wp.com\/farm4.static.flickr.com\/3083\/2722203538_0e6300434d_m.jpg?resize=350%2C200","width":350,"height":200},"classes":[]},{"id":320,"url":"https:\/\/alpoma.net\/tecob\/?p=320","url_meta":{"origin":1223,"position":1},"title":"Diego Mar\u00edn, el \u00abhombre p\u00e1jaro\u00bb burgal\u00e9s","author":"alpoma","date":"18 enero 2006","format":false,"excerpt":"\u00bfQui\u00e9n fue el primer ser humano en volar a bordo de una m\u00e1quina m\u00e1s pesada que el aire? Tic tac tic tac... \u00bfOrville Wright? Pues parece que no, pues un ignoto burgal\u00e9s se empe\u00f1\u00f3 en imitar a los p\u00e1jaros en pleno siglo XVIII. Tal gesta sucedi\u00f3, al parecer, el 15\u2026","rel":"","context":"En \u00abInnovaci\u00f3n\u00bb","block_context":{"text":"Innovaci\u00f3n","link":"https:\/\/alpoma.net\/tecob\/?cat=4"},"img":{"alt_text":"","src":"","width":0,"height":0},"classes":[]},{"id":497,"url":"https:\/\/alpoma.net\/tecob\/?p=497","url_meta":{"origin":1223,"position":2},"title":"Escultecturas margivagantes","author":"alpoma","date":"10 junio 2006","format":false,"excerpt":"\u00bfA que tiene gracia el t\u00edtulo? As\u00ed ha llamado Juan Antonio Ram\u00edrez, como coordinador, a uno de los libros m\u00e1s curiosos que me he encontrado en los \u00faltimos tiempos. Con el subt\u00edtulo, La arquitectura fant\u00e1stica en Espa\u00f1a, se nos muestra aqu\u00ed todo un conjunto de edificios que no han necesitado\u2026","rel":"","context":"En \u00abGeo\u00bb","block_context":{"text":"Geo","link":"https:\/\/alpoma.net\/tecob\/?cat=5"},"img":{"alt_text":"","src":"","width":0,"height":0},"classes":[]},{"id":8404,"url":"https:\/\/alpoma.net\/tecob\/?p=8404","url_meta":{"origin":1223,"position":3},"title":"Rodrigo S\u00e1nchez-Arjona y la \u201cprimera\u201d l\u00ednea telef\u00f3nica de Espa\u00f1a","author":"alpoma","date":"31 julio 2013","format":false,"excerpt":"Versi\u00f3n reducida del art\u00edculo que publiqu\u00e9 en la revista Historia de Iberia Vieja, (secci\u00f3n Made in Spain) edici\u00f3n correspondiente al mes de agosto de 2013. Don Rodrigo S\u00e1nchez-Arjona, hombre de esp\u00edritu vehemente, sol\u00eda hacer viajes al extranjero con el exclusivo objeto de estudiar los adelantos cient\u00edficos para saborear luego en\u2026","rel":"","context":"En \u00abMade in Spain\u00bb","block_context":{"text":"Made in Spain","link":"https:\/\/alpoma.net\/tecob\/?cat=10"},"img":{"alt_text":"sanchez_arjona","src":"https:\/\/i0.wp.com\/farm6.staticflickr.com\/5335\/9411171784_755141a3a0_m.jpg?resize=350%2C200","width":350,"height":200},"classes":[]},{"id":15246,"url":"https:\/\/alpoma.net\/tecob\/?p=15246","url_meta":{"origin":1223,"position":4},"title":"El traslado de la Casa Lyford","author":"alpoma","date":"25 septiembre 2023","format":false,"excerpt":"Durante a\u00f1os ha sido tradici\u00f3n en TecOb mencionar algunos traslados curiosos de edificios, e incluso en una ocasi\u00f3n coment\u00e9 el traslado de todo un pueblo de un lugar a otro. En Norteam\u00e9rica, o en Australia, por ejemplo, no es tan extra\u00f1o que se muevan edificios completos de lugar (las caracter\u00edsticas\u2026","rel":"","context":"En \u00abObsolescencia\u00bb","block_context":{"text":"Obsolescencia","link":"https:\/\/alpoma.net\/tecob\/?cat=3"},"img":{"alt_text":"","src":"https:\/\/i0.wp.com\/alpoma.net\/tecob\/wp-content\/uploads\/2023\/09\/lyford-tecob-23.jpg?resize=350%2C200&ssl=1","width":350,"height":200,"srcset":"https:\/\/i0.wp.com\/alpoma.net\/tecob\/wp-content\/uploads\/2023\/09\/lyford-tecob-23.jpg?resize=350%2C200&ssl=1 1x, https:\/\/i0.wp.com\/alpoma.net\/tecob\/wp-content\/uploads\/2023\/09\/lyford-tecob-23.jpg?resize=525%2C300&ssl=1 1.5x, https:\/\/i0.wp.com\/alpoma.net\/tecob\/wp-content\/uploads\/2023\/09\/lyford-tecob-23.jpg?resize=700%2C400&ssl=1 2x, https:\/\/i0.wp.com\/alpoma.net\/tecob\/wp-content\/uploads\/2023\/09\/lyford-tecob-23.jpg?resize=1050%2C600&ssl=1 3x"},"classes":[]},{"id":3815,"url":"https:\/\/alpoma.net\/tecob\/?p=3815","url_meta":{"origin":1223,"position":5},"title":"La torre infernal","author":"alpoma","date":"11 diciembre 2010","format":false,"excerpt":"La imagen que ilustra este post nos muestra una antena, muy alta, pero un simple \"palo\" a fin de cuentas. \u00bfNada m\u00e1s? La fotograf\u00eda es anodina porque, aunque se ve muy alta, poco m\u00e1s nos va a decir esa estructura sin conocer su historia. Adem\u00e1s, los edificios que rodean la\u2026","rel":"","context":"En \u00abObsolescencia\u00bb","block_context":{"text":"Obsolescencia","link":"https:\/\/alpoma.net\/tecob\/?cat=3"},"img":{"alt_text":"BREN_Tower_nevada","src":"https:\/\/i0.wp.com\/farm6.static.flickr.com\/5007\/5251763790_a3607d24ec.jpg?resize=350%2C200","width":350,"height":200},"classes":[]}],"jetpack_sharing_enabled":true,"_links":{"self":[{"href":"https:\/\/alpoma.net\/tecob\/index.php?rest_route=\/wp\/v2\/posts\/1223","targetHints":{"allow":["GET"]}}],"collection":[{"href":"https:\/\/alpoma.net\/tecob\/index.php?rest_route=\/wp\/v2\/posts"}],"about":[{"href":"https:\/\/alpoma.net\/tecob\/index.php?rest_route=\/wp\/v2\/types\/post"}],"author":[{"embeddable":true,"href":"https:\/\/alpoma.net\/tecob\/index.php?rest_route=\/wp\/v2\/users\/1"}],"replies":[{"embeddable":true,"href":"https:\/\/alpoma.net\/tecob\/index.php?rest_route=%2Fwp%2Fv2%2Fcomments&post=1223"}],"version-history":[{"count":0,"href":"https:\/\/alpoma.net\/tecob\/index.php?rest_route=\/wp\/v2\/posts\/1223\/revisions"}],"wp:featuredmedia":[{"embeddable":true,"href":"https:\/\/alpoma.net\/tecob\/index.php?rest_route=\/wp\/v2\/media\/10856"}],"wp:attachment":[{"href":"https:\/\/alpoma.net\/tecob\/index.php?rest_route=%2Fwp%2Fv2%2Fmedia&parent=1223"}],"wp:term":[{"taxonomy":"category","embeddable":true,"href":"https:\/\/alpoma.net\/tecob\/index.php?rest_route=%2Fwp%2Fv2%2Fcategories&post=1223"},{"taxonomy":"post_tag","embeddable":true,"href":"https:\/\/alpoma.net\/tecob\/index.php?rest_route=%2Fwp%2Fv2%2Ftags&post=1223"}],"curies":[{"name":"wp","href":"https:\/\/api.w.org\/{rel}","templated":true}]}}