{"id":1222,"date":"2009-09-28T13:57:01","date_gmt":"2009-09-28T11:57:01","guid":{"rendered":"http:\/\/www.alpoma.net\/tecob\/?p=1222"},"modified":"2009-09-28T13:57:10","modified_gmt":"2009-09-28T11:57:10","slug":"blanco-paracaidas","status":"publish","type":"post","link":"https:\/\/alpoma.net\/tecob\/?p=1222","title":{"rendered":"Blanco paraca\u00eddas"},"content":{"rendered":"<p>Antes de continuar, obs\u00e9rvese la siguiente imagen.<\/p>\n<p><img decoding=\"async\" src=\"http:\/\/farm3.static.flickr.com\/2546\/3961579719_e40a66aaca_o.jpg\" alt=\"img\" class=\"otros\"\/><br \/>\n<strong>Fuente<\/strong>: <a href=\"http:\/\/www.flickr.com\/photos\/chemheritage\/3730222786\/\" class=\"enlaces\">Chemical Heritage Foundation<\/a>.<\/p>\n<p>La fotograf\u00eda, de 1947, nos muestra a Patricia Ann Smith, vistiendo su traje de novia, que ella misma confeccion\u00f3. Si nos fijamos bien en el vestido, veremos que no se aleja de lo com\u00fan en la \u00e9poca, pero guardaba una peculiaridad que lo hac\u00eda especial. A Patricia, comprar el material para dar forma a su vestido apenas le cost\u00f3 unos pocos d\u00f3lares. Hoy, este vestido est\u00e1 destinado a formar parte del museo de la <strong><a href=\"http:\/\/www.chemheritage.org\/\" class=\"enlaces\">Chemical Heritage Foundation<\/a><\/strong>, en Filadelfia. \u00bfY qu\u00e9 gracia tiene el dichoso traje? Para entenderlo, habr\u00e1 que mirar un poco hacia atr\u00e1s en la historia de la qu\u00edmica. <\/p>\n<p>El material citado es <em>naylon<\/em> o, mejor dicho, <strong>nailon<\/strong>, pues en castellano \u00e9sta es su <strong><a href=\"http:\/\/buscon.rae.es\/draeI\/SrvltGUIBusUsual?TIPO_HTML=2&#038;TIPO_BUS=3&#038;LEMA=nailon\" class=\"enlaces\">forma aceptada<\/a><\/strong>. Originalmente, las piezas de \u00abtela\u00bb sint\u00e9tica de nailon empleadas para realizar este traje, y muchos otros, no fueron fabricadas para vestir, sino que su destino se encontraba en una funci\u00f3n menos agradable. Cuando Jap\u00f3n se hizo con el control de gran parte de China, y la <strong>Segunda Guerra Mundial <\/strong>estaba a punto de comenzar, los paraca\u00eddas fabricados para el ej\u00e9rcito de los Estados Unidos, tal como suced\u00eda en otros pa\u00edses, se realizaban con <strong>seda procedente de oriente<\/strong>. El conflicto con Jap\u00f3n cort\u00f3 el flujo de seda hacia Am\u00e9rica. \u00bfC\u00f3mo fabricar paraca\u00eddas en esas condiciones? Aqu\u00ed es donde la qu\u00edmica industrial, como tantas otras veces, aport\u00f3 la soluci\u00f3n. La compa\u00f1\u00eda <strong>DuPont<\/strong> fue quien propuso el <strong>empleo del nailon como substituto de la seda<\/strong> para fabricar paraca\u00eddas y otro tipo de material militar.<\/p>\n<p>El nailon es un <strong>pol\u00edmero de grupo de las poliamidas<\/strong> patentado originalmente por Wallace Carothers a mediados de los a\u00f1os 30 del pasado siglo. El nuevo material sorprendi\u00f3 por sus caracter\u00edsticas. Como fibra es excepcional, no se arruga, es el\u00e1stica y muy resistente, as\u00ed que, cuando la Du Pont decidi\u00f3 dar salida comercial al invento, en forma de todo tipo de prendas de vestir, sobre todo medias para mujeres, se despert\u00f3 la locura. Por fin un producto barato y resistente pod\u00eda competir con las fibras naturales, sobre todo la seda. La alegr\u00eda dur\u00f3 poco y las medias de nailon se convirtieron pronto en un objeto de deseo no disponible en tiendas. La raz\u00f3n de ello hay que encontrarla en los <strong>paraca\u00eddas <\/strong>y otros materiales de guerra. Con el conflicto en marcha y sin seda en los almacenes, casi todo el nailon producido por Du Pont pas\u00f3 a destinarse a la fabricaci\u00f3n de paraca\u00eddas, dej\u00e1ndose las medias para mejores tiempos. Fue una empleada de una f\u00e1brica de paraca\u00eddas, <strong><a href=\"http:\/\/www.chemheritage.org\/EducationalServices\/NYLON\/photo\/prod\/prod99.html\" class=\"enlaces\">Adelaide Gray<\/a><\/strong>, que hab\u00eda sido en sus tiempos mozos aventurera en un circo a\u00e9reo, quien prob\u00f3 por primera vez un paraca\u00eddas fabricado con nailon, con gran \u00e9xito. <\/p>\n<p>Terminada la guerra, las f\u00e1bricas de paraca\u00eddas<strong> se encontraron con que sus almacenes se encontraban repletos de nailon<\/strong>. \u00bfPara qu\u00e9 podr\u00eda emplearse? Aunque ideado y cortado para dar forma a paraca\u00eddas, durante a\u00f1os los excedentes de nailon pasaron a formar parte del ajuar de muchas mujeres, como la feliz Patricia, que encontr\u00f3 en el nailon de paraca\u00eddas el material ideal para su vestido de boda. As\u00ed, antes de la llegada de la era de las fibras sint\u00e9ticas, <strong>muchas prendas femeninas fueron confeccionadas con tela de paraca\u00eddas<\/strong>, fabricada con nailon, como el ejemplo que aparece en la siguiente imagen.<\/p>\n<p><img decoding=\"async\" src=\"http:\/\/farm3.static.flickr.com\/2560\/3962467134_bdf7c31e3e_o.jpg\" alt=\"img\" class=\"otros\"\/><br \/>\n<strong>Fuente<\/strong>: <a href=\"http:\/\/www.flickr.com\/photos\/chemheritage\/3729551959\/in\/set-72157608160720957\/\" class=\"enlaces\">Chemical Heritage Foundation<\/a>.<\/p>\n","protected":false},"excerpt":{"rendered":"<div class=\"mh-excerpt\"><p>Antes de continuar, obs\u00e9rvese la siguiente imagen. Fuente: Chemical Heritage Foundation. La fotograf\u00eda, de 1947, nos muestra a Patricia Ann Smith, vistiendo su traje de novia, que ella misma confeccion\u00f3. <a class=\"mh-excerpt-more\" href=\"https:\/\/alpoma.net\/tecob\/?p=1222\" title=\"Blanco paraca\u00eddas\">[&#8230;]<\/a><\/p>\n<\/div>","protected":false},"author":1,"featured_media":10908,"comment_status":"open","ping_status":"open","sticky":false,"template":"","format":"standard","meta":{"jetpack_post_was_ever_published":false,"_jetpack_newsletter_access":"","_jetpack_dont_email_post_to_subs":false,"_jetpack_newsletter_tier_id":0,"_jetpack_memberships_contains_paywalled_content":false,"_jetpack_memberships_contains_paid_content":false,"footnotes":""},"categories":[3],"tags":[],"class_list":["post-1222","post","type-post","status-publish","format-standard","has-post-thumbnail","hentry","category-obsolescencia"],"jetpack_featured_media_url":"https:\/\/alpoma.net\/tecob\/wp-content\/uploads\/2009\/09\/3961579719_e40a66aaca_o.jpg","jetpack_shortlink":"https:\/\/wp.me\/p93Dc1-jI","jetpack-related-posts":[{"id":682,"url":"https:\/\/alpoma.net\/tecob\/?p=682","url_meta":{"origin":1222,"position":0},"title":"La imagen de la muerte","author":"alpoma","date":"25 febrero 2007","format":false,"excerpt":"En ocasiones veo muertos... Esta frasecita, que procediendo de cierta pel\u00edcula ha terminado por formar parte de mil y un chistes, a veces puede aplicarse a la vida real sin ning\u00fan problema. No me refiero a ver fantasmas o esp\u00edritus, nada de eso, aludo simplemente al hecho de contemplar un\u2026","rel":"","context":"En \u00abObsolescencia\u00bb","block_context":{"text":"Obsolescencia","link":"https:\/\/alpoma.net\/tecob\/?cat=3"},"img":{"alt_text":"","src":"","width":0,"height":0},"classes":[]},{"id":3539,"url":"https:\/\/alpoma.net\/tecob\/?p=3539","url_meta":{"origin":1222,"position":1},"title":"El Concilio Cadav\u00e9rico","author":"alpoma","date":"21 septiembre 2010","format":false,"excerpt":"De forma fugaz me he cruzado esta tarde con una referencia sobre uno de los m\u00e1s oscuros episodios de los primeros siglos de historia de la Iglesia. Ya casi ni me acordaba de c\u00f3mo surgi\u00f3 todo, lo que nunca se me ha borrado de la mente desde que le\u00ed acerca\u2026","rel":"","context":"En \u00abObsolescencia\u00bb","block_context":{"text":"Obsolescencia","link":"https:\/\/alpoma.net\/tecob\/?cat=3"},"img":{"alt_text":"","src":"https:\/\/i0.wp.com\/alpoma.net\/tecob\/wp-content\/uploads\/2010\/09\/5012093675_1946001ee4_o.jpg?resize=350%2C200&ssl=1","width":350,"height":200,"srcset":"https:\/\/i0.wp.com\/alpoma.net\/tecob\/wp-content\/uploads\/2010\/09\/5012093675_1946001ee4_o.jpg?resize=350%2C200&ssl=1 1x, https:\/\/i0.wp.com\/alpoma.net\/tecob\/wp-content\/uploads\/2010\/09\/5012093675_1946001ee4_o.jpg?resize=525%2C300&ssl=1 1.5x"},"classes":[]},{"id":5220,"url":"https:\/\/alpoma.net\/tecob\/?p=5220","url_meta":{"origin":1222,"position":2},"title":"Tortazo en el Sena","author":"alpoma","date":"17 agosto 2011","format":false,"excerpt":"El recuerdo del vuelo de John Moisant con su gato y su mec\u00e1nico sobre el Canal de la Mancha que mencion\u00e9 hace poco me hizo recordar la aventura de Jean-Pierre Blanchard quien, junto con el polifac\u00e9tico estadounidense John Jeffries, cruz\u00f3 el mismo impedimento acu\u00e1tico. Eso sucedi\u00f3 el 7 de enero\u2026","rel":"","context":"En \u00abObsolescencia\u00bb","block_context":{"text":"Obsolescencia","link":"https:\/\/alpoma.net\/tecob\/?cat=3"},"img":{"alt_text":"Marques_de_Bacqueville","src":"https:\/\/i0.wp.com\/farm7.static.flickr.com\/6063\/6053577971_6643e79b6a_m.jpg?resize=350%2C200","width":350,"height":200},"classes":[]},{"id":6973,"url":"https:\/\/alpoma.net\/tecob\/?p=6973","url_meta":{"origin":1222,"position":3},"title":"Un gigante en el Museo Nacional de Antropolog\u00eda","author":"alpoma","date":"2 agosto 2012","format":false,"excerpt":"Versi\u00f3n reducida del art\u00edculo que publiqu\u00e9 en la revista Historia de Iberia Vieja en su edici\u00f3n del mes de agosto de 2012. ...digamos dos palabras sobre la estupenda figura cient\u00edfica que era el doctor Velasco, en torno al cual (...) forzosamente ha de girar cuanto se relaciona con el Museo\u2026","rel":"","context":"En \u00abMade in Spain\u00bb","block_context":{"text":"Made in Spain","link":"https:\/\/alpoma.net\/tecob\/?cat=10"},"img":{"alt_text":"","src":"https:\/\/i0.wp.com\/alpoma.net\/tecob\/wp-content\/uploads\/2012\/08\/7696538146_ff17ea3373_b.jpg?resize=350%2C200&ssl=1","width":350,"height":200,"srcset":"https:\/\/i0.wp.com\/alpoma.net\/tecob\/wp-content\/uploads\/2012\/08\/7696538146_ff17ea3373_b.jpg?resize=350%2C200&ssl=1 1x, https:\/\/i0.wp.com\/alpoma.net\/tecob\/wp-content\/uploads\/2012\/08\/7696538146_ff17ea3373_b.jpg?resize=525%2C300&ssl=1 1.5x, https:\/\/i0.wp.com\/alpoma.net\/tecob\/wp-content\/uploads\/2012\/08\/7696538146_ff17ea3373_b.jpg?resize=700%2C400&ssl=1 2x"},"classes":[]},{"id":7898,"url":"https:\/\/alpoma.net\/tecob\/?p=7898","url_meta":{"origin":1222,"position":4},"title":"[Libro+DVD] M\u00e1s por menos, entiende las matem\u00e1ticas","author":"alpoma","date":"2 marzo 2013","format":false,"excerpt":"Cay\u00f3 recientemente en mis manos este libro que no dudo en recomendar a toda persona que le tenga temor a las matem\u00e1ticas. Su formato podr\u00eda considerarse anticuado, m\u00e1s que nada porque el DVD que incluye me ha hecho acudir a un lector adecuado, \u00a1hac\u00eda meses que no tocaba un disco\u2026","rel":"","context":"En \u00abPersonal\u00bb","block_context":{"text":"Personal","link":"https:\/\/alpoma.net\/tecob\/?cat=2"},"img":{"alt_text":"portada_mas_por_menos","src":"https:\/\/i0.wp.com\/www.alpoma.net\/tecob\/wp-content\/uploads\/2013\/03\/portada_mas_por_menos.jpg?resize=350%2C200","width":350,"height":200},"classes":[]},{"id":743,"url":"https:\/\/alpoma.net\/tecob\/?p=743","url_meta":{"origin":1222,"position":5},"title":"La escafandra estraton\u00e1utica","author":"alpoma","date":"5 julio 2007","format":false,"excerpt":"La historia de la ciencia y la tecnolog\u00eda guarda joyas ocultas que, de vez en cuando, conviene desempolvar, no vaya a ser que caigan en el m\u00e1s absoluto de los olvidos. Es el caso de Emilio Herrera Linares quien, de haber nacido en otro lugar o haber vivido situaciones m\u00e1s\u2026","rel":"","context":"En \u00abMade in Spain\u00bb","block_context":{"text":"Made in Spain","link":"https:\/\/alpoma.net\/tecob\/?cat=10"},"img":{"alt_text":"","src":"","width":0,"height":0},"classes":[]}],"jetpack_sharing_enabled":true,"_links":{"self":[{"href":"https:\/\/alpoma.net\/tecob\/index.php?rest_route=\/wp\/v2\/posts\/1222","targetHints":{"allow":["GET"]}}],"collection":[{"href":"https:\/\/alpoma.net\/tecob\/index.php?rest_route=\/wp\/v2\/posts"}],"about":[{"href":"https:\/\/alpoma.net\/tecob\/index.php?rest_route=\/wp\/v2\/types\/post"}],"author":[{"embeddable":true,"href":"https:\/\/alpoma.net\/tecob\/index.php?rest_route=\/wp\/v2\/users\/1"}],"replies":[{"embeddable":true,"href":"https:\/\/alpoma.net\/tecob\/index.php?rest_route=%2Fwp%2Fv2%2Fcomments&post=1222"}],"version-history":[{"count":0,"href":"https:\/\/alpoma.net\/tecob\/index.php?rest_route=\/wp\/v2\/posts\/1222\/revisions"}],"wp:featuredmedia":[{"embeddable":true,"href":"https:\/\/alpoma.net\/tecob\/index.php?rest_route=\/wp\/v2\/media\/10908"}],"wp:attachment":[{"href":"https:\/\/alpoma.net\/tecob\/index.php?rest_route=%2Fwp%2Fv2%2Fmedia&parent=1222"}],"wp:term":[{"taxonomy":"category","embeddable":true,"href":"https:\/\/alpoma.net\/tecob\/index.php?rest_route=%2Fwp%2Fv2%2Fcategories&post=1222"},{"taxonomy":"post_tag","embeddable":true,"href":"https:\/\/alpoma.net\/tecob\/index.php?rest_route=%2Fwp%2Fv2%2Ftags&post=1222"}],"curies":[{"name":"wp","href":"https:\/\/api.w.org\/{rel}","templated":true}]}}