{"id":12178,"date":"2016-07-03T11:39:32","date_gmt":"2016-07-03T09:39:32","guid":{"rendered":"http:\/\/www.alpoma.net\/tecob\/?p=12178"},"modified":"2016-07-03T11:40:23","modified_gmt":"2016-07-03T09:40:23","slug":"parecidos-razonables-el-coche-fantastico-vs-leo-delibes","status":"publish","type":"post","link":"https:\/\/alpoma.net\/tecob\/?p=12178","title":{"rendered":"Parecidos razonables: El coche fant\u00e1stico vs. L\u00e9o Delibes"},"content":{"rendered":"<p>En la historia de la m\u00fasica aparecen en infinidad de ocasiones similitudes entre composiciones de lo m\u00e1s diverso que llaman la atenci\u00f3n. Generalmente se trata de <strong>coincidencias<\/strong> asombrosas y no hay que buscarle tres pies al gato. Hoy me ha llegado una que me ha llamado especialmente la atenci\u00f3n. Se trata de las similitudes entre el motivo central de la <em>intro<\/em> de la banda sonora de la serie de los ochenta \u00abEl coche fant\u00e1stico\u00bb (<em>Knight Rider<\/em>) con una obra del c\u00e9lebre <strong><a href=\"https:\/\/es.wikipedia.org\/wiki\/L\u00e9o_Delibes\" target=\"_blank\">L\u00e9o Delibes<\/a><\/strong>, en concreto con la <strong><a href=\"https:\/\/youtu.be\/U8BMcPjZcUw\" target=\"_blank\">fanfarria<\/a><\/strong> que aparece en la sexta parte de su suite para el ballet <em>Sylvia<\/em>, estrenada en 1876. El propio <strong><a href=\"https:\/\/en.wikipedia.org\/wiki\/Stu_Phillips_(composer)\" target=\"_blank\">Stu Phillips<\/a><\/strong>, autor de la banda sonora y muy conocido por sus composiciones para el cine y la televisi\u00f3n, <strong><a href=\"http:\/\/knightrideronline.com\/forum\/viewtopic.php?f=2&#038;t=13134\" target=\"_blank\">coment\u00f3<\/a><\/strong> que <strong>la similitud era puramente accidental<\/strong>. Personalmente, opino lo mismo. (\u00a1Gracias por la pista Justino!)<\/p>\n<p><iframe loading=\"lazy\" width=\"620\" height=\"465\" src=\"https:\/\/www.youtube.com\/embed\/U8BMcPjZcUw?rel=0\" frameborder=\"0\" allowfullscreen><\/iframe><\/p>\n","protected":false},"excerpt":{"rendered":"<div class=\"mh-excerpt\"><p>En la historia de la m\u00fasica aparecen en infinidad de ocasiones similitudes entre composiciones de lo m\u00e1s diverso que llaman la atenci\u00f3n. Generalmente se trata de coincidencias asombrosas y no <a class=\"mh-excerpt-more\" href=\"https:\/\/alpoma.net\/tecob\/?p=12178\" title=\"Parecidos razonables: El coche fant\u00e1stico vs. L\u00e9o Delibes\">[&#8230;]<\/a><\/p>\n<\/div>","protected":false},"author":1,"featured_media":12183,"comment_status":"open","ping_status":"open","sticky":false,"template":"","format":"standard","meta":{"jetpack_post_was_ever_published":false,"_jetpack_newsletter_access":"","_jetpack_dont_email_post_to_subs":false,"_jetpack_newsletter_tier_id":0,"_jetpack_memberships_contains_paywalled_content":false,"_jetpack_memberships_contains_paid_content":false,"footnotes":""},"categories":[42],"tags":[313,314,312],"class_list":["post-12178","post","type-post","status-publish","format-standard","has-post-thumbnail","hentry","category-musica","tag-el-coche-fantastico","tag-leo-delibes","tag-stu-phillips"],"jetpack_featured_media_url":"https:\/\/alpoma.net\/tecob\/wp-content\/uploads\/2016\/07\/L\u00e9o_Delibes.jpg","jetpack_shortlink":"https:\/\/wp.me\/p93Dc1-3aq","jetpack-related-posts":[{"id":3,"url":"https:\/\/alpoma.net\/tecob\/?p=3","url_meta":{"origin":12178,"position":0},"title":"Pet Shop Boys y El Acorazado Potemkin","author":"alpoma","date":"11 septiembre 2005","format":false,"excerpt":"Hasta hoy nunca hab\u00eda tra\u00eddo un asunto musical a TecOb. Natural, porque lo normal es que hable de m\u00e1quinas o teor\u00edas cient\u00edficas. Pero hay momentos especiales, como \u00e9ste. El d\u00eda cinco de este mes, se edit\u00f3 en CD la banda sonora que Pet Shop Boys han realizado sobre el cl\u00e1sico\u2026","rel":"","context":"En \u00abGeneral\u00bb","block_context":{"text":"General","link":"https:\/\/alpoma.net\/tecob\/?cat=1"},"img":{"alt_text":"","src":"https:\/\/i0.wp.com\/alpoma.net\/tecob\/wp-content\/uploads\/2005\/09\/35374734_d63b9a55e0_o.png?resize=350%2C200&ssl=1","width":350,"height":200},"classes":[]},{"id":4666,"url":"https:\/\/alpoma.net\/tecob\/?p=4666","url_meta":{"origin":12178,"position":1},"title":"Burr\u00f3metro de intemperie","author":"alpoma","date":"26 abril 2011","format":false,"excerpt":"Esta ma\u00f1ana temprano tuve que viajar hasta Cervera de Pisuerga \u2014s\u00ed, el pueblo de los socorritos del que escrib\u00ed hace poco\u2014 para pasar la ITV al coche. Despu\u00e9s del tr\u00e1mite pas\u00e9 un rato entre calles y me llam\u00f3 la atenci\u00f3n la proliferaci\u00f3n que en diversos escaparates hab\u00eda de azulejos con\u2026","rel":"","context":"En \u00abPersonal\u00bb","block_context":{"text":"Personal","link":"https:\/\/alpoma.net\/tecob\/?cat=2"},"img":{"alt_text":"","src":"https:\/\/i0.wp.com\/alpoma.net\/tecob\/wp-content\/uploads\/2011\/04\/5656728689_ccfb5a1866_o.jpg?resize=350%2C200&ssl=1","width":350,"height":200,"srcset":"https:\/\/i0.wp.com\/alpoma.net\/tecob\/wp-content\/uploads\/2011\/04\/5656728689_ccfb5a1866_o.jpg?resize=350%2C200&ssl=1 1x, https:\/\/i0.wp.com\/alpoma.net\/tecob\/wp-content\/uploads\/2011\/04\/5656728689_ccfb5a1866_o.jpg?resize=525%2C300&ssl=1 1.5x"},"classes":[]},{"id":9062,"url":"https:\/\/alpoma.net\/tecob\/?p=9062","url_meta":{"origin":12178,"position":2},"title":"Juan Garc\u00eda Castillejo, un m\u00fasico electr\u00f3nico de los a\u00f1os cuarenta","author":"alpoma","date":"1 junio 2014","format":false,"excerpt":"Versi\u00f3n reducida del art\u00edculo que publiqu\u00e9 en la revista Historia de Iberia Vieja, edici\u00f3n de junio de 2014. En cuanto a la prehistoria de la computer-music, despu\u00e9s de recordar sistemas como el Arca Musar\u00edtmica de Athanasius Kircher en el siglo XVII o los manuales del XVIII para componer por medio\u2026","rel":"","context":"En \u00abMade in Spain\u00bb","block_context":{"text":"Made in Spain","link":"https:\/\/alpoma.net\/tecob\/?cat=10"},"img":{"alt_text":"","src":"https:\/\/i0.wp.com\/alpoma.net\/tecob\/wp-content\/uploads\/2014\/06\/Electrocompositor-647x10241.jpg?resize=350%2C200&ssl=1","width":350,"height":200,"srcset":"https:\/\/i0.wp.com\/alpoma.net\/tecob\/wp-content\/uploads\/2014\/06\/Electrocompositor-647x10241.jpg?resize=350%2C200&ssl=1 1x, https:\/\/i0.wp.com\/alpoma.net\/tecob\/wp-content\/uploads\/2014\/06\/Electrocompositor-647x10241.jpg?resize=525%2C300&ssl=1 1.5x"},"classes":[]},{"id":7081,"url":"https:\/\/alpoma.net\/tecob\/?p=7081","url_meta":{"origin":12178,"position":3},"title":"Spitfire, preludio y fuga","author":"alpoma","date":"22 agosto 2012","format":false,"excerpt":"Pocas veces en la historia una m\u00e1quina ha levantado tantas pasiones como en el caso del Supermarine Spitfire, el avi\u00f3n de combate que fren\u00f3 a los alemanes en la Batalla de Inglaterra. Claro que, como suele suceder cuando se buscan s\u00edmbolos, la realidad era algo m\u00e1s compleja pues los brit\u00e1nicos\u2026","rel":"","context":"En \u00abM\u00fasica\u00bb","block_context":{"text":"M\u00fasica","link":"https:\/\/alpoma.net\/tecob\/?cat=42"},"img":{"alt_text":"","src":"https:\/\/i0.wp.com\/alpoma.net\/tecob\/wp-content\/uploads\/2012\/08\/7839754576_ca62bfd676_z.jpg?resize=350%2C200&ssl=1","width":350,"height":200,"srcset":"https:\/\/i0.wp.com\/alpoma.net\/tecob\/wp-content\/uploads\/2012\/08\/7839754576_ca62bfd676_z.jpg?resize=350%2C200&ssl=1 1x, https:\/\/i0.wp.com\/alpoma.net\/tecob\/wp-content\/uploads\/2012\/08\/7839754576_ca62bfd676_z.jpg?resize=525%2C300&ssl=1 1.5x"},"classes":[]},{"id":7719,"url":"https:\/\/alpoma.net\/tecob\/?p=7719","url_meta":{"origin":12178,"position":4},"title":"Dies irae","author":"alpoma","date":"20 enero 2013","format":false,"excerpt":"Llevo toda la tarde maquetando varios proyectos y, hace un rato, he hecho una pausa para leer alg\u00fan blog de esos que hace siglos que no visito por falta de tiempo. La casualidad ha hecho que, mientras sonaba de fondo el R\u00e9quiem Polanco de Krzysztof Penderecki (Spotify), apareciera en pantalla\u2026","rel":"","context":"En \u00abM\u00fasica\u00bb","block_context":{"text":"M\u00fasica","link":"https:\/\/alpoma.net\/tecob\/?cat=42"},"img":{"alt_text":"Entre nieblas","src":"https:\/\/i0.wp.com\/farm9.staticflickr.com\/8098\/8361261506_f28c4254c9_m.jpg?resize=350%2C200","width":350,"height":200},"classes":[]},{"id":4525,"url":"https:\/\/alpoma.net\/tecob\/?p=4525","url_meta":{"origin":12178,"position":5},"title":"\u00a1Supertren! (1979)","author":"alpoma","date":"8 abril 2011","format":false,"excerpt":"No ten\u00eda ni idea sobre esta serie de televisi\u00f3n o, mejor dicho, simulacro de serie, porque no lleg\u00f3 muy lejos. \u00a1Gracias por el aviso @Lupintam! Como si se tratara de un antecesor gigante de El coche fant\u00e1stico (Knight Rider) la NBC plane\u00f3 realizar una serie con un protagonista muy especial:\u2026","rel":"","context":"En \u00abObsolescencia\u00bb","block_context":{"text":"Obsolescencia","link":"https:\/\/alpoma.net\/tecob\/?cat=3"},"img":{"alt_text":"","src":"","width":0,"height":0},"classes":[]}],"jetpack_sharing_enabled":true,"_links":{"self":[{"href":"https:\/\/alpoma.net\/tecob\/index.php?rest_route=\/wp\/v2\/posts\/12178","targetHints":{"allow":["GET"]}}],"collection":[{"href":"https:\/\/alpoma.net\/tecob\/index.php?rest_route=\/wp\/v2\/posts"}],"about":[{"href":"https:\/\/alpoma.net\/tecob\/index.php?rest_route=\/wp\/v2\/types\/post"}],"author":[{"embeddable":true,"href":"https:\/\/alpoma.net\/tecob\/index.php?rest_route=\/wp\/v2\/users\/1"}],"replies":[{"embeddable":true,"href":"https:\/\/alpoma.net\/tecob\/index.php?rest_route=%2Fwp%2Fv2%2Fcomments&post=12178"}],"version-history":[{"count":0,"href":"https:\/\/alpoma.net\/tecob\/index.php?rest_route=\/wp\/v2\/posts\/12178\/revisions"}],"wp:featuredmedia":[{"embeddable":true,"href":"https:\/\/alpoma.net\/tecob\/index.php?rest_route=\/wp\/v2\/media\/12183"}],"wp:attachment":[{"href":"https:\/\/alpoma.net\/tecob\/index.php?rest_route=%2Fwp%2Fv2%2Fmedia&parent=12178"}],"wp:term":[{"taxonomy":"category","embeddable":true,"href":"https:\/\/alpoma.net\/tecob\/index.php?rest_route=%2Fwp%2Fv2%2Fcategories&post=12178"},{"taxonomy":"post_tag","embeddable":true,"href":"https:\/\/alpoma.net\/tecob\/index.php?rest_route=%2Fwp%2Fv2%2Ftags&post=12178"}],"curies":[{"name":"wp","href":"https:\/\/api.w.org\/{rel}","templated":true}]}}