{"id":1217,"date":"2009-09-21T16:09:50","date_gmt":"2009-09-21T14:09:50","guid":{"rendered":"http:\/\/www.alpoma.net\/tecob\/?p=1217"},"modified":"2009-09-21T16:12:51","modified_gmt":"2009-09-21T14:12:51","slug":"solvay-cortar-y-pegar","status":"publish","type":"post","link":"https:\/\/alpoma.net\/tecob\/?p=1217","title":{"rendered":"Solvay, cortar y pegar"},"content":{"rendered":"<p>Hay fotograf\u00edas hist\u00f3ricas que, de tanto aparecer en libros y decorar paredes, se convierten en parte del paisaje para muchas personas. Sin embargo, muchas de esas im\u00e1genes guardan misterios insospechados como le sucede, por ejemplo, a la fotograf\u00eda oficial del Congreso Solvay de 1911. Los <strong><a href=\"http:\/\/es.wikipedia.org\/wiki\/Congreso_Solvay\" class=\"enlaces\">Congresos Solvay<\/a><\/strong> est\u00e1n considerados como algunos de los encuentros cient\u00edficos m\u00e1s importantes de la historia. Comenzaron a celebrarse en 1911, gracias a la iniciativa del qu\u00edmico y magnate belga de la industria <strong>Ernest Solvay<\/strong>. La f\u00edsica del siglo XX contempl\u00f3 el rostro de quienes revolucionaron este campo del saber a trav\u00e9s de este tipo de reuniones cient\u00edficas. Suele afirmarse que la quinta conferencia, celebrada en Bruselas en octubre de 1927 fue la m\u00e1s c\u00e9lebre y, por ello, alumbr\u00f3 <strong><a href=\"http:\/\/gaussianos.com\/la-fotografia-mas-famosa-de-la-historia-de-la-ciencia\/\" class=\"enlaces\">la fotograf\u00eda m\u00e1s famosa de toda la historia de la ciencia<\/a><\/strong>. All\u00ed estaba Albert Einstein, junto a Niels Bohr, Werner Heisenberg o Erwin Schr\u00f6dinger, entre muchos otros cient\u00edficos destacados de su \u00e9poca.<\/p>\n<p><img decoding=\"async\" src=\"http:\/\/farm4.static.flickr.com\/3491\/3940454507_c53600a738_o.jpg\" alt=\"img\" class=\"otros\"\/><br \/>\n<strong>Imagen<\/strong>: Congreso Solvay 1927. <a href=\"http:\/\/es.wikipedia.org\/wiki\/Archivo:Solvay_conference_1927.jpg\" class=\"enlaces\">Wikimedia Commons<\/a>. <a href=\"http:\/\/es.wikipedia.org\/wiki\/Archivo:Solvay1927_participants.jpg\" class=\"enlaces\">Participantes en la foto<\/a>.<\/p>\n<p>Miremos m\u00e1s atras en el tiempo. El primero de los Congresos Solvay se celebr\u00f3 tambi\u00e9n en Bruselas en el a\u00f1o citado anteriormente, 1911. Ah\u00ed aparece Albert Einstein, el m\u00e1s jovencito de todos, de pie el segundo por la derecha en la fotograf\u00eda oficial de la reuni\u00f3n.<\/p>\n<p><img decoding=\"async\" src=\"http:\/\/farm4.static.flickr.com\/3525\/3940474715_7c52034f69_o.jpg\" alt=\"img\" class=\"otros\"\/><br \/>\n<strong>Imagen y participantes<\/strong>: <a href=\"http:\/\/en.wikipedia.org\/wiki\/File:1911_Solvay_conference.jpg\" class=\"enlaces\">Wikimedia Commons<\/a>. <\/p>\n<p>Bien, pasemos al terreno de la simple y pura curiosidad o bagatela. Si se mira bien la fotograf\u00eda, habr\u00e1 quien se extra\u00f1e de cierto detalle. Veamos qu\u00e9 sucede si ampliamos la porci\u00f3n inferior izquierda.<\/p>\n<p><img decoding=\"async\" src=\"http:\/\/farm3.static.flickr.com\/2660\/3941272624_f5f45996f4_o.jpg\" alt=\"img\" class=\"otros\"\/><\/p>\n<p><strong>\u00bfNadie observa nada extra\u00f1o?<\/strong> Hay que fijarse en un personaje sentado, segundo por la derecha. \u00bfNo es su cabeza demasiado grande? <strong>Se trata del mism\u00edsimo Ernest Solvay quien, al no poder estar presente en el momento de ser tomada la imagen, fue incluido posteriormente en un trabajo de cuchilla, corta y pega muy t\u00edpico de la \u00e9poca<\/strong>. Ahora bien, lo que me pregunto, al igual que tambi\u00e9n hace el bueno de <strong>John Ptak<\/strong><sup>1<\/sup>, es a qui\u00e9n pertenece el cuerpo al que se ha cortado la cabeza. \u00bfSe ampli\u00f3 el tama\u00f1o de la imagen para a\u00f1adir al patrocinador de la reuni\u00f3n? \u00bfSe elimin\u00f3 a alguien? \u00bfHubo un \u00abextra\u00bb ya preparado para ocupar el espacio que, m\u00e1s tarde, ser\u00eda rellenado con la cabeza de Solvay? A falta de <em>Photoshop<\/em>, el trabajo con la cuchilla por parte del fot\u00f3grafo no fue demasiado malo, aunque realmente salta a la vista, sobre todo cuando ya se conoce d\u00f3nde est\u00e1 el problema. Si alguien conoce la soluci\u00f3n a tan intrascendente misterio, ya sabe, para eso est\u00e1n abiertos los comentarios. \ud83d\ude09 <\/p>\n<p>__________<br \/>\n<sup>1<\/sup>V\u00e9ase: <a href=\"http:\/\/longstreet.typepad.com\/thesciencebookstore\/2009\/09\/missing-body-for-a-famous-head-ernest-solvay-at-the-solvay-conference-1911.html\" class=\"enlaces\">Ptak Science Books &#8211; Missing Body for a Famous Head:  Ernest Solvay at the Solvay Conference, 1911<\/a>.<\/p>\n","protected":false},"excerpt":{"rendered":"<div class=\"mh-excerpt\"><p>Hay fotograf\u00edas hist\u00f3ricas que, de tanto aparecer en libros y decorar paredes, se convierten en parte del paisaje para muchas personas. Sin embargo, muchas de esas im\u00e1genes guardan misterios insospechados <a class=\"mh-excerpt-more\" href=\"https:\/\/alpoma.net\/tecob\/?p=1217\" title=\"Solvay, cortar y pegar\">[&#8230;]<\/a><\/p>\n<\/div>","protected":false},"author":1,"featured_media":10864,"comment_status":"open","ping_status":"open","sticky":false,"template":"","format":"standard","meta":{"jetpack_post_was_ever_published":false,"_jetpack_newsletter_access":"","_jetpack_dont_email_post_to_subs":false,"_jetpack_newsletter_tier_id":0,"_jetpack_memberships_contains_paywalled_content":false,"_jetpack_memberships_contains_paid_content":false,"footnotes":""},"categories":[3],"tags":[],"class_list":["post-1217","post","type-post","status-publish","format-standard","has-post-thumbnail","hentry","category-obsolescencia"],"jetpack_featured_media_url":"https:\/\/alpoma.net\/tecob\/wp-content\/uploads\/2009\/09\/3940454507_c53600a738_o.jpg","jetpack_shortlink":"https:\/\/wp.me\/p93Dc1-jD","jetpack-related-posts":[{"id":14051,"url":"https:\/\/alpoma.net\/tecob\/?p=14051","url_meta":{"origin":1217,"position":0},"title":"Cohete \u00abfotogr\u00e1fico\u00bb de 1911","author":"alpoma","date":"5 diciembre 2018","format":false,"excerpt":"Me apetec\u00eda hoy a\u00f1adir una peque\u00f1a nota jocosa a TecOb. Ten\u00eda por ah\u00ed la historia de cierto autom\u00f3vil a h\u00e9lice que arm\u00f3 revuelo hace ya m\u00e1s de un siglo pero, por sorpresa, result\u00f3 que la historia ten\u00eda mucha m\u00e1s miga de lo que parec\u00eda. Y es que, en muchas ocasiones,\u2026","rel":"","context":"En \u00abObsolescencia\u00bb","block_context":{"text":"Obsolescencia","link":"https:\/\/alpoma.net\/tecob\/?cat=3"},"img":{"alt_text":"","src":"https:\/\/i0.wp.com\/alpoma.net\/tecob\/wp-content\/uploads\/2018\/12\/ft1.png?resize=350%2C200&ssl=1","width":350,"height":200,"srcset":"https:\/\/i0.wp.com\/alpoma.net\/tecob\/wp-content\/uploads\/2018\/12\/ft1.png?resize=350%2C200&ssl=1 1x, https:\/\/i0.wp.com\/alpoma.net\/tecob\/wp-content\/uploads\/2018\/12\/ft1.png?resize=525%2C300&ssl=1 1.5x, https:\/\/i0.wp.com\/alpoma.net\/tecob\/wp-content\/uploads\/2018\/12\/ft1.png?resize=700%2C400&ssl=1 2x"},"classes":[]},{"id":5843,"url":"https:\/\/alpoma.net\/tecob\/?p=5843","url_meta":{"origin":1217,"position":1},"title":"Craniopagus parasiticus","author":"alpoma","date":"27 diciembre 2011","format":false,"excerpt":"En mi reciente viaje a Londres ten\u00eda pensado realizar una visita muy especial. Hab\u00eda estado el d\u00eda antes en la Wellcome Collection, as\u00ed que para cerrar el c\u00edrculo de las excentricidades cient\u00edficas, decid\u00ed visitar el Hunterian Museum, que se encuentra en el imponente edificio neocl\u00e1sico del The Royal College of\u2026","rel":"","context":"En \u00abObsolescencia\u00bb","block_context":{"text":"Obsolescencia","link":"https:\/\/alpoma.net\/tecob\/?cat=3"},"img":{"alt_text":"","src":"https:\/\/i0.wp.com\/alpoma.net\/tecob\/wp-content\/uploads\/2011\/12\/6583226653_e180956d24_o.jpg?resize=350%2C200&ssl=1","width":350,"height":200},"classes":[]},{"id":955,"url":"https:\/\/alpoma.net\/tecob\/?p=955","url_meta":{"origin":1217,"position":2},"title":"No por tener muchas alas volar\u00e1 mejor","author":"alpoma","date":"8 agosto 2008","format":false,"excerpt":"Cuando la historia de la aviaci\u00f3n daba sus primeros pasos, decenas de exc\u00e9ntricas ideas sobre c\u00f3mo construir aviones vieron la luz. Entre tanta invenci\u00f3n extra\u00f1a destacan los multiplanos de Horatio Phillips que, no hay m\u00e1s que contamplarlos, no tuvieron \u00e9xito. Observar uno de estos aparatos despierta una mezcla de sorpresa\u2026","rel":"","context":"En \u00abObsolescencia\u00bb","block_context":{"text":"Obsolescencia","link":"https:\/\/alpoma.net\/tecob\/?cat=3"},"img":{"alt_text":"","src":"https:\/\/i0.wp.com\/alpoma.net\/tecob\/wp-content\/uploads\/2008\/08\/2744547068_d66b1926d4_o.jpg?resize=350%2C200&ssl=1","width":350,"height":200,"srcset":"https:\/\/i0.wp.com\/alpoma.net\/tecob\/wp-content\/uploads\/2008\/08\/2744547068_d66b1926d4_o.jpg?resize=350%2C200&ssl=1 1x, https:\/\/i0.wp.com\/alpoma.net\/tecob\/wp-content\/uploads\/2008\/08\/2744547068_d66b1926d4_o.jpg?resize=525%2C300&ssl=1 1.5x"},"classes":[]},{"id":23,"url":"https:\/\/alpoma.net\/tecob\/?p=23","url_meta":{"origin":1217,"position":3},"title":"Rudolf Fent, el crononauta que nunca existi\u00f3","author":"alpoma","date":"19 septiembre 2005","format":false,"excerpt":"Nueva York, a las once y media de la noche en una fecha indeterminada hacia junio del a\u00f1o 1950. Hace calor, la gente aprovecha la bonanza veraniega para pasear por las calles o disfrutar de una de las muchas atracciones de la ciudad de los rascacielos. Esta t\u00edpica estampa americana\u2026","rel":"","context":"En \u00abGeneral\u00bb","block_context":{"text":"General","link":"https:\/\/alpoma.net\/tecob\/?cat=1"},"img":{"alt_text":"","src":"https:\/\/i0.wp.com\/alpoma.net\/tecob\/wp-content\/uploads\/2005\/09\/tiempo.jpg?resize=350%2C200&ssl=1","width":350,"height":200,"srcset":"https:\/\/i0.wp.com\/alpoma.net\/tecob\/wp-content\/uploads\/2005\/09\/tiempo.jpg?resize=350%2C200&ssl=1 1x, https:\/\/i0.wp.com\/alpoma.net\/tecob\/wp-content\/uploads\/2005\/09\/tiempo.jpg?resize=525%2C300&ssl=1 1.5x, https:\/\/i0.wp.com\/alpoma.net\/tecob\/wp-content\/uploads\/2005\/09\/tiempo.jpg?resize=700%2C400&ssl=1 2x, https:\/\/i0.wp.com\/alpoma.net\/tecob\/wp-content\/uploads\/2005\/09\/tiempo.jpg?resize=1050%2C600&ssl=1 3x, https:\/\/i0.wp.com\/alpoma.net\/tecob\/wp-content\/uploads\/2005\/09\/tiempo.jpg?resize=1400%2C800&ssl=1 4x"},"classes":[]},{"id":682,"url":"https:\/\/alpoma.net\/tecob\/?p=682","url_meta":{"origin":1217,"position":4},"title":"La imagen de la muerte","author":"alpoma","date":"25 febrero 2007","format":false,"excerpt":"En ocasiones veo muertos... Esta frasecita, que procediendo de cierta pel\u00edcula ha terminado por formar parte de mil y un chistes, a veces puede aplicarse a la vida real sin ning\u00fan problema. No me refiero a ver fantasmas o esp\u00edritus, nada de eso, aludo simplemente al hecho de contemplar un\u2026","rel":"","context":"En \u00abObsolescencia\u00bb","block_context":{"text":"Obsolescencia","link":"https:\/\/alpoma.net\/tecob\/?cat=3"},"img":{"alt_text":"","src":"","width":0,"height":0},"classes":[]},{"id":4051,"url":"https:\/\/alpoma.net\/tecob\/?p=4051","url_meta":{"origin":1217,"position":5},"title":"Un siglo del primer aterrizaje en un portaaviones","author":"alpoma","date":"18 enero 2011","format":false,"excerpt":"Posiblemente sea un poco exagerado, porque no era un portaaviones como tal, pero no creo que ese detalle importe mucho porque la aventura en s\u00ed fue lo suficientemente osada como para haber pasado a la historia como el punto de partida de la aviaci\u00f3n naval. Eugene Burton Ely, junto a\u2026","rel":"","context":"En \u00abObsolescencia\u00bb","block_context":{"text":"Obsolescencia","link":"https:\/\/alpoma.net\/tecob\/?cat=3"},"img":{"alt_text":"","src":"https:\/\/i0.wp.com\/alpoma.net\/tecob\/wp-content\/uploads\/2011\/01\/5367204035_94b11cb33c_o.jpg?resize=350%2C200&ssl=1","width":350,"height":200,"srcset":"https:\/\/i0.wp.com\/alpoma.net\/tecob\/wp-content\/uploads\/2011\/01\/5367204035_94b11cb33c_o.jpg?resize=350%2C200&ssl=1 1x, https:\/\/i0.wp.com\/alpoma.net\/tecob\/wp-content\/uploads\/2011\/01\/5367204035_94b11cb33c_o.jpg?resize=525%2C300&ssl=1 1.5x"},"classes":[]}],"jetpack_sharing_enabled":true,"_links":{"self":[{"href":"https:\/\/alpoma.net\/tecob\/index.php?rest_route=\/wp\/v2\/posts\/1217","targetHints":{"allow":["GET"]}}],"collection":[{"href":"https:\/\/alpoma.net\/tecob\/index.php?rest_route=\/wp\/v2\/posts"}],"about":[{"href":"https:\/\/alpoma.net\/tecob\/index.php?rest_route=\/wp\/v2\/types\/post"}],"author":[{"embeddable":true,"href":"https:\/\/alpoma.net\/tecob\/index.php?rest_route=\/wp\/v2\/users\/1"}],"replies":[{"embeddable":true,"href":"https:\/\/alpoma.net\/tecob\/index.php?rest_route=%2Fwp%2Fv2%2Fcomments&post=1217"}],"version-history":[{"count":0,"href":"https:\/\/alpoma.net\/tecob\/index.php?rest_route=\/wp\/v2\/posts\/1217\/revisions"}],"wp:featuredmedia":[{"embeddable":true,"href":"https:\/\/alpoma.net\/tecob\/index.php?rest_route=\/wp\/v2\/media\/10864"}],"wp:attachment":[{"href":"https:\/\/alpoma.net\/tecob\/index.php?rest_route=%2Fwp%2Fv2%2Fmedia&parent=1217"}],"wp:term":[{"taxonomy":"category","embeddable":true,"href":"https:\/\/alpoma.net\/tecob\/index.php?rest_route=%2Fwp%2Fv2%2Fcategories&post=1217"},{"taxonomy":"post_tag","embeddable":true,"href":"https:\/\/alpoma.net\/tecob\/index.php?rest_route=%2Fwp%2Fv2%2Ftags&post=1217"}],"curies":[{"name":"wp","href":"https:\/\/api.w.org\/{rel}","templated":true}]}}