{"id":12046,"date":"2016-04-29T20:44:39","date_gmt":"2016-04-29T18:44:39","guid":{"rendered":"http:\/\/www.alpoma.net\/tecob\/?p=12046"},"modified":"2016-04-29T20:44:39","modified_gmt":"2016-04-29T18:44:39","slug":"francisco-sanz-y-los-actores-mecanicos","status":"publish","type":"post","link":"https:\/\/alpoma.net\/tecob\/?p=12046","title":{"rendered":"Francisco Sanz y los actores mec\u00e1nicos"},"content":{"rendered":"<p class=\"otros3\">Versi\u00f3n para <em>TecOb<\/em> del art\u00edculo que publiqu\u00e9 en <em><a href=\"http:\/\/www.historiadeiberiavieja.com\" target=\"_blank\">Historia de Iberia Vieja<\/a><\/em>, edici\u00f3n de abril de 2016.<\/p>\n<p style=\"padding-left: 30px;\"><em>Sanz es un poderoso ventr\u00edlocuo. Posee una admirable facilidad para cambiar el metal de voz y dar a cada una de sus marionetas una vida f\u00edsica real, aut\u00e9ntica, palpitante, sugestiva, espiritual. Puede afirmarse que los 25 o 30 aut\u00f3matas que constituyen su compa\u00f1\u00eda, son seres con un alma propia y con un organismo anat\u00f3mico semejante al nuestro. Es preciso observar de cerca la complicad\u00edsima maquinaria de cada mu\u00f1eco. (\u2026) No se crea que son figuras con movimientos espasm\u00f3dicos y de ademanes r\u00edgidos. Caminan, bailan, r\u00eden, lloran, fuman y cantan. Hacen lo que hacemos nosotros\u2026<\/em><\/p>\n<p style=\"text-align: right;\"><em>Caras y caretas<\/em>, edici\u00f3n del 2 de marzo de 1912.<\/p>\n<p>Habitan en el <a href=\"http:\/\/www.albaida.es\/mita\/mita.htm\"><strong>Museu Internacional de Titelles d\u2019Albaida<\/strong><\/a>, en Valencia, ciertos personajes que merecen buen recuerdo y que, de haber sido creados en otras tierras, seguramente se encontrar\u00edan entre las m\u00e1s reconocidas invenciones ligadas al mundo del espect\u00e1culo de toda la historia. Se trata de ciertos <strong>aut\u00f3matas<\/strong> ideados por quien, a decir de Ignacio Ramos Altamira en su libro sobre el personaje que nos ocupa hoy, fue <strong>\u201cel mejor ventr\u00edlocuo del mundo\u201d<\/strong>, o al menos lo fue en el primer tercio del pasado siglo XX.<\/p>\n<figure id=\"attachment_12048\" aria-describedby=\"caption-attachment-12048\" style=\"width: 575px\" class=\"wp-caption alignnone\"><img decoding=\"async\" src=\"http:\/\/www.alpoma.net\/tecob\/wp-content\/uploads\/2016\/04\/actores_mecanicos.jpg\" alt=\"La Compa\u00f1\u00eda de actores mec\u00e1nicos de Francisco Sanz.\" width=\"620\" class=\"otros\" \/><figcaption id=\"caption-attachment-12048\" class=\"wp-caption-text\">La Compa\u00f1\u00eda de actores mec\u00e1nicos de Francisco Sanz.<\/figcaption><\/figure>\n<p><strong>Ventr\u00edlocuo e inventor<\/strong><\/p>\n<p>\u00bfUn ventr\u00edlocuo inventor? Ciertamente, y a dem\u00e1s de un ingenio sin fin. <strong>Francisco Sanz Baldov\u00ed<\/strong>, titiritero y artista sin igual, vino al mundo en la valenciana localidad de Anna en 1871, o 1872 seg\u00fan otras fuentes. Menos de siete d\u00e9cadas m\u00e1s tarde, en 1939, justo cuando Espa\u00f1a se encontraba sumida en las tinieblas de la guerra, el c\u00f3mico abandon\u00f3 este mundo. Pero, aunque no fuera larga su vida, s\u00ed fue muy intensa. Es una l\u00e1stima que actualmente apenas sea recordado, porque no se trat\u00f3 de un simple ventr\u00edlocuo que animaba marionetas de trapo con una mano ensartada en la espalda del mu\u00f1eco, nada de eso. Lo m\u00e1s asombroso de Francisco Sanz es que dio vida a toda una compa\u00f1\u00eda de actores mec\u00e1nicos, verdaderos aut\u00f3matas de tama\u00f1o real que levantaron el asombro de medio mundo en su \u00e9poca.<\/p>\n<p>Los<strong> actores mec\u00e1nicos<\/strong> de Sanz son un prodigio de la ingenier\u00eda, que actuaron en decenas de ciudades de Espa\u00f1a, Portugal y varios pa\u00edses americanos en diversas giras de gran \u00e9xito, desde Argentina hasta M\u00e9xico, pasando por Brasil, Per\u00fa o Cuba. Adelantado a su tiempo, lo suyo no eran simples actuaciones c\u00f3micas, sino verdaderos \u201cshows\u201d multimedia, si se me permite la licencia, mezclando en cerca de dos horas de duraci\u00f3n todo tipo de n\u00fameros de humor, teatro, canciones, mon\u00f3logos y hasta recitales de guitarra. En un mundo en el que todav\u00eda no hab\u00eda nacido la televisi\u00f3n, las actuaciones del valenciano titiritero eran lo m\u00e1s parecido a un programa de variedades en formato condensado.<\/p>\n<figure id=\"attachment_12056\" aria-describedby=\"caption-attachment-12056\" style=\"width: 954px\" class=\"wp-caption alignnone\"><img decoding=\"async\" src=\"http:\/\/www.alpoma.net\/tecob\/wp-content\/uploads\/2016\/04\/Sanz-y-el-secreto-de-su-arte-1918.jpg\" alt=\"Fotograma de la pel\u00edcula &quot;Sanz y el secreto de su arte&quot;.\" width=\"620\" class=\"otros\" \/><figcaption id=\"caption-attachment-12056\" class=\"wp-caption-text\">Fotograma de la pel\u00edcula \u00abSanz y el secreto de su arte\u00bb.<\/figcaption><\/figure>\n<p>En su ni\u00f1ez el bueno de Sanz ya mostr\u00f3 grandes cualidades art\u00edsticas.<strong> Cuentan que aprendi\u00f3 a tocar la guitarra, pasi\u00f3n que nunca le abandon\u00f3, como autodidacta<\/strong>. En su localidad natal y en los pueblos de los alrededores tambi\u00e9n despleg\u00f3 su talento como actor y c\u00f3mico. Pero lo suyo no era una vocaci\u00f3n que fuera por lo convencional dentro del mundo del entretenimiento, no iba a ser cantante, ni m\u00fasico, ni actor, ni siquiera c\u00f3mico, \u00e9l iba a convertirse en una mezcla sobresaliente de todo eso y mucho m\u00e1s, reunido en la figura del ventr\u00edlo<strong>cuo. Lo de ser ventr\u00edlocuo se meti\u00f3 en su sangre<\/strong>, y nunca le abandon\u00f3, dede que con menos de veinte a\u00f1os de edad pudo contemplar asombrado una actuaci\u00f3n de ese tipo. Qued\u00f3 pasmado, literalmente, tanto que decidi\u00f3 ir por ese camino a partir de entonces.<\/p>\n<figure id=\"attachment_12051\" aria-describedby=\"caption-attachment-12051\" style=\"width: 640px\" class=\"wp-caption alignnone\"><img decoding=\"async\" src=\"http:\/\/www.alpoma.net\/tecob\/wp-content\/uploads\/2016\/04\/Captura_pelicula_1918_Filmoteca_Valenciana.png\" alt=\"Interior de uno de los actores mec\u00e1nicos.\" width=\"620\" class=\"otros\" \/><figcaption id=\"caption-attachment-12051\" class=\"wp-caption-text\">Interior de uno de los actores mec\u00e1nicos.<\/figcaption><\/figure>\n<p>Al poco podemos encontrar a Sanz como cantante c\u00f3mico en varios teatros de la capital valenciana. En 1900 <strong>contrae matrimonio con Pepita Sols<\/strong>, igualmente natural de Anna, uni\u00f3n que tendr\u00e1 como fruto tres hijos. Su fama como comediante se va extendiendo y comienza a actuar en importantes locales de Barcelona. Finalmente, en 1902, la vida de Francisco Sanz cambia para siempre. Fue a finales de abril de ese a\u00f1o cuando su deseo de tantos a\u00f1os, el convertirse en ventr\u00edlocuo, se convirti\u00f3 en realidad. De una primera actuaci\u00f3n en Alcoy, pasa a representar su <strong>espect\u00e1culo de mon\u00f3logos y ventriloqu\u00eda en Alicante<\/strong>. Sus primeros mu\u00f1ecos le acompa\u00f1an por Valencia y Barcelona, mientras se dedica a estudiar guitarra con gran provecho, bajo las ense\u00f1anzas de Francisco T\u00e1rrega. En 1905 es contratado por el Circo Alegr\u00eda para recorrer toda Espa\u00f1a, su estrella estaba en ascenso y, al a\u00f1o siguiente, se presenta en teatros de Madrid donde logra tal \u00e9xito que puede a partir de ese momento salir de gira nacional con su propia compa\u00f1\u00eda. De esa \u00e9poca data su amistad y relaci\u00f3n profesional con <strong>el mec\u00e1nico Lorenzo Mataix<\/strong>, de quien no se despegar\u00e1 en las siguientes d\u00e9cadas de \u00e9xito en \u00e9xito.<\/p>\n<p><strong>La Compa\u00f1\u00eda de actores mec\u00e1nicos<\/strong><\/p>\n<p>Toda Espa\u00f1a conoc\u00eda ya las aventuras de Sanz y su compa\u00f1\u00eda c\u00f3mica, aparec\u00eda por doquier en la prensa y era, literalmente,<strong> uno de los m\u00e1s famosos personajes de su tiempo<\/strong>. Hab\u00eda llegado el momento de saltar la frontera. En 1910 act\u00faa en Lisboa y en otras ciudades portuguesas. Un a\u00f1o despu\u00e9s le podemos encontrar con uno de sus primeros aut\u00f3matas en el Circo Prince. Act\u00faa en Barcelona y comienza a grabar discos. Todo lo que toca se convierte en oro, sus actuaciones, ya sean en directo o \u201cenlatadas\u201d se hacen c\u00e9lebres. Todo estaba preparado para su salto a Am\u00e9rica, continente al que viaja entre gran \u00e9xito en varias ocasiones.<\/p>\n<figure id=\"attachment_12049\" aria-describedby=\"caption-attachment-12049\" style=\"width: 955px\" class=\"wp-caption alignnone\"><img decoding=\"async\" src=\"http:\/\/www.alpoma.net\/tecob\/wp-content\/uploads\/2016\/04\/Automatas_1910.png\" alt=\"Sanz en pleno espect\u00e1culo.\" width=\"620\" class=\"otros\" \/><figcaption id=\"caption-attachment-12049\" class=\"wp-caption-text\">Sanz en pleno espect\u00e1culo.<\/figcaption><\/figure>\n<p>Sus mu\u00f1ecos no eran simples \u201cpeleles\u201d, ten\u00edan algo muy especial, y ah\u00ed es donde entraba la necesidad de contar con un equipo t\u00e9cnico y mec\u00e1nico adecuado. Ah\u00ed estaba cierta especie de orador sabelotodo que asombraba al p\u00fablico, o famoso <strong>Frey Volt<\/strong>, o el mu\u00f1eco <strong>Don Liborio<\/strong>. Aquellos y otros mu\u00f1ecos a los que daba vida y voz el genial Francisco Sanz ten\u00edan su hogar en tiempos de la Gran Guerra en un taller del Teatro Ruzafa de Valencia. Ah\u00ed nac\u00eda la magia, aquella sorprendente mezcla de tecnolog\u00eda y arte esc\u00e9nico que levant\u00f3 pasiones en teatros de medio mundo, que entretuvo a la familia real en Madrid y que, adem\u00e1s, sirvi\u00f3 de ingrediente principal para una pel\u00edcula.<\/p>\n<p>S\u00ed, en 1918 ve la luz una pel\u00edcula muda que se crey\u00f3 perdida hasta \u00e9pocas recientes. Se trata de <strong>\u201cSanz y el secreto de su arte\u201d<\/strong>, una extra\u00f1a mezcla de documental y obra teatral que tiene como protagonistas a los actores mec\u00e1nicos de Sanz. Dirigida por Maximiliano Thous, aparece en ella Francisco Sanz mostrando los secretos que daban vida a sus queridos mu\u00f1ecos. Una l\u00e1stima que, al ser pel\u00edcula muda, no quede registro del sonido y de sus explicaciones de viva voz. Gracias a la labor de la Filmoteca de la Generalidad Valenciana, se pudo recuperar esta joya en 1997.<\/p>\n<p><iframe loading=\"lazy\" width=\"620\" height=\"465\" src=\"https:\/\/www.youtube.com\/embed\/5sMNKJdFURI?rel=0\" frameborder=\"0\" allowfullscreen><\/iframe><\/p>\n<p>Curiosamente, la idea de grabar una pel\u00edcula sobre sus mu\u00f1ecos parece que lleg\u00f3 por culpa de una afon\u00eda que afect\u00f3 al artista en 1917. Al tener que pasar menos tiempo actuando como ventr\u00edlocuo, mientras se recuperaba, fue preparando junto con el director lo que se convirti\u00f3 en una de las pel\u00edculas m\u00e1s avanzadas de su \u00e9poca. Sanz y el mec\u00e1nico Mataix mostraban en pantalla los detalles que hab\u00edan especiales a esos entra\u00f1ables mu\u00f1ecos. Actuaban Panchito, Melanio, Juanito, don Liborio, Fulgencio, Lucinda y, como no, Frey Volt, entre muchos otros.<strong> \u00a1Era toda una familia de aut\u00f3matas!<\/strong> Todos ellos con su propia personalidad y dotados de movimientos asombrosos. No debe extra\u00f1ar que, por ejemplo, las manos completamente articuladas de Frey Volt y su capacidad gestual, propia de un avanzado robot, fueran considerados como la m\u00e1s adelantada muestra del arte de los autom\u00e1tas jam\u00e1s vista.<\/p>\n<p>Pasado del estreno de la pel\u00edcula, contin\u00faa Sanz con sus giras, sin pausa. Viaja de nuevo por toda Espa\u00f1a, para saltar incluso a Or\u00e1n, en Argelia. En Par\u00eds intenta abrir nuevos caminos pero no consigue el \u00e9xito esperado. Una \u00faltima <strong>gira americana<\/strong> ser\u00e1 su broche de oro a una carrera sin fin que termina en el silencio en su natal Anna en 1939. Espa\u00f1a no estaba por entonces para mucha comedia y la oscuridad de ese tiempo acab\u00f3 son el recuerdo del gran Francisco Sanz en muy poco tiempo.<\/p>\n<p><strong>Mucho m\u00e1s que simples mu\u00f1ecos<\/strong><\/p>\n<p>\u00bfQu\u00e9 hace de los aut\u00f3matas de la Compa\u00f1\u00eda de actores mec\u00e1nicos algo tan especial? <strong>Aquellos mu\u00f1ecos capaces de tener vida propia, con diversas voces que surg\u00edan del ventr\u00edlocuo prodigioso que era Sanz, asombraron al p\u00fablico porque parec\u00edan realmente seres humanos y no m\u00e1quinas o marionetas.<\/strong><\/p>\n<p>Desde su \u00e9poca de transformista, en obras como el c\u00e9lebre mon\u00f3logo \u201cOratoria de Fin de Siglo\u201d, Sanz quiso ir m\u00e1s all\u00e1 de la simple actuaci\u00f3n c\u00f3mica. De su esfuerzo y con ayuda de su mec\u00e1nico personal, fue creando una familia de aut\u00e9nticos robots, muy alejados del cl\u00e1sico mu\u00f1eco de ventr\u00edlocuo. Los actores mec\u00e1nicos eran externamente similares a otros mu\u00f1ecos de su \u00e9poca, cada cual con su decoraci\u00f3n apropiada al car\u00e1cter que se quer\u00eda dar a cada uno de los personajes. Ahora bien, toda la compa\u00f1\u00eda estaba unida a una especie de <strong>armadura invisible<\/strong>, que era controlada por Sanz con sus pies. Los mu\u00f1ecos estaban <strong>articulados<\/strong>, de tal manera que pod\u00edan mover los brazos, girar la cabeza y realizar gestos. Al hablar, siguiendo el ritmo impreso por Sanz como ventr\u00edlocuo, parec\u00edan expresarse como si estuvieran vivos. <strong>En algunos casos, como por ejemplo con el mu\u00f1eco de Don Liborio, adem\u00e1s de ser controlado por medio de un ingenioso sistema que conectaba a Sanz con el personaje, tambi\u00e9n pod\u00eda realizar algunos movimientos de forma aut\u00f3noma<\/strong>. Esto convert\u00eda la actuaci\u00f3n en algo siempre espont\u00e1neo y cercano al comportamiento de un ser humano.<\/p>\n<figure id=\"attachment_12050\" aria-describedby=\"caption-attachment-12050\" style=\"width: 983px\" class=\"wp-caption alignnone\"><img decoding=\"async\" src=\"http:\/\/www.alpoma.net\/tecob\/wp-content\/uploads\/2016\/04\/Automatas_1912.png\" alt=\"Cada &quot;actor&quot; ten\u00eda su propia personalidad y movimientos propios.\" width=\"620\"  class=\"otros\" \/><figcaption id=\"caption-attachment-12050\" class=\"wp-caption-text\">Cada \u00abactor\u00bb ten\u00eda su propio car\u00e1cter y movimientos propios.<\/figcaption><\/figure>\n<p>Bajo la cobertura del mu\u00f1eco aparece un armaz\u00f3n de madera, completamente articulado, dotado de <strong>mecanismos de varillas met\u00e1licas pensados para desarrollar toda clase de movimientos naturales<\/strong>. No era simplemente una colecci\u00f3n de dos o tres giros, sino que pod\u00eda imitar comportamientos realmente complejos. He ah\u00ed, junto con su habilidad como comediante, ventr\u00edlocuo y guitarrista, la clave del \u00e9xito de Sanz. \u00c9l y sus mu\u00f1ecos eran uno solo en el escenario, y todo discurr\u00eda con tal naturalidad que causaba asombro. Los rostros de los aut\u00f3matas m\u00e1s perfeccionados de la compa\u00f1\u00eda eran algo incre\u00edble. Dentro de sus cabezas habitaban complejos sistemas de relojer\u00eda capaces de controlar el movimiento de los ojos, los p\u00e1rpados, la boca\u2026 <strong>\u00a1incluso alguno de ellos pod\u00eda fumar!<\/strong><\/p>\n<p>Aunque ya ha pasado casi un siglo, podemos contemplar hoy d\u00eda la pel\u00edcula que Sanz nos leg\u00f3 en 1918, en la que se observa el comportamiento casi humano de sus compa\u00f1eros mec\u00e1nicos. <strong>Puede que en nuestro mundo saturado de rob\u00f3tica y de efectos especiales no tengan nada de especial y resulten arcaicos pero, cuando se piensa que estos aut\u00f3matas est\u00e1n creados a principios del siglo XX, el logro ser convierte en algo digno de menci\u00f3n y de recuerdo<\/strong>.<\/p>\n","protected":false},"excerpt":{"rendered":"<div class=\"mh-excerpt\"><p>Versi\u00f3n para TecOb del art\u00edculo que publiqu\u00e9 en Historia de Iberia Vieja, edici\u00f3n de abril de 2016. Sanz es un poderoso ventr\u00edlocuo. Posee una admirable facilidad para cambiar el metal <a class=\"mh-excerpt-more\" href=\"https:\/\/alpoma.net\/tecob\/?p=12046\" title=\"Francisco Sanz y los actores mec\u00e1nicos\">[&#8230;]<\/a><\/p>\n<\/div>","protected":false},"author":1,"featured_media":12054,"comment_status":"open","ping_status":"open","sticky":false,"template":"","format":"standard","meta":{"jetpack_post_was_ever_published":false,"_jetpack_newsletter_access":"","_jetpack_dont_email_post_to_subs":false,"_jetpack_newsletter_tier_id":0,"_jetpack_memberships_contains_paywalled_content":false,"_jetpack_memberships_contains_paid_content":false,"footnotes":""},"categories":[10],"tags":[296,295],"class_list":["post-12046","post","type-post","status-publish","format-standard","has-post-thumbnail","hentry","category-made_in_spain","tag-actores-mecanicos","tag-francisco-sanz"],"jetpack_featured_media_url":"https:\/\/alpoma.net\/tecob\/wp-content\/uploads\/2016\/04\/San_con_Don_Liborio.jpg","jetpack_shortlink":"https:\/\/wp.me\/p93Dc1-38i","jetpack-related-posts":[{"id":12491,"url":"https:\/\/alpoma.net\/tecob\/?p=12491","url_meta":{"origin":12046,"position":0},"title":"Lo mejor de TecOb en 2016","author":"alpoma","date":"24 diciembre 2016","format":false,"excerpt":"Este a\u00f1o que est\u00e1 a punto de terminar no ha habido mucho movimiento en Tecnolog\u00eda Obsoleta, m\u00e1s que nada porque otros proyectos se han llevado la mayor parte de mi tiempo de escritura, sobre todo mi nuevo libro, Aviones bizarros, escrito junto a Jos\u00e9 Manuel Gil. En total, han sido\u2026","rel":"","context":"En \u00abPersonal\u00bb","block_context":{"text":"Personal","link":"https:\/\/alpoma.net\/tecob\/?cat=2"},"img":{"alt_text":"","src":"https:\/\/i0.wp.com\/alpoma.net\/tecob\/wp-content\/uploads\/2016\/11\/sdasm_avs.jpg?resize=350%2C200&ssl=1","width":350,"height":200,"srcset":"https:\/\/i0.wp.com\/alpoma.net\/tecob\/wp-content\/uploads\/2016\/11\/sdasm_avs.jpg?resize=350%2C200&ssl=1 1x, https:\/\/i0.wp.com\/alpoma.net\/tecob\/wp-content\/uploads\/2016\/11\/sdasm_avs.jpg?resize=525%2C300&ssl=1 1.5x, https:\/\/i0.wp.com\/alpoma.net\/tecob\/wp-content\/uploads\/2016\/11\/sdasm_avs.jpg?resize=700%2C400&ssl=1 2x"},"classes":[]},{"id":349,"url":"https:\/\/alpoma.net\/tecob\/?p=349","url_meta":{"origin":12046,"position":1},"title":"Tic Tac Tic Tac&#8230;","author":"alpoma","date":"10 febrero 2006","format":false,"excerpt":"En la antig\u00fcedad, egipcios, griegos y romanos idearon diversas formas para medir el tiempo, los relojes solares y las clepsidras no eran muy fiables, pero tampoco se necesitaba m\u00e1s precisi\u00f3n. Hace m\u00e1s de 5.000 a\u00f1os los babilonios y egipcios crearon los primeros calendarios para poder organizar la vida de las\u2026","rel":"","context":"En \u00abInnovaci\u00f3n\u00bb","block_context":{"text":"Innovaci\u00f3n","link":"https:\/\/alpoma.net\/tecob\/?cat=4"},"img":{"alt_text":"","src":"https:\/\/i0.wp.com\/alpoma.net\/tecob\/wp-content\/uploads\/2006\/02\/9666433_46a771bf95_m.jpg?resize=350%2C200&ssl=1","width":350,"height":200},"classes":[]},{"id":7898,"url":"https:\/\/alpoma.net\/tecob\/?p=7898","url_meta":{"origin":12046,"position":2},"title":"[Libro+DVD] M\u00e1s por menos, entiende las matem\u00e1ticas","author":"alpoma","date":"2 marzo 2013","format":false,"excerpt":"Cay\u00f3 recientemente en mis manos este libro que no dudo en recomendar a toda persona que le tenga temor a las matem\u00e1ticas. Su formato podr\u00eda considerarse anticuado, m\u00e1s que nada porque el DVD que incluye me ha hecho acudir a un lector adecuado, \u00a1hac\u00eda meses que no tocaba un disco\u2026","rel":"","context":"En \u00abPersonal\u00bb","block_context":{"text":"Personal","link":"https:\/\/alpoma.net\/tecob\/?cat=2"},"img":{"alt_text":"portada_mas_por_menos","src":"https:\/\/i0.wp.com\/www.alpoma.net\/tecob\/wp-content\/uploads\/2013\/03\/portada_mas_por_menos.jpg?resize=350%2C200","width":350,"height":200},"classes":[]},{"id":8603,"url":"https:\/\/alpoma.net\/tecob\/?p=8603","url_meta":{"origin":12046,"position":3},"title":"\u00c1ngela Ruiz Robles, precursora de los libros electr\u00f3nicos","author":"alpoma","date":"3 noviembre 2013","format":false,"excerpt":"Versi\u00f3n reducida del art\u00edculo que publiqu\u00e9 en la revista Historia de Iberia Vieja, edici\u00f3n de noviembre de 2013. Una maestra excepcional La reciente publicaci\u00f3n por parte de los Ministerios de Econom\u00eda y Competitividad y el de Educaci\u00f3n, Cultura y Deporte, de una peque\u00f1a obra a modo de semblanza de la\u2026","rel":"","context":"En \u00abMade in Spain\u00bb","block_context":{"text":"Made in Spain","link":"https:\/\/alpoma.net\/tecob\/?cat=10"},"img":{"alt_text":"angela_ruiz","src":"https:\/\/i0.wp.com\/www.alpoma.net\/tecob\/wp-content\/uploads\/2013\/11\/angela_ruiz-242x300.jpg?resize=350%2C200","width":350,"height":200},"classes":[]},{"id":1003,"url":"https:\/\/alpoma.net\/tecob\/?p=1003","url_meta":{"origin":12046,"position":4},"title":"El intr\u00e9pido Fritz von Opel","author":"alpoma","date":"28 septiembre 2008","format":false,"excerpt":"En el suplemento dedicado al mundo del motor que aparece con el peri\u00f3dico elEconomista los s\u00e1bados, y que lleva por nombre EcoMotor, encontr\u00e9 ayer la historia de un aventurero del que apenas hab\u00eda o\u00eddo hablar. Hace tiempo que le\u00ed algo sobre Fritz von Opel, nieto de Adam Opel, que a\u2026","rel":"","context":"En \u00abObsolescencia\u00bb","block_context":{"text":"Obsolescencia","link":"https:\/\/alpoma.net\/tecob\/?cat=3"},"img":{"alt_text":"","src":"https:\/\/i0.wp.com\/alpoma.net\/tecob\/wp-content\/uploads\/2008\/09\/2896561998_7ed8a9fd93_o.jpg?resize=350%2C200&ssl=1","width":350,"height":200,"srcset":"https:\/\/i0.wp.com\/alpoma.net\/tecob\/wp-content\/uploads\/2008\/09\/2896561998_7ed8a9fd93_o.jpg?resize=350%2C200&ssl=1 1x, https:\/\/i0.wp.com\/alpoma.net\/tecob\/wp-content\/uploads\/2008\/09\/2896561998_7ed8a9fd93_o.jpg?resize=525%2C300&ssl=1 1.5x"},"classes":[]},{"id":15185,"url":"https:\/\/alpoma.net\/tecob\/?p=15185","url_meta":{"origin":12046,"position":5},"title":"La oficina burocr\u00e1tica ideal: Praga 1937","author":"alpoma","date":"11 abril 2023","format":false,"excerpt":"En Futurama, el bur\u00f3crata Hermes Conrad es feliz cuando visita un lugar de referencia para \u00e9l y para todos los bur\u00f3cratas: el gigantesco complejo de Burocracia Central, con millones de archivadores. En el mundo real existe un lugar que es incluso m\u00e1s impresionante: La Oficina de la Seguridad Social de\u2026","rel":"","context":"En \u00abObsolescencia\u00bb","block_context":{"text":"Obsolescencia","link":"https:\/\/alpoma.net\/tecob\/?cat=3"},"img":{"alt_text":"","src":"https:\/\/i0.wp.com\/alpoma.net\/tecob\/wp-content\/uploads\/2023\/04\/1.jpg?resize=350%2C200&ssl=1","width":350,"height":200,"srcset":"https:\/\/i0.wp.com\/alpoma.net\/tecob\/wp-content\/uploads\/2023\/04\/1.jpg?resize=350%2C200&ssl=1 1x, https:\/\/i0.wp.com\/alpoma.net\/tecob\/wp-content\/uploads\/2023\/04\/1.jpg?resize=525%2C300&ssl=1 1.5x, https:\/\/i0.wp.com\/alpoma.net\/tecob\/wp-content\/uploads\/2023\/04\/1.jpg?resize=700%2C400&ssl=1 2x"},"classes":[]}],"jetpack_sharing_enabled":true,"_links":{"self":[{"href":"https:\/\/alpoma.net\/tecob\/index.php?rest_route=\/wp\/v2\/posts\/12046","targetHints":{"allow":["GET"]}}],"collection":[{"href":"https:\/\/alpoma.net\/tecob\/index.php?rest_route=\/wp\/v2\/posts"}],"about":[{"href":"https:\/\/alpoma.net\/tecob\/index.php?rest_route=\/wp\/v2\/types\/post"}],"author":[{"embeddable":true,"href":"https:\/\/alpoma.net\/tecob\/index.php?rest_route=\/wp\/v2\/users\/1"}],"replies":[{"embeddable":true,"href":"https:\/\/alpoma.net\/tecob\/index.php?rest_route=%2Fwp%2Fv2%2Fcomments&post=12046"}],"version-history":[{"count":0,"href":"https:\/\/alpoma.net\/tecob\/index.php?rest_route=\/wp\/v2\/posts\/12046\/revisions"}],"wp:featuredmedia":[{"embeddable":true,"href":"https:\/\/alpoma.net\/tecob\/index.php?rest_route=\/wp\/v2\/media\/12054"}],"wp:attachment":[{"href":"https:\/\/alpoma.net\/tecob\/index.php?rest_route=%2Fwp%2Fv2%2Fmedia&parent=12046"}],"wp:term":[{"taxonomy":"category","embeddable":true,"href":"https:\/\/alpoma.net\/tecob\/index.php?rest_route=%2Fwp%2Fv2%2Fcategories&post=12046"},{"taxonomy":"post_tag","embeddable":true,"href":"https:\/\/alpoma.net\/tecob\/index.php?rest_route=%2Fwp%2Fv2%2Ftags&post=12046"}],"curies":[{"name":"wp","href":"https:\/\/api.w.org\/{rel}","templated":true}]}}