{"id":1201,"date":"2009-08-26T15:17:53","date_gmt":"2009-08-26T13:17:53","guid":{"rendered":"http:\/\/www.alpoma.net\/tecob\/?p=1201"},"modified":"2009-08-26T16:54:47","modified_gmt":"2009-08-26T14:54:47","slug":"analema-el-camino-del-sol","status":"publish","type":"post","link":"https:\/\/alpoma.net\/tecob\/?p=1201","title":{"rendered":"Analema, el camino del Sol"},"content":{"rendered":"<p>Ahora que agosto avanza a toda velocidad hacia su final, cuando en el hemisferio norte la noche llega cada d\u00eda antes, no es mal momento para recordar el camino que \u00abdibuja\u00bb nuestra estrella madre en el firmamento cada a\u00f1o. Si tomamos una c\u00e1mara fotogr\u00e1fica, un tr\u00edpode y varias toneladas de paciencia, podremos realizar una foto diaria, siempre a la misma hora y, pasado un a\u00f1o, ver c\u00f3mo ha cambiado la posici\u00f3n del Sol en la b\u00f3veda celeste. El resultado se conoce como <strong><a href=\"http:\/\/es.wikipedia.org\/wiki\/Analema\" class=\"enlaces\">analema<\/a><\/strong>, una figura cerrada con forma de ocho, matem\u00e1ticamente un tipo de lemniscata. Quien haya tenido paciencia suficiente, al comparar todas las tomas, lograr\u00e1 algo parecido a lo que muestra esta imagen.<\/p>\n<p><img decoding=\"async\" src=\"http:\/\/farm4.static.flickr.com\/3461\/3858379127_4f2aa452de_o.jpg\" alt=\"img\" class=\"otros\"\/><br \/>\n<strong>Fuente<\/strong>: <a href=\"http:\/\/es.wikipedia.org\/wiki\/Archivo:Analemma_pattern_in_the_sky.jpg\" class=\"enlaces\">Wikipedia<\/a>.<br \/>\n<strong>Aviso<\/strong>: N\u00f3tese que, al ser realizada la imagen por alguien de habla alemana, \u201cO\u201d proviene de \u201cOst\u201d, esto es: \u201cEste\u201d. (Gracias por el recordatorio, Francisco. \ud83d\ude09 ).<\/p>\n<p>Ahora bien, <strong>\u00bfsucede lo mismo en el resto de planetas del Sistema Solar?<\/strong> Pues s\u00ed, la l\u00ednea que dibuja el Sol en su camino anual, teniendo en cuenta que el a\u00f1o de cada planeta es muy diverso en cuanto a duraci\u00f3n, es similar, pues forma una l\u00ednea cerrada. Eso s\u00ed, las diferencias orbitales entre planetas hacen que, por ejemplo, el analema semeje \u00abochos\u00bb m\u00e1s o menos parecidos en la Tierra, Urano, Neptuno y Plut\u00f3n, aunque en \u00e9ste \u00faltimo se trata de una figura muy alargada. En Mercurio, no ser\u00eda m\u00e1s que un solitario punto, porque el d\u00eda en ese planeta dura como dos de sus a\u00f1os. En Venus el analema forma una elipse, en J\u00fapiter lo mismo, mientras que en Saturno semeja la forma de una l\u00e1grima con un peque\u00f1o bucle en uno de su extremos. En Marte, como se ve a continuaci\u00f3n, el analema tambi\u00e9n forma una l\u00e1grima. <\/p>\n<p><img decoding=\"async\" src=\"http:\/\/farm4.static.flickr.com\/3492\/3858351011_0f406d2df9_o.jpg\" alt=\"img\" class=\"otros\"\/><br \/>\nSimulaci\u00f3n del analema marciano. <strong>Fuente<\/strong>: <a href=\"http:\/\/antwrp.gsfc.nasa.gov\/apod\/ap061230.html\" class=\"enlaces\">APOD<\/a>\/<a href=\"http:\/\/www.dennismammana.com\/\">Dennis Mammana<\/a>.<\/p>\n<p><strong>M\u00e1s informaci\u00f3n<\/strong>:<br \/>\n<a href=\"http:\/\/scienceblogs.com\/startswithabang\/2009\/08\/a_question_of_why_the_analemma.php\" class=\"enlaces\">A Question of Why: The Analemma &#8211; Starts With A Bang<\/a>.<br \/>\n<a href=\"http:\/\/antwrp.gsfc.nasa.gov\/apod\/ap050713.html\" class=\"enlaces\">Analema lunar<\/a>.<br \/>\n<a href=\"http:\/\/antwrp.gsfc.nasa.gov\/apod\/ap071002.html\" class=\"enlaces\">Tutulema, un analema con eclipse solar<\/a>.<\/p>\n","protected":false},"excerpt":{"rendered":"<div class=\"mh-excerpt\"><p>Ahora que agosto avanza a toda velocidad hacia su final, cuando en el hemisferio norte la noche llega cada d\u00eda antes, no es mal momento para recordar el camino que <a class=\"mh-excerpt-more\" href=\"https:\/\/alpoma.net\/tecob\/?p=1201\" title=\"Analema, el camino del Sol\">[&#8230;]<\/a><\/p>\n<\/div>","protected":false},"author":1,"featured_media":10447,"comment_status":"open","ping_status":"open","sticky":false,"template":"","format":"standard","meta":{"jetpack_post_was_ever_published":false,"_jetpack_newsletter_access":"","_jetpack_dont_email_post_to_subs":false,"_jetpack_newsletter_tier_id":0,"_jetpack_memberships_contains_paywalled_content":false,"_jetpack_memberships_contains_paid_content":false,"footnotes":""},"categories":[5],"tags":[],"class_list":["post-1201","post","type-post","status-publish","format-standard","has-post-thumbnail","hentry","category-geo"],"jetpack_featured_media_url":"https:\/\/alpoma.net\/tecob\/wp-content\/uploads\/2009\/08\/3858379127_4f2aa452de_o.jpg","jetpack_shortlink":"https:\/\/wp.me\/p93Dc1-jn","jetpack-related-posts":[{"id":4121,"url":"https:\/\/alpoma.net\/tecob\/?p=4121","url_meta":{"origin":1201,"position":0},"title":"24 Horas en una sola imagen","author":"alpoma","date":"1 febrero 2011","format":false,"excerpt":"Esta impresionante imagen, obra del genial fot\u00f3grafo Chris Kotsiopoulos, muestra las maravillas celestes que cruzan sobre nuestras cabezas en el cielo boreal durante todo un d\u00eda. No es nada sencillo crear algo as\u00ed porque adem\u00e1s de una t\u00e9cnica precisa hace falta mucha paciencia. El conjunto que surge al unir diversas\u2026","rel":"","context":"En \u00abGeo\u00bb","block_context":{"text":"Geo","link":"https:\/\/alpoma.net\/tecob\/?cat=5"},"img":{"alt_text":"","src":"https:\/\/i0.wp.com\/alpoma.net\/tecob\/wp-content\/uploads\/2011\/02\/5407193903_30943b6980_o.jpg?resize=350%2C200&ssl=1","width":350,"height":200,"srcset":"https:\/\/i0.wp.com\/alpoma.net\/tecob\/wp-content\/uploads\/2011\/02\/5407193903_30943b6980_o.jpg?resize=350%2C200&ssl=1 1x, https:\/\/i0.wp.com\/alpoma.net\/tecob\/wp-content\/uploads\/2011\/02\/5407193903_30943b6980_o.jpg?resize=525%2C300&ssl=1 1.5x"},"classes":[]},{"id":590,"url":"https:\/\/alpoma.net\/tecob\/?p=590","url_meta":{"origin":1201,"position":1},"title":"El cielo en movimiento","author":"alpoma","date":"11 septiembre 2006","format":false,"excerpt":"Cualquiera que haya mirado a las estrellas en una noche despejada, se ha dado cuenta de que, a pesar de mantenerse aparentemente \"fijas\" entre s\u00ed, las estrellas se mueven. Cada noche, aparecer\u00e1n las mismas estrellas que en observaciones realizadas d\u00edas antes, pero ligeramente desviadas de la posici\u00f3n en la que\u2026","rel":"","context":"En \u00abGeo\u00bb","block_context":{"text":"Geo","link":"https:\/\/alpoma.net\/tecob\/?cat=5"},"img":{"alt_text":"","src":"https:\/\/i0.wp.com\/alpoma.net\/tecob\/wp-content\/uploads\/2006\/09\/240696040_11480c9bc7_o.jpg?resize=350%2C200&ssl=1","width":350,"height":200,"srcset":"https:\/\/i0.wp.com\/alpoma.net\/tecob\/wp-content\/uploads\/2006\/09\/240696040_11480c9bc7_o.jpg?resize=350%2C200&ssl=1 1x, https:\/\/i0.wp.com\/alpoma.net\/tecob\/wp-content\/uploads\/2006\/09\/240696040_11480c9bc7_o.jpg?resize=525%2C300&ssl=1 1.5x"},"classes":[]},{"id":5789,"url":"https:\/\/alpoma.net\/tecob\/?p=5789","url_meta":{"origin":1201,"position":2},"title":"Peque\u00f1a historia de la aviaci\u00f3n en una imagen","author":"alpoma","date":"14 diciembre 2011","format":false,"excerpt":"Comparto esta imagen que ha tenido la fortuna de localizar el genial recopilador de materiales a\u00f1ejos James Vaughan, x-ray delta one, en Flickr que, por cierto, va camino de convertirse en una celebridad de esa red social de fotograf\u00eda. Como siempre, es mejor verlo en grande y disfrutar de los\u2026","rel":"","context":"En \u00abObsolescencia\u00bb","block_context":{"text":"Obsolescencia","link":"https:\/\/alpoma.net\/tecob\/?cat=3"},"img":{"alt_text":"","src":"https:\/\/i0.wp.com\/alpoma.net\/tecob\/wp-content\/uploads\/2011\/12\/6512007487_b91a61941f_z.jpg?resize=350%2C200&ssl=1","width":350,"height":200,"srcset":"https:\/\/i0.wp.com\/alpoma.net\/tecob\/wp-content\/uploads\/2011\/12\/6512007487_b91a61941f_z.jpg?resize=350%2C200&ssl=1 1x, https:\/\/i0.wp.com\/alpoma.net\/tecob\/wp-content\/uploads\/2011\/12\/6512007487_b91a61941f_z.jpg?resize=525%2C300&ssl=1 1.5x"},"classes":[]},{"id":1205,"url":"https:\/\/alpoma.net\/tecob\/?p=1205","url_meta":{"origin":1201,"position":3},"title":"Arco iris a la luz de la Luna","author":"alpoma","date":"4 septiembre 2009","format":false,"excerpt":"Hab\u00eda o\u00eddo hablar de ello, pero nunca me molest\u00e9 en buscar im\u00e1genes sobre el tema, sobre todo porque pensaba que los resultados no ser\u00edan nada del otro mundo. Como en tantas otras ocasiones, me equivocaba por completo. Esta ma\u00f1ana, una breve nota en la RAM, citaba la fotograf\u00eda de un\u2026","rel":"","context":"En \u00abExperimentos\u00bb","block_context":{"text":"Experimentos","link":"https:\/\/alpoma.net\/tecob\/?cat=9"},"img":{"alt_text":"","src":"https:\/\/i0.wp.com\/alpoma.net\/tecob\/wp-content\/uploads\/2009\/09\/3887237192_66dff1da2a_o.jpg?resize=350%2C200&ssl=1","width":350,"height":200,"srcset":"https:\/\/i0.wp.com\/alpoma.net\/tecob\/wp-content\/uploads\/2009\/09\/3887237192_66dff1da2a_o.jpg?resize=350%2C200&ssl=1 1x, https:\/\/i0.wp.com\/alpoma.net\/tecob\/wp-content\/uploads\/2009\/09\/3887237192_66dff1da2a_o.jpg?resize=525%2C300&ssl=1 1.5x"},"classes":[]},{"id":5407,"url":"https:\/\/alpoma.net\/tecob\/?p=5407","url_meta":{"origin":1201,"position":4},"title":"Gertie y el nacimiento de los dibujos animados","author":"alpoma","date":"1 octubre 2011","format":false,"excerpt":"El a\u00f1o pasado visit\u00f3 TecOb el padre de los dibujos animados, \u00c9mile Cohl, con su obra de 1908 titulada Fantasmagorie. Hoy toca avanzar un poco en aquella historia para conocer a un dinosaurio singular que marc\u00f3 a varias generaciones de autores de dibujos animados. Se trata de Gertie The Dinosaur,\u2026","rel":"","context":"En \u00abObsolescencia\u00bb","block_context":{"text":"Obsolescencia","link":"https:\/\/alpoma.net\/tecob\/?cat=3"},"img":{"alt_text":"","src":"","width":0,"height":0},"classes":[]},{"id":6987,"url":"https:\/\/alpoma.net\/tecob\/?p=6987","url_meta":{"origin":1201,"position":5},"title":"Monumentos al minero","author":"alpoma","date":"4 agosto 2012","format":false,"excerpt":"La miner\u00eda en Espa\u00f1a ha vuelto a ser tema de conversaci\u00f3n com\u00fan en las \u00faltimas semanas, como casi siempre por motivos poco agradables y con un futuro bastante oscuro. Pero no quiero comentar nada sobre el complejo mundo de las pol\u00edticas energ\u00e9ticas y mineras espa\u00f1olas sino acordarme de algo m\u00e1s\u2026","rel":"","context":"En \u00abMade in Spain\u00bb","block_context":{"text":"Made in Spain","link":"https:\/\/alpoma.net\/tecob\/?cat=10"},"img":{"alt_text":"","src":"https:\/\/i0.wp.com\/alpoma.net\/tecob\/wp-content\/uploads\/2012\/08\/3433932557_aa2235d4b1_b.jpg?resize=350%2C200&ssl=1","width":350,"height":200,"srcset":"https:\/\/i0.wp.com\/alpoma.net\/tecob\/wp-content\/uploads\/2012\/08\/3433932557_aa2235d4b1_b.jpg?resize=350%2C200&ssl=1 1x, https:\/\/i0.wp.com\/alpoma.net\/tecob\/wp-content\/uploads\/2012\/08\/3433932557_aa2235d4b1_b.jpg?resize=525%2C300&ssl=1 1.5x, https:\/\/i0.wp.com\/alpoma.net\/tecob\/wp-content\/uploads\/2012\/08\/3433932557_aa2235d4b1_b.jpg?resize=700%2C400&ssl=1 2x"},"classes":[]}],"jetpack_sharing_enabled":true,"_links":{"self":[{"href":"https:\/\/alpoma.net\/tecob\/index.php?rest_route=\/wp\/v2\/posts\/1201","targetHints":{"allow":["GET"]}}],"collection":[{"href":"https:\/\/alpoma.net\/tecob\/index.php?rest_route=\/wp\/v2\/posts"}],"about":[{"href":"https:\/\/alpoma.net\/tecob\/index.php?rest_route=\/wp\/v2\/types\/post"}],"author":[{"embeddable":true,"href":"https:\/\/alpoma.net\/tecob\/index.php?rest_route=\/wp\/v2\/users\/1"}],"replies":[{"embeddable":true,"href":"https:\/\/alpoma.net\/tecob\/index.php?rest_route=%2Fwp%2Fv2%2Fcomments&post=1201"}],"version-history":[{"count":0,"href":"https:\/\/alpoma.net\/tecob\/index.php?rest_route=\/wp\/v2\/posts\/1201\/revisions"}],"wp:featuredmedia":[{"embeddable":true,"href":"https:\/\/alpoma.net\/tecob\/index.php?rest_route=\/wp\/v2\/media\/10447"}],"wp:attachment":[{"href":"https:\/\/alpoma.net\/tecob\/index.php?rest_route=%2Fwp%2Fv2%2Fmedia&parent=1201"}],"wp:term":[{"taxonomy":"category","embeddable":true,"href":"https:\/\/alpoma.net\/tecob\/index.php?rest_route=%2Fwp%2Fv2%2Fcategories&post=1201"},{"taxonomy":"post_tag","embeddable":true,"href":"https:\/\/alpoma.net\/tecob\/index.php?rest_route=%2Fwp%2Fv2%2Ftags&post=1201"}],"curies":[{"name":"wp","href":"https:\/\/api.w.org\/{rel}","templated":true}]}}