{"id":1195,"date":"2009-08-17T16:09:57","date_gmt":"2009-08-17T14:09:57","guid":{"rendered":"http:\/\/www.alpoma.net\/tecob\/?p=1195"},"modified":"2009-08-17T16:15:29","modified_gmt":"2009-08-17T14:15:29","slug":"canto-hito","status":"publish","type":"post","link":"https:\/\/alpoma.net\/tecob\/?p=1195","title":{"rendered":"Canto Hito"},"content":{"rendered":"<p><img decoding=\"async\" src=\"http:\/\/farm3.static.flickr.com\/2626\/3735814820_61b61e1de6_m.jpg\" alt=\"img\" class=\"izda\"\/>Mientras redactaba el art\u00edculo sobre el <strong><a href=\"http:\/\/www.alpoma.net\/tecob\/?p=1192\" class=\"enlaces\">eremitorio rupestre de Cervera<\/a><\/strong>, record\u00e9 una visita que realic\u00e9 hace varias semanas a cierto lugar, tambi\u00e9n relacionado con las piedras. Se trata del <strong>Canto Hito<\/strong>, un <strong>menhir que se alza orgullosamente sobre la extensa planicie del P\u00e1ramo de La Lora<\/strong>, en el noreste palentino, rayando la provincia de Burgos, teniendo como vecinos al <strong>mirador de Valcabado<\/strong> y la <strong>Cueva de los Franceses<\/strong>. Claro, con el Canto Hito sucede algo muy normal. No se encuentra a la vera de ning\u00fan gran camino o carretera, por lo que hay que caminar bastantes minutos para ir a su encuentro y, c\u00f3mo no, la mayor parte de la gente que decide visitar las cuevas o el mirador decide olvidarse de un simple \u00abpedrusco\u00bb. Pero, he aqu\u00ed que, para m\u00ed, <strong>encontrarme ante este gran menhir supone una emoci\u00f3n muy especial<\/strong>. Reconozco que, para casi todo el mundo, estar ante una piedra, por grande que sea, no debe significar apenas nada. Sin embargo, puedo quedarme mucho tiempo al lado del Canto Hito, y de construcciones megal\u00edticas similares, sencillamente pensando en el abismo de tiempo que ha sorteado, da\u00f1ado pero todav\u00eda mirando hacia el cielo. All\u00ed fue colocado por gentes prehist\u00f3ricas, hace varios milenios. Su estampa de tres metros de longitud nos quiere ense\u00f1ar algo, pero ignoramos c\u00f3mo leerlo. Apenas conocemos nada de quienes recorrieron el mundo en tiempos tan lejanos, de los que poco nos ha llegado hasta hoy, siendo los megalitos sus testimonios m\u00e1s representativos. Queden <strong><a href=\"http:\/\/www.flickr.com\/photos\/alpoma\/tags\/hito\/\" class=\"enlaces\">aqu\u00ed<\/a><\/strong>, para el recuerdo, algunas de las im\u00e1genes que tom\u00e9 del anciano gigante de piedra durante mi visita. Por cierto, quien busque m\u00e1s informaci\u00f3n sobre megalitismo en Espa\u00f1a, no dude en visitar este magn\u00edfico compendio: <a href=\"http:\/\/www.megalitos.es \" class=\"enlaces\">www.megalitos.es<\/a> | <!--more--><\/p>\n<p><a href=\"http:\/\/www.flickr.com\/photos\/alpoma\/3735011573\/\" title=\"Menhir de Canto Hito por alpoma, en Flickr\"><img loading=\"lazy\" decoding=\"async\" src=\"http:\/\/farm3.static.flickr.com\/2536\/3735011573_1a00d34869.jpg\" width=\"500\" height=\"375\" alt=\"Menhir de Canto Hito\" \/><\/a><\/p>\n<p><a href=\"http:\/\/www.flickr.com\/photos\/alpoma\/3735820308\/\" title=\"Menhir de Canto Hito por alpoma, en Flickr\"><img loading=\"lazy\" decoding=\"async\" src=\"http:\/\/farm4.static.flickr.com\/3491\/3735820308_48ebc41459.jpg\" width=\"500\" height=\"375\" alt=\"Menhir de Canto Hito\" \/><\/a><\/p>\n<p><a href=\"http:\/\/www.flickr.com\/photos\/alpoma\/3735048765\/\" title=\"Menhir de Canto Hito por alpoma, en Flickr\"><img loading=\"lazy\" decoding=\"async\" src=\"http:\/\/farm3.static.flickr.com\/2439\/3735048765_d53333fbcd.jpg\" width=\"500\" height=\"375\" alt=\"Menhir de Canto Hito\" \/><\/a><\/p>\n<p><a href=\"http:\/\/www.flickr.com\/photos\/alpoma\/3735042395\/\" title=\"Menhir de Canto Hito por alpoma, en Flickr\"><img loading=\"lazy\" decoding=\"async\" src=\"http:\/\/farm3.static.flickr.com\/2454\/3735042395_f16a813968.jpg\" width=\"375\" height=\"500\" alt=\"Menhir de Canto Hito\" \/><\/a><\/p>\n<p><a href=\"http:\/\/www.flickr.com\/photos\/alpoma\/3735035377\/\" title=\"Menhir de Canto Hito por alpoma, en Flickr\"><img loading=\"lazy\" decoding=\"async\" src=\"http:\/\/farm3.static.flickr.com\/2438\/3735035377_801a243e94.jpg\" width=\"375\" height=\"500\" alt=\"Menhir de Canto Hito\" \/><\/a><\/p>\n<p><a href=\"http:\/\/www.flickr.com\/photos\/alpoma\/3735029491\/\" title=\"Menhir de Canto Hito por alpoma, en Flickr\"><img loading=\"lazy\" decoding=\"async\" src=\"http:\/\/farm4.static.flickr.com\/3535\/3735029491_0a60b08e9e.jpg\" width=\"375\" height=\"500\" alt=\"Menhir de Canto Hito\" \/><\/a><\/p>\n<p><a href=\"http:\/\/www.flickr.com\/photos\/alpoma\/3735814820\/\" title=\"Menhir de Canto Hito por alpoma, en Flickr\"><img loading=\"lazy\" decoding=\"async\" src=\"http:\/\/farm3.static.flickr.com\/2626\/3735814820_61b61e1de6.jpg\" width=\"375\" height=\"500\" alt=\"Menhir de Canto Hito\" \/><\/a><\/p>\n","protected":false},"excerpt":{"rendered":"<div class=\"mh-excerpt\"><p>Mientras redactaba el art\u00edculo sobre el eremitorio rupestre de Cervera, record\u00e9 una visita que realic\u00e9 hace varias semanas a cierto lugar, tambi\u00e9n relacionado con las piedras. Se trata del Canto <a class=\"mh-excerpt-more\" href=\"https:\/\/alpoma.net\/tecob\/?p=1195\" title=\"Canto Hito\">[&#8230;]<\/a><\/p>\n<\/div>","protected":false},"author":1,"featured_media":10485,"comment_status":"open","ping_status":"open","sticky":false,"template":"","format":"standard","meta":{"jetpack_post_was_ever_published":false,"_jetpack_newsletter_access":"","_jetpack_dont_email_post_to_subs":false,"_jetpack_newsletter_tier_id":0,"_jetpack_memberships_contains_paywalled_content":false,"_jetpack_memberships_contains_paid_content":false,"footnotes":""},"categories":[5,2],"tags":[],"class_list":["post-1195","post","type-post","status-publish","format-standard","has-post-thumbnail","hentry","category-geo","category-personal"],"jetpack_featured_media_url":"https:\/\/alpoma.net\/tecob\/wp-content\/uploads\/2009\/08\/3735814820_61b61e1de6_m.jpg","jetpack_shortlink":"https:\/\/wp.me\/p93Dc1-jh","jetpack-related-posts":[{"id":14821,"url":"https:\/\/alpoma.net\/tecob\/?p=14821","url_meta":{"origin":1195,"position":0},"title":"Margaret Watts Hughes y la forma de la voz humana","author":"alpoma","date":"4 noviembre 2019","format":false,"excerpt":"Versi\u00f3n para TecOb del art\u00edculo que publiqu\u00e9 en la edici\u00f3n de octubre de 2019 de la revista Historia de Espa\u00f1a y el Mundo. Megan Watts Hughes (1842-1907), llamada generalmente Margaret (Hughes era su apellido de casada), fue una apasionada galesa, cantante de \u00e9xito e inventora, que se convirti\u00f3 en una\u2026","rel":"","context":"En \u00abExperimentos\u00bb","block_context":{"text":"Experimentos","link":"https:\/\/alpoma.net\/tecob\/?cat=9"},"img":{"alt_text":"","src":"https:\/\/i0.wp.com\/alpoma.net\/tecob\/wp-content\/uploads\/2019\/11\/Registro-del-eid%C3%B3fono-7.jpg?resize=350%2C200&ssl=1","width":350,"height":200,"srcset":"https:\/\/i0.wp.com\/alpoma.net\/tecob\/wp-content\/uploads\/2019\/11\/Registro-del-eid%C3%B3fono-7.jpg?resize=350%2C200&ssl=1 1x, https:\/\/i0.wp.com\/alpoma.net\/tecob\/wp-content\/uploads\/2019\/11\/Registro-del-eid%C3%B3fono-7.jpg?resize=525%2C300&ssl=1 1.5x, https:\/\/i0.wp.com\/alpoma.net\/tecob\/wp-content\/uploads\/2019\/11\/Registro-del-eid%C3%B3fono-7.jpg?resize=700%2C400&ssl=1 2x"},"classes":[]},{"id":1059,"url":"https:\/\/alpoma.net\/tecob\/?p=1059","url_meta":{"origin":1195,"position":1},"title":"Manuel Garc\u00eda y el laringoscopio","author":"alpoma","date":"13 enero 2009","format":false,"excerpt":"Versi\u00f3n web del art\u00edculo que publiqu\u00e9 en Historia de Iberia Vieja, n\u00famero 43 - enero 2009. El inventor del laringoscopio, el Crist\u00f3bal Col\u00f3n de las laringes, hizo posible con su invento una serie de r\u00e1pidos progresos m\u00e9dico-quir\u00fargicos. Y su talla cient\u00edfica se alza en las cumbres inmortales donde Koch, Virchow,\u2026","rel":"","context":"En \u00abMade in Spain\u00bb","block_context":{"text":"Made in Spain","link":"https:\/\/alpoma.net\/tecob\/?cat=10"},"img":{"alt_text":"","src":"","width":0,"height":0},"classes":[]},{"id":8632,"url":"https:\/\/alpoma.net\/tecob\/?p=8632","url_meta":{"origin":1195,"position":2},"title":"El Funicular de Artxanda en Bilbao","author":"alpoma","date":"8 noviembre 2013","format":false,"excerpt":"Ten\u00eda pendiente mencionar este entra\u00f1able artilugio desde mi \u00faltimo paseo por Bilbao. Se trata del Funicular de Artxanda, un veh\u00edculo de transporte que permite acceder a una posici\u00f3n elevada desde la que se puede contemplar una magn\u00edfica vista de la ciudad del Nervi\u00f3n. Vista de Bilbao desde el Mirador de\u2026","rel":"","context":"En \u00abMade in Spain\u00bb","block_context":{"text":"Made in Spain","link":"https:\/\/alpoma.net\/tecob\/?cat=10"},"img":{"alt_text":"","src":"https:\/\/i0.wp.com\/alpoma.net\/tecob\/wp-content\/uploads\/2013\/11\/artx_1.jpg?resize=350%2C200&ssl=1","width":350,"height":200,"srcset":"https:\/\/i0.wp.com\/alpoma.net\/tecob\/wp-content\/uploads\/2013\/11\/artx_1.jpg?resize=350%2C200&ssl=1 1x, https:\/\/i0.wp.com\/alpoma.net\/tecob\/wp-content\/uploads\/2013\/11\/artx_1.jpg?resize=525%2C300&ssl=1 1.5x"},"classes":[]},{"id":797,"url":"https:\/\/alpoma.net\/tecob\/?p=797","url_meta":{"origin":1195,"position":3},"title":"Breves reflexiones sobre el calentamiento global","author":"alpoma","date":"12 diciembre 2007","format":false,"excerpt":"AVISO: Este art\u00edculo fue publicado en 2007, por lo que ha quedado desfasado, por motivos obvios. Eso s\u00ed, las referencias bibliogr\u00e1ficas siguen teniendo inter\u00e9s. Un toque de frustraci\u00f3n a modo de introducci\u00f3n El 12 de diciembre de 2007 era la fecha que me marqu\u00e9 para publicar esa pesadilla que hace\u2026","rel":"","context":"En \u00abClima\u00bb","block_context":{"text":"Clima","link":"https:\/\/alpoma.net\/tecob\/?cat=8"},"img":{"alt_text":"","src":"https:\/\/i0.wp.com\/alpoma.net\/tecob\/wp-content\/uploads\/2007\/12\/2102997055_fddd3a32d9_o.jpg?resize=350%2C200&ssl=1","width":350,"height":200,"srcset":"https:\/\/i0.wp.com\/alpoma.net\/tecob\/wp-content\/uploads\/2007\/12\/2102997055_fddd3a32d9_o.jpg?resize=350%2C200&ssl=1 1x, https:\/\/i0.wp.com\/alpoma.net\/tecob\/wp-content\/uploads\/2007\/12\/2102997055_fddd3a32d9_o.jpg?resize=525%2C300&ssl=1 1.5x"},"classes":[]},{"id":13766,"url":"https:\/\/alpoma.net\/tecob\/?p=13766","url_meta":{"origin":1195,"position":4},"title":"El \u201ctelekino\u201d, la invenci\u00f3n que revolucion\u00f3 el control a distancia","author":"alpoma","date":"1 noviembre 2018","format":false,"excerpt":"Versi\u00f3n para TecOb del art\u00edculo que publiqu\u00e9 en la revista Historia de Iberia Vieja en su edici\u00f3n de octubre de 2018. La prensa espa\u00f1ola y la francesa se han ocupado recientemente de un nuevo aparato que su autor, el notable Ingeniero espa\u00f1ol, Sr. Torres Quevedo, llama telekino. (\u2026) El objeto\u2026","rel":"","context":"En \u00abMade in Spain\u00bb","block_context":{"text":"Made in Spain","link":"https:\/\/alpoma.net\/tecob\/?cat=10"},"img":{"alt_text":"","src":"https:\/\/i0.wp.com\/alpoma.net\/tecob\/wp-content\/uploads\/2018\/11\/torres_quevedo.jpg?resize=350%2C200&ssl=1","width":350,"height":200,"srcset":"https:\/\/i0.wp.com\/alpoma.net\/tecob\/wp-content\/uploads\/2018\/11\/torres_quevedo.jpg?resize=350%2C200&ssl=1 1x, https:\/\/i0.wp.com\/alpoma.net\/tecob\/wp-content\/uploads\/2018\/11\/torres_quevedo.jpg?resize=525%2C300&ssl=1 1.5x, https:\/\/i0.wp.com\/alpoma.net\/tecob\/wp-content\/uploads\/2018\/11\/torres_quevedo.jpg?resize=700%2C400&ssl=1 2x"},"classes":[]},{"id":6485,"url":"https:\/\/alpoma.net\/tecob\/?p=6485","url_meta":{"origin":1195,"position":5},"title":"El sue\u00f1o de la torre e\u00f3lico-solar","author":"alpoma","date":"1 abril 2012","format":false,"excerpt":"Versi\u00f3n reducida del art\u00edculo que publiqu\u00e9 en la revista Historia de Iberia Vieja, edici\u00f3n de abril de 2012. Desde el primero de abril est\u00e1 funcionando en Cartagena un motor a\u00e9reo-solar invenci\u00f3n del coronel de artiller\u00eda espa\u00f1ol don Isidoro Cabanyes, director de aqu\u00e9l parque. El principio del invento est\u00e1 en provocar\u2026","rel":"","context":"En \u00abMade in Spain\u00bb","block_context":{"text":"Made in Spain","link":"https:\/\/alpoma.net\/tecob\/?cat=10"},"img":{"alt_text":"","src":"https:\/\/i0.wp.com\/alpoma.net\/tecob\/wp-content\/uploads\/2012\/04\/6888309320_b61a79e605_o.jpg?resize=350%2C200&ssl=1","width":350,"height":200},"classes":[]}],"jetpack_sharing_enabled":true,"_links":{"self":[{"href":"https:\/\/alpoma.net\/tecob\/index.php?rest_route=\/wp\/v2\/posts\/1195","targetHints":{"allow":["GET"]}}],"collection":[{"href":"https:\/\/alpoma.net\/tecob\/index.php?rest_route=\/wp\/v2\/posts"}],"about":[{"href":"https:\/\/alpoma.net\/tecob\/index.php?rest_route=\/wp\/v2\/types\/post"}],"author":[{"embeddable":true,"href":"https:\/\/alpoma.net\/tecob\/index.php?rest_route=\/wp\/v2\/users\/1"}],"replies":[{"embeddable":true,"href":"https:\/\/alpoma.net\/tecob\/index.php?rest_route=%2Fwp%2Fv2%2Fcomments&post=1195"}],"version-history":[{"count":0,"href":"https:\/\/alpoma.net\/tecob\/index.php?rest_route=\/wp\/v2\/posts\/1195\/revisions"}],"wp:featuredmedia":[{"embeddable":true,"href":"https:\/\/alpoma.net\/tecob\/index.php?rest_route=\/wp\/v2\/media\/10485"}],"wp:attachment":[{"href":"https:\/\/alpoma.net\/tecob\/index.php?rest_route=%2Fwp%2Fv2%2Fmedia&parent=1195"}],"wp:term":[{"taxonomy":"category","embeddable":true,"href":"https:\/\/alpoma.net\/tecob\/index.php?rest_route=%2Fwp%2Fv2%2Fcategories&post=1195"},{"taxonomy":"post_tag","embeddable":true,"href":"https:\/\/alpoma.net\/tecob\/index.php?rest_route=%2Fwp%2Fv2%2Ftags&post=1195"}],"curies":[{"name":"wp","href":"https:\/\/api.w.org\/{rel}","templated":true}]}}