{"id":1193,"date":"2009-08-15T17:53:07","date_gmt":"2009-08-15T15:53:07","guid":{"rendered":"http:\/\/www.alpoma.net\/tecob\/?p=1193"},"modified":"2009-08-17T00:07:39","modified_gmt":"2009-08-16T22:07:39","slug":"el-descanso-de-los-monstruos","status":"publish","type":"post","link":"https:\/\/alpoma.net\/tecob\/?p=1193","title":{"rendered":"El descanso de los monstruos"},"content":{"rendered":"<p>Es una pena, pero por mucho que he mirado, puede que por ser demasiado patoso, no he podido localizar las fuentes primarias de las fotograf\u00edas que, a continuaci\u00f3n, van a ilustrar este post. Por una casualidad, hace cerca de un mes me encontr\u00e9 con ellas, pero volv\u00ed a perder su pista, hasta hoy. El d\u00eda 11 de junio de este a\u00f1o compart\u00eda <strong><a href=\"http:\/\/leopold-paula-b.livejournal.com\/profile\" class=\"enlaces\">Martin<\/a><\/strong> en <strong><a href=\"http:\/\/leopold-paula-b.livejournal.com\/492560.html\" class=\"enlaces\">su LiveJournal<\/a><\/strong> <strike>tres<\/strike> cuatro <strong>fotograf\u00edas memorables y deliciosas<\/strong>. En primer lugar, aqu\u00ed tenemos a Mar\u00eda, la chica robot del cl\u00e1sico de Fritz Lang de 1927 <strong><em>Metr\u00f3polis<\/em><\/strong>, en un descanso del rodaje. Dentro del cors\u00e9 de apariencia met\u00e1lica se encuentra, c\u00f3mo no, <strong>Brigitte Helm<\/strong>. <\/p>\n<p><img decoding=\"async\" src=\"http:\/\/farm3.static.flickr.com\/2507\/3822739523_f5660d577d_o.jpg\" alt=\"img\" \/><\/p>\n<p>Y aqu\u00ed, entre bollos y caf\u00e9s, Fredric March, o sea, Jekyll yHyde, junto al director Rouben Mamoulian e Ivy, interpretada por Miriam Hopkins, durante el rodaje de <strong><em>El Doctor Jekyll y Mr. Hyde<\/em><\/strong>, de 1931. <\/p>\n<p><img decoding=\"async\" src=\"http:\/\/farm4.static.flickr.com\/3514\/3823558708_7ccfcda05a_o.jpg\" alt=\"img\" \/><\/p>\n<p>Finalmente, una reuni\u00f3n excepcional, con Ernest Thesiger, Colin Clive, Boris Karloff y Elsa Lanchester recuperando fuerzas durante el rodaje de <strong><em>La novia de Frankenstein<\/em><\/strong>, en 1935.<\/p>\n<p><img decoding=\"async\" src=\"http:\/\/farm4.static.flickr.com\/3502\/3823616758_764a52f475_o.jpg\" alt=\"img\" \/><\/p>\n<p><img decoding=\"async\" src=\"http:\/\/farm3.static.flickr.com\/2489\/3823616762_c3f74d54d2_o.jpg\" alt=\"img\" \/><\/p>\n","protected":false},"excerpt":{"rendered":"<div class=\"mh-excerpt\"><p>Es una pena, pero por mucho que he mirado, puede que por ser demasiado patoso, no he podido localizar las fuentes primarias de las fotograf\u00edas que, a continuaci\u00f3n, van a <a class=\"mh-excerpt-more\" href=\"https:\/\/alpoma.net\/tecob\/?p=1193\" title=\"El descanso de los monstruos\">[&#8230;]<\/a><\/p>\n<\/div>","protected":false},"author":1,"featured_media":11146,"comment_status":"open","ping_status":"open","sticky":false,"template":"","format":"standard","meta":{"jetpack_post_was_ever_published":false,"_jetpack_newsletter_access":"","_jetpack_dont_email_post_to_subs":false,"_jetpack_newsletter_tier_id":0,"_jetpack_memberships_contains_paywalled_content":false,"_jetpack_memberships_contains_paid_content":false,"footnotes":""},"categories":[3,2],"tags":[],"class_list":["post-1193","post","type-post","status-publish","format-standard","has-post-thumbnail","hentry","category-obsolescencia","category-personal"],"jetpack_featured_media_url":"https:\/\/alpoma.net\/tecob\/wp-content\/uploads\/2009\/08\/3822739523_f5660d577d_o.jpg","jetpack_shortlink":"https:\/\/wp.me\/p93Dc1-jf","jetpack-related-posts":[{"id":363,"url":"https:\/\/alpoma.net\/tecob\/?p=363","url_meta":{"origin":1193,"position":0},"title":"Las primeras fotograf\u00edas a\u00e9reas","author":"alpoma","date":"20 febrero 2006","format":false,"excerpt":"En realidad no se tiene la seguridad de conocer al primero, porque posiblemente otro lo intent\u00f3 antes, pero al menos el recuerdo hist\u00f3rico se\u00f1ala a Nadar, seud\u00f3nimo de Gaspard-F\u00e9lix Tournachon, un periodista y fot\u00f3grafo franc\u00e9s como la primera persona que realiz\u00f3 una fotograf\u00eda a\u00e9rea. Resulta que el tal Nadar era\u2026","rel":"","context":"En \u00abGeo\u00bb","block_context":{"text":"Geo","link":"https:\/\/alpoma.net\/tecob\/?cat=5"},"img":{"alt_text":"","src":"","width":0,"height":0},"classes":[]},{"id":11350,"url":"https:\/\/alpoma.net\/tecob\/?p=11350","url_meta":{"origin":1193,"position":1},"title":"Morillas Cobo y su motor rotativo","author":"alpoma","date":"8 mayo 2015","format":false,"excerpt":"En mi nuevo libro, Made in Spain. Cuando invent\u00e1bamos nosotros, adem\u00e1s de los cap\u00edtulos que se centran en un personaje concreto, he incluido referencias breves, a modo de fichas, sobre los casos de otros inventores que merecen un recuerdo pero que, por diversos motivos, no encontraron m\u00e1s espacio en el\u2026","rel":"","context":"En \u00abMade in Spain\u00bb","block_context":{"text":"Made in Spain","link":"https:\/\/alpoma.net\/tecob\/?cat=10"},"img":{"alt_text":"","src":"https:\/\/i0.wp.com\/alpoma.net\/tecob\/wp-content\/uploads\/2015\/05\/morillas_cobo.jpg?resize=350%2C200&ssl=1","width":350,"height":200,"srcset":"https:\/\/i0.wp.com\/alpoma.net\/tecob\/wp-content\/uploads\/2015\/05\/morillas_cobo.jpg?resize=350%2C200&ssl=1 1x, https:\/\/i0.wp.com\/alpoma.net\/tecob\/wp-content\/uploads\/2015\/05\/morillas_cobo.jpg?resize=525%2C300&ssl=1 1.5x, https:\/\/i0.wp.com\/alpoma.net\/tecob\/wp-content\/uploads\/2015\/05\/morillas_cobo.jpg?resize=700%2C400&ssl=1 2x, https:\/\/i0.wp.com\/alpoma.net\/tecob\/wp-content\/uploads\/2015\/05\/morillas_cobo.jpg?resize=1050%2C600&ssl=1 3x, https:\/\/i0.wp.com\/alpoma.net\/tecob\/wp-content\/uploads\/2015\/05\/morillas_cobo.jpg?resize=1400%2C800&ssl=1 4x"},"classes":[]},{"id":14646,"url":"https:\/\/alpoma.net\/tecob\/?p=14646","url_meta":{"origin":1193,"position":2},"title":"Esculturas fotogr\u00e1ficas de 1910","author":"alpoma","date":"21 septiembre 2019","format":false,"excerpt":"El uso de la fotograf\u00eda tridimensional para crear esculturas, o el empleo de t\u00e9cnicas fotogram\u00e9tricas para labores similares, es algo que puede parecer muy reciente, pero ya desde las segunda mitad del siglo XIX se ven\u00edan haciendo experimentos en este sentido. En la edici\u00f3n del 30 de noviembre de 1910\u2026","rel":"","context":"En \u00abObsolescencia\u00bb","block_context":{"text":"Obsolescencia","link":"https:\/\/alpoma.net\/tecob\/?cat=3"},"img":{"alt_text":"","src":"https:\/\/i0.wp.com\/alpoma.net\/tecob\/wp-content\/uploads\/2019\/09\/escultura-fotografica-1910.jpg?resize=350%2C200&ssl=1","width":350,"height":200},"classes":[]},{"id":967,"url":"https:\/\/alpoma.net\/tecob\/?p=967","url_meta":{"origin":1193,"position":3},"title":"El Museo Secreto de la Humanidad","author":"alpoma","date":"22 agosto 2008","format":false,"excerpt":"Rescata Ian Macky en su web personal esta misteriosa obra al completo, que puede descargarse para no tener que saltar de p\u00e1gina en p\u00e1gina en la red, aunque aviso, el archivo ocupa casi 230Mb y la velocidad de descarga es bastante lenta. The Secret Museum of Mankind est\u00e1 formado por\u2026","rel":"","context":"En \u00abGeo\u00bb","block_context":{"text":"Geo","link":"https:\/\/alpoma.net\/tecob\/?cat=5"},"img":{"alt_text":"","src":"","width":0,"height":0},"classes":[]},{"id":6876,"url":"https:\/\/alpoma.net\/tecob\/?p=6876","url_meta":{"origin":1193,"position":4},"title":"Una visita al Museo de Anatom\u00eda de Valladolid","author":"alpoma","date":"10 julio 2012","format":false,"excerpt":"La semana pasada, aprovechando una visita con el equipo de mi empresa para una investigaci\u00f3n sobre osteopatolog\u00eda en el Laboratorio de Antropolog\u00eda de la Universidad de Valladolid, me asom\u00e9 un rato a un museo de lo m\u00e1s interesante. Hac\u00eda muchos a\u00f1os que no iba por all\u00ed y me alegra ver\u2026","rel":"","context":"En \u00abMade in Spain\u00bb","block_context":{"text":"Made in Spain","link":"https:\/\/alpoma.net\/tecob\/?cat=10"},"img":{"alt_text":"IMG_3486","src":"https:\/\/i0.wp.com\/farm8.staticflickr.com\/7118\/7544008968_c51cca5a63_n.jpg?resize=350%2C200","width":350,"height":200},"classes":[]},{"id":5153,"url":"https:\/\/alpoma.net\/tecob\/?p=5153","url_meta":{"origin":1193,"position":5},"title":"La muerte de Granados","author":"alpoma","date":"28 julio 2011","format":false,"excerpt":"Me sorprendi\u00f3 ayer el doodle de Google con una ilustraci\u00f3n en memoria del 144 aniversario del nacimiento del genial Enrique Granados el 27 de julio de 1867. Eso me hizo recordar que, con 48 a\u00f1os, encontr\u00f3 la muerte de forma inesperada sin haber alcanzado la cima de su arte. Ciertamente,\u2026","rel":"","context":"En \u00abMade in Spain\u00bb","block_context":{"text":"Made in Spain","link":"https:\/\/alpoma.net\/tecob\/?cat=10"},"img":{"alt_text":"","src":"https:\/\/i0.wp.com\/alpoma.net\/tecob\/wp-content\/uploads\/2011\/07\/5984683011_a133243f47_o.jpg?resize=350%2C200&ssl=1","width":350,"height":200,"srcset":"https:\/\/i0.wp.com\/alpoma.net\/tecob\/wp-content\/uploads\/2011\/07\/5984683011_a133243f47_o.jpg?resize=350%2C200&ssl=1 1x, https:\/\/i0.wp.com\/alpoma.net\/tecob\/wp-content\/uploads\/2011\/07\/5984683011_a133243f47_o.jpg?resize=525%2C300&ssl=1 1.5x"},"classes":[]}],"jetpack_sharing_enabled":true,"_links":{"self":[{"href":"https:\/\/alpoma.net\/tecob\/index.php?rest_route=\/wp\/v2\/posts\/1193","targetHints":{"allow":["GET"]}}],"collection":[{"href":"https:\/\/alpoma.net\/tecob\/index.php?rest_route=\/wp\/v2\/posts"}],"about":[{"href":"https:\/\/alpoma.net\/tecob\/index.php?rest_route=\/wp\/v2\/types\/post"}],"author":[{"embeddable":true,"href":"https:\/\/alpoma.net\/tecob\/index.php?rest_route=\/wp\/v2\/users\/1"}],"replies":[{"embeddable":true,"href":"https:\/\/alpoma.net\/tecob\/index.php?rest_route=%2Fwp%2Fv2%2Fcomments&post=1193"}],"version-history":[{"count":0,"href":"https:\/\/alpoma.net\/tecob\/index.php?rest_route=\/wp\/v2\/posts\/1193\/revisions"}],"wp:featuredmedia":[{"embeddable":true,"href":"https:\/\/alpoma.net\/tecob\/index.php?rest_route=\/wp\/v2\/media\/11146"}],"wp:attachment":[{"href":"https:\/\/alpoma.net\/tecob\/index.php?rest_route=%2Fwp%2Fv2%2Fmedia&parent=1193"}],"wp:term":[{"taxonomy":"category","embeddable":true,"href":"https:\/\/alpoma.net\/tecob\/index.php?rest_route=%2Fwp%2Fv2%2Fcategories&post=1193"},{"taxonomy":"post_tag","embeddable":true,"href":"https:\/\/alpoma.net\/tecob\/index.php?rest_route=%2Fwp%2Fv2%2Ftags&post=1193"}],"curies":[{"name":"wp","href":"https:\/\/api.w.org\/{rel}","templated":true}]}}