{"id":11923,"date":"2016-02-29T20:29:52","date_gmt":"2016-02-29T18:29:52","guid":{"rendered":"http:\/\/www.alpoma.net\/tecob\/?p=11923"},"modified":"2016-02-29T20:32:54","modified_gmt":"2016-02-29T18:32:54","slug":"manuel-aljarilla-del-motor-de-hidrogeno-al-suero-capilar-titan","status":"publish","type":"post","link":"https:\/\/alpoma.net\/tecob\/?p=11923","title":{"rendered":"Manuel Aljarilla, del motor de hidr\u00f3geno al suero capilar Tit\u00e1n"},"content":{"rendered":"<p class=\"otros3\">Versi\u00f3n para <em>TecOb<\/em> del art\u00edculo que publiqu\u00e9 en la revista <em><a href=\"http:\/\/www.historiadeiberiavieja.com\" target=\"_blank\">Historia de Iberia Vieja<\/a><\/em>, edici\u00f3n de febrero de 2016.<\/p>\n<hr \/>\n<p><em>Las experiencias del doctor V\u00f3ronoff le sugirieron la idea de emplear gl\u00e1ndulas capilares de animales para fortalecer el bulbo capilar y acabar con los calvos. (\u2026) Lo m\u00e1s interesante de la aplicaci\u00f3n de este suero es que sus efectos son rapid\u00edsimos. La acci\u00f3n del suero descurte, pudi\u00e9ramos decir, el cuero cabelludo y abre los poros y las gl\u00e1ndulas capilares\u2026<\/em><\/p>\n<p style=\"text-align: right;\"><em>La Voz<\/em>, Madrid, 4 de noviembre de 1924.<\/p>\n<hr \/>\n<p><strong>\u00bfAcaso puede haber algo m\u00e1s manido que un crecepelo?<\/strong> De todas las familias de productos asombrosos que se han dado a conocer desde hace m\u00e1s de un siglo, posiblemente sea el crecepelo uno de los m\u00e1s extendidos y, claro est\u00e1, fallidos. Tiene su lado c\u00f3mico, pero esta historia no termin\u00f3 muy bien para su protagonista. <strong>He aqu\u00ed el recuerdo casi borrado hoy d\u00eda de cierto hombre ingenioso que pas\u00f3 de inventor de m\u00e1quinas para producir hidr\u00f3geno a publicitarse como qu\u00edmico genial capaz de solucionar los problemas de calvicie de forma radical<\/strong>. Personajes similares han aparecido por doquier pero, en el caso de <strong>Manuel Aljarilla<\/strong>, se unen ciertos detalles rom\u00e1nticos y de aventura que hacen de \u00e9l una <strong>figura singular<\/strong> y atractivo.<\/p>\n<p><img decoding=\"async\" src=\"http:\/\/www.alpoma.net\/tecob\/wp-content\/uploads\/2016\/02\/IMG_7405-1024x768.jpg\" alt=\"IMG_7405\" width=\"620\" class=\"otros\" \/><br \/>\n<em><\/em>Revisando las patentes de Aljarilla en el Archivo Hist\u00f3rico de la OEPM.<\/p>\n<p><strong>Del aluminio al hidr\u00f3geno<\/strong><\/p>\n<p>En la secci\u00f3n <em><a href=\"http:\/\/www.alpoma.net\/tecob\/?cat=10\" target=\"_blank\">Made in Spain<\/a><\/em> suelen visitarnos grandes genios de la ciencia y la tecnolog\u00eda espa\u00f1ola, o bien inventores tristemente olvidados, pero de vez en cuando no est\u00e1 mal recordar figuras como Aljarilla, que nos muestran el lado m\u00e1s rocambolesco del ingenio patrio. Ciertamente, <strong>nuestro personaje brill\u00f3 con intensidad en la prensa durante un tiempo breve<\/strong>, y su rastro desaparece de forma oscura, pero indagando en viejos papeles puede seguirse la pista de alguien que, pese a las justificadas sospechas que despierta, no carec\u00eda de ingenio.<\/p>\n<p>Mi contacto con Aljarilla comienza en el <strong>Archivo Hist\u00f3rico de la Oficina Espa\u00f1ola de Patentes y Marcas en Madrid<\/strong>. Cierto d\u00eda de oto\u00f1o en 2014, mientras revisaba diversas patentes de principios del siglo XX, encontr\u00e9 varias acerca de un <strong>generador de hidr\u00f3geno<\/strong> que me llamaron la atenci\u00f3n. Con los a\u00f1ejos papeles delante de m\u00ed, descubr\u00ed a todo un personaje que dec\u00eda haber descubierto el secreto para producir energ\u00eda limpia\u2026 \u00a1en los a\u00f1os veinte del siglo pasado!<\/p>\n<p><strong>Manuel Aljarilla S\u00e1nchez<\/strong> aparece como titular de tres patentes espa\u00f1olas. La patente <strong>79.563<\/strong>, de 1921, sobre un \u201cperfeccionamiento en el procedimiento para fabricar sulfato de al\u00famina\u201d, refiere a un m\u00e9todo barato para fabricar aluminio en una \u00e9poca en la que el hoy d\u00eda omnipresente metal era pr\u00e1cticamente un lujo. Las otras dos patentes describen <strong>m\u00e9todos electrol\u00edticos para hacer funcionar con hidr\u00f3geno un motor de explosi\u00f3n convencional<\/strong>. Estas patentes tienen el m\u00e9rito de mostrar un inter\u00e9s por mover autom\u00f3viles con hidr\u00f3geno en una \u00e9poca en la que el petr\u00f3leo estaba en auge y nadie lo discut\u00eda. Se trata de las patentes <strong>72.365<\/strong> y<strong> 73.613<\/strong>, de 1920. La lectura de esas patentes, muy curiosas, me llev\u00f3 a preguntarme qui\u00e9n hab\u00eda sido aquel inventor. Poco imaginaba que, a mediados de los a\u00f1os veinte, el tal Carlos Manuel Aljarilla S\u00e1nchez, sevillano de profesi\u00f3n desconocida, seg\u00fan rezan los expedientes de las patentes, iba a hacerse famoso por un crecepelo.<\/p>\n<p><img decoding=\"async\" src=\"http:\/\/www.alpoma.net\/tecob\/wp-content\/uploads\/2016\/02\/IMG_7411-1024x768.jpg\" alt=\"IMG_7411\" width=\"620\" class=\"otros\" \/><br \/>\n<em>Una de las patentes de Aljarilla en el Archivo Hist\u00f3rico de la OEPM.<\/em><\/p>\n<p><strong>El suero capilar Tit\u00e1n<\/strong><\/p>\n<p>Comentaba al principio de estas letras que esta historia no terminaba muy bien para Aljarilla, pero para ser completamente exactos debe quedar claro que la cosa se diluy\u00f3 de tal manera que, al final, no se sabe d\u00f3nde fue a parar. Para comprender el rompecabezas hay que acudir a su siguiente invento, <strong>el crecepelo Tit\u00e1n<\/strong>. En el diario <em>Cr\u00f3nica Meridional<\/em>, edici\u00f3n del 12 de noviembre de 1924, se hac\u00edan eco, con cierta sorna, de la sensaci\u00f3n que comenzaba a causar el mencionado ung\u00fcento:<\/p>\n<hr \/>\n<p><em>Parte de la prensa de Madrid viene anunciando a bombo y platillo que ya es una realidad que a los calvos se les va a ver el pelo de nuevo. El inventor del nuevo espec\u00edfico es don Manuel Aljarilla S\u00e1nchez. (\u2026) Nada, se\u00f1ores, que ese espec\u00edfico llamado \u201cSuero capilar Tit\u00e1n\u201d, es una cosa muy seria y que gracias a \u00e9l ha llegado la hora de que nos pueda lucir el pelo. Los que parezca que su cabeza es un desierto desconsolador (de pelo, se entiende), est\u00e1n de enhorabuena\u2026<\/em><\/p>\n<hr \/>\n<p>El suero de Aljarilla fue publicitado por doquier, apareciendo en prensa a lo largo de 1924 y 25 no s\u00f3lo en forma de anuncios cl\u00e1sicos, sino con entrevistas de esas \u201cmuy serias\u201d en las que se trataba al inventor pr\u00e1cticamente de genio de la invenci\u00f3n y de la ciencia. Al parecer, el aura de respetabilidad que despertaba era tal que, sin dudarlo, muchos periodistas llegaron a afirmar que realmente se estaba ante el final de la calvicie. Otros se lo tomaron con humor, pero entre todos no hicieron m\u00e1s que hacer despegar a la marca Tit\u00e1n hacia el cielo. <strong>Es de suponer que las ventas fueron espectaculares, aunque su \u00e9poca de esplendor apenas durase poco m\u00e1s de un a\u00f1o<\/strong>.<\/p>\n<p>Bien, \u00bfy de qu\u00e9 estaba hecho el supuesto remedio contra la calvicie? En los anuncios e informes de la \u00e9poca queda claro que se vend\u00eda una especie de medicamento para uso t\u00f3pico cuya f\u00f3rmula se basaba en la \u201caplicaci\u00f3n de gl\u00e1ndulas capilares vivas\u201d.<strong> La prensa incid\u00eda en el aparente hecho de que la cosa ven\u00eda de Alemania, donde el inventor hab\u00eda cosechado grandes \u00e9xitos<\/strong>. No he logrado encontrar datos fiables de eso, por lo que habr\u00e1 que tomarlo como uno m\u00e1s de los ingredientes de la promoci\u00f3n comercial del suero capilar.<\/p>\n<p>Aljarilla, a quien en la prensa se califica como ilustre qu\u00edmico, aunque no he logrado determinar si ten\u00eda posesi\u00f3n de alg\u00fan t\u00edtulo adecuado para ser presentado como tal, detallaba en los prospectos del Tit\u00e1n la curiosa, y tambi\u00e9n supuesta, composici\u00f3n del milagroso crecepelo. El producto era presentado bajo el nombre comercial completo de <strong>Suero artificial capilar Tit\u00e1n<\/strong>, una marca registrada en sanidad con el n\u00famero 6.776, tal como aparec\u00eda impreso en los impecables prospectos. En ellos tambi\u00e9n se alude al origen del compuesto, \u201cdescubierto en Berl\u00edn por el sabio investigador espa\u00f1ol D. Manuel Aljarilla\u201d. Para que no quedara duda acerca de su funci\u00f3n, se menciona que \u201ces un producto perfectamente cient\u00edfico. Consulte a su m\u00e9dico, que lo conocer\u00e1. Y si no fuere as\u00ed, que nos pida una muestra. Detiene la ca\u00edda y hace crecer el pelo\u201d. <strong>Los frasquitos se vend\u00edan a 15 pesetas la unidad, vamos, que no eran precisamente baratos para la \u00e9poca<\/strong>. La f\u00f3rmula conten\u00eda, nuevamente seg\u00fan el prospecto, \u201c\u2026suero Trunecek, soluci\u00f3n timolada de extractos fluidos de secreciones internas de gl\u00e1ndulas capilares de ternera (cabeza, pubis, cola), soluci\u00f3n de pluriglandulina (tiroidina, ovarina, paratiroidina y extractos de gl\u00e1ndulas sexuales y pineal) y sulfato am\u00f3nico\u2026\u201d<\/p>\n<p>Esta aparente composici\u00f3n no es tan extra\u00f1a como pueda parecer, aunque despierte cierto respingo de sospecha y repulsi\u00f3n hoy d\u00eda. Recordemos que durante la primera mitad del siglo XX estuvo muy de moda lo \u201cglandular\u201d, como soluci\u00f3n para toda clase de enfermedades y hay quien vio en ello hasta un remedo de p\u00f3cima de la eterna juventud, como sucedi\u00f3 con el caso de <strong><a href=\"http:\/\/www.alpoma.net\/tecob\/?p=11542\" target=\"_blank\">Serge V\u00f3ronoff<\/a><\/strong> y los injertos testiculares.<\/p>\n<p>La edici\u00f3n del 27 de marzo de 1925 de la revista <em>Nuevo Mundo<\/em> dedic\u00f3 un elogioso art\u00edculo a doble p\u00e1gina con una entrevista al inventor. Como afirmaba el periodista encargado de dar forma al art\u00edculo, Juan Ferragut, todo lo que rodeaba a Aljarilla y sus oficinas de la madrile\u00f1a calle Mayor \u201cen una de esas casas modernas que semejan rascacielos a la americana\u201d, era asombroso. La conversaci\u00f3n, en la que el inventor mostraba cierto acento andaluz, sirve para indagar un poco acerca de la posible ruta vital del oscuro personaje:<\/p>\n<hr \/>\n<p><em>\u2026hice mis estudios en Sevilla, y all\u00ed mismo apenas aqu\u00e9llos terminados, mont\u00e9 un laboratorio para la explotaci\u00f3n de mi primer invento. Se trataba de un procedimiento nuevo para la obtenci\u00f3n del aluminio directamente del mineral. (\u2026) Era un sistema t\u00e9rmico, por el que me promet\u00eda obtener resultados cuatro o cinco veces mayores que el que dan los hornos electrol\u00edticos. (\u2026) Me fui de Espa\u00f1a en 1918, y despu\u00e9s de recorrer Rusia, Polonia, Hungr\u00eda, el Jap\u00f3n, Egipto, medio mundo, en fin, llevado de mi curiosidad por conocerlo todo, llegu\u00e9 a Noruega. All\u00ed el ambiente me fue propicio. Y yo, que en Sevilla para hacer mis pruebas de inventor vend\u00ed dos casas que pose\u00eda en 46.000 duros, y que cuando logr\u00e9 la f\u00f3rmula ten\u00eda diez pesetas, en Noruega encontr\u00e9 todos los elementos que me fueron precisos [y que no hall\u00e9 en Espa\u00f1a]. (\u2026) Luego me traslad\u00e9 a Alemania, donde present\u00e9 mi otro invento, el del motor de explosi\u00f3n [de hidr\u00f3geno]. (\u2026) Sobre el Tit\u00e1n, he de decirle que es una preparaci\u00f3n cient\u00edfica basada en las modernas teor\u00edas de los injertos y las renovaciones glandulares, que me ha costado cinco a\u00f1os de trabajo.<\/em><\/p>\n<hr \/>\n<p>Aljarilla se encontraba por entonces en lo m\u00e1s alto de su fama y cada poco aparec\u00eda un periodista en las puertas de su oficina para recoger sus palabras. Sin embargo, su estrella se apag\u00f3 repentinamente poco despu\u00e9s. <strong>En junio de 1925 aparecieron en prensa diversos avisos de actualidad en los que se afirmaba que un juzgado de Barcelona hab\u00eda cursado orden de detenci\u00f3n contra el inventor del Tit\u00e1n<\/strong>. Al parecer se le acusaba de varias estafas cometidas \u201cutilizando supuestos t\u00edtulos cient\u00edficos para promover negocios fant\u00e1sticos a base de inventos enga\u00f1ando a determinadas personas para la formaci\u00f3n de sociedades explotadoras de los mismos\u201d. Fue detenido en sus oficinas del n\u00famero 4 de la calle Mayor de Madrid y enviado a Barcelona. El denunciante, seg\u00fan la prensa, era un alem\u00e1n que dec\u00eda haber sido estafado por Aljarilla, afirmaba que no ten\u00eda los t\u00edtulos de los que alardeaba: perito qu\u00edmico, y que se hallaban en posesi\u00f3n de un fant\u00e1stico procedimiento secreto para fabricar aluminio de forma econ\u00f3mica que le hab\u00eda costado m\u00e1s de 70.000 pesetas. <strong>Mediado aquel mes de junio Aljarilla fue puesto en libertad provisional bajo fianza de 1.500 pesetas<\/strong>.<\/p>\n<p>Hubiera estafa, o no, el da\u00f1o para la fama del inventor estaba hecho. Por mucho que la <em>Compa\u00f1\u00eda Espa\u00f1ola de Productos Tit\u00e1n<\/em> emitiera comunicados alej\u00e1ndose de todo el asunto, el producto \u201cglandular\u201d estaba herido de muerte. <strong>A principios de julio de 1925 un juez de Barcelona dej\u00f3 en suspenso la demanda contra Aljarilla al no encontrar indicios suficientes de estafa y permiti\u00f3 al inventor emprender acciones por calumnia<\/strong>. Ah\u00ed pierdo la pista, Aljarilla desaparece de escena en la prensa, junto con su fabuloso Tit\u00e1n, sus procedimientos para fabricar aluminio barato y su motor de hidr\u00f3geno.<\/p>\n","protected":false},"excerpt":{"rendered":"<div class=\"mh-excerpt\"><p>Versi\u00f3n para TecOb del art\u00edculo que publiqu\u00e9 en la revista Historia de Iberia Vieja, edici\u00f3n de febrero de 2016. Las experiencias del doctor V\u00f3ronoff le sugirieron la idea de emplear <a class=\"mh-excerpt-more\" href=\"https:\/\/alpoma.net\/tecob\/?p=11923\" title=\"Manuel Aljarilla, del motor de hidr\u00f3geno al suero capilar Tit\u00e1n\">[&#8230;]<\/a><\/p>\n<\/div>","protected":false},"author":1,"featured_media":11925,"comment_status":"open","ping_status":"open","sticky":false,"template":"","format":"standard","meta":{"jetpack_post_was_ever_published":false,"_jetpack_newsletter_access":"","_jetpack_dont_email_post_to_subs":false,"_jetpack_newsletter_tier_id":0,"_jetpack_memberships_contains_paywalled_content":false,"_jetpack_memberships_contains_paid_content":false,"footnotes":""},"categories":[10],"tags":[280,229,279,281],"class_list":["post-11923","post","type-post","status-publish","format-standard","has-post-thumbnail","hentry","category-made_in_spain","tag-crecepelo","tag-inventor","tag-manuel-aljarilla","tag-titan"],"jetpack_featured_media_url":"https:\/\/alpoma.net\/tecob\/wp-content\/uploads\/2016\/02\/Manuel_Aljarilla.jpg","jetpack_shortlink":"https:\/\/wp.me\/p93Dc1-36j","jetpack-related-posts":[{"id":11542,"url":"https:\/\/alpoma.net\/tecob\/?p=11542","url_meta":{"origin":11923,"position":0},"title":"Serge V\u00f3ronoff y los injertos testiculares","author":"alpoma","date":"14 agosto 2015","format":false,"excerpt":"He topado en una librer\u00eda de Urue\u00f1a, la vallisoletana Villa del Libro, con una obra curiosa, surgida de la pluma de un fantasioso oportunista con sue\u00f1os de inmortalidad. Se trata de una edici\u00f3n en castellano del a\u00f1o 1945 de Las fuentes renovadas de la vida, de Serge Voronoff (o V\u00f3ronov\u2026","rel":"","context":"En \u00abObsolescencia\u00bb","block_context":{"text":"Obsolescencia","link":"https:\/\/alpoma.net\/tecob\/?cat=3"},"img":{"alt_text":"voronoff_2","src":"https:\/\/i0.wp.com\/www.alpoma.net\/tecob\/wp-content\/uploads\/2015\/08\/voronoff_2.jpg?resize=350%2C200","width":350,"height":200,"srcset":"https:\/\/i0.wp.com\/www.alpoma.net\/tecob\/wp-content\/uploads\/2015\/08\/voronoff_2.jpg?resize=350%2C200 1x, https:\/\/i0.wp.com\/www.alpoma.net\/tecob\/wp-content\/uploads\/2015\/08\/voronoff_2.jpg?resize=525%2C300 1.5x"},"classes":[]},{"id":15561,"url":"https:\/\/alpoma.net\/tecob\/?p=15561","url_meta":{"origin":11923,"position":1},"title":"[Libro] Donde pongo el ojo, \u00a1mojo! &#8211; Tu libro de aviaci\u00f3n antiincendios","author":"alpoma","date":"16 abril 2026","format":false,"excerpt":"Hoy quiero comentar que acaba de salir a la venta un libro que he tenido el honor de editar, escrito por mi compa\u00f1ero de aventuras aeron\u00e1uticas Jos\u00e9 Manuel Gil. Si sufres de aerotrastorno o, simplemente, te gustan los aviones, no deber\u00edas perd\u00e9rtelo... Donde pongo el ojo, \u00a1mojo! es el tercer\u2026","rel":"","context":"En \u00abPersonal\u00bb","block_context":{"text":"Personal","link":"https:\/\/alpoma.net\/tecob\/?cat=2"},"img":{"alt_text":"","src":"https:\/\/i0.wp.com\/alpoma.net\/tecob\/wp-content\/uploads\/2026\/04\/portada-amazon.jpg?resize=350%2C200&ssl=1","width":350,"height":200,"srcset":"https:\/\/i0.wp.com\/alpoma.net\/tecob\/wp-content\/uploads\/2026\/04\/portada-amazon.jpg?resize=350%2C200&ssl=1 1x, https:\/\/i0.wp.com\/alpoma.net\/tecob\/wp-content\/uploads\/2026\/04\/portada-amazon.jpg?resize=525%2C300&ssl=1 1.5x, https:\/\/i0.wp.com\/alpoma.net\/tecob\/wp-content\/uploads\/2026\/04\/portada-amazon.jpg?resize=700%2C400&ssl=1 2x, https:\/\/i0.wp.com\/alpoma.net\/tecob\/wp-content\/uploads\/2026\/04\/portada-amazon.jpg?resize=1050%2C600&ssl=1 3x, https:\/\/i0.wp.com\/alpoma.net\/tecob\/wp-content\/uploads\/2026\/04\/portada-amazon.jpg?resize=1400%2C800&ssl=1 4x"},"classes":[]},{"id":8723,"url":"https:\/\/alpoma.net\/tecob\/?p=8723","url_meta":{"origin":11923,"position":2},"title":"Fidel Pag\u00e9s Mirav\u00e9, el olvidado descubridor de la anestesia epidural","author":"alpoma","date":"2 enero 2014","format":false,"excerpt":"Versi\u00f3n reducida del art\u00edculo que publiqu\u00e9 en la revista Historia de Iberia Vieja, n\u00famero 103, enero de 2014. Un accidente de autom\u00f3vil, un detalle de este vertiginoso modo de ser de los tiempo que corren, en los que se llega a la muerta a noventa por hora, ha dejado sin\u2026","rel":"","context":"En \u00abMade in Spain\u00bb","block_context":{"text":"Made in Spain","link":"https:\/\/alpoma.net\/tecob\/?cat=10"},"img":{"alt_text":"fidel_pages","src":"https:\/\/i0.wp.com\/www.alpoma.net\/tecob\/wp-content\/uploads\/2014\/01\/fidel_pages-190x300.jpg?resize=350%2C200","width":350,"height":200},"classes":[]},{"id":1059,"url":"https:\/\/alpoma.net\/tecob\/?p=1059","url_meta":{"origin":11923,"position":3},"title":"Manuel Garc\u00eda y el laringoscopio","author":"alpoma","date":"13 enero 2009","format":false,"excerpt":"Versi\u00f3n web del art\u00edculo que publiqu\u00e9 en Historia de Iberia Vieja, n\u00famero 43 - enero 2009. El inventor del laringoscopio, el Crist\u00f3bal Col\u00f3n de las laringes, hizo posible con su invento una serie de r\u00e1pidos progresos m\u00e9dico-quir\u00fargicos. Y su talla cient\u00edfica se alza en las cumbres inmortales donde Koch, Virchow,\u2026","rel":"","context":"En \u00abMade in Spain\u00bb","block_context":{"text":"Made in Spain","link":"https:\/\/alpoma.net\/tecob\/?cat=10"},"img":{"alt_text":"","src":"","width":0,"height":0},"classes":[]},{"id":1125,"url":"https:\/\/alpoma.net\/tecob\/?p=1125","url_meta":{"origin":11923,"position":4},"title":"Gripe, algunos apuntes bibliogr\u00e1ficos","author":"alpoma","date":"1 mayo 2009","format":false,"excerpt":"Acabo de ver que maty, en su Nauscopio, mantiene abierta una entrada sobre la dichosa gripe. Lo de dichosa viene a que uno no hace m\u00e1s que escuchar tonter\u00edas sobre el tema y termina por cansarse. No es el caso de maty, que hace una recopilaci\u00f3n de fuentes muy interesante.\u2026","rel":"","context":"En \u00abObsolescencia\u00bb","block_context":{"text":"Obsolescencia","link":"https:\/\/alpoma.net\/tecob\/?cat=3"},"img":{"alt_text":"","src":"https:\/\/i0.wp.com\/alpoma.net\/tecob\/wp-content\/uploads\/2009\/05\/3491135089_dd608747a9_m.jpg?resize=350%2C200&ssl=1","width":350,"height":200},"classes":[]},{"id":1531,"url":"https:\/\/alpoma.net\/tecob\/?p=1531","url_meta":{"origin":11923,"position":5},"title":"El asesinato de la mujer perfecta","author":"alpoma","date":"4 noviembre 2009","format":false,"excerpt":"Versi\u00f3n reducida del art\u00edculo que publiqu\u00e9 en la edici\u00f3n de noviembre de 2009 de la revista Historia de Iberia Vieja. En la calle de Galileo, n\u00famero 57, viv\u00eda la escritora izquierdista Hildegart Rodr\u00edguez, en uni\u00f3n de su madre. Ayer de ma\u00f1ana a primera hora dicha se\u00f1ora orden\u00f3 a la sirvienta\u2026","rel":"","context":"En \u00abMade in Spain\u00bb","block_context":{"text":"Made in Spain","link":"https:\/\/alpoma.net\/tecob\/?cat=10"},"img":{"alt_text":"","src":"https:\/\/i0.wp.com\/alpoma.net\/tecob\/wp-content\/uploads\/2009\/11\/4074090343_41a8ebd4dd_o.jpg?resize=350%2C200&ssl=1","width":350,"height":200,"srcset":"https:\/\/i0.wp.com\/alpoma.net\/tecob\/wp-content\/uploads\/2009\/11\/4074090343_41a8ebd4dd_o.jpg?resize=350%2C200&ssl=1 1x, https:\/\/i0.wp.com\/alpoma.net\/tecob\/wp-content\/uploads\/2009\/11\/4074090343_41a8ebd4dd_o.jpg?resize=525%2C300&ssl=1 1.5x"},"classes":[]}],"jetpack_sharing_enabled":true,"_links":{"self":[{"href":"https:\/\/alpoma.net\/tecob\/index.php?rest_route=\/wp\/v2\/posts\/11923","targetHints":{"allow":["GET"]}}],"collection":[{"href":"https:\/\/alpoma.net\/tecob\/index.php?rest_route=\/wp\/v2\/posts"}],"about":[{"href":"https:\/\/alpoma.net\/tecob\/index.php?rest_route=\/wp\/v2\/types\/post"}],"author":[{"embeddable":true,"href":"https:\/\/alpoma.net\/tecob\/index.php?rest_route=\/wp\/v2\/users\/1"}],"replies":[{"embeddable":true,"href":"https:\/\/alpoma.net\/tecob\/index.php?rest_route=%2Fwp%2Fv2%2Fcomments&post=11923"}],"version-history":[{"count":0,"href":"https:\/\/alpoma.net\/tecob\/index.php?rest_route=\/wp\/v2\/posts\/11923\/revisions"}],"wp:featuredmedia":[{"embeddable":true,"href":"https:\/\/alpoma.net\/tecob\/index.php?rest_route=\/wp\/v2\/media\/11925"}],"wp:attachment":[{"href":"https:\/\/alpoma.net\/tecob\/index.php?rest_route=%2Fwp%2Fv2%2Fmedia&parent=11923"}],"wp:term":[{"taxonomy":"category","embeddable":true,"href":"https:\/\/alpoma.net\/tecob\/index.php?rest_route=%2Fwp%2Fv2%2Fcategories&post=11923"},{"taxonomy":"post_tag","embeddable":true,"href":"https:\/\/alpoma.net\/tecob\/index.php?rest_route=%2Fwp%2Fv2%2Ftags&post=11923"}],"curies":[{"name":"wp","href":"https:\/\/api.w.org\/{rel}","templated":true}]}}