{"id":11825,"date":"2015-12-21T17:17:34","date_gmt":"2015-12-21T15:17:34","guid":{"rendered":"http:\/\/www.alpoma.net\/tecob\/?p=11825"},"modified":"2015-12-21T17:17:34","modified_gmt":"2015-12-21T15:17:34","slug":"libro-virus-y-pandemias","status":"publish","type":"post","link":"https:\/\/alpoma.net\/tecob\/?p=11825","title":{"rendered":"[Libro] Virus y pandemias"},"content":{"rendered":"<p>Fue en septiembre de este mismo a\u00f1o cuando, hablando en Bilbao con <strong><a href=\"http:\/\/irreductible.naukas.com\/\" target=\"_blank\">Javier Pel\u00e1ez<\/a><\/strong>, de <strong><a href=\"http:\/\/naukas.com\/\" target=\"_blank\">Naukas<\/a><\/strong>, surgi\u00f3 la idea de publicar<strong> una serie de libros sobre divulgaci\u00f3n cient\u00edfica<\/strong> en la que tuviera prioridad la calidad y el buen hacer en cuanto a comunicaci\u00f3n de la ciencia se refiere. Hoy, tres meses despu\u00e9s, nace el primero de esos libros, gracias a un acuerdo de Naukas y la editorial de la que soy miembro fundador: <strong><a href=\"http:\/\/glyphos.net\/\" target=\"_blank\">Glyphos Publicaciones<\/a><\/strong>. Se trata de <strong>Virus y Pandemias<\/strong>, del doctor en biolog\u00eda y catedr\u00e1tico de microbiolog\u00eda <strong><a href=\"http:\/\/microbioun.blogspot.com.es\/\" target=\"_blank\">Ignacio L\u00f3pez-Go\u00f1i<\/a><\/strong>, un magn\u00edfico libro acerca del asombroso mundo de los virus y su relaci\u00f3n con la humanidad. <\/p>\n<p><img decoding=\"async\" src=\"http:\/\/www.alpoma.net\/tecob\/wp-content\/uploads\/2015\/12\/virus_pandemias_1.png\" alt=\"virus_pandemias_1\" width=\"620\" class=\"otros\" \/><\/p>\n<p>Hasta el d\u00eda 10 de enero <strong><a href=\"http:\/\/glyphos.net\/?product=virus-y-pandemias\" target=\"_blank\">se puede comprar en periodo de reserva<\/a><\/strong>, pudiendo recibirlo en casa sin gastos de env\u00edo, para pedidos en Espa\u00f1a. Los ejemplares se enviar\u00e1n a lo largo del mes de enero. A partir de ese d\u00eda entrar\u00e1 en el circuito comercial ordinario. <strong>Si te interesa el tema de los virus en su m\u00e1s amplio aspecto, no lo dudes, esta obra te fascinar\u00e1<\/strong>. <\/p>\n<p>&#8211; <a href=\"http:\/\/glyphos.net\/?product=virus-y-pandemias\" target=\"_blank\">Ficha del libro<\/a>.<br \/>\n&#8211; <a href=\"http:\/\/naukas.com\/2015\/12\/18\/el-primer-libro-del-sello-editorial-naukas-es\/\" target=\"_blank\">Nota informativa de Naukas<\/a>.<\/p>\n","protected":false},"excerpt":{"rendered":"<div class=\"mh-excerpt\"><p>Fue en septiembre de este mismo a\u00f1o cuando, hablando en Bilbao con Javier Pel\u00e1ez, de Naukas, surgi\u00f3 la idea de publicar una serie de libros sobre divulgaci\u00f3n cient\u00edfica en la <a class=\"mh-excerpt-more\" href=\"https:\/\/alpoma.net\/tecob\/?p=11825\" title=\"[Libro] Virus y pandemias\">[&#8230;]<\/a><\/p>\n<\/div>","protected":false},"author":1,"featured_media":11826,"comment_status":"open","ping_status":"open","sticky":false,"template":"","format":"standard","meta":{"jetpack_post_was_ever_published":false,"_jetpack_newsletter_access":"","_jetpack_dont_email_post_to_subs":false,"_jetpack_newsletter_tier_id":0,"_jetpack_memberships_contains_paywalled_content":false,"_jetpack_memberships_contains_paid_content":false,"footnotes":""},"categories":[2],"tags":[254,253],"class_list":["post-11825","post","type-post","status-publish","format-standard","has-post-thumbnail","hentry","category-personal","tag-ignacio-lopez-goni","tag-virus-y-pandemias"],"jetpack_featured_media_url":"https:\/\/alpoma.net\/tecob\/wp-content\/uploads\/2015\/12\/virus_y_pandemias_portada_2.jpg","jetpack_shortlink":"https:\/\/wp.me\/p93Dc1-34J","jetpack-related-posts":[{"id":1125,"url":"https:\/\/alpoma.net\/tecob\/?p=1125","url_meta":{"origin":11825,"position":0},"title":"Gripe, algunos apuntes bibliogr\u00e1ficos","author":"alpoma","date":"1 mayo 2009","format":false,"excerpt":"Acabo de ver que maty, en su Nauscopio, mantiene abierta una entrada sobre la dichosa gripe. Lo de dichosa viene a que uno no hace m\u00e1s que escuchar tonter\u00edas sobre el tema y termina por cansarse. No es el caso de maty, que hace una recopilaci\u00f3n de fuentes muy interesante.\u2026","rel":"","context":"En \u00abObsolescencia\u00bb","block_context":{"text":"Obsolescencia","link":"https:\/\/alpoma.net\/tecob\/?cat=3"},"img":{"alt_text":"","src":"https:\/\/i0.wp.com\/alpoma.net\/tecob\/wp-content\/uploads\/2009\/05\/3491135089_dd608747a9_m.jpg?resize=350%2C200&ssl=1","width":350,"height":200},"classes":[]},{"id":309,"url":"https:\/\/alpoma.net\/tecob\/?p=309","url_meta":{"origin":11825,"position":1},"title":"\u00bfGripe c\u00f3smica? El retorno de la panspermia","author":"alpoma","date":"10 enero 2006","format":false,"excerpt":"Hay teor\u00edas que sufren \u201coleadas\u201d, durante un tiempo son casi olvidadas para, de repente, volver a salir a la luz con m\u00e1s o menos aceptaci\u00f3n a ra\u00edz de nuevos datos o pruebas. Esto le sucede a la panspermia, la teor\u00eda que supone la llegada de vida a la tierra desde\u2026","rel":"","context":"En \u00abGeo\u00bb","block_context":{"text":"Geo","link":"https:\/\/alpoma.net\/tecob\/?cat=5"},"img":{"alt_text":"","src":"","width":0,"height":0},"classes":[]},{"id":4478,"url":"https:\/\/alpoma.net\/tecob\/?p=4478","url_meta":{"origin":11825,"position":2},"title":"Un libro cada treinta segundos","author":"alpoma","date":"3 abril 2011","format":false,"excerpt":"Tocar los libros, de Jes\u00fas Marchamalo, es un librillo encantador. S\u00ed, es como un aperitivo muy sabroso que, adem\u00e1s, se lee en el tiempo que puede llevar tomar una buena tapa de bar. No dudo en recomendar que se asomen a sus p\u00e1ginas quienes, como yo, guarden man\u00edas curiosas a\u2026","rel":"","context":"En \u00abPersonal\u00bb","block_context":{"text":"Personal","link":"https:\/\/alpoma.net\/tecob\/?cat=2"},"img":{"alt_text":"tocar_libros","src":"https:\/\/i0.wp.com\/farm6.static.flickr.com\/5107\/5584808206_892b6f5294_m.jpg?resize=350%2C200","width":350,"height":200},"classes":[]},{"id":13217,"url":"https:\/\/alpoma.net\/tecob\/?p=13217","url_meta":{"origin":11825,"position":3},"title":"Algunas consideraciones acerca de la \u00abgripe espa\u00f1ola\u00bb","author":"alpoma","date":"16 abril 2018","format":false,"excerpt":"Hace ahora un siglo que la mayor pandemia de la historia estaba a punto de dar la cara. Fue en 1918, el a\u00f1o del final de la Gran Guerra y de la c\u00e9lebre \"gripe espa\u00f1ola\". Dependiendo de la fuente que se consulte, se podr\u00e1 leer que murieron a consecuencia de\u2026","rel":"","context":"En \u00abGeneral\u00bb","block_context":{"text":"General","link":"https:\/\/alpoma.net\/tecob\/?cat=1"},"img":{"alt_text":"","src":"https:\/\/i0.wp.com\/alpoma.net\/tecob\/wp-content\/uploads\/2018\/04\/gripe-esp-1918-1.jpg?resize=350%2C200&ssl=1","width":350,"height":200,"srcset":"https:\/\/i0.wp.com\/alpoma.net\/tecob\/wp-content\/uploads\/2018\/04\/gripe-esp-1918-1.jpg?resize=350%2C200&ssl=1 1x, https:\/\/i0.wp.com\/alpoma.net\/tecob\/wp-content\/uploads\/2018\/04\/gripe-esp-1918-1.jpg?resize=525%2C300&ssl=1 1.5x"},"classes":[]},{"id":13658,"url":"https:\/\/alpoma.net\/tecob\/?p=13658","url_meta":{"origin":11825,"position":4},"title":"Un lector port\u00e1til de libros de 1920","author":"alpoma","date":"14 septiembre 2018","format":false,"excerpt":"Buscando cierta informaci\u00f3n sobre la Primera Guerra Mundial en la Biblioteca del Congreso de los Estados Unidos, me estrell\u00e9 de lleno con este personaje en una serie de fotograf\u00edas que datan de 1920... Lo m\u00e1s gracioso es que era precisamente a \u00e9l a quien buscaba, solo que en una ocupaci\u00f3n\u2026","rel":"","context":"En \u00abObsolescencia\u00bb","block_context":{"text":"Obsolescencia","link":"https:\/\/alpoma.net\/tecob\/?cat=3"},"img":{"alt_text":"","src":"https:\/\/i0.wp.com\/alpoma.net\/tecob\/wp-content\/uploads\/2018\/09\/fiske.png?resize=350%2C200&ssl=1","width":350,"height":200},"classes":[]},{"id":2880,"url":"https:\/\/alpoma.net\/tecob\/?p=2880","url_meta":{"origin":11825,"position":5},"title":"Dos libros para el verano","author":"alpoma","date":"6 junio 2010","format":false,"excerpt":"Lo que sigue no es m\u00e1s que una sencilla nota personal en forma de recomendaci\u00f3n o, m\u00e1s bien, sugerencia. Cuando se acerca el verano, suelo escribir sobre libros en TecOb. Por lo general se trata de realizar un leve repaso a los libros interesantes con que me haya cruzado a\u2026","rel":"","context":"En \u00abPersonal\u00bb","block_context":{"text":"Personal","link":"https:\/\/alpoma.net\/tecob\/?cat=2"},"img":{"alt_text":"","src":"https:\/\/i0.wp.com\/alpoma.net\/tecob\/wp-content\/uploads\/2010\/06\/4675221572_d5a755a06f_o.jpg?resize=350%2C200&ssl=1","width":350,"height":200,"srcset":"https:\/\/i0.wp.com\/alpoma.net\/tecob\/wp-content\/uploads\/2010\/06\/4675221572_d5a755a06f_o.jpg?resize=350%2C200&ssl=1 1x, https:\/\/i0.wp.com\/alpoma.net\/tecob\/wp-content\/uploads\/2010\/06\/4675221572_d5a755a06f_o.jpg?resize=525%2C300&ssl=1 1.5x"},"classes":[]}],"jetpack_sharing_enabled":true,"_links":{"self":[{"href":"https:\/\/alpoma.net\/tecob\/index.php?rest_route=\/wp\/v2\/posts\/11825","targetHints":{"allow":["GET"]}}],"collection":[{"href":"https:\/\/alpoma.net\/tecob\/index.php?rest_route=\/wp\/v2\/posts"}],"about":[{"href":"https:\/\/alpoma.net\/tecob\/index.php?rest_route=\/wp\/v2\/types\/post"}],"author":[{"embeddable":true,"href":"https:\/\/alpoma.net\/tecob\/index.php?rest_route=\/wp\/v2\/users\/1"}],"replies":[{"embeddable":true,"href":"https:\/\/alpoma.net\/tecob\/index.php?rest_route=%2Fwp%2Fv2%2Fcomments&post=11825"}],"version-history":[{"count":0,"href":"https:\/\/alpoma.net\/tecob\/index.php?rest_route=\/wp\/v2\/posts\/11825\/revisions"}],"wp:featuredmedia":[{"embeddable":true,"href":"https:\/\/alpoma.net\/tecob\/index.php?rest_route=\/wp\/v2\/media\/11826"}],"wp:attachment":[{"href":"https:\/\/alpoma.net\/tecob\/index.php?rest_route=%2Fwp%2Fv2%2Fmedia&parent=11825"}],"wp:term":[{"taxonomy":"category","embeddable":true,"href":"https:\/\/alpoma.net\/tecob\/index.php?rest_route=%2Fwp%2Fv2%2Fcategories&post=11825"},{"taxonomy":"post_tag","embeddable":true,"href":"https:\/\/alpoma.net\/tecob\/index.php?rest_route=%2Fwp%2Fv2%2Ftags&post=11825"}],"curies":[{"name":"wp","href":"https:\/\/api.w.org\/{rel}","templated":true}]}}