{"id":11753,"date":"2015-11-13T00:04:00","date_gmt":"2015-11-12T22:04:00","guid":{"rendered":"http:\/\/www.alpoma.net\/tecob\/?p=11753"},"modified":"2015-11-13T00:04:00","modified_gmt":"2015-11-12T22:04:00","slug":"la-camara-de-1914-que-grababa-metadatos","status":"publish","type":"post","link":"https:\/\/alpoma.net\/tecob\/?p=11753","title":{"rendered":"La c\u00e1mara de 1914 que grababa metadatos&#8230;"},"content":{"rendered":"<p>&#8230;o, mejor dicho, que permit\u00eda escribir \u00abmetadatos\u00bb. Me encanta este artilugio, estaba en mi lista de pendientes para <em>TecOb<\/em> y no s\u00e9 c\u00f3mo no lo he tra\u00eddo antes porque me parece algo genial. Conocida como <strong>c\u00e1mara autogr\u00e1fica<\/strong>, o <strong>suplemento autogr\u00e1fico<\/strong> en su versi\u00f3n como accesorio, permaneci\u00f3 en el mercado entre <strong>1914<\/strong> y principios de los a\u00f1os treinta, aunque el sistema autogr\u00e1fico no tuvo mucho \u00e9xito. <\/p>\n<p><img loading=\"lazy\" decoding=\"async\" src=\"http:\/\/www.alpoma.net\/tecob\/wp-content\/uploads\/2015\/11\/camara_autografica_tecob_2.jpg\" alt=\"camara_autografica_tecob_2\" width=\"620\" height=\"314\" class=\"otros\" \/><br \/>\n<em>C\u00e1mara autogr\u00e1fica de 1914.<\/em><\/p>\n<p>Hoy d\u00eda hasta la <strong>c\u00e1mara digital<\/strong> m\u00e1s simple registra, adem\u00e1s de im\u00e1genes o v\u00eddeos en diversos formatos, una gran cantidad de <strong>metadatos<\/strong>, desde el nombre del archivo hasta la fecha, informaci\u00f3n geogr\u00e1fica y, en las c\u00e1maras de mejor calidad, aut\u00e9nticos <em>mamotretos<\/em> de datos que guardan informaci\u00f3n de todo tipo, por ejemplo con la especificaci\u00f3n <strong><a href=\"https:\/\/es.wikipedia.org\/wiki\/Exchangeable_image_file_format\" target=\"_blank\">Exif<\/a><\/strong>.<\/p>\n<p><img loading=\"lazy\" decoding=\"async\" src=\"http:\/\/www.alpoma.net\/tecob\/wp-content\/uploads\/2015\/11\/camara_autografica_tecob_3.jpg\" alt=\"camara_autografica_tecob_3\" width=\"620\" height=\"477\" class=\"otros\" \/><br \/>\n<em>La c\u00e1mara autogr\u00e1fica en acci\u00f3n.<\/em><\/p>\n<p>En 1914 <strong><a href=\"http:\/\/photo-sleuth.blogspot.com.es\/2013\/03\/sepia-saturday-169-keeping-kodak-story.html\" target=\"_blank\">apareci\u00f3 una c\u00e1mara<\/a><\/strong> que permit\u00eda hacer lo mismo, salvando las distancias, pero como de c\u00e1maras \u00abanal\u00f3gicas\u00bb se trata, el <em>ordenador<\/em> que se encargaba de grabar los datos era el propio fot\u00f3grafo, <strong>utilizando un \u00abstylus\u00bb que ven\u00eda incorporado en la c\u00e1mara<\/strong>, sobre una especie de <strong>ventanita que daba acceso a una parte protegida del negativo pensada precisamente para escribir sobre ella<\/strong>.<\/p>\n<p><img loading=\"lazy\" decoding=\"async\" src=\"http:\/\/www.alpoma.net\/tecob\/wp-content\/uploads\/2015\/11\/camara_autografica_tecob_4.jpg\" alt=\"camara_autografica_tecob_4\" width=\"620\" height=\"301\" class=\"otros\" \/><br \/>\n<em>Detalles de la c\u00e1mara autogr\u00e1fica Kodak de 1914. <a href=\"https:\/\/sites.google.com\/site\/fromthefocalplanetoinfinity\/kodakno1autographicjunior\" target=\"_blank\">Fuente de la imagen (cc) e informaci\u00f3n t\u00e9cnica de la c\u00e1mara<\/a>.<\/em><\/p>\n<p>Esta genialidad se le ocurri\u00f3 a <strong><a href=\"https:\/\/en.wikipedia.org\/wiki\/Henry_Jacques_Gaisman\" target=\"_blank\">Henry Jacques Gaisman<\/a><\/strong>, inventor y fil\u00e1ntropo estadounidense que no s\u00f3lo ide\u00f3 la c\u00e1mara autogr\u00e1fica, sino multitud de objetos \u00fatiles, desde cuchillas de seguridad a carburadores perfeccionados <em>(es quien aparece en la imagen de cabecera de este post)<\/em>.<\/p>\n<p><img loading=\"lazy\" decoding=\"async\" src=\"http:\/\/www.alpoma.net\/tecob\/wp-content\/uploads\/2015\/11\/patente_1917.jpg\" alt=\"patente_1917\" width=\"620\" height=\"953\" class=\"otros\" \/><br \/>\n<em>Una de las <a href=\"https:\/\/www.google.com\/search?tbo=p&#038;tbm=pts&#038;hl=en&#038;q=ininventor:%22Henry+J+Gaisman%22&#038;gws_rd=ssl#hl=en&#038;tbm=pts&#038;q=ininventor:%22Henry+J.+Gaisman%22\" target=\"_blank\">patentes<\/a> originales de Gaisman. El inventor obtuvo varias sobre su sistema autogr\u00e1fico entre 1912 y 1917.<\/em><\/p>\n<p>La <strong><a href=\"http:\/\/www.shootingfilm.net\/2013\/09\/the-autographic-kodak-camera-1914-1932.html\" target=\"_blank\">c\u00e1mara autogr\u00e1fica<\/a><\/strong>, cuyas patentes vendi\u00f3 en 1914 a <strong>George Eastman<\/strong>, de la compa\u00f1\u00eda Eastman Kodak, por 300.000 d\u00f3lares, toda una fortuna en la \u00e9poca, era un ingenio realmente curioso. Kodak comercializ\u00f3 el artilugio de forma r\u00e1pida, pensando que iba a ser un \u00e9xito. No fueron mal las ventas, pero no arras\u00f3 como pensaron y con el paso del tiempo la idea fue perdiendo fuelle hasta que dej\u00f3 de comercializarse en 1932. La magia se encontraba tanto en la c\u00e1mara como en el negativo. <\/p>\n<p><img loading=\"lazy\" decoding=\"async\" src=\"http:\/\/www.alpoma.net\/tecob\/wp-content\/uploads\/2015\/11\/camara_autografica.jpg\" alt=\"camara_autografica\" width=\"620\" height=\"503\" class=\"otros\" \/><br \/>\n<em>C\u00e1mara autogr\u00e1fica.<\/em><\/p>\n<p>Se trataba de <strong>un negativo especial<\/strong> que contaba, para cada fotograma o imagen, con un \u00e1rea de cartoncillo sensible que se expon\u00eda al exterior con seguridad, para prevenir que el acceso de la luz que pudiera velar el resto del negativo. En ese espacio, con un <strong>punz\u00f3n met\u00e1lico<\/strong> que sol\u00eda traer la c\u00e1mara, como si de una PDA de la<em> Gran Guerra<\/em> se tratara, se pod\u00eda anotar lo que uno quisiera. Normalmente los fot\u00f3grafos pon\u00edan t\u00edtulo, fecha y lugar, tiempo de exposici\u00f3n o cualquier otro detalle. Para c\u00e1maras que no tuvieran el sistema, se vend\u00eda tambi\u00e9n el conocido como <strong>\u00absuplemento autogr\u00e1fico\u00bb<\/strong>, que permit\u00eda realizar la misma funci\u00f3n, aunque de forma un poco m\u00e1s aparatosa.<\/p>\n<p><img loading=\"lazy\" decoding=\"async\" src=\"http:\/\/www.alpoma.net\/tecob\/wp-content\/uploads\/2015\/11\/camara_autografica_tecob.jpg\" alt=\"camara_autografica_tecob\" width=\"620\" height=\"487\" class=\"otros\" \/><br \/>\n<em>Publicidad de la c\u00e1mara autogr\u00e1fica. <\/em><em>Caras y Caretas<\/em>, 1.161, de 1921. Biblioteca Nacional de Espa\u00f1a.<\/p>\n","protected":false},"excerpt":{"rendered":"<div class=\"mh-excerpt\"><p>&#8230;o, mejor dicho, que permit\u00eda escribir \u00abmetadatos\u00bb. Me encanta este artilugio, estaba en mi lista de pendientes para TecOb y no s\u00e9 c\u00f3mo no lo he tra\u00eddo antes porque me <a class=\"mh-excerpt-more\" href=\"https:\/\/alpoma.net\/tecob\/?p=11753\" title=\"La c\u00e1mara de 1914 que grababa metadatos&#8230;\">[&#8230;]<\/a><\/p>\n<\/div>","protected":false},"author":1,"featured_media":11758,"comment_status":"open","ping_status":"open","sticky":false,"template":"","format":"standard","meta":{"jetpack_post_was_ever_published":false,"_jetpack_newsletter_access":"","_jetpack_dont_email_post_to_subs":false,"_jetpack_newsletter_tier_id":0,"_jetpack_memberships_contains_paywalled_content":false,"_jetpack_memberships_contains_paid_content":false,"footnotes":""},"categories":[3],"tags":[237,235,236],"class_list":["post-11753","post","type-post","status-publish","format-standard","has-post-thumbnail","hentry","category-obsolescencia","tag-camara-autografica","tag-henry-jacques-gaisman","tag-kodak"],"jetpack_featured_media_url":"https:\/\/alpoma.net\/tecob\/wp-content\/uploads\/2015\/11\/gaisman_camara.jpg","jetpack_shortlink":"https:\/\/wp.me\/p93Dc1-33z","jetpack-related-posts":[{"id":11854,"url":"https:\/\/alpoma.net\/tecob\/?p=11854","url_meta":{"origin":11753,"position":0},"title":"Lo mejor de TecOb en 2015","author":"alpoma","date":"29 diciembre 2015","format":false,"excerpt":"Este a\u00f1o se acaba y, como tradici\u00f3n, he aqu\u00ed lo que personalmente pienso que ha sido lo mejor que he publicado en estos 365 d\u00edas, a modo de selecci\u00f3n de catorce art\u00edculos. No ha sido un a\u00f1o en el que haya tenido tiempo suficiente para escribir lo que hubiera deseado,\u2026","rel":"","context":"En \u00abPersonal\u00bb","block_context":{"text":"Personal","link":"https:\/\/alpoma.net\/tecob\/?cat=2"},"img":{"alt_text":"","src":"https:\/\/i0.wp.com\/alpoma.net\/tecob\/wp-content\/uploads\/2015\/12\/Alejandro_Polanco_Masa__Cover_.jpg?resize=350%2C200&ssl=1","width":350,"height":200,"srcset":"https:\/\/i0.wp.com\/alpoma.net\/tecob\/wp-content\/uploads\/2015\/12\/Alejandro_Polanco_Masa__Cover_.jpg?resize=350%2C200&ssl=1 1x, https:\/\/i0.wp.com\/alpoma.net\/tecob\/wp-content\/uploads\/2015\/12\/Alejandro_Polanco_Masa__Cover_.jpg?resize=525%2C300&ssl=1 1.5x, https:\/\/i0.wp.com\/alpoma.net\/tecob\/wp-content\/uploads\/2015\/12\/Alejandro_Polanco_Masa__Cover_.jpg?resize=700%2C400&ssl=1 2x"},"classes":[]},{"id":6249,"url":"https:\/\/alpoma.net\/tecob\/?p=6249","url_meta":{"origin":11753,"position":1},"title":"De c\u00e1maras gigantes","author":"alpoma","date":"19 febrero 2012","format":false,"excerpt":"Puede que dentro de no mucho tiempo, quien circule por alguna carretera perdida del interior de los Estados Unidos, se cruce con un cami\u00f3n cargado con algo muy especial. Esa es la idea que plantea el fot\u00f3grafo Dennis Manarchy, un proyecto para el que pide apoyos a trav\u00e9s de la\u2026","rel":"","context":"En \u00abObsolescencia\u00bb","block_context":{"text":"Obsolescencia","link":"https:\/\/alpoma.net\/tecob\/?cat=3"},"img":{"alt_text":"","src":"https:\/\/i0.wp.com\/alpoma.net\/tecob\/wp-content\/uploads\/2012\/02\/6902729963_2db9239235_z.jpg?resize=350%2C200&ssl=1","width":350,"height":200,"srcset":"https:\/\/i0.wp.com\/alpoma.net\/tecob\/wp-content\/uploads\/2012\/02\/6902729963_2db9239235_z.jpg?resize=350%2C200&ssl=1 1x, https:\/\/i0.wp.com\/alpoma.net\/tecob\/wp-content\/uploads\/2012\/02\/6902729963_2db9239235_z.jpg?resize=525%2C300&ssl=1 1.5x"},"classes":[]},{"id":15453,"url":"https:\/\/alpoma.net\/tecob\/?p=15453","url_meta":{"origin":11753,"position":2},"title":"\u00bfSon inseguras las comunicaciones v\u00eda sat\u00e9lite?","author":"alpoma","date":"16 noviembre 2025","format":false,"excerpt":"No suelo tratar temas as\u00ed, pero en esta ocasi\u00f3n la cuesti\u00f3n me ha llamado bastante la atenci\u00f3n. Los sat\u00e9lites artificiales suelen aparecer en la prensa, o en las pel\u00edculas, como artefactos casi m\u00e1gicos, dispositivos remotos que s\u00f3lo manejan gobiernos y grandes corporaciones. En realidad, y muy al contrario, buena parte\u2026","rel":"","context":"En \u00abObsolescencia\u00bb","block_context":{"text":"Obsolescencia","link":"https:\/\/alpoma.net\/tecob\/?cat=3"},"img":{"alt_text":"","src":"https:\/\/i0.wp.com\/alpoma.net\/tecob\/wp-content\/uploads\/2025\/11\/982f069a6dd9a2596d23750e8f50956c.jpg?resize=350%2C200&ssl=1","width":350,"height":200,"srcset":"https:\/\/i0.wp.com\/alpoma.net\/tecob\/wp-content\/uploads\/2025\/11\/982f069a6dd9a2596d23750e8f50956c.jpg?resize=350%2C200&ssl=1 1x, https:\/\/i0.wp.com\/alpoma.net\/tecob\/wp-content\/uploads\/2025\/11\/982f069a6dd9a2596d23750e8f50956c.jpg?resize=525%2C300&ssl=1 1.5x, https:\/\/i0.wp.com\/alpoma.net\/tecob\/wp-content\/uploads\/2025\/11\/982f069a6dd9a2596d23750e8f50956c.jpg?resize=700%2C400&ssl=1 2x"},"classes":[]},{"id":14051,"url":"https:\/\/alpoma.net\/tecob\/?p=14051","url_meta":{"origin":11753,"position":3},"title":"Cohete \u00abfotogr\u00e1fico\u00bb de 1911","author":"alpoma","date":"5 diciembre 2018","format":false,"excerpt":"Me apetec\u00eda hoy a\u00f1adir una peque\u00f1a nota jocosa a TecOb. Ten\u00eda por ah\u00ed la historia de cierto autom\u00f3vil a h\u00e9lice que arm\u00f3 revuelo hace ya m\u00e1s de un siglo pero, por sorpresa, result\u00f3 que la historia ten\u00eda mucha m\u00e1s miga de lo que parec\u00eda. Y es que, en muchas ocasiones,\u2026","rel":"","context":"En \u00abObsolescencia\u00bb","block_context":{"text":"Obsolescencia","link":"https:\/\/alpoma.net\/tecob\/?cat=3"},"img":{"alt_text":"","src":"https:\/\/i0.wp.com\/alpoma.net\/tecob\/wp-content\/uploads\/2018\/12\/ft1.png?resize=350%2C200&ssl=1","width":350,"height":200,"srcset":"https:\/\/i0.wp.com\/alpoma.net\/tecob\/wp-content\/uploads\/2018\/12\/ft1.png?resize=350%2C200&ssl=1 1x, https:\/\/i0.wp.com\/alpoma.net\/tecob\/wp-content\/uploads\/2018\/12\/ft1.png?resize=525%2C300&ssl=1 1.5x, https:\/\/i0.wp.com\/alpoma.net\/tecob\/wp-content\/uploads\/2018\/12\/ft1.png?resize=700%2C400&ssl=1 2x"},"classes":[]},{"id":1141,"url":"https:\/\/alpoma.net\/tecob\/?p=1141","url_meta":{"origin":11753,"position":4},"title":"Sensorama","author":"alpoma","date":"6 junio 2009","format":false,"excerpt":"Ayer me llam\u00f3 la atenci\u00f3n una anotaci\u00f3n en io9 dedicada a tecnolog\u00edas de realidad virtual fallidas. En concreto, me gust\u00f3 volver a ver una refencia al Sensorama, una m\u00e1quina de la que ten\u00eda pensado escribir algo hace tiempo y que, como como sucede con tantos asuntos, qued\u00f3 aparcado y casi\u2026","rel":"","context":"En \u00abObsolescencia\u00bb","block_context":{"text":"Obsolescencia","link":"https:\/\/alpoma.net\/tecob\/?cat=3"},"img":{"alt_text":"","src":"","width":0,"height":0},"classes":[]},{"id":12329,"url":"https:\/\/alpoma.net\/tecob\/?p=12329","url_meta":{"origin":11753,"position":5},"title":"Reutilizando un viejo objetivo fotogr\u00e1fico","author":"alpoma","date":"20 septiembre 2016","format":false,"excerpt":"Aqu\u00ed va una nota que se sale un poco de lo habitual por aqu\u00ed, aunque \u00faltimamente tampoco es que haya mucho tiempo para escribir. Uno de los motivos de esa falta de ratos para escribir est\u00e1, precisamente, en que las letras y palabras destinadas a mis blogs est\u00e1n siendo utilizados\u2026","rel":"","context":"En \u00abPersonal\u00bb","block_context":{"text":"Personal","link":"https:\/\/alpoma.net\/tecob\/?cat=2"},"img":{"alt_text":"","src":"https:\/\/i0.wp.com\/alpoma.net\/tecob\/wp-content\/uploads\/2016\/09\/nikon_d3000_Praktica.jpg?resize=350%2C200&ssl=1","width":350,"height":200,"srcset":"https:\/\/i0.wp.com\/alpoma.net\/tecob\/wp-content\/uploads\/2016\/09\/nikon_d3000_Praktica.jpg?resize=350%2C200&ssl=1 1x, https:\/\/i0.wp.com\/alpoma.net\/tecob\/wp-content\/uploads\/2016\/09\/nikon_d3000_Praktica.jpg?resize=525%2C300&ssl=1 1.5x, https:\/\/i0.wp.com\/alpoma.net\/tecob\/wp-content\/uploads\/2016\/09\/nikon_d3000_Praktica.jpg?resize=700%2C400&ssl=1 2x"},"classes":[]}],"jetpack_sharing_enabled":true,"_links":{"self":[{"href":"https:\/\/alpoma.net\/tecob\/index.php?rest_route=\/wp\/v2\/posts\/11753","targetHints":{"allow":["GET"]}}],"collection":[{"href":"https:\/\/alpoma.net\/tecob\/index.php?rest_route=\/wp\/v2\/posts"}],"about":[{"href":"https:\/\/alpoma.net\/tecob\/index.php?rest_route=\/wp\/v2\/types\/post"}],"author":[{"embeddable":true,"href":"https:\/\/alpoma.net\/tecob\/index.php?rest_route=\/wp\/v2\/users\/1"}],"replies":[{"embeddable":true,"href":"https:\/\/alpoma.net\/tecob\/index.php?rest_route=%2Fwp%2Fv2%2Fcomments&post=11753"}],"version-history":[{"count":0,"href":"https:\/\/alpoma.net\/tecob\/index.php?rest_route=\/wp\/v2\/posts\/11753\/revisions"}],"wp:featuredmedia":[{"embeddable":true,"href":"https:\/\/alpoma.net\/tecob\/index.php?rest_route=\/wp\/v2\/media\/11758"}],"wp:attachment":[{"href":"https:\/\/alpoma.net\/tecob\/index.php?rest_route=%2Fwp%2Fv2%2Fmedia&parent=11753"}],"wp:term":[{"taxonomy":"category","embeddable":true,"href":"https:\/\/alpoma.net\/tecob\/index.php?rest_route=%2Fwp%2Fv2%2Fcategories&post=11753"},{"taxonomy":"post_tag","embeddable":true,"href":"https:\/\/alpoma.net\/tecob\/index.php?rest_route=%2Fwp%2Fv2%2Ftags&post=11753"}],"curies":[{"name":"wp","href":"https:\/\/api.w.org\/{rel}","templated":true}]}}