{"id":1174,"date":"2009-07-17T16:16:25","date_gmt":"2009-07-17T14:16:25","guid":{"rendered":"http:\/\/www.alpoma.net\/tecob\/?p=1174"},"modified":"2009-07-17T21:48:07","modified_gmt":"2009-07-17T19:48:07","slug":"sobre-los-libros-encuadernados-con-piel-humana","status":"publish","type":"post","link":"https:\/\/alpoma.net\/tecob\/?p=1174","title":{"rendered":"Sobre libros encuadernados con piel humana"},"content":{"rendered":"<p><img decoding=\"async\" src=\"http:\/\/farm3.static.flickr.com\/2429\/3729669088_cefa2335bf_m.jpg\" alt=\"img\" class=\"dch\"\/>Un <a href=\"http:\/\/latimesblogs.latimes.com\/jacketcopy\/2009\/07\/books-bound-in-human-skin-really.html\" class=\"enlaces\">reciente art\u00edculo de <em>Los Angeles Times<\/em><\/a> me ha hecho buscar otro art\u00edculo que le\u00ed hace tiempo sobre un <strong>macabro tema<\/strong> en el que, por lo general, se suele mezclar la ficci\u00f3n y lo real. Se trata de los<strong> libros encuadernados con piel humana <\/strong>que, a decir de los bibli\u00f3filos entendidos en tan exquisita como min\u00fascula regi\u00f3n del amor a los libros, no se distinguen al tacto de los vol\u00famenes vestidos con piel animal. Sobre esto se ha escrito ya bastante en muchos lugares, por lo que no repetir\u00e9 t\u00f3picos y fantas\u00edas, sencillamente desgranar\u00e9 algunas curiosidades expuestas por <strong>Holbrook Jackson<\/strong> en uno de sus magn\u00edficos art\u00edculos, publicado en <em>Litterae<\/em> en 2004<sup>1<\/sup>. <\/p>\n<p><a href=\"http:\/\/en.wikipedia.org\/wiki\/Holbrook_Jackson\" class=\"enlaces\">George Holbrook Jackson<\/a> fue editor, periodista, escritor y, sobre todo, <strong>el bibli\u00f3filo m\u00e1s destacado de su tiempo<\/strong>, lo que es igual a decir, sin exagerar, que su pasi\u00f3n por los libros no conoci\u00f3 rival durante la primera mitad del siglo XX. En el art\u00edculo citado, el bueno de George menciona algunos episodios fascinantes en los que la piel humana y los libros fueron de la mano y, aunque mi estulta persona no puede si quiera atreverse a poner en duda lo que el gran erudito leg\u00f3 en sus escritos, s\u00ed llamar\u00e9 a cierta prevenci\u00f3n sobre todo ello pues, por mucho que se desee limpiar lo real de lo imaginario, en temas que bordean lo prohibido, como es el caso, tal tarea se convierte en algo muy complicado. <\/p>\n<p>T\u00f3mese como algo ex\u00f3tico, una perversi\u00f3n propia del erot\u00f3mano m\u00e1s refinado o un fetiche de retorcido significado, el hecho es que las leyendas sobre libros encuadernados en piel humana han corrido de boca en boca, y de tintero en tintero, a lo largo de los siglos. Sin embargo, teniendo en cuenta la pulcritud y rigor con que tomaba cada dato que llegaba a sus manos el gran Holbrook, <strong>afirma \u00e9ste que existen indicios claros que permiten estimar que la piel humana ha sido curtida en diversas \u00e9pocas<\/strong>. Y es, precisamente, la documentaci\u00f3n manejada por el bibli\u00f3filo lo que nos puede ayudar a separar el grano de lo verdadero de la paja imaginativa. As\u00ed, se afirma que la piel humana resulta muy d\u00f3cil para el curtido, como si fuera cuero animal, pero es muy variable en cuanto a comportamiento dependiendo de la persona a la que perteneciera. Algunas pieles se mostrar\u00edan desagradecidas al tacto, muy rugosas, mientras que ciertos indiv\u00edduos poseer\u00edan piel muy dada a encuadernaciones de gran suavidad. En cuanto su textura, algunos autores citados por Holbrook estimaban que ser\u00eda similar a la encuadernaci\u00f3n con cuero procedente de ovejas, otros prefieren emparentar tales macabros libros con el tacto de la porosa piel del cerdo. El hecho es que, para ir m\u00e1s all\u00e1 de lo escrito por unos y otros, <strong>el bibli\u00f3filo se empe\u00f1\u00f3 en comprobarlo por s\u00ed mismo<\/strong> y, as\u00ed, tuvo acceso a un pedazo de cuero humano. Su propia experiencia le hizo afirmar, sin duda alguna, que un libro encuadernado con esa piel, poseer\u00eda un tacto similar al de una piel de cerdo muy suave. La piel humana, para ser transformada en cuero, tendr\u00eda que pasar por un proceso muy similar al que se emplea con pieles animales, previa saturaci\u00f3n en soluciones salinas y de alumbre durante varios d\u00edas, tras lo cuales se secar\u00eda y se comenzar\u00eda el proceso de curtido. <\/p>\n<p>Holbrook cita diversos casos de libros pres\u00fantamente encuadernados con piel humana, sobre todo ciertos episodios, no confirmados por completo, sobre libros cubiertos por cueros procedentes de infortunados condenados a muerte. Siempre en el terreno de lo dudoso, no cabe duda de que algunas historias de este tipo son especialmente emotivas. He aqu\u00ed, por ejemplo, un sorprendente relato de tinte rom\u00e1ntico a modo de colof\u00f3n:<\/p>\n<blockquote><p>El astr\u00f3nomo franc\u00e9s Camille Flammarion felicit\u00f3 en una ocasi\u00f3n a una bella condesa por el encanto de la piel de sus hermosos hombros. Cuando ella falleci\u00f3, dispuso que curtieran la piel de sus hombros y espalda y se la enviaran a Flammarion en recuerdo de la admiraci\u00f3n que sinti\u00f3 por su due\u00f1a. El astr\u00f3nomo emple\u00f3 una parte para encuadernar uno de sus libros m\u00e1s famosos, <em>Cielo y tierra<\/em>.<\/p><\/blockquote>\n<p>_________<br \/>\n<sup>1<\/sup><em> <a href=\"http:\/\/e-archivo.uc3m.es\/dspace\/bitstream\/10016\/2290\/1\/2003_2004_n.03_04-Jackson.pdf\">Libros encuadernados en piel humana<\/a><\/em> (PDF). Holbrook Jackson; Nuria Villagrasa Valdivieso (traductora) <em>Litterae: cuadernos sobre cultura escrita<\/em>, ISSN 1578-5130, N\u00ba. 3-4, 2003\u20112004 , pags. 371-375.<\/p>\n","protected":false},"excerpt":{"rendered":"<div class=\"mh-excerpt\"><p>Un reciente art\u00edculo de Los Angeles Times me ha hecho buscar otro art\u00edculo que le\u00ed hace tiempo sobre un macabro tema en el que, por lo general, se suele mezclar <a class=\"mh-excerpt-more\" href=\"https:\/\/alpoma.net\/tecob\/?p=1174\" title=\"Sobre libros encuadernados con piel humana\">[&#8230;]<\/a><\/p>\n<\/div>","protected":false},"author":1,"featured_media":10798,"comment_status":"open","ping_status":"open","sticky":false,"template":"","format":"standard","meta":{"jetpack_post_was_ever_published":false,"_jetpack_newsletter_access":"","_jetpack_dont_email_post_to_subs":false,"_jetpack_newsletter_tier_id":0,"_jetpack_memberships_contains_paywalled_content":false,"_jetpack_memberships_contains_paid_content":false,"footnotes":""},"categories":[3],"tags":[],"class_list":["post-1174","post","type-post","status-publish","format-standard","has-post-thumbnail","hentry","category-obsolescencia"],"jetpack_featured_media_url":"https:\/\/alpoma.net\/tecob\/wp-content\/uploads\/2009\/07\/3729669088_cefa2335bf_m.jpg","jetpack_shortlink":"https:\/\/wp.me\/p93Dc1-iW","jetpack-related-posts":[{"id":765,"url":"https:\/\/alpoma.net\/tecob\/?p=765","url_meta":{"origin":1174,"position":0},"title":"Para que no se olviden","author":"alpoma","date":"27 agosto 2007","format":false,"excerpt":"A ra\u00edz del art\u00edculo que publiqu\u00e9 hace unas semanas sobre viejos libros de Ediciones Plesa-SM, comenzaron a llegar bastantes comentarios que se interesaron por el asunto. Entre ellos, destac\u00f3 Miguel \u00c1ngel, que apasionadamente ha creado un espacio en la red con un objetivo muy claro: \"...preservar los libros que ense\u00f1aron\u2026","rel":"","context":"En \u00abObsolescencia\u00bb","block_context":{"text":"Obsolescencia","link":"https:\/\/alpoma.net\/tecob\/?cat=3"},"img":{"alt_text":"","src":"","width":0,"height":0},"classes":[]},{"id":15528,"url":"https:\/\/alpoma.net\/tecob\/?p=15528","url_meta":{"origin":1174,"position":1},"title":"Convocatoria, 4\/3\/26: presentaci\u00f3n libro \u00abLa huella de Federico Cantero Villamil en la sociedad e industria de Castilla y Le\u00f3n (1874-1946)\u00bb","author":"alpoma","date":"2 marzo 2026","format":false,"excerpt":"A finales de 2019 publiqu\u00e9 un art\u00edculo sobre el genio de la ingenier\u00eda civil y de la aviaci\u00f3n Federico Cantero Villamil. Ese art\u00edculo form\u00f3 parte posteriormente de uno de mis libros sobre invenciones espa\u00f1olas. Hoy, me llega esta convocatoria acerca de una nueva publicaci\u00f3n sobre el ingeniero. Es un compendio\u2026","rel":"","context":"En \u00abPersonal\u00bb","block_context":{"text":"Personal","link":"https:\/\/alpoma.net\/tecob\/?cat=2"},"img":{"alt_text":"","src":"https:\/\/i0.wp.com\/alpoma.net\/tecob\/wp-content\/uploads\/2026\/03\/457654.png?resize=350%2C200&ssl=1","width":350,"height":200,"srcset":"https:\/\/i0.wp.com\/alpoma.net\/tecob\/wp-content\/uploads\/2026\/03\/457654.png?resize=350%2C200&ssl=1 1x, https:\/\/i0.wp.com\/alpoma.net\/tecob\/wp-content\/uploads\/2026\/03\/457654.png?resize=525%2C300&ssl=1 1.5x, https:\/\/i0.wp.com\/alpoma.net\/tecob\/wp-content\/uploads\/2026\/03\/457654.png?resize=700%2C400&ssl=1 2x, https:\/\/i0.wp.com\/alpoma.net\/tecob\/wp-content\/uploads\/2026\/03\/457654.png?resize=1050%2C600&ssl=1 3x, https:\/\/i0.wp.com\/alpoma.net\/tecob\/wp-content\/uploads\/2026\/03\/457654.png?resize=1400%2C800&ssl=1 4x"},"classes":[]},{"id":11230,"url":"https:\/\/alpoma.net\/tecob\/?p=11230","url_meta":{"origin":1174,"position":2},"title":"Libros t\u00fanel, un espect\u00e1culo tridimensional del siglo XVIII","author":"alpoma","date":"5 abril 2015","format":false,"excerpt":"A principios de enero de este a\u00f1o tuve la ocasi\u00f3n de disfrutar en la Sala Municipal de Exposiciones de la Casa Revilla de Valladolid de una exposici\u00f3n memorable. Se trataba de Una historia de los libros plegables, que reun\u00eda lo mejor de la colecci\u00f3n que con los a\u00f1os han ido\u2026","rel":"","context":"En \u00abObsolescencia\u00bb","block_context":{"text":"Obsolescencia","link":"https:\/\/alpoma.net\/tecob\/?cat=3"},"img":{"alt_text":"","src":"https:\/\/i0.wp.com\/alpoma.net\/tecob\/wp-content\/uploads\/2015\/04\/4554202783_7f2229b8e4_z.jpg?resize=350%2C200&ssl=1","width":350,"height":200,"srcset":"https:\/\/i0.wp.com\/alpoma.net\/tecob\/wp-content\/uploads\/2015\/04\/4554202783_7f2229b8e4_z.jpg?resize=350%2C200&ssl=1 1x, https:\/\/i0.wp.com\/alpoma.net\/tecob\/wp-content\/uploads\/2015\/04\/4554202783_7f2229b8e4_z.jpg?resize=525%2C300&ssl=1 1.5x"},"classes":[]},{"id":2880,"url":"https:\/\/alpoma.net\/tecob\/?p=2880","url_meta":{"origin":1174,"position":3},"title":"Dos libros para el verano","author":"alpoma","date":"6 junio 2010","format":false,"excerpt":"Lo que sigue no es m\u00e1s que una sencilla nota personal en forma de recomendaci\u00f3n o, m\u00e1s bien, sugerencia. Cuando se acerca el verano, suelo escribir sobre libros en TecOb. Por lo general se trata de realizar un leve repaso a los libros interesantes con que me haya cruzado a\u2026","rel":"","context":"En \u00abPersonal\u00bb","block_context":{"text":"Personal","link":"https:\/\/alpoma.net\/tecob\/?cat=2"},"img":{"alt_text":"","src":"https:\/\/i0.wp.com\/alpoma.net\/tecob\/wp-content\/uploads\/2010\/06\/4675221572_d5a755a06f_o.jpg?resize=350%2C200&ssl=1","width":350,"height":200,"srcset":"https:\/\/i0.wp.com\/alpoma.net\/tecob\/wp-content\/uploads\/2010\/06\/4675221572_d5a755a06f_o.jpg?resize=350%2C200&ssl=1 1x, https:\/\/i0.wp.com\/alpoma.net\/tecob\/wp-content\/uploads\/2010\/06\/4675221572_d5a755a06f_o.jpg?resize=525%2C300&ssl=1 1.5x"},"classes":[]},{"id":11264,"url":"https:\/\/alpoma.net\/tecob\/?p=11264","url_meta":{"origin":1174,"position":4},"title":"Los comedores de ars\u00e9nico","author":"alpoma","date":"15 abril 2015","format":false,"excerpt":"El ars\u00e9nico tiene una amplia historia como veneno de elecci\u00f3n por parte de asesinos y conspiradores de toda clase, por eso ha sido considerado como el rey de las ponzo\u00f1as, causa del deceso de reyes y dignatarios, adem\u00e1s de suicidas y criminales de toda ralea. Ha sido empleado limitadamente en\u2026","rel":"","context":"En \u00abGeo\u00bb","block_context":{"text":"Geo","link":"https:\/\/alpoma.net\/tecob\/?cat=5"},"img":{"alt_text":"comedores_de_arsenico","src":"https:\/\/i0.wp.com\/www.alpoma.net\/tecob\/wp-content\/uploads\/2015\/04\/comedores_de_arsenico.jpg?resize=350%2C200","width":350,"height":200,"srcset":"https:\/\/i0.wp.com\/www.alpoma.net\/tecob\/wp-content\/uploads\/2015\/04\/comedores_de_arsenico.jpg?resize=350%2C200 1x, https:\/\/i0.wp.com\/www.alpoma.net\/tecob\/wp-content\/uploads\/2015\/04\/comedores_de_arsenico.jpg?resize=525%2C300 1.5x"},"classes":[]},{"id":503,"url":"https:\/\/alpoma.net\/tecob\/?p=503","url_meta":{"origin":1174,"position":5},"title":"El teatro de los insectos","author":"alpoma","date":"15 junio 2006","format":false,"excerpt":"Complementando al art\u00edculo de ayer, dedicado a Edward Topsell y ya que Eduardo mostr\u00f3 inter\u00e9s por un colega del cl\u00e9rico ingl\u00e9s, Ulises Aldrovandi, vaya aqu\u00ed una peque\u00f1a serie de notas acerca de tan curioso personaje. Antes de nada, para aquellos que disfruten con las bellas im\u00e1genes de obras como las\u2026","rel":"","context":"En \u00abObsolescencia\u00bb","block_context":{"text":"Obsolescencia","link":"https:\/\/alpoma.net\/tecob\/?cat=3"},"img":{"alt_text":"","src":"","width":0,"height":0},"classes":[]}],"jetpack_sharing_enabled":true,"_links":{"self":[{"href":"https:\/\/alpoma.net\/tecob\/index.php?rest_route=\/wp\/v2\/posts\/1174","targetHints":{"allow":["GET"]}}],"collection":[{"href":"https:\/\/alpoma.net\/tecob\/index.php?rest_route=\/wp\/v2\/posts"}],"about":[{"href":"https:\/\/alpoma.net\/tecob\/index.php?rest_route=\/wp\/v2\/types\/post"}],"author":[{"embeddable":true,"href":"https:\/\/alpoma.net\/tecob\/index.php?rest_route=\/wp\/v2\/users\/1"}],"replies":[{"embeddable":true,"href":"https:\/\/alpoma.net\/tecob\/index.php?rest_route=%2Fwp%2Fv2%2Fcomments&post=1174"}],"version-history":[{"count":0,"href":"https:\/\/alpoma.net\/tecob\/index.php?rest_route=\/wp\/v2\/posts\/1174\/revisions"}],"wp:featuredmedia":[{"embeddable":true,"href":"https:\/\/alpoma.net\/tecob\/index.php?rest_route=\/wp\/v2\/media\/10798"}],"wp:attachment":[{"href":"https:\/\/alpoma.net\/tecob\/index.php?rest_route=%2Fwp%2Fv2%2Fmedia&parent=1174"}],"wp:term":[{"taxonomy":"category","embeddable":true,"href":"https:\/\/alpoma.net\/tecob\/index.php?rest_route=%2Fwp%2Fv2%2Fcategories&post=1174"},{"taxonomy":"post_tag","embeddable":true,"href":"https:\/\/alpoma.net\/tecob\/index.php?rest_route=%2Fwp%2Fv2%2Ftags&post=1174"}],"curies":[{"name":"wp","href":"https:\/\/api.w.org\/{rel}","templated":true}]}}