{"id":1172,"date":"2009-07-12T16:38:10","date_gmt":"2009-07-12T14:38:10","guid":{"rendered":"http:\/\/www.alpoma.net\/tecob\/?p=1172"},"modified":"2009-07-12T16:50:37","modified_gmt":"2009-07-12T14:50:37","slug":"la-torre-capsula-en-peligro","status":"publish","type":"post","link":"https:\/\/alpoma.net\/tecob\/?p=1172","title":{"rendered":"La Torre C\u00e1psula en peligro"},"content":{"rendered":"<p>Llamaba la atenci\u00f3n hace poco sobre este asunto el <em><a href=\"http:\/\/www.nytimes.com\/2009\/07\/07\/arts\/design\/07capsule.html?_r=3&#038;ref=arts&#038;pagewanted=all\" class=\"enlaces\">New York Times<\/a><\/em>. La pregunta es: <strong>\u00bfqu\u00e9 debe poseer un edificio para que sea considerado como bien cultural y, as\u00ed, ser salvado de la demolici\u00f3n?<\/strong> La cuesti\u00f3n es especialmente grave cuando nos enfrentamos a edificios de la segunda mitad del siglo XX, considerados a veces como anticuados cascarones sin valor. Cierto es que demoler un viejo y poco funcional bloque de pisos de los a\u00f1os setenta no debe preocupar a nadie, ah\u00ed no se pierde ninguna obra de arte ni se destruye un posible valor est\u00e9tico, a no ser que el bloque fuera en su tiempo el <strong>emblema de un futuro<\/strong> que termin\u00f3 por alcanzarlo y sobrepasarlo. S\u00ed, es anticuado, pero <strong>en mi humilde opini\u00f3n<\/strong>, y la de otros muchos, <strong>este edificio merece ser salvado y pasar a convertirse en un monumento a toda una visi\u00f3n tecnol\u00f3gica de una \u00e9poca<\/strong>.<\/p>\n<p><img decoding=\"async\" src=\"http:\/\/farm3.static.flickr.com\/2433\/3712457297_1a5b7171ae_o.jpg\" alt=\"img\" class=\"otros\"\/><br \/>\n<sup><strong>Imagen<\/strong>: Flickr\/<a href=\"http:\/\/www.flickr.com\/photos\/81061436@N00\/2607930702\">jumbo185usa<\/a><\/sup><\/p>\n<p>Se trata de la <strong><a href=\"http:\/\/en.wikipedia.org\/wiki\/Nakagin_Capsule_Tower\" class=\"enlaces\">Torre C\u00e1psula de Nakagin<\/a><\/strong>, obra de <strong>Kisho Kurokawa<\/strong>, levantada en Shimbashi, Tokio, en <strong>1972<\/strong>. Est\u00e1 considerado como el <strong>edificio emblem\u00e1tico del movimiento Metabolista japon\u00e9s<\/strong>, un raro conjunto residencial y de oficinas idealizado por muchos como un emblema de la arquitectura del siglo XX. Por desgracia, <strong>est\u00e1 pendiente de demolici\u00f3n<\/strong> y, aunque han surgido muchas voces en contra de este destino, mucho me temo que terminar\u00e1 desapareciendo. <\/p>\n<p><img decoding=\"async\" src=\"http:\/\/farm3.static.flickr.com\/2565\/3713245280_f77fc42ab0_o.jpg\" alt=\"img\" class=\"otros\"\/><br \/>\n<sup><strong>Imagen<\/strong>: Designboom\/Jim O\u2019connell\/NYT <\/sup><\/p>\n<p>La Torre C\u00e1psula consta en realidad de dos conjuntos de torres de hormig\u00f3n prefabricado interconectadas. El conjunto est\u00e1 dise\u00f1ado partiendo de <strong>140 m\u00f3dulos prefabricados<\/strong>, o c\u00e1psulas, cada una de las cuales ofrece un espacio vital propio. Cada c\u00e1psula se combina con las aleda\u00f1as formando un laberinto, estando equipada cada una de ellas con su propio ba\u00f1o y aparatos el\u00e9ctricos compactos, como una televisi\u00f3n, lector de casettes, intercomunicador, tel\u00e9fono, horno el\u00e9ctrico y refrigerador, todo ello al m\u00e1s puro estilo futurista de los a\u00f1os setenta. Hoy es aut\u00e9ntico <em>vintage<\/em>, un icono de los setenta, pero parece sentenciado a desaparecer. <\/p>\n<p><strong>M\u00e1s informaci\u00f3n<\/strong>:<br \/>\n<a href=\"http:\/\/www.inhabitat.com\/2007\/05\/04\/modern-prefab-nakagin-capsule-towers\/\" class=\"enlaces\">MODERN PREFAB: Nakagin Capsule Towers | Inhabitat<\/a>.<br \/>\n<a href=\"http:\/\/www.treehugger.com\/files\/2007\/05\/icon_of_modern.php\" class=\"enlaces\">TreeHugger: Icon of Modern Prefab to be Demolished<\/a>.<br \/>\n<a href=\"http:\/\/www.arcspace.com\/architects\/kurokawa\/nakagin\/nakagin.html\" class=\"enlaces\">Arcspace: Kisho Kurokawa &#8211; Nakagin Capsule Tower<\/a>.<\/p>\n<p><a href=\"http:\/\/www.designboom.com\/weblog\/cat\/9\/view\/6972\/new-york-times-on-the-demolition-of-kurokawas-capsule-tower.html\">| V\u00eda designboom |<\/a><\/p>\n","protected":false},"excerpt":{"rendered":"<div class=\"mh-excerpt\"><p>Llamaba la atenci\u00f3n hace poco sobre este asunto el New York Times. La pregunta es: \u00bfqu\u00e9 debe poseer un edificio para que sea considerado como bien cultural y, as\u00ed, ser <a class=\"mh-excerpt-more\" href=\"https:\/\/alpoma.net\/tecob\/?p=1172\" title=\"La Torre C\u00e1psula en peligro\">[&#8230;]<\/a><\/p>\n<\/div>","protected":false},"author":1,"featured_media":10758,"comment_status":"open","ping_status":"open","sticky":false,"template":"","format":"standard","meta":{"jetpack_post_was_ever_published":false,"_jetpack_newsletter_access":"","_jetpack_dont_email_post_to_subs":false,"_jetpack_newsletter_tier_id":0,"_jetpack_memberships_contains_paywalled_content":false,"_jetpack_memberships_contains_paid_content":false,"footnotes":""},"categories":[3],"tags":[],"class_list":["post-1172","post","type-post","status-publish","format-standard","has-post-thumbnail","hentry","category-obsolescencia"],"jetpack_featured_media_url":"https:\/\/alpoma.net\/tecob\/wp-content\/uploads\/2009\/07\/3712457297_1a5b7171ae_o.jpg","jetpack_shortlink":"https:\/\/wp.me\/p93Dc1-iU","jetpack-related-posts":[{"id":959,"url":"https:\/\/alpoma.net\/tecob\/?p=959","url_meta":{"origin":1172,"position":0},"title":"La torre sin ventanas","author":"alpoma","date":"14 agosto 2008","format":false,"excerpt":"Tomemos unos instantes para contemplar la figura de este misterioso edificio... AT&T Long Lines Building | Fotograf\u00eda de Dhaluza A primera vista queda claro que se trata de un imponente rascacielos pero, \u00bfd\u00f3nde est\u00e1n las ventanas? Su aspecto es sobrio y marcial, incluso duro. Si no se conoce su destino,\u2026","rel":"","context":"En \u00abGeo\u00bb","block_context":{"text":"Geo","link":"https:\/\/alpoma.net\/tecob\/?cat=5"},"img":{"alt_text":"","src":"https:\/\/i0.wp.com\/alpoma.net\/tecob\/wp-content\/uploads\/2008\/08\/2762826701_be9a0c6f45_o.jpg?resize=350%2C200&ssl=1","width":350,"height":200,"srcset":"https:\/\/i0.wp.com\/alpoma.net\/tecob\/wp-content\/uploads\/2008\/08\/2762826701_be9a0c6f45_o.jpg?resize=350%2C200&ssl=1 1x, https:\/\/i0.wp.com\/alpoma.net\/tecob\/wp-content\/uploads\/2008\/08\/2762826701_be9a0c6f45_o.jpg?resize=525%2C300&ssl=1 1.5x"},"classes":[]},{"id":1092,"url":"https:\/\/alpoma.net\/tecob\/?p=1092","url_meta":{"origin":1172,"position":1},"title":"Lengua ignota","author":"alpoma","date":"20 marzo 2009","format":false,"excerpt":"Vale, voy a despejarme un poco la cabeza, entre pastillas de paracetamol y cierto libro que me est\u00e1 dejando seca la despensa de ideas y del que espero comentar algo aqu\u00ed dentro de poco, escribiendo un poco en TecOb, espero retomar su ritmo normal en breve. Buscando datos sobre lenguajes\u2026","rel":"","context":"En \u00abObsolescencia\u00bb","block_context":{"text":"Obsolescencia","link":"https:\/\/alpoma.net\/tecob\/?cat=3"},"img":{"alt_text":"","src":"","width":0,"height":0},"classes":[]},{"id":963,"url":"https:\/\/alpoma.net\/tecob\/?p=963","url_meta":{"origin":1172,"position":2},"title":"El ingenuo","author":"alpoma","date":"19 agosto 2008","format":false,"excerpt":"Hoy cumplo 33 a\u00f1os, con lo que, adem\u00e1s de no gustarme nada este tipo de celebraciones, uno mira al pasado para ver si camina hacia delante o marcha como el cangrejo. En mi caso, me parece que no he evolucionado nada en m\u00e1s de una d\u00e9cada, vamos que sigo haciendo\u2026","rel":"","context":"En \u00abInnovaci\u00f3n\u00bb","block_context":{"text":"Innovaci\u00f3n","link":"https:\/\/alpoma.net\/tecob\/?cat=4"},"img":{"alt_text":"","src":"https:\/\/i0.wp.com\/alpoma.net\/tecob\/wp-content\/uploads\/2008\/08\/2777574787_b28ec35c54_o.png?resize=350%2C200&ssl=1","width":350,"height":200},"classes":[]},{"id":1089,"url":"https:\/\/alpoma.net\/tecob\/?p=1089","url_meta":{"origin":1172,"position":3},"title":"Enrique Gaspar y la primera m\u00e1quina del tiempo","author":"alpoma","date":"10 marzo 2009","format":false,"excerpt":"Sigo en modo \"pausa\", pero voy a aprovechar un instante para incorporar al blog mi \u00faltimo texto publicado en papel. Aunque el tema ya lo trat\u00e9 en TecOb hace a\u00f1os, lo hice de forma muy esquem\u00e1tica. :-) AVISO: Este art\u00edculo lo publiqu\u00e9 originalmente en el n\u00famero 45, febrero 2009, de\u2026","rel":"","context":"En \u00abMade in Spain\u00bb","block_context":{"text":"Made in Spain","link":"https:\/\/alpoma.net\/tecob\/?cat=10"},"img":{"alt_text":"","src":"","width":0,"height":0},"classes":[]},{"id":7380,"url":"https:\/\/alpoma.net\/tecob\/?p=7380","url_meta":{"origin":1172,"position":4},"title":"La catedral del conocimiento","author":"alpoma","date":"10 octubre 2012","format":false,"excerpt":"Pittsburgh no me parecer\u00eda una ciudad apetecible a no ser por dos cualidades que, para m\u00ed, hacen de ella una ciudad muy atractiva. Por una parte, se trata de una mina de oro para la arqueolog\u00eda industrial. Por otra, alberga cierto edificio singular que es uno de mis favoritos de\u2026","rel":"","context":"En \u00abGeo\u00bb","block_context":{"text":"Geo","link":"https:\/\/alpoma.net\/tecob\/?cat=5"},"img":{"alt_text":"","src":"https:\/\/i0.wp.com\/alpoma.net\/tecob\/wp-content\/uploads\/2012\/10\/cathedral_of_learning_1.jpg?resize=350%2C200&ssl=1","width":350,"height":200,"srcset":"https:\/\/i0.wp.com\/alpoma.net\/tecob\/wp-content\/uploads\/2012\/10\/cathedral_of_learning_1.jpg?resize=350%2C200&ssl=1 1x, https:\/\/i0.wp.com\/alpoma.net\/tecob\/wp-content\/uploads\/2012\/10\/cathedral_of_learning_1.jpg?resize=525%2C300&ssl=1 1.5x"},"classes":[]},{"id":3406,"url":"https:\/\/alpoma.net\/tecob\/?p=3406","url_meta":{"origin":1172,"position":5},"title":"Un mal d\u00eda en la oficina","author":"alpoma","date":"22 agosto 2010","format":false,"excerpt":"Este es un post un tanto experimental. Tengo la intenci\u00f3n de seguir este nuevo camino en TecOb, o al menos intentarlo. Se trata de elaborar un poco m\u00e1s las historias, siguiendo lo habitual en los art\u00edculos largos, pero acompa\u00f1ando el texto con infograf\u00edas realizadas para el propio art\u00edculo. Espero cr\u00edticas\u2026","rel":"","context":"En \u00abObsolescencia\u00bb","block_context":{"text":"Obsolescencia","link":"https:\/\/alpoma.net\/tecob\/?cat=3"},"img":{"alt_text":"Infografia_NY","src":"https:\/\/i0.wp.com\/farm5.static.flickr.com\/4114\/4915890527_975ea1a566_o.jpg?resize=350%2C200","width":350,"height":200,"srcset":"https:\/\/i0.wp.com\/farm5.static.flickr.com\/4114\/4915890527_975ea1a566_o.jpg?resize=350%2C200 1x, https:\/\/i0.wp.com\/farm5.static.flickr.com\/4114\/4915890527_975ea1a566_o.jpg?resize=525%2C300 1.5x"},"classes":[]}],"jetpack_sharing_enabled":true,"_links":{"self":[{"href":"https:\/\/alpoma.net\/tecob\/index.php?rest_route=\/wp\/v2\/posts\/1172","targetHints":{"allow":["GET"]}}],"collection":[{"href":"https:\/\/alpoma.net\/tecob\/index.php?rest_route=\/wp\/v2\/posts"}],"about":[{"href":"https:\/\/alpoma.net\/tecob\/index.php?rest_route=\/wp\/v2\/types\/post"}],"author":[{"embeddable":true,"href":"https:\/\/alpoma.net\/tecob\/index.php?rest_route=\/wp\/v2\/users\/1"}],"replies":[{"embeddable":true,"href":"https:\/\/alpoma.net\/tecob\/index.php?rest_route=%2Fwp%2Fv2%2Fcomments&post=1172"}],"version-history":[{"count":0,"href":"https:\/\/alpoma.net\/tecob\/index.php?rest_route=\/wp\/v2\/posts\/1172\/revisions"}],"wp:featuredmedia":[{"embeddable":true,"href":"https:\/\/alpoma.net\/tecob\/index.php?rest_route=\/wp\/v2\/media\/10758"}],"wp:attachment":[{"href":"https:\/\/alpoma.net\/tecob\/index.php?rest_route=%2Fwp%2Fv2%2Fmedia&parent=1172"}],"wp:term":[{"taxonomy":"category","embeddable":true,"href":"https:\/\/alpoma.net\/tecob\/index.php?rest_route=%2Fwp%2Fv2%2Fcategories&post=1172"},{"taxonomy":"post_tag","embeddable":true,"href":"https:\/\/alpoma.net\/tecob\/index.php?rest_route=%2Fwp%2Fv2%2Ftags&post=1172"}],"curies":[{"name":"wp","href":"https:\/\/api.w.org\/{rel}","templated":true}]}}