{"id":1165,"date":"2009-07-06T17:14:49","date_gmt":"2009-07-06T15:14:49","guid":{"rendered":"http:\/\/www.alpoma.net\/tecob\/?p=1165"},"modified":"2009-07-06T17:35:54","modified_gmt":"2009-07-06T15:35:54","slug":"sabiduria-de-mujer-en-el-siglo-de-oro","status":"publish","type":"post","link":"https:\/\/alpoma.net\/tecob\/?p=1165","title":{"rendered":"Sabidur\u00eda de mujer en el Siglo de Oro"},"content":{"rendered":"<p class=\"otros3\"><strong>AVISO<\/strong>: El presente art\u00edculo corresponde a la versi\u00f3n web reducida del que publiqu\u00e9 en <strong><a href=\"http:\/\/www.historiadeiberiavieja.com\/\">Historia de Iberia Vieja<\/a><\/strong> en su edici\u00f3n del mes de julio de 2009.<\/p>\n<blockquote><p>Vimos los d\u00edas pasados en la villa de Alcal\u00e1 de Henares a la doncella Isabel de Vergara, dott\u00edsima en letras latinas y griegas. La qual en toda disciplina segu\u00eda la manera y orden de estudiar de sus hermanos, que son dott\u00edsimos como en otra parte decimos. En Salamanca conocimos a Luisa Medrana (de Medrano), doncella eloq\u00fcent\u00edsima. A la que oymos, no solamente hablando como un orador, m\u00e1s bien leyendo y declarando en el estudio de Salamanca libros latinos p\u00fablicamente. Ass\u00ed mismo, en Segovia, vimos a Juana Contreras, nuestra disc\u00edpula, de muy claro ingenio y singular erudici\u00f3n. La qual despu\u00e9s me escribi\u00f3 cartas en lat\u00edn elegante y muy dottas. Juliana Morell destac\u00f3 por la defensa que hizo de tesis filos\u00f3ficas a los trece a\u00f1os y el dominio de catorce lenguas, adem\u00e1s de diversas materias human\u00edsticas y musicales, cuando todav\u00eda no hab\u00eda cumplido los quince\u2026<\/p>\n<p>Testimonio de Lucio Marineo S\u00edculo (1460-1533), citado por Mar\u00eda Antonia Bel Bravo, en su obra <em><strong>Mujeres espa\u00f1olas en la Historia Moderna<\/strong><\/em>. (S\u00edlex Ediciones, Madrid 2002).<\/p><\/blockquote>\n<p><strong>Las mujeres y la historia olvidada<\/strong><\/p>\n<p>El min\u00fasculo espacio que comprende un art\u00edculo propio de revista divulgativa no suele servir m\u00e1s que de mero aperitivo para plantear temas de diverso inter\u00e9s que, de haber sido bien engarzados, abrir\u00e1n el apetito del lector para bucear m\u00e1s all\u00e1 de esas p\u00e1ginas buscando fuentes m\u00e1s abundantes de las que beber para saciar su sed de conocimiento. Lo que me propongo hoy aqu\u00ed se refiere al mismo af\u00e1n, el asunto a tratar es muy vasto, aunque pudiera parecer lo contrario, por lo que me conformar\u00e9 con picar la curiosidad de quien a estas letras se asome, confiando en que podr\u00e1 navegar por su cuenta y riesgo en tan escurridizas aguas.<\/p>\n<p><img decoding=\"async\" src=\"http:\/\/farm3.static.flickr.com\/2520\/3693817781_1a3aac2b7d_o.jpg\" alt=\"img\" class=\"otros\"\/><\/p>\n<p>\u00bfQu\u00e9 gran tema hist\u00f3rico podr\u00e1 ser \u00e9se al que me refiero para haberme arriesgado a redactar semejante parrafada? Se trata, ni m\u00e1s ni menos, que de las mujeres. M\u00e1s concretamente las mujeres doctas, sabias, escritoras, cient\u00edficas, que a lo largo de los siglos, aunque en muchas ocasiones la letra impresa ha ignorado gravemente su presencia, han podido superar las trabas de su tiempo para dejar huella. Marcas largo tiempo olvidadas de una historia, no paralela, ni complementaria a esa escrita por los grandes nombres, casi todos hombres, sino pieza singular y propia de cada uno de sus tiempos. A poco que se escarbe, surgen huellas de osadas mujeres que sortearon prohibiciones y prejuicios para ir m\u00e1s all\u00e1 de la funci\u00f3n tradicional a la que hab\u00edan sido condenadas a ce\u00f1irse de por vida. Mi inter\u00e9s por las mujeres olvidadas en la historia, sobre todo en el mundo de las letras y las ciencias, surgi\u00f3 a ra\u00edz de la documentaci\u00f3n que reun\u00ed para elaborar un cap\u00edtulo dedicado a ellas en mi libro <em>Herejes de la Ciencia<\/em> (Corona Borealis 2003). Desde entonces, el volumen de citas y datos sobre sabias mujeres de todas las \u00e9pocas y lugares no ha hecho m\u00e1s que crecer en mi archivo, sorprendi\u00e9ndome del arrojo y tenacidad de muchas de ellas, llegando a dar vida a una parte de nuestra historia que, por desgracia, todav\u00eda se encuentra en gran parte habitando en el olvido.<\/p>\n<p><strong>Eruditas del Siglo de Oro espa\u00f1ol<\/strong><\/p>\n<p>Habiendo dejado muy claro que este campo de estudio hist\u00f3rico es mucho m\u00e1s amplio de lo que pueda suponerse en un principio, y no habiendo espacio aqu\u00ed para glosar las metas alcanzadas y tantas desventuras vividas por aqu\u00e9llas mujeres, cabe \u00fanicamente abrir el apetito mencionando siquiera brevemente algunos casos sobresalientes. Para ello, he pensado centrarme en una \u00e9poca concreta, lo que ha dado en llamarse Siglo de Oro espa\u00f1ol, que no es sino la gran franja temporal para la que suelen marcarse como ficticias fronteras la correspondiente a la publicaci\u00f3n de la Gram\u00e1tica castellana de Nebrija en 1492 y la muerte de Calder\u00f3n en 1681. As\u00ed pues, t\u00f3mense pr\u00e1cticamente al completo los siglos XVI y XVII y pi\u00e9nsese en gentes de letras, por acotar un poco en cuanto a materia a tratar. A la cabeza acudir\u00e1n, sin duda, los grandes como Cervantes, Quevedo, Lope de Vega, G\u00f3ngora, Calder\u00f3n o incluso Graci\u00e1n y, si acaso, ser\u00e1 recordada Santa Teresa de Jes\u00fas, aunque en rigor pertenezca a un tiempo algo anterior. \u00bfNo aparece ninguna mujer en el horizonte? Un gran n\u00famero, pero tr\u00edstemente olvidadas, de las que en la mayor parte de los casos apenas si queda una min\u00fascula huella de su paso por este mundo. <\/p>\n<p>V\u00e9ase, por ejemplo, esta sorprendente lista de mujeres eruditas renacentistas, en una \u00e9poca en la que alcanzar los saberes fue sin duda para ellas un logro excepcional, que es citada en un estudio sobre el helenismo en Espa\u00f1a por la <em>Revista de Archivos, Bibliotecas y Museos<\/em> en 1921:<\/p>\n<blockquote><p>Conocidos son los nombres de la Latina, Luisa Sigea, \u00c1ngela Zapata, Isabel Poya, que se distingui\u00f3 por sus conocimientos en filosof\u00eda y abri\u00f3 c\u00e1tedra p\u00fablica en Roma; sor Romera, Valentina Pinelo, Laurencia M\u00e9ndez Zurita, Luc\u00eda Medrano, Mar\u00eda de Mendoza, Luisa Morella, Luisa Manrique de Lara, condesa de Paredes; Catalina de Paz, Paula Vicencio, Beatriz de Castro y Viru\u00e9s, Mar\u00eda T\u00e9llez, Esperanza de Claramonte, Mariana Calvajal, Mar\u00eda de Peralta, Ana de Ossorio, Luisa Zapata, Jer\u00f3nima Fajardo, Graida Grimau, Luisa de Silva, Luc\u00eda Salicia, Isabel Mar\u00eda Losa, \u00c1ngela Montena, Mar\u00eda Sabiote, Clara de Barrionuevo, Mar\u00eda de Urrea, Magdalena de Bovadilla, Isabel de Ribadeneira, Ana de Zuazo, Catalina de Sol\u00eds, Margarita de Noronza, Juana de Contreras, Juliana Morell, Jer\u00f3nima Ribot, Catalina Trillo, Leonor de Meneses, Cecilia Morillas, Catalina de Estella, Isabel de Rosales\u2026<\/p><\/blockquote>\n<p>\u00a1Y esto s\u00f3lo era una selecci\u00f3n! Si bien tal listado puede no decirnos nada, s\u00f3lo hay que pensar en las trabas que debieron superar para sobresalir en un mundo que relegaba a la mujer a un papel muy alejado de lo p\u00fablico. Naturalmente, exist\u00eda una doble barrera que convert\u00eda pr\u00e1cticamente en imposible a una mujer el acceso a las universidades porque si, adem\u00e1s de ser mujer, se carec\u00eda de recursos econ\u00f3micos, la puerta se cerraba por completo. Para las mujeres pertenecientes a las grandes familias tampoco era sencillo, pero al menos exist\u00eda la posibilidad de educarse. Desde el siglo XVI la Universidad de Salamanca posibilit\u00f3 el acceso a sus aulas a las hijas de nobles y familias de buena posici\u00f3n. De ah\u00ed, por ese peque\u00f1o resquicio, surgieron un n\u00famero considerable de cultivadoras de las letras. <\/p>\n<p><img decoding=\"async\" src=\"http:\/\/farm3.static.flickr.com\/2672\/3694600236_2059801a64_m.jpg\" alt=\"img\" class=\"dch\"\/>He ah\u00ed, a modo de sencillo ejemplo, <strong>Beatriz Galindo<\/strong>, a la que llamaban \u201cla Latina\u201d, temprana muestra de escritora y humanista, cult\u00edsima preceptora de la reina Isabel la Cat\u00f3lica y sus hijos, que vivi\u00f3 entre los siglos XV y XVI. Como miembro de una familia anta\u00f1o de gran poder, pero venida a menos, su destino estaba fijado en el convento. Pero sus dotes para el lat\u00edn y la escritura, que cultiv\u00f3 en Salamanca, hicieron de ella famosa portadora de saberes. Cuentan que a los quince a\u00f1os era capaz de emplear el lat\u00edn de forma sublime y, en pocos a\u00f1os, su labor a la hora de traducir cl\u00e1sicos le vali\u00f3 el sobrenombre ya citado. De su relaci\u00f3n con la Corte surgieron fundaciones de hospitales y conventos, adem\u00e1s de ser tenida en cuenta su opini\u00f3n en los consejos. No s\u00f3lo cultiv\u00f3 el estudio de las letras, sino que igualmente, y como hija de su \u00e9poca, se dedic\u00f3 a estudios teol\u00f3gicos y, lo que es menos corriente, a temas m\u00e9dicos. La huella de su existencia persiste hoy en un barrio de Madrid donde vivi\u00f3: La Latina, donde Beatriz fund\u00f3 un hospital en 1499. <\/p>\n<p><img decoding=\"async\" src=\"http:\/\/farm3.static.flickr.com\/2631\/3693795855_9f71c2d0cc_m.jpg\" alt=\"img\" class=\"izda\"\/>Ahora bien, si se busca un caso excepcional de prodigio en las letras, sin duda habr\u00e1 que referirse a <strong>Juliana Morell<\/strong>. No puedo imaginar a qu\u00e9 cimas de conocimiento hubiera podido llegar esta barcelonesa nacida en 1594 de haber tenido la dicha de vivir en un timpo m\u00e1s propicio. Decir que era una ni\u00f1a prodigio, una superdotada, es quedarse corto. En su tiempo fue tomada como la m\u00e1s extraordinaria muestra de sapiencia precoz jam\u00e1s conocido, pues aprendi\u00f3 a leer y escribir a los cuatro a\u00f1os con monjes dominicos barceloneses quienes, pasmados, afirmaron que no eran capaces de ense\u00f1ar nada nuevo a la peque\u00f1a. Sus progresos no quedaron ah\u00ed, con seis o siete a\u00f1os aprendi\u00f3 griego y lat\u00edn, adem\u00e1s de hebreo. Doblando esa edad pudo dominar el franc\u00e9s, italiano e incluso el \u00e1rabe. En ese tiempo lleg\u00f3 a manejarse con soltura en catorce idiomas, estudiaba filosof\u00eda, astronom\u00eda, f\u00edsica, derecho y m\u00fasica y, fruto de un desdichado l\u00edo en el que cay\u00f3 su padre, famoso banquero, cuando ella apenas ten\u00eda ocho a\u00f1os, se vio obligada a viajar a Francia huyendo, lo que curiosamente permiti\u00f3 a la prodigiosa criatura ser cultivada en grandes centros del saber de esa tierra. Fue all\u00ed donde defendi\u00f3 una serie de tesis y logr\u00f3 en Avi\u00f1\u00f3n en 1608 el grado de doctora <em>summa cum laude<\/em>. Al poco entr\u00f3 al servicio religioso y, como en todo lo que emprendi\u00f3, alcanz\u00f3 con rapidez grandes logros, pues en pocos a\u00f1os pas\u00f3 de novicia a priora de un convento. <\/p>\n<p><strong>El extraordinario caso de Oliva Sabuco<\/strong><\/p>\n<p><img decoding=\"async\" src=\"http:\/\/farm3.static.flickr.com\/2670\/3693796819_e0668f3ba8_m.jpg\" alt=\"img\" class=\"dch\"\/>Sirvan los dos ejemplos anteriores como sencillo recordatorio de la existencia del resto de estas cultivadoras de las letras aunque, para cerrar este imperfecto repaso, cabe si acaso mencionar un personaje pol\u00e9mico. Si algo llama la atenci\u00f3n en el caso de <strong><a href=\"http:\/\/www.sabuco.eu\/\" class=\"enlaces\">Oliva Sabuco<\/a><\/strong> es la pasi\u00f3n con la que ha sido tratada su obra o, como dir\u00edan algunos, supuesta autor\u00eda de cierto sorprendente libro. He aqu\u00ed todo un misterio, pues en 1587 aparece una sobresaliente obra alumbrada por una escritora excepcionalmente precoz, adem\u00e1s de fil\u00f3sofa y m\u00e9dica. El problema m\u00e1s grave del caso se encuentra en que, mientras hay expertos que no dudan de su autor\u00eda, otros niegan que tal persona haya sido responsable de dar vida a tan pol\u00e9mico libro. Veamos, al parecer Oliva naci\u00f3 en la poblaci\u00f3n albacete\u00f1a de Alcaraz a finales de 1562. Hija de un boticario, lo poco que se sabe a ciencia cierta es que contrajo matrimonio en 1580 y falleci\u00f3 bien entrado el siglo XVII, en fecha ignorada. Por lo dem\u00e1s, apenas si hay registro de lo que en su vida aconteciera y, sin embargo, el libro titulado <em>Nueva Filosof\u00eda de la naturaleza del hombre<\/em>, no conocida ni alcanzada de los grandes fil\u00f3sofos antiguos, la cual mejora la vida y salud humana, publicado en Madrid en el a\u00f1o que antes he citado, parece haber sido escrito por la ignota Oliva. El disputado libro es ciertamente sorprendente, una mezcla de filosof\u00eda, ciencia y medicina que logr\u00f3 gran predicamento en su tiempo, donde se recomiendan diversos procedimientos higi\u00e9nicos, se ense\u00f1an conocimientos muy avanzados para su tiempo relacionados con la circulaci\u00f3n de la sangre, la localizaci\u00f3n del \u201calma\u201d en el cerebro y la importancia de la salud mental. \u00bfRealmente fue Oliva Sabuco, la olvidada mujer sin conocida instrucci\u00f3n m\u00e9dica, quien redact\u00f3 tan magna obra? La pol\u00e9mica sigue viva, pero de ser cierto nos encontrar\u00edamos ante un personaje realmente sorprendente y sobresaliente que, si el \u00e1nimo me lo permite, volver\u00e1 a visitar estas p\u00e1ginas con m\u00e1s detalle muy pronto.<\/p>\n","protected":false},"excerpt":{"rendered":"<div class=\"mh-excerpt\"><p>AVISO: El presente art\u00edculo corresponde a la versi\u00f3n web reducida del que publiqu\u00e9 en Historia de Iberia Vieja en su edici\u00f3n del mes de julio de 2009. Vimos los d\u00edas <a class=\"mh-excerpt-more\" href=\"https:\/\/alpoma.net\/tecob\/?p=1165\" title=\"Sabidur\u00eda de mujer en el Siglo de Oro\">[&#8230;]<\/a><\/p>\n<\/div>","protected":false},"author":1,"featured_media":10499,"comment_status":"open","ping_status":"open","sticky":false,"template":"","format":"standard","meta":{"jetpack_post_was_ever_published":false,"_jetpack_newsletter_access":"","_jetpack_dont_email_post_to_subs":false,"_jetpack_newsletter_tier_id":0,"_jetpack_memberships_contains_paywalled_content":false,"_jetpack_memberships_contains_paid_content":false,"footnotes":""},"categories":[10,3],"tags":[],"class_list":["post-1165","post","type-post","status-publish","format-standard","has-post-thumbnail","hentry","category-made_in_spain","category-obsolescencia"],"jetpack_featured_media_url":"https:\/\/alpoma.net\/tecob\/wp-content\/uploads\/2009\/07\/3693817781_1a3aac2b7d_o.jpg","jetpack_shortlink":"https:\/\/wp.me\/p93Dc1-iN","jetpack-related-posts":[{"id":15376,"url":"https:\/\/alpoma.net\/tecob\/?p=15376","url_meta":{"origin":1165,"position":0},"title":"Uranio en Espa\u00f1a","author":"alpoma","date":"9 mayo 2025","format":false,"excerpt":"En los \u00faltimos d\u00edas se viene afirmado en algunas tribunas pol\u00edticas que \"no hay uranio en Espa\u00f1a\". \u00bfEs cierto esto? Resulta que Espa\u00f1a tiene yacimientos de uranio de los grandes y es uno de los pa\u00edses con mayores reservas en la Uni\u00f3n Europea, cosa que no parece compatible con la\u2026","rel":"","context":"En \u00abMade in Spain\u00bb","block_context":{"text":"Made in Spain","link":"https:\/\/alpoma.net\/tecob\/?cat=10"},"img":{"alt_text":"","src":"https:\/\/i0.wp.com\/alpoma.net\/tecob\/wp-content\/uploads\/2025\/05\/5.png?resize=350%2C200&ssl=1","width":350,"height":200,"srcset":"https:\/\/i0.wp.com\/alpoma.net\/tecob\/wp-content\/uploads\/2025\/05\/5.png?resize=350%2C200&ssl=1 1x, https:\/\/i0.wp.com\/alpoma.net\/tecob\/wp-content\/uploads\/2025\/05\/5.png?resize=525%2C300&ssl=1 1.5x, https:\/\/i0.wp.com\/alpoma.net\/tecob\/wp-content\/uploads\/2025\/05\/5.png?resize=700%2C400&ssl=1 2x, https:\/\/i0.wp.com\/alpoma.net\/tecob\/wp-content\/uploads\/2025\/05\/5.png?resize=1050%2C600&ssl=1 3x, https:\/\/i0.wp.com\/alpoma.net\/tecob\/wp-content\/uploads\/2025\/05\/5.png?resize=1400%2C800&ssl=1 4x"},"classes":[]},{"id":590,"url":"https:\/\/alpoma.net\/tecob\/?p=590","url_meta":{"origin":1165,"position":1},"title":"El cielo en movimiento","author":"alpoma","date":"11 septiembre 2006","format":false,"excerpt":"Cualquiera que haya mirado a las estrellas en una noche despejada, se ha dado cuenta de que, a pesar de mantenerse aparentemente \"fijas\" entre s\u00ed, las estrellas se mueven. Cada noche, aparecer\u00e1n las mismas estrellas que en observaciones realizadas d\u00edas antes, pero ligeramente desviadas de la posici\u00f3n en la que\u2026","rel":"","context":"En \u00abGeo\u00bb","block_context":{"text":"Geo","link":"https:\/\/alpoma.net\/tecob\/?cat=5"},"img":{"alt_text":"","src":"https:\/\/i0.wp.com\/alpoma.net\/tecob\/wp-content\/uploads\/2006\/09\/240696040_11480c9bc7_o.jpg?resize=350%2C200&ssl=1","width":350,"height":200,"srcset":"https:\/\/i0.wp.com\/alpoma.net\/tecob\/wp-content\/uploads\/2006\/09\/240696040_11480c9bc7_o.jpg?resize=350%2C200&ssl=1 1x, https:\/\/i0.wp.com\/alpoma.net\/tecob\/wp-content\/uploads\/2006\/09\/240696040_11480c9bc7_o.jpg?resize=525%2C300&ssl=1 1.5x"},"classes":[]},{"id":8998,"url":"https:\/\/alpoma.net\/tecob\/?p=8998","url_meta":{"origin":1165,"position":2},"title":"La velocidad de los electrones en los conductores no es la de la luz&#8230; \u00a1ni se acerca!","author":"alpoma","date":"28 abril 2014","format":false,"excerpt":"Una reciente conversaci\u00f3n me ha llevado a rescatar este texto que, desde que lo conoc\u00ed, me pareci\u00f3 una de las explicaciones did\u00e1cticas m\u00e1s interesantes que sobre este asunto hab\u00eda le\u00eddo. En dicha conversaci\u00f3n surgi\u00f3 el tema de la \"velocidad de la electricidad en un conductor\" o, para ser m\u00e1s precisos,\u2026","rel":"","context":"En \u00abObsolescencia\u00bb","block_context":{"text":"Obsolescencia","link":"https:\/\/alpoma.net\/tecob\/?cat=3"},"img":{"alt_text":"alpoma_electricidad_25951276","src":"https:\/\/i0.wp.com\/www.alpoma.net\/tecob\/wp-content\/uploads\/2014\/04\/alpoma_electricidad_25951276.jpg?resize=350%2C200","width":350,"height":200},"classes":[]},{"id":764,"url":"https:\/\/alpoma.net\/tecob\/?p=764","url_meta":{"origin":1165,"position":3},"title":"\u00bfDoncellas de hierro?","author":"alpoma","date":"24 agosto 2007","format":false,"excerpt":"Llevo unos d\u00edas maquetando un grueso libro que, al parecer, trata de asuntos esot\u00e9rico-medievales. Normalmente, cuando se maqueta, no te lees el libro, faltar\u00eda m\u00e1s. Eso tiene sus ventajas porque, por lo general, lo que sale al mercado editorial hoy d\u00eda es como para caerse de espaldas, sobre todo por\u2026","rel":"","context":"En \u00abGeneral\u00bb","block_context":{"text":"General","link":"https:\/\/alpoma.net\/tecob\/?cat=1"},"img":{"alt_text":"","src":"https:\/\/i0.wp.com\/alpoma.net\/tecob\/wp-content\/uploads\/2007\/08\/1225697506_3218586f18_o.jpg?resize=350%2C200&ssl=1","width":350,"height":200},"classes":[]},{"id":1213,"url":"https:\/\/alpoma.net\/tecob\/?p=1213","url_meta":{"origin":1165,"position":4},"title":"La tumba m\u00e1s famosa de Tobago","author":"alpoma","date":"15 septiembre 2009","format":false,"excerpt":"Dicen las gu\u00edas tur\u00edsticas que uno de los mayores atractivos presentes en la isla de Tobago, la peque\u00f1a del matrimonio isle\u00f1o que forma el estado de Trinidad y Tobago, es una tumba. En verdad, si no hay muchos m\u00e1s atractivos, ser\u00e1 que hay poco que ver, eso s\u00ed, descontando el\u2026","rel":"","context":"En \u00abGeo\u00bb","block_context":{"text":"Geo","link":"https:\/\/alpoma.net\/tecob\/?cat=5"},"img":{"alt_text":"","src":"https:\/\/i0.wp.com\/alpoma.net\/tecob\/wp-content\/uploads\/2009\/09\/3923615458_84b275b4f2_o.jpg?resize=350%2C200&ssl=1","width":350,"height":200,"srcset":"https:\/\/i0.wp.com\/alpoma.net\/tecob\/wp-content\/uploads\/2009\/09\/3923615458_84b275b4f2_o.jpg?resize=350%2C200&ssl=1 1x, https:\/\/i0.wp.com\/alpoma.net\/tecob\/wp-content\/uploads\/2009\/09\/3923615458_84b275b4f2_o.jpg?resize=525%2C300&ssl=1 1.5x"},"classes":[]},{"id":15446,"url":"https:\/\/alpoma.net\/tecob\/?p=15446","url_meta":{"origin":1165,"position":5},"title":"Los aliens de la catedral de Palencia","author":"alpoma","date":"27 octubre 2025","format":false,"excerpt":"Hay dos \"aliens\" en la catedral de Palencia, la \"Bella desconocida\". Ya lo mencion\u00e9 hace tiempo, pero como pas\u00e9 hace unos d\u00edas por all\u00ed, aproveche para fotografiarlo de nuevo. S\u00ed, en la catedral de San Antol\u00edn, durante la restauraci\u00f3n de la Puerta de los Reyes en 1995, el arquitecto Fernando\u2026","rel":"","context":"En \u00abPersonal\u00bb","block_context":{"text":"Personal","link":"https:\/\/alpoma.net\/tecob\/?cat=2"},"img":{"alt_text":"","src":"https:\/\/i0.wp.com\/alpoma.net\/tecob\/wp-content\/uploads\/2025\/10\/aliens_catedral_palencia_alpoma.jpg?resize=350%2C200&ssl=1","width":350,"height":200,"srcset":"https:\/\/i0.wp.com\/alpoma.net\/tecob\/wp-content\/uploads\/2025\/10\/aliens_catedral_palencia_alpoma.jpg?resize=350%2C200&ssl=1 1x, https:\/\/i0.wp.com\/alpoma.net\/tecob\/wp-content\/uploads\/2025\/10\/aliens_catedral_palencia_alpoma.jpg?resize=525%2C300&ssl=1 1.5x, https:\/\/i0.wp.com\/alpoma.net\/tecob\/wp-content\/uploads\/2025\/10\/aliens_catedral_palencia_alpoma.jpg?resize=700%2C400&ssl=1 2x, https:\/\/i0.wp.com\/alpoma.net\/tecob\/wp-content\/uploads\/2025\/10\/aliens_catedral_palencia_alpoma.jpg?resize=1050%2C600&ssl=1 3x, https:\/\/i0.wp.com\/alpoma.net\/tecob\/wp-content\/uploads\/2025\/10\/aliens_catedral_palencia_alpoma.jpg?resize=1400%2C800&ssl=1 4x"},"classes":[]}],"jetpack_sharing_enabled":true,"_links":{"self":[{"href":"https:\/\/alpoma.net\/tecob\/index.php?rest_route=\/wp\/v2\/posts\/1165","targetHints":{"allow":["GET"]}}],"collection":[{"href":"https:\/\/alpoma.net\/tecob\/index.php?rest_route=\/wp\/v2\/posts"}],"about":[{"href":"https:\/\/alpoma.net\/tecob\/index.php?rest_route=\/wp\/v2\/types\/post"}],"author":[{"embeddable":true,"href":"https:\/\/alpoma.net\/tecob\/index.php?rest_route=\/wp\/v2\/users\/1"}],"replies":[{"embeddable":true,"href":"https:\/\/alpoma.net\/tecob\/index.php?rest_route=%2Fwp%2Fv2%2Fcomments&post=1165"}],"version-history":[{"count":0,"href":"https:\/\/alpoma.net\/tecob\/index.php?rest_route=\/wp\/v2\/posts\/1165\/revisions"}],"wp:featuredmedia":[{"embeddable":true,"href":"https:\/\/alpoma.net\/tecob\/index.php?rest_route=\/wp\/v2\/media\/10499"}],"wp:attachment":[{"href":"https:\/\/alpoma.net\/tecob\/index.php?rest_route=%2Fwp%2Fv2%2Fmedia&parent=1165"}],"wp:term":[{"taxonomy":"category","embeddable":true,"href":"https:\/\/alpoma.net\/tecob\/index.php?rest_route=%2Fwp%2Fv2%2Fcategories&post=1165"},{"taxonomy":"post_tag","embeddable":true,"href":"https:\/\/alpoma.net\/tecob\/index.php?rest_route=%2Fwp%2Fv2%2Ftags&post=1165"}],"curies":[{"name":"wp","href":"https:\/\/api.w.org\/{rel}","templated":true}]}}