{"id":11628,"date":"2015-09-20T20:28:12","date_gmt":"2015-09-20T18:28:12","guid":{"rendered":"http:\/\/www.alpoma.net\/tecob\/?p=11628"},"modified":"2015-09-20T20:28:12","modified_gmt":"2015-09-20T18:28:12","slug":"competicion-de-automoviles-electricos-de-1898","status":"publish","type":"post","link":"https:\/\/alpoma.net\/tecob\/?p=11628","title":{"rendered":"Competici\u00f3n de autom\u00f3viles el\u00e9ctricos&#8230; de 1898"},"content":{"rendered":"<p><img loading=\"lazy\" decoding=\"async\" src=\"http:\/\/www.alpoma.net\/tecob\/wp-content\/uploads\/2015\/09\/punto_recarga_1898_coches_electricos_tecob.jpg\" alt=\"punto_recarga_1898_coches_electricos_tecob\" width=\"250\" height=\"275\" class=\"dch\" \/>En el <strong>Par\u00eds de 1898<\/strong>, a lo largo del mes de julio, tuvo lugar una competici\u00f3n singular. El <em>Automobile Club de France <\/em>organiz\u00f3 una especie de concurso para averiguar cu\u00e1les ser\u00edan los veh\u00edculos m\u00e1s adecuados a la hora de substituir la tracci\u00f3n animal en las populosas calles parisinas<sup>1<\/sup>. <\/p>\n<p>En total<strong> se presentaron once coches el\u00e9ctricos y uno movido por combustible refinado del petr\u00f3leo<\/strong>. Curiosamente, en este \u00faltimo caso, aunque el veh\u00edculo se mostr\u00f3 \u00e1gil y r\u00e1pido, fue descalificado porque no cumpl\u00eda una de las premisas b\u00e1sicas del concurso. En efecto, <strong>consum\u00eda demasiado combustible<\/strong> y se sal\u00eda de escala en cuanto a coste de mantenimiento. A lo largo de unas 14 horas de funcionamiento lleg\u00f3 a consumir hasta 20 litros de combustible, que no era nada barato por entonces, cuando la industria petrol\u00edfera estaba naciendo. As\u00ed pues,<strong> parec\u00eda que los coches el\u00e9ctricos iban a ser los ganadores en cuanto a veh\u00edculos mec\u00e1nicos del futuro<\/strong>.<\/p>\n<p><img loading=\"lazy\" decoding=\"async\" src=\"http:\/\/www.alpoma.net\/tecob\/wp-content\/uploads\/2015\/09\/coches_electricos_1898_TecOb.jpg\" alt=\"coches_electricos_1898_TecOb\" width=\"620\" height=\"385\" class=\"otros\" \/><br \/>\n<em>Los coches participantes, descansando y recargando bater\u00edas, tras un paseo de varias horas por las calles de Par\u00eds, preparados para su pr\u00f3xima aventura.<\/em><\/p>\n<p>Los <strong>electrom\u00f3viles<\/strong>, como eran conocidos por entonces, <strong>compitieron recorriendo rutas urbanas para mostrar sus habilidades<\/strong>. En realidad no se buscaba un ganador como tal, sino dar a conocer este tipo de tecnolog\u00eda al p\u00fablico. <strong>Silenciosos y \u00e1giles, aunque no tan r\u00e1pidos como su rival de motor de explosi\u00f3n, destacaron por su comodidad y facilidad de uso<\/strong>. Hubo tambi\u00e9n alg\u00fan problema. Por ejemplo, se probaron diversos accesorios realizados con un nov\u00edsimo pl\u00e1stico: el <strong>celuloide<\/strong>, pero algunos se incendiaron, con lo que <strong>desaconsejaron volver a usar pl\u00e1sticos en los coches<\/strong>. Otro dato curioso fue el convencimiento de que, para un coche el\u00e9ctrico, <strong>lo ideal era contar con un sistema de bater\u00edas modular que se pudiera cambiar en pocos minutos<\/strong>, porque los puntos de recarga eran lentos y eso hac\u00eda que los coches estuvieran parados demasiado tiempo. <strong>En el concurso se realizaron nueve itinerarios diferentes, en diversos d\u00edas, con recorridos de cincuenta kil\u00f3metros diarios de media<\/strong>.<\/p>\n<p>El paso de los a\u00f1os ha confirmado que, al menos hasta que los coches el\u00e9ctricos tengan un nuevo renacimiento, no acertaron ni una de sus apuestas de futuro y, claro, hoy estamos rodeados de coches movidos por combustibles derivados del petr\u00f3leo y enterrados en un mar de pl\u00e1sticos por doquier. Bien, \u00bfvolvemos al punto de partida? \ud83d\ude09<\/p>\n<p>___________<br \/>\n<strong>En la imagen superior<\/strong>: Uno de los puntos de recarga para los coches que participaron en la competici\u00f3n.<\/p>\n<p><sup>1<\/sup> V\u00e9ase \u00abCoches de Plaza&#8230;\u00bb, <em><a href=\"http:\/\/hemerotecadigital.bne.es\/pdf.raw?query=parent%3A0001540725+type%3Apress%2Fpage&#038;name=Ilustraci%C3%B3n+art%C3%ADstica.+25-7-1898\" target=\"_blank\">La Ilustraci\u00f3n Art\u00edstica<\/a><\/em>, n\u00famero 865, 25 de julio de 1898. PDF. Biblioteca Nacional de Espa\u00f1a.<\/p>\n","protected":false},"excerpt":{"rendered":"<div class=\"mh-excerpt\"><p>En el Par\u00eds de 1898, a lo largo del mes de julio, tuvo lugar una competici\u00f3n singular. El Automobile Club de France organiz\u00f3 una especie de concurso para averiguar cu\u00e1les <a class=\"mh-excerpt-more\" href=\"https:\/\/alpoma.net\/tecob\/?p=11628\" title=\"Competici\u00f3n de autom\u00f3viles el\u00e9ctricos&#8230; de 1898\">[&#8230;]<\/a><\/p>\n<\/div>","protected":false},"author":1,"featured_media":11630,"comment_status":"open","ping_status":"open","sticky":false,"template":"","format":"standard","meta":{"jetpack_post_was_ever_published":false,"_jetpack_newsletter_access":"","_jetpack_dont_email_post_to_subs":false,"_jetpack_newsletter_tier_id":0,"_jetpack_memberships_contains_paywalled_content":false,"_jetpack_memberships_contains_paid_content":false,"footnotes":""},"categories":[3],"tags":[212,211],"class_list":["post-11628","post","type-post","status-publish","format-standard","has-post-thumbnail","hentry","category-obsolescencia","tag-212","tag-coches-electricos"],"jetpack_featured_media_url":"https:\/\/alpoma.net\/tecob\/wp-content\/uploads\/2015\/09\/coche_electrico_1898_tecob.jpg","jetpack_shortlink":"https:\/\/wp.me\/p93Dc1-31y","jetpack-related-posts":[{"id":12992,"url":"https:\/\/alpoma.net\/tecob\/?p=12992","url_meta":{"origin":11628,"position":0},"title":"Del coche a vapor a La Hispano-Suiza","author":"alpoma","date":"11 diciembre 2017","format":false,"excerpt":"En el n\u00famero de noviembre de 2017 de la revista Historia de Iberia Vieja, publiqu\u00e9 un peque\u00f1o repaso acerca de los primeros autom\u00f3viles espa\u00f1oles. Lo que sigue es la versi\u00f3n para TecOb de ese art\u00edculo, con acceso a otros posts anteriores en los que ya habr\u00eda tratado temas relacionados. Los\u2026","rel":"","context":"En \u00abMade in Spain\u00bb","block_context":{"text":"Made in Spain","link":"https:\/\/alpoma.net\/tecob\/?cat=10"},"img":{"alt_text":"","src":"https:\/\/i0.wp.com\/alpoma.net\/tecob\/wp-content\/uploads\/2017\/12\/Coches-Electricos-1898.png?resize=350%2C200&ssl=1","width":350,"height":200,"srcset":"https:\/\/i0.wp.com\/alpoma.net\/tecob\/wp-content\/uploads\/2017\/12\/Coches-Electricos-1898.png?resize=350%2C200&ssl=1 1x, https:\/\/i0.wp.com\/alpoma.net\/tecob\/wp-content\/uploads\/2017\/12\/Coches-Electricos-1898.png?resize=525%2C300&ssl=1 1.5x, https:\/\/i0.wp.com\/alpoma.net\/tecob\/wp-content\/uploads\/2017\/12\/Coches-Electricos-1898.png?resize=700%2C400&ssl=1 2x"},"classes":[]},{"id":12,"url":"https:\/\/alpoma.net\/tecob\/?p=12","url_meta":{"origin":11628,"position":1},"title":"Motor de Pistones Libres","author":"alpoma","date":"12 septiembre 2005","format":false,"excerpt":"Es conocido que los motores utilizados actualmente en nuestros coches son bastantes sensibles a la calidad del combustible utilizado. Me refiero a posibles da\u00f1os en los sistemas de inyecci\u00f3n o en las estructuras del propio motor debido al uso inadecuado de gasolinas de baja calidad. Por eso, la calidad de\u2026","rel":"","context":"En \u00abInnovaci\u00f3n\u00bb","block_context":{"text":"Innovaci\u00f3n","link":"https:\/\/alpoma.net\/tecob\/?cat=4"},"img":{"alt_text":"","src":"https:\/\/i0.wp.com\/alpoma.net\/tecob\/wp-content\/uploads\/2005\/09\/42692308_ab86e5a04b_o.gif?resize=350%2C200&ssl=1","width":350,"height":200},"classes":[]},{"id":3013,"url":"https:\/\/alpoma.net\/tecob\/?p=3013","url_meta":{"origin":11628,"position":2},"title":"(1899) Un torpedo el\u00e9ctrico supera los 100 km\/h","author":"alpoma","date":"28 junio 2010","format":false,"excerpt":"Este veh\u00edculo llevaba un nombre tan curioso como evocador: Jamais Contente1 lo que, traducido del franc\u00e9s, vendr\u00eda a ser algo as\u00ed como \"el insatisfecho\". Tanto su denominaci\u00f3n como su dise\u00f1o quer\u00edan transmitir algo, y no cabe duda que lo consegu\u00eda. Ayer, cuando me enter\u00e9 de su existencia (\u00a1gracias @JoseM_SGP!), qued\u00e9\u2026","rel":"","context":"En \u00abObsolescencia\u00bb","block_context":{"text":"Obsolescencia","link":"https:\/\/alpoma.net\/tecob\/?cat=3"},"img":{"alt_text":"","src":"https:\/\/i0.wp.com\/alpoma.net\/tecob\/wp-content\/uploads\/2010\/06\/4743164849_7fef6837bb_z.jpg?resize=350%2C200&ssl=1","width":350,"height":200,"srcset":"https:\/\/i0.wp.com\/alpoma.net\/tecob\/wp-content\/uploads\/2010\/06\/4743164849_7fef6837bb_z.jpg?resize=350%2C200&ssl=1 1x, https:\/\/i0.wp.com\/alpoma.net\/tecob\/wp-content\/uploads\/2010\/06\/4743164849_7fef6837bb_z.jpg?resize=525%2C300&ssl=1 1.5x"},"classes":[]},{"id":2911,"url":"https:\/\/alpoma.net\/tecob\/?p=2911","url_meta":{"origin":11628,"position":3},"title":"Toyota Auris HSD, tecnolog\u00eda h\u00edbrida madura","author":"alpoma","date":"10 junio 2010","format":false,"excerpt":"AVISO: El siguiente post es patrocinado. No obstante, no se espere aqu\u00ed ning\u00fan tipo de soflama comercial, puesto que he elegido redactar a mi gusto el presente texto desde el punto de vista de mi inter\u00e9s personal en la tecnolog\u00eda h\u00edbrida. Tecnolog\u00eda madura, as\u00ed de sencillo. Si he optado por\u2026","rel":"","context":"En \u00abInnovaci\u00f3n\u00bb","block_context":{"text":"Innovaci\u00f3n","link":"https:\/\/alpoma.net\/tecob\/?cat=4"},"img":{"alt_text":"","src":"https:\/\/i0.wp.com\/alpoma.net\/tecob\/wp-content\/uploads\/2010\/06\/4685769648_cdb677b102_o.jpg?resize=350%2C200&ssl=1","width":350,"height":200,"srcset":"https:\/\/i0.wp.com\/alpoma.net\/tecob\/wp-content\/uploads\/2010\/06\/4685769648_cdb677b102_o.jpg?resize=350%2C200&ssl=1 1x, https:\/\/i0.wp.com\/alpoma.net\/tecob\/wp-content\/uploads\/2010\/06\/4685769648_cdb677b102_o.jpg?resize=525%2C300&ssl=1 1.5x"},"classes":[]},{"id":11567,"url":"https:\/\/alpoma.net\/tecob\/?p=11567","url_meta":{"origin":11628,"position":4},"title":"Francesc Bonet y Emilio de la Cuadra, pioneros del autom\u00f3vil","author":"alpoma","date":"28 agosto 2015","format":false,"excerpt":"Versi\u00f3n reducida del art\u00edculo que publiqu\u00e9 en la revista Historia de Iberia Vieja, edici\u00f3n de agosto de 2015. Los pedidos [de motores Daimler] fueron muy numerosos. Haremos menci\u00f3n de uno en especial por haber sido hecho por un espa\u00f1ol: Francisco Bonet Dalmau. Este ingenioso y testarudo catal\u00e1n consigui\u00f3 que Daimler\u2026","rel":"","context":"En \u00abMade in Spain\u00bb","block_context":{"text":"Made in Spain","link":"https:\/\/alpoma.net\/tecob\/?cat=10"},"img":{"alt_text":"","src":"https:\/\/i0.wp.com\/alpoma.net\/tecob\/wp-content\/uploads\/2015\/08\/automovil_bonet_18891.png?resize=350%2C200&ssl=1","width":350,"height":200},"classes":[]},{"id":13201,"url":"https:\/\/alpoma.net\/tecob\/?p=13201","url_meta":{"origin":11628,"position":5},"title":"Enrique Sanch\u00eds y su Triauto: el encanto de las tres ruedas","author":"alpoma","date":"2 abril 2018","format":false,"excerpt":"Versi\u00f3n para TecOb del art\u00edculo que publiqu\u00e9 en la revista Historia de Iberia Vieja, edici\u00f3n de marzo de 2018. Coches min\u00fasculos para una \u00e9poca terrible En la posguerra civil espa\u00f1ola, al igual que sucedi\u00f3 tambi\u00e9n en la Europa posterior a la Segunda Guerra Mundial, la falta de medios de todo\u2026","rel":"","context":"En \u00abMade in Spain\u00bb","block_context":{"text":"Made in Spain","link":"https:\/\/alpoma.net\/tecob\/?cat=10"},"img":{"alt_text":"","src":"https:\/\/i0.wp.com\/alpoma.net\/tecob\/wp-content\/uploads\/2018\/04\/Triauto-Sanchis.png?resize=350%2C200&ssl=1","width":350,"height":200,"srcset":"https:\/\/i0.wp.com\/alpoma.net\/tecob\/wp-content\/uploads\/2018\/04\/Triauto-Sanchis.png?resize=350%2C200&ssl=1 1x, https:\/\/i0.wp.com\/alpoma.net\/tecob\/wp-content\/uploads\/2018\/04\/Triauto-Sanchis.png?resize=525%2C300&ssl=1 1.5x, https:\/\/i0.wp.com\/alpoma.net\/tecob\/wp-content\/uploads\/2018\/04\/Triauto-Sanchis.png?resize=700%2C400&ssl=1 2x, https:\/\/i0.wp.com\/alpoma.net\/tecob\/wp-content\/uploads\/2018\/04\/Triauto-Sanchis.png?resize=1050%2C600&ssl=1 3x"},"classes":[]}],"jetpack_sharing_enabled":true,"_links":{"self":[{"href":"https:\/\/alpoma.net\/tecob\/index.php?rest_route=\/wp\/v2\/posts\/11628","targetHints":{"allow":["GET"]}}],"collection":[{"href":"https:\/\/alpoma.net\/tecob\/index.php?rest_route=\/wp\/v2\/posts"}],"about":[{"href":"https:\/\/alpoma.net\/tecob\/index.php?rest_route=\/wp\/v2\/types\/post"}],"author":[{"embeddable":true,"href":"https:\/\/alpoma.net\/tecob\/index.php?rest_route=\/wp\/v2\/users\/1"}],"replies":[{"embeddable":true,"href":"https:\/\/alpoma.net\/tecob\/index.php?rest_route=%2Fwp%2Fv2%2Fcomments&post=11628"}],"version-history":[{"count":0,"href":"https:\/\/alpoma.net\/tecob\/index.php?rest_route=\/wp\/v2\/posts\/11628\/revisions"}],"wp:featuredmedia":[{"embeddable":true,"href":"https:\/\/alpoma.net\/tecob\/index.php?rest_route=\/wp\/v2\/media\/11630"}],"wp:attachment":[{"href":"https:\/\/alpoma.net\/tecob\/index.php?rest_route=%2Fwp%2Fv2%2Fmedia&parent=11628"}],"wp:term":[{"taxonomy":"category","embeddable":true,"href":"https:\/\/alpoma.net\/tecob\/index.php?rest_route=%2Fwp%2Fv2%2Fcategories&post=11628"},{"taxonomy":"post_tag","embeddable":true,"href":"https:\/\/alpoma.net\/tecob\/index.php?rest_route=%2Fwp%2Fv2%2Ftags&post=11628"}],"curies":[{"name":"wp","href":"https:\/\/api.w.org\/{rel}","templated":true}]}}